{"id":140712,"date":"2017-09-10T01:09:31","date_gmt":"2017-09-10T04:09:31","guid":{"rendered":"http:\/\/franciscanos.org.br\/?p=140712"},"modified":"2023-01-10T10:01:42","modified_gmt":"2023-01-10T13:01:42","slug":"o-testemunho-de-fraternidade-em-vila-velha","status":"publish","type":"post","link":"https:\/\/franciscanos.org.br\/noticias\/o-testemunho-de-fraternidade-em-vila-velha.html","title":{"rendered":"O testemunho de fraternidade em Vila Velha"},"content":{"rendered":"<p><img loading=\"lazy\" src=\"http:\/\/franciscanos.org.br\/wp-content\/uploads\/2017\/09\/leigos-312.jpg\" alt=\"leigos-31\" width=\"830\" height=\"400\" \/><\/p>\n<p><strong>Vila Velha (ES)<\/strong> &#8211; Os irm\u00e3os, reunidos em Vila Velha (ES) desde quinta-feira para o II Encontro Anual de Irm\u00e3os Leigos Franciscanos, encontraram-se neste s\u00e1bado (9) pela manh\u00e3, para juntos apresentarem proposi\u00e7\u00f5es a partir das reflex\u00f5es do encontro. Reunidos por obedi\u00eancias (OFM, OFMCap, OFMConv e TOR), os franciscanos apresentaram em seus respectivos grupos sugest\u00f5es de a\u00e7\u00f5es concretas para suas regi\u00f5es. Propostas para lidar com dificuldades, como o clericalismo, a forma\u00e7\u00e3o inicial e o \u201crespeito aos diferentes dons e aptid\u00f5es dos irm\u00e3os\u201d, como comentou o Capuchinho, Frei Rubens Nunes.<\/p>\n<p>Na parte da tarde, os participantes fizeram um passeio por Vila Velha. A primeira parada foi na igreja do Ros\u00e1rio, na Prainha. L\u00e1 foram recebidos por Frei Clar\u00eancio Neotti, que explicou um pouco da hist\u00f3ria dos frades no Esp\u00edrito Santo, a chegada das capitanias portuguesas, a vinda de Frei Pedro Pal\u00e1cios e a import\u00e2ncia do Convento da Penha e da igreja do Ros\u00e1rio para a popula\u00e7\u00e3o local e para a Igreja no Brasil. No Ros\u00e1rio passaram nomes como S\u00e3o Jos\u00e9 de Anchieta e Manuel da N\u00f3brega. \u201c\u00c9 aqui o nascimento do Estado do Esp\u00edrito Santo\u201d, afirmou o frade.<\/p>\n<p>Apesar da chuva, que caiu de forma moderada durante a tarde, os religiosos subiram para o Convento da Penha, ponto tur\u00edstico do Esp\u00edrito Santo. Cada obedi\u00eancia vestida com o seu h\u00e1bito, o grupo chamou a aten\u00e7\u00e3o dos turistas, que aproveitaram o fim do feriado emendado para visitar o Convento.<\/p>\n<p>\u00c0s 17h, todos se reuniram para celebrar a Eucaristia no Santu\u00e1rio Divino Esp\u00edrito Santo. A missa foi presidida por Frei C\u00e9sar K\u00fclkamp, Vig\u00e1rio Provincial e concelebrada por Frei Djalmo Fuck, p\u00e1roco do Santu\u00e1rio, Frei Clar\u00eancio Neotti, vig\u00e1rio paroquial e Frei Miro Rufino, da Cust\u00f3dia do Sagrado Cora\u00e7\u00e3o de Jesus.<\/p>\n<p>Em sua homilia, Frei C\u00e9sar falou sobre o Evangelho deste domingo, extra\u00eddo de Mt 18, 15-20. \u201cA Palavra hoje nos provoca a amar o nosso pr\u00f3ximo, ser crist\u00e3o significa amar at\u00e9 as \u00faltimas consequ\u00eancias\u201d, afirmou. Ele acrescentou que o melhor testemunho que os crist\u00e3os podem dar diante do mal, da fofoca, do pecado, \u00e9 agir com bondade. \u201cA nossa resposta jamais pode ser o mal. Supera o mal com o bem, este \u00e9 o mandato que n\u00f3s temos para a nossa vida crist\u00e3\u201d, advertiu.<\/p>\n<p>O frade recordou uma passagem da vida de S\u00e3o Francisco de Assis, quando questionado por um irm\u00e3o sobre qual postura ter diante do mal. O santo disse: \u201cBrilhe t\u00e3o forte a tua santidade e fale t\u00e3o alto o teu exemplo, que isso sirva de corre\u00e7\u00e3o para aquele que cometeu qualquer maldade\u201d.<\/p>\n<p>Frei C\u00e9sar concluiu sua homilia pedindo que cada um se torne uma pessoa melhor, a fim de que o mundo seja melhor. \u201cEste foi o testemunho de S\u00e3o Francisco e que a gente hoje pode usar como uma medida. Sejamos pessoas melhores e o nosso mundo ser\u00e1 melhor\u201d, concluiu.<\/p>\n<p>O encontro termina neste domingo (10). Na parte da manh\u00e3, ser\u00e1 apresentada uma carta final, escrita por representantes das quatro obedi\u00eancias franciscanas presentes.<\/p>\n<p>Confira o v\u00eddeo do terceiro dia:<br \/>\n<strong><iframe loading=\"lazy\" src=\"https:\/\/www.youtube.com\/embed\/qSquWbp7yAQ\" width=\"100%\" height=\"420\" frameborder=\"0\" allowfullscreen=\"allowfullscreen\"><\/iframe><\/strong><\/p>\n<hr \/>\n<p><em>Comunica\u00e7\u00e3o da Prov\u00edncia da Imaculada Concei\u00e7\u00e3o<\/em><br \/>\n<strong>\u00a0<\/strong><\/p>\n","protected":false},"excerpt":{"rendered":"<p>II Encontro Nacional de Irm\u00e3os Leigos<\/p>\n","protected":false},"author":1,"featured_media":202226,"comment_status":"open","ping_status":"open","sticky":false,"template":"","format":"standard","meta":[],"categories":[1],"tags":[532],"acf":[],"yoast_head":"<!-- This site is optimized with the Yoast SEO plugin v19.2 - https:\/\/yoast.com\/wordpress\/plugins\/seo\/ -->\n<title>O testemunho de fraternidade em Vila Velha - Not\u00edcias - Franciscanos<\/title>\n<meta name=\"robots\" content=\"index, follow, max-snippet:-1, max-image-preview:large, max-video-preview:-1\" \/>\n<link rel=\"canonical\" href=\"https:\/\/franciscanos.org.br\/noticias\/o-testemunho-de-fraternidade-em-vila-velha.html\" \/>\n<meta property=\"og:locale\" content=\"pt_BR\" \/>\n<meta property=\"og:type\" content=\"article\" \/>\n<meta property=\"og:title\" content=\"O testemunho de fraternidade em Vila Velha - Not\u00edcias - Franciscanos\" \/>\n<meta property=\"og:description\" content=\"II Encontro Nacional de Irm\u00e3os Leigos\" \/>\n<meta property=\"og:url\" content=\"https:\/\/franciscanos.org.br\/noticias\/o-testemunho-de-fraternidade-em-vila-velha.html\" \/>\n<meta property=\"og:site_name\" content=\"Not\u00edcias - Franciscanos\" \/>\n<meta property=\"article:published_time\" content=\"2017-09-10T04:09:31+00:00\" \/>\n<meta property=\"article:modified_time\" content=\"2023-01-10T13:01:42+00:00\" \/>\n<meta property=\"og:image\" content=\"https:\/\/franciscanos.org.br\/noticias\/wp-content\/uploads\/2017\/09\/leigos-312.jpg\" \/>\n\t<meta property=\"og:image:width\" content=\"273\" \/>\n\t<meta property=\"og:image:height\" content=\"181\" \/>\n\t<meta property=\"og:image:type\" content=\"image\/jpeg\" \/>\n<meta name=\"author\" content=\"admin\" \/>\n<meta name=\"twitter:card\" content=\"summary_large_image\" \/>\n<meta name=\"twitter:label1\" content=\"Escrito por\" \/>\n\t<meta name=\"twitter:data1\" content=\"admin\" \/>\n\t<meta name=\"twitter:label2\" content=\"Est. tempo de leitura\" \/>\n\t<meta name=\"twitter:data2\" content=\"3 minutos\" \/>\n<script type=\"application\/ld+json\" class=\"yoast-schema-graph\">{\"@context\":\"https:\/\/schema.org\",\"@graph\":[{\"@type\":\"WebSite\",\"@id\":\"https:\/\/franciscanos.org.br\/noticias\/#website\",\"url\":\"https:\/\/franciscanos.org.br\/noticias\/\",\"name\":\"Not\u00edcias - Franciscanos\",\"description\":\"Prov\u00edncia Franciscana da Imaculada Concei\u00e7\u00e3o do Brasil - Ordem dos Frades Menores - OFM\",\"potentialAction\":[{\"@type\":\"SearchAction\",\"target\":{\"@type\":\"EntryPoint\",\"urlTemplate\":\"https:\/\/franciscanos.org.br\/noticias\/?s={search_term_string}\"},\"query-input\":\"required name=search_term_string\"}],\"inLanguage\":\"pt-BR\"},{\"@type\":\"ImageObject\",\"inLanguage\":\"pt-BR\",\"@id\":\"https:\/\/franciscanos.org.br\/noticias\/o-testemunho-de-fraternidade-em-vila-velha.html#primaryimage\",\"url\":\"https:\/\/franciscanos.org.br\/noticias\/wp-content\/uploads\/2017\/09\/leigos-312.jpg\",\"contentUrl\":\"https:\/\/franciscanos.org.br\/noticias\/wp-content\/uploads\/2017\/09\/leigos-312.jpg\",\"width\":273,\"height\":181},{\"@type\":\"WebPage\",\"@id\":\"https:\/\/franciscanos.org.br\/noticias\/o-testemunho-de-fraternidade-em-vila-velha.html#webpage\",\"url\":\"https:\/\/franciscanos.org.br\/noticias\/o-testemunho-de-fraternidade-em-vila-velha.html\",\"name\":\"O testemunho de fraternidade em Vila Velha - Not\u00edcias - Franciscanos\",\"isPartOf\":{\"@id\":\"https:\/\/franciscanos.org.br\/noticias\/#website\"},\"primaryImageOfPage\":{\"@id\":\"https:\/\/franciscanos.org.br\/noticias\/o-testemunho-de-fraternidade-em-vila-velha.html#primaryimage\"},\"datePublished\":\"2017-09-10T04:09:31+00:00\",\"dateModified\":\"2023-01-10T13:01:42+00:00\",\"author\":{\"@id\":\"https:\/\/franciscanos.org.br\/noticias\/#\/schema\/person\/b38fbf43118f02820bd932f2e4b14ad3\"},\"breadcrumb\":{\"@id\":\"https:\/\/franciscanos.org.br\/noticias\/o-testemunho-de-fraternidade-em-vila-velha.html#breadcrumb\"},\"inLanguage\":\"pt-BR\",\"potentialAction\":[{\"@type\":\"ReadAction\",\"target\":[\"https:\/\/franciscanos.org.br\/noticias\/o-testemunho-de-fraternidade-em-vila-velha.html\"]}]},{\"@type\":\"BreadcrumbList\",\"@id\":\"https:\/\/franciscanos.org.br\/noticias\/o-testemunho-de-fraternidade-em-vila-velha.html#breadcrumb\",\"itemListElement\":[{\"@type\":\"ListItem\",\"position\":1,\"name\":\"Home\",\"item\":\"https:\/\/franciscanos.org.br\/noticias\"},{\"@type\":\"ListItem\",\"position\":2,\"name\":\"O testemunho de fraternidade em Vila Velha\"}]},{\"@type\":\"Person\",\"@id\":\"https:\/\/franciscanos.org.br\/noticias\/#\/schema\/person\/b38fbf43118f02820bd932f2e4b14ad3\",\"name\":\"admin\",\"image\":{\"@type\":\"ImageObject\",\"inLanguage\":\"pt-BR\",\"@id\":\"https:\/\/franciscanos.org.br\/noticias\/#\/schema\/person\/image\/\",\"url\":\"https:\/\/secure.gravatar.com\/avatar\/e8495742d34d0ba6448ea1c628263b3e?s=96&d=mm&r=g\",\"contentUrl\":\"https:\/\/secure.gravatar.com\/avatar\/e8495742d34d0ba6448ea1c628263b3e?s=96&d=mm&r=g\",\"caption\":\"admin\"},\"url\":\"https:\/\/franciscanos.org.br\/noticias\/author\/admin\"}]}<\/script>\n<!-- \/ Yoast SEO plugin. -->","yoast_head_json":{"title":"O testemunho de fraternidade em Vila Velha - Not\u00edcias - Franciscanos","robots":{"index":"index","follow":"follow","max-snippet":"max-snippet:-1","max-image-preview":"max-image-preview:large","max-video-preview":"max-video-preview:-1"},"canonical":"https:\/\/franciscanos.org.br\/noticias\/o-testemunho-de-fraternidade-em-vila-velha.html","og_locale":"pt_BR","og_type":"article","og_title":"O testemunho de fraternidade em Vila Velha - Not\u00edcias - Franciscanos","og_description":"II Encontro Nacional de Irm\u00e3os Leigos","og_url":"https:\/\/franciscanos.org.br\/noticias\/o-testemunho-de-fraternidade-em-vila-velha.html","og_site_name":"Not\u00edcias - Franciscanos","article_published_time":"2017-09-10T04:09:31+00:00","article_modified_time":"2023-01-10T13:01:42+00:00","og_image":[{"width":273,"height":181,"url":"https:\/\/franciscanos.org.br\/noticias\/wp-content\/uploads\/2017\/09\/leigos-312.jpg","type":"image\/jpeg"}],"author":"admin","twitter_card":"summary_large_image","twitter_misc":{"Escrito por":"admin","Est. tempo de leitura":"3 minutos"},"schema":{"@context":"https:\/\/schema.org","@graph":[{"@type":"WebSite","@id":"https:\/\/franciscanos.org.br\/noticias\/#website","url":"https:\/\/franciscanos.org.br\/noticias\/","name":"Not\u00edcias - Franciscanos","description":"Prov\u00edncia Franciscana da Imaculada Concei\u00e7\u00e3o do Brasil - Ordem dos Frades Menores - OFM","potentialAction":[{"@type":"SearchAction","target":{"@type":"EntryPoint","urlTemplate":"https:\/\/franciscanos.org.br\/noticias\/?s={search_term_string}"},"query-input":"required name=search_term_string"}],"inLanguage":"pt-BR"},{"@type":"ImageObject","inLanguage":"pt-BR","@id":"https:\/\/franciscanos.org.br\/noticias\/o-testemunho-de-fraternidade-em-vila-velha.html#primaryimage","url":"https:\/\/franciscanos.org.br\/noticias\/wp-content\/uploads\/2017\/09\/leigos-312.jpg","contentUrl":"https:\/\/franciscanos.org.br\/noticias\/wp-content\/uploads\/2017\/09\/leigos-312.jpg","width":273,"height":181},{"@type":"WebPage","@id":"https:\/\/franciscanos.org.br\/noticias\/o-testemunho-de-fraternidade-em-vila-velha.html#webpage","url":"https:\/\/franciscanos.org.br\/noticias\/o-testemunho-de-fraternidade-em-vila-velha.html","name":"O testemunho de fraternidade em Vila Velha - Not\u00edcias - Franciscanos","isPartOf":{"@id":"https:\/\/franciscanos.org.br\/noticias\/#website"},"primaryImageOfPage":{"@id":"https:\/\/franciscanos.org.br\/noticias\/o-testemunho-de-fraternidade-em-vila-velha.html#primaryimage"},"datePublished":"2017-09-10T04:09:31+00:00","dateModified":"2023-01-10T13:01:42+00:00","author":{"@id":"https:\/\/franciscanos.org.br\/noticias\/#\/schema\/person\/b38fbf43118f02820bd932f2e4b14ad3"},"breadcrumb":{"@id":"https:\/\/franciscanos.org.br\/noticias\/o-testemunho-de-fraternidade-em-vila-velha.html#breadcrumb"},"inLanguage":"pt-BR","potentialAction":[{"@type":"ReadAction","target":["https:\/\/franciscanos.org.br\/noticias\/o-testemunho-de-fraternidade-em-vila-velha.html"]}]},{"@type":"BreadcrumbList","@id":"https:\/\/franciscanos.org.br\/noticias\/o-testemunho-de-fraternidade-em-vila-velha.html#breadcrumb","itemListElement":[{"@type":"ListItem","position":1,"name":"Home","item":"https:\/\/franciscanos.org.br\/noticias"},{"@type":"ListItem","position":2,"name":"O testemunho de fraternidade em Vila Velha"}]},{"@type":"Person","@id":"https:\/\/franciscanos.org.br\/noticias\/#\/schema\/person\/b38fbf43118f02820bd932f2e4b14ad3","name":"admin","image":{"@type":"ImageObject","inLanguage":"pt-BR","@id":"https:\/\/franciscanos.org.br\/noticias\/#\/schema\/person\/image\/","url":"https:\/\/secure.gravatar.com\/avatar\/e8495742d34d0ba6448ea1c628263b3e?s=96&d=mm&r=g","contentUrl":"https:\/\/secure.gravatar.com\/avatar\/e8495742d34d0ba6448ea1c628263b3e?s=96&d=mm&r=g","caption":"admin"},"url":"https:\/\/franciscanos.org.br\/noticias\/author\/admin"}]}},"_links":{"self":[{"href":"https:\/\/franciscanos.org.br\/noticias\/wp-json\/wp\/v2\/posts\/140712"}],"collection":[{"href":"https:\/\/franciscanos.org.br\/noticias\/wp-json\/wp\/v2\/posts"}],"about":[{"href":"https:\/\/franciscanos.org.br\/noticias\/wp-json\/wp\/v2\/types\/post"}],"author":[{"embeddable":true,"href":"https:\/\/franciscanos.org.br\/noticias\/wp-json\/wp\/v2\/users\/1"}],"replies":[{"embeddable":true,"href":"https:\/\/franciscanos.org.br\/noticias\/wp-json\/wp\/v2\/comments?post=140712"}],"version-history":[{"count":1,"href":"https:\/\/franciscanos.org.br\/noticias\/wp-json\/wp\/v2\/posts\/140712\/revisions"}],"predecessor-version":[{"id":241688,"href":"https:\/\/franciscanos.org.br\/noticias\/wp-json\/wp\/v2\/posts\/140712\/revisions\/241688"}],"wp:featuredmedia":[{"embeddable":true,"href":"https:\/\/franciscanos.org.br\/noticias\/wp-json\/wp\/v2\/media\/202226"}],"wp:attachment":[{"href":"https:\/\/franciscanos.org.br\/noticias\/wp-json\/wp\/v2\/media?parent=140712"}],"wp:term":[{"taxonomy":"category","embeddable":true,"href":"https:\/\/franciscanos.org.br\/noticias\/wp-json\/wp\/v2\/categories?post=140712"},{"taxonomy":"post_tag","embeddable":true,"href":"https:\/\/franciscanos.org.br\/noticias\/wp-json\/wp\/v2\/tags?post=140712"}],"curies":[{"name":"wp","href":"https:\/\/api.w.org\/{rel}","templated":true}]}}