{"id":140606,"date":"2017-09-08T23:14:57","date_gmt":"2017-09-09T02:14:57","guid":{"rendered":"http:\/\/franciscanos.org.br\/?p=140606"},"modified":"2023-01-10T10:02:47","modified_gmt":"2023-01-10T13:02:47","slug":"susin-ser-irmao-e-um-carisma-nao-uma-identidade","status":"publish","type":"post","link":"https:\/\/franciscanos.org.br\/noticias\/susin-ser-irmao-e-um-carisma-nao-uma-identidade.html","title":{"rendered":"Susin: Ser irm\u00e3o \u00e9 um carisma, n\u00e3o uma identidade"},"content":{"rendered":"<p><strong>Vila Velha (ES) &#8211;<\/strong> Os irm\u00e3os leigos, reunidos desde ontem (7), em Vila Velha (ES), para o II Encontro Nacional de Irm\u00e3os Leigos Franciscanos continuaram nesta sexta-feira (8) sua reflex\u00e3o a respeito dos desafios da vida consagrada. O dia foi marcado pela assessoria de Frei Luiz Carlos Susin, Capuchinho, mestre e doutor em Teologia pela Pontif\u00edcia Universidade Gregoriana de Roma.<br \/>\nNa parte da manh\u00e3, o frade fez um resgate hist\u00f3rico da vida religiosa consagrada na tradi\u00e7\u00e3o crist\u00e3, destacando 4 momentos principais: vida monacal, vida fraterna, vida apost\u00f3lica e comunidades educativas e assistenciais. Ele falou tamb\u00e9m sobre o fen\u00f4meno das novas comunidades, o que classificou como um desafio para os religiosos de comunidades tradicionais. Ele convidou os presentes a terem um olhar mais positivo para estas novas comunidades, que possuem uma forte experi\u00eancia comunit\u00e1ria, mas s\u00e3o muito inst\u00e1veis por diversos motivos.<\/p>\n<p>Um dos temas tratados por Frei Carlos Susin foi o clericalismo e o tradicionalismo, elementos que est\u00e3o voltando \u00e0 realidade eclesial, sobretudo nos mais jovens. Para o frade, o problema do clericalismo \u00e9 que ele cria uma hierarquia que n\u00e3o deveria haver dentro da vida religiosa consagrada. \u201cA gente come\u00e7a a achar que n\u00e3o s\u00f3 somos melhor que os outros, mas tamb\u00e9m que a gente \u00e9 o \u00fanico meio que det\u00e9m todas as media\u00e7\u00f5es de gra\u00e7a e de salva\u00e7\u00e3o para os outros. Sem o clero n\u00e3o h\u00e1 salva\u00e7\u00e3o. \u00c9 uma absor\u00e7\u00e3o de todas as media\u00e7\u00f5es de salva\u00e7\u00e3o, b\u00ean\u00e7\u00e3o, ensinamento, saber, nesse grupo, nessa por\u00e7\u00e3o eleita\u201d, afirmou, ressaltando que este n\u00e3o \u00e9 um problema apenas dos padres, mas de todo movimento ou crist\u00e3o que acredita ser mais santo, mais perfeito que o outro.<\/p>\n<p><strong>Toda crise \u00e9 oportunidade<\/strong><br \/>\nFalando sobre as transforma\u00e7\u00f5es na Igreja, o assessor afirmou que a cultura moderna gera mudan\u00e7as na forma das pessoas se relacionarem com a comunidade e com o sagrado. Citando o italiano Antonio Gramsci, Susin animou os presentes a fazerem do tempo de crise um momento de oportunidade. \u201cNo caos algo se cria\u201d, afirmou o frade.<br \/>\nFrei Susin falou sobre a mudan\u00e7a das rela\u00e7\u00f5es, destacando o \u201cnetwork\u201d, onde as redes de rela\u00e7\u00e3o se tornam mais importantes, causando uma mudan\u00e7a no modelo social. Se antes acumular dinheiro era sinal de sucesso, hoje as experi\u00eancias e conex\u00f5es s\u00e3o mais significativas para os jovens.<\/p>\n<p><strong>Refontizar, regenerar, relan\u00e7ar e requalificar<\/strong><br \/>\nEstes foram os 4 verbos que conduziram a fala de Frei Carlos Susin na parte da tarde, que continuou sua fala a respeito da vida consagrada. Para ele, estes 4 verbos necessitam de conjuga\u00e7\u00e3o cont\u00ednua.<\/p>\n<p>Ele destacou que a Ordem Franciscana, desde as origens, nasce a partir do desejo de uma vida fraterna. \u201cO fato do grupo se chamar irm\u00e3os menores, \u00e9 colocar o relacionamento no caminho. N\u00e3o \u00e9 ser devoto de Maria, n\u00e3o \u00e9 ser um pregador. O que vai nos ocupar n\u00e3o vai caracterizar a ordem. O importante \u00e9 ser irm\u00e3o\u201d, assinalou.<\/p>\n<p><strong><img loading=\"lazy\" class=\"alignright wp-image-140619\" src=\"http:\/\/franciscanos.org.br\/wp-content\/uploads\/2017\/09\/irmaos_080917-13-e1504923408295.jpg\" alt=\"\" width=\"500\" height=\"407\" \/>Francisco de Assis \u00e9 irrepet\u00edvel<\/strong><br \/>\nFalando sobre a vida e a experi\u00eancia de S\u00e3o Francisco, Susin foi enf\u00e1tico ao afirmar: \u201cFrancisco \u00e9 irrepet\u00edvel\u201d. Ele destacou ainda a liberdade de Francisco diante das coisas e das pessoas, citando a media\u00e7\u00e3o que o santo fez entre o bispo e o prefeito de Assis e entre o lobo e a popula\u00e7\u00e3o de Gubbio. \u201cEle faz alian\u00e7a dos dois lados porque ele n\u00e3o tem interesse pr\u00f3prio, ele pode estar inteiramente junto do lobo e inteiramente junto da cidade. \u00c9 isso que faz ele ser absolutamente fraterno em todas as dire\u00e7\u00f5es. Por isso a capacidade de concilia\u00e7\u00e3o, de fraterniza\u00e7\u00e3o. Isso \u00e9 fecundidade da fraternidade\u201d, afirmou.<\/p>\n<p>O frade destacou que todas as pessoas possuem dons espec\u00edficos, mas que quando estes dons s\u00e3o colocados a favor da comunidade, eles passam a ser carismas, que s\u00e3o marcas da gratuidade e da entrega. Para ele, \u00e9 este carisma que marca a voca\u00e7\u00e3o do irm\u00e3o leigo. \u201cO carisma se espalha na gratuidade, se torna uma fecundidade. O carisma se transforma num minist\u00e9rio\u201d, concluiu.<\/p>\n<p>Na parte da tarde, os religiosos fizeram um plen\u00e1rio com perguntas ao assessor. Ap\u00f3s o jantar, houve um painel de experi\u00eancias mission\u00e1rias, com partilha das miss\u00f5es em Marrocos, Angola, Mato Grosso e Amaz\u00f4nia. Sobre sua experi\u00eancia no Marrocos, Frei Augusto Lessa, OFM falou da concretiza\u00e7\u00e3o da fraternidade e da minoridade franciscana atrav\u00e9s da miss\u00e3o: \u201cL\u00e1 vivemos de fato a minoridade. Um lugar onde as pessoas questionam a todo o momento a nossa presen\u00e7a e n\u00e3o h\u00e1 um posicionamento social, ali nos sentimos realmente menores. Por n\u00e3o termos outras oportunidades de conv\u00edvio, a fraternidade \u00e9 vivenciada inteiramente\u201d, partilhou.<br \/>\nO encontro acontece at\u00e9 domingo (10). Amanh\u00e3\u00a0os frades se reunir\u00e3o\u00a0por obedi\u00eancias e ap\u00f3s o almo\u00e7o visitar\u00e3o o Convento da Penha e participar\u00e3o de missa no Santu\u00e1rio Divino Esp\u00edrito Santo, em Vila Velha (ES).<\/p>\n<hr \/>\n<p><strong>Confira o v\u00eddeo do 2\u00ba dia:\u00a0<\/strong><br \/>\n<iframe loading=\"lazy\" src=\"https:\/\/www.youtube.com\/embed\/3DFX5Igoujc\" width=\"100%\" height=\"420\" frameborder=\"0\" allowfullscreen=\"allowfullscreen\"><\/iframe><\/p>\n<hr \/>\n<p><em>Comunica\u00e7\u00e3o da Prov\u00edncia da Imaculada Concei\u00e7\u00e3o<\/em><\/p>\n","protected":false},"excerpt":{"rendered":"<p>II Encontro Nacional de Irm\u00e3os Leigos<\/p>\n","protected":false},"author":1,"featured_media":194901,"comment_status":"open","ping_status":"open","sticky":false,"template":"","format":"standard","meta":[],"categories":[1],"tags":[532],"acf":[],"yoast_head":"<!-- This site is optimized with the Yoast SEO plugin v19.2 - https:\/\/yoast.com\/wordpress\/plugins\/seo\/ -->\n<title>Susin: Ser irm\u00e3o \u00e9 um carisma, n\u00e3o uma identidade - Not\u00edcias - Franciscanos<\/title>\n<meta name=\"robots\" content=\"index, follow, max-snippet:-1, max-image-preview:large, max-video-preview:-1\" \/>\n<link rel=\"canonical\" href=\"https:\/\/franciscanos.org.br\/noticias\/susin-ser-irmao-e-um-carisma-nao-uma-identidade.html\" \/>\n<meta property=\"og:locale\" content=\"pt_BR\" \/>\n<meta property=\"og:type\" content=\"article\" \/>\n<meta property=\"og:title\" content=\"Susin: Ser irm\u00e3o \u00e9 um carisma, n\u00e3o uma identidade - Not\u00edcias - Franciscanos\" \/>\n<meta property=\"og:description\" content=\"II Encontro Nacional de Irm\u00e3os Leigos\" \/>\n<meta property=\"og:url\" content=\"https:\/\/franciscanos.org.br\/noticias\/susin-ser-irmao-e-um-carisma-nao-uma-identidade.html\" \/>\n<meta property=\"og:site_name\" content=\"Not\u00edcias - Franciscanos\" \/>\n<meta property=\"article:published_time\" content=\"2017-09-09T02:14:57+00:00\" \/>\n<meta property=\"article:modified_time\" content=\"2023-01-10T13:02:47+00:00\" \/>\n<meta property=\"og:image\" content=\"https:\/\/franciscanos.org.br\/noticias\/wp-content\/uploads\/2017\/09\/irmaos_leigos.jpg\" \/>\n\t<meta property=\"og:image:width\" content=\"273\" \/>\n\t<meta property=\"og:image:height\" content=\"181\" \/>\n\t<meta property=\"og:image:type\" content=\"image\/jpeg\" \/>\n<meta name=\"author\" content=\"admin\" \/>\n<meta name=\"twitter:card\" content=\"summary_large_image\" \/>\n<meta name=\"twitter:label1\" content=\"Escrito por\" \/>\n\t<meta name=\"twitter:data1\" content=\"admin\" \/>\n\t<meta name=\"twitter:label2\" content=\"Est. tempo de leitura\" \/>\n\t<meta name=\"twitter:data2\" content=\"4 minutos\" \/>\n<script type=\"application\/ld+json\" class=\"yoast-schema-graph\">{\"@context\":\"https:\/\/schema.org\",\"@graph\":[{\"@type\":\"WebSite\",\"@id\":\"https:\/\/franciscanos.org.br\/noticias\/#website\",\"url\":\"https:\/\/franciscanos.org.br\/noticias\/\",\"name\":\"Not\u00edcias - Franciscanos\",\"description\":\"Prov\u00edncia Franciscana da Imaculada Concei\u00e7\u00e3o do Brasil - Ordem dos Frades Menores - OFM\",\"potentialAction\":[{\"@type\":\"SearchAction\",\"target\":{\"@type\":\"EntryPoint\",\"urlTemplate\":\"https:\/\/franciscanos.org.br\/noticias\/?s={search_term_string}\"},\"query-input\":\"required name=search_term_string\"}],\"inLanguage\":\"pt-BR\"},{\"@type\":\"ImageObject\",\"inLanguage\":\"pt-BR\",\"@id\":\"https:\/\/franciscanos.org.br\/noticias\/susin-ser-irmao-e-um-carisma-nao-uma-identidade.html#primaryimage\",\"url\":\"https:\/\/franciscanos.org.br\/noticias\/wp-content\/uploads\/2017\/09\/irmaos_leigos.jpg\",\"contentUrl\":\"https:\/\/franciscanos.org.br\/noticias\/wp-content\/uploads\/2017\/09\/irmaos_leigos.jpg\",\"width\":273,\"height\":181},{\"@type\":\"WebPage\",\"@id\":\"https:\/\/franciscanos.org.br\/noticias\/susin-ser-irmao-e-um-carisma-nao-uma-identidade.html#webpage\",\"url\":\"https:\/\/franciscanos.org.br\/noticias\/susin-ser-irmao-e-um-carisma-nao-uma-identidade.html\",\"name\":\"Susin: Ser irm\u00e3o \u00e9 um carisma, n\u00e3o uma identidade - Not\u00edcias - Franciscanos\",\"isPartOf\":{\"@id\":\"https:\/\/franciscanos.org.br\/noticias\/#website\"},\"primaryImageOfPage\":{\"@id\":\"https:\/\/franciscanos.org.br\/noticias\/susin-ser-irmao-e-um-carisma-nao-uma-identidade.html#primaryimage\"},\"datePublished\":\"2017-09-09T02:14:57+00:00\",\"dateModified\":\"2023-01-10T13:02:47+00:00\",\"author\":{\"@id\":\"https:\/\/franciscanos.org.br\/noticias\/#\/schema\/person\/b38fbf43118f02820bd932f2e4b14ad3\"},\"breadcrumb\":{\"@id\":\"https:\/\/franciscanos.org.br\/noticias\/susin-ser-irmao-e-um-carisma-nao-uma-identidade.html#breadcrumb\"},\"inLanguage\":\"pt-BR\",\"potentialAction\":[{\"@type\":\"ReadAction\",\"target\":[\"https:\/\/franciscanos.org.br\/noticias\/susin-ser-irmao-e-um-carisma-nao-uma-identidade.html\"]}]},{\"@type\":\"BreadcrumbList\",\"@id\":\"https:\/\/franciscanos.org.br\/noticias\/susin-ser-irmao-e-um-carisma-nao-uma-identidade.html#breadcrumb\",\"itemListElement\":[{\"@type\":\"ListItem\",\"position\":1,\"name\":\"Home\",\"item\":\"https:\/\/franciscanos.org.br\/noticias\"},{\"@type\":\"ListItem\",\"position\":2,\"name\":\"Susin: Ser irm\u00e3o \u00e9 um carisma, n\u00e3o uma identidade\"}]},{\"@type\":\"Person\",\"@id\":\"https:\/\/franciscanos.org.br\/noticias\/#\/schema\/person\/b38fbf43118f02820bd932f2e4b14ad3\",\"name\":\"admin\",\"image\":{\"@type\":\"ImageObject\",\"inLanguage\":\"pt-BR\",\"@id\":\"https:\/\/franciscanos.org.br\/noticias\/#\/schema\/person\/image\/\",\"url\":\"https:\/\/secure.gravatar.com\/avatar\/e8495742d34d0ba6448ea1c628263b3e?s=96&d=mm&r=g\",\"contentUrl\":\"https:\/\/secure.gravatar.com\/avatar\/e8495742d34d0ba6448ea1c628263b3e?s=96&d=mm&r=g\",\"caption\":\"admin\"},\"url\":\"https:\/\/franciscanos.org.br\/noticias\/author\/admin\"}]}<\/script>\n<!-- \/ Yoast SEO plugin. -->","yoast_head_json":{"title":"Susin: Ser irm\u00e3o \u00e9 um carisma, n\u00e3o uma identidade - Not\u00edcias - Franciscanos","robots":{"index":"index","follow":"follow","max-snippet":"max-snippet:-1","max-image-preview":"max-image-preview:large","max-video-preview":"max-video-preview:-1"},"canonical":"https:\/\/franciscanos.org.br\/noticias\/susin-ser-irmao-e-um-carisma-nao-uma-identidade.html","og_locale":"pt_BR","og_type":"article","og_title":"Susin: Ser irm\u00e3o \u00e9 um carisma, n\u00e3o uma identidade - Not\u00edcias - Franciscanos","og_description":"II Encontro Nacional de Irm\u00e3os Leigos","og_url":"https:\/\/franciscanos.org.br\/noticias\/susin-ser-irmao-e-um-carisma-nao-uma-identidade.html","og_site_name":"Not\u00edcias - Franciscanos","article_published_time":"2017-09-09T02:14:57+00:00","article_modified_time":"2023-01-10T13:02:47+00:00","og_image":[{"width":273,"height":181,"url":"https:\/\/franciscanos.org.br\/noticias\/wp-content\/uploads\/2017\/09\/irmaos_leigos.jpg","type":"image\/jpeg"}],"author":"admin","twitter_card":"summary_large_image","twitter_misc":{"Escrito por":"admin","Est. tempo de leitura":"4 minutos"},"schema":{"@context":"https:\/\/schema.org","@graph":[{"@type":"WebSite","@id":"https:\/\/franciscanos.org.br\/noticias\/#website","url":"https:\/\/franciscanos.org.br\/noticias\/","name":"Not\u00edcias - Franciscanos","description":"Prov\u00edncia Franciscana da Imaculada Concei\u00e7\u00e3o do Brasil - Ordem dos Frades Menores - OFM","potentialAction":[{"@type":"SearchAction","target":{"@type":"EntryPoint","urlTemplate":"https:\/\/franciscanos.org.br\/noticias\/?s={search_term_string}"},"query-input":"required name=search_term_string"}],"inLanguage":"pt-BR"},{"@type":"ImageObject","inLanguage":"pt-BR","@id":"https:\/\/franciscanos.org.br\/noticias\/susin-ser-irmao-e-um-carisma-nao-uma-identidade.html#primaryimage","url":"https:\/\/franciscanos.org.br\/noticias\/wp-content\/uploads\/2017\/09\/irmaos_leigos.jpg","contentUrl":"https:\/\/franciscanos.org.br\/noticias\/wp-content\/uploads\/2017\/09\/irmaos_leigos.jpg","width":273,"height":181},{"@type":"WebPage","@id":"https:\/\/franciscanos.org.br\/noticias\/susin-ser-irmao-e-um-carisma-nao-uma-identidade.html#webpage","url":"https:\/\/franciscanos.org.br\/noticias\/susin-ser-irmao-e-um-carisma-nao-uma-identidade.html","name":"Susin: Ser irm\u00e3o \u00e9 um carisma, n\u00e3o uma identidade - Not\u00edcias - Franciscanos","isPartOf":{"@id":"https:\/\/franciscanos.org.br\/noticias\/#website"},"primaryImageOfPage":{"@id":"https:\/\/franciscanos.org.br\/noticias\/susin-ser-irmao-e-um-carisma-nao-uma-identidade.html#primaryimage"},"datePublished":"2017-09-09T02:14:57+00:00","dateModified":"2023-01-10T13:02:47+00:00","author":{"@id":"https:\/\/franciscanos.org.br\/noticias\/#\/schema\/person\/b38fbf43118f02820bd932f2e4b14ad3"},"breadcrumb":{"@id":"https:\/\/franciscanos.org.br\/noticias\/susin-ser-irmao-e-um-carisma-nao-uma-identidade.html#breadcrumb"},"inLanguage":"pt-BR","potentialAction":[{"@type":"ReadAction","target":["https:\/\/franciscanos.org.br\/noticias\/susin-ser-irmao-e-um-carisma-nao-uma-identidade.html"]}]},{"@type":"BreadcrumbList","@id":"https:\/\/franciscanos.org.br\/noticias\/susin-ser-irmao-e-um-carisma-nao-uma-identidade.html#breadcrumb","itemListElement":[{"@type":"ListItem","position":1,"name":"Home","item":"https:\/\/franciscanos.org.br\/noticias"},{"@type":"ListItem","position":2,"name":"Susin: Ser irm\u00e3o \u00e9 um carisma, n\u00e3o uma identidade"}]},{"@type":"Person","@id":"https:\/\/franciscanos.org.br\/noticias\/#\/schema\/person\/b38fbf43118f02820bd932f2e4b14ad3","name":"admin","image":{"@type":"ImageObject","inLanguage":"pt-BR","@id":"https:\/\/franciscanos.org.br\/noticias\/#\/schema\/person\/image\/","url":"https:\/\/secure.gravatar.com\/avatar\/e8495742d34d0ba6448ea1c628263b3e?s=96&d=mm&r=g","contentUrl":"https:\/\/secure.gravatar.com\/avatar\/e8495742d34d0ba6448ea1c628263b3e?s=96&d=mm&r=g","caption":"admin"},"url":"https:\/\/franciscanos.org.br\/noticias\/author\/admin"}]}},"_links":{"self":[{"href":"https:\/\/franciscanos.org.br\/noticias\/wp-json\/wp\/v2\/posts\/140606"}],"collection":[{"href":"https:\/\/franciscanos.org.br\/noticias\/wp-json\/wp\/v2\/posts"}],"about":[{"href":"https:\/\/franciscanos.org.br\/noticias\/wp-json\/wp\/v2\/types\/post"}],"author":[{"embeddable":true,"href":"https:\/\/franciscanos.org.br\/noticias\/wp-json\/wp\/v2\/users\/1"}],"replies":[{"embeddable":true,"href":"https:\/\/franciscanos.org.br\/noticias\/wp-json\/wp\/v2\/comments?post=140606"}],"version-history":[{"count":1,"href":"https:\/\/franciscanos.org.br\/noticias\/wp-json\/wp\/v2\/posts\/140606\/revisions"}],"predecessor-version":[{"id":241689,"href":"https:\/\/franciscanos.org.br\/noticias\/wp-json\/wp\/v2\/posts\/140606\/revisions\/241689"}],"wp:featuredmedia":[{"embeddable":true,"href":"https:\/\/franciscanos.org.br\/noticias\/wp-json\/wp\/v2\/media\/194901"}],"wp:attachment":[{"href":"https:\/\/franciscanos.org.br\/noticias\/wp-json\/wp\/v2\/media?parent=140606"}],"wp:term":[{"taxonomy":"category","embeddable":true,"href":"https:\/\/franciscanos.org.br\/noticias\/wp-json\/wp\/v2\/categories?post=140606"},{"taxonomy":"post_tag","embeddable":true,"href":"https:\/\/franciscanos.org.br\/noticias\/wp-json\/wp\/v2\/tags?post=140606"}],"curies":[{"name":"wp","href":"https:\/\/api.w.org\/{rel}","templated":true}]}}