{"id":140498,"date":"2017-09-07T22:20:56","date_gmt":"2017-09-08T01:20:56","guid":{"rendered":"http:\/\/franciscanos.org.br\/?p=140498"},"modified":"2023-01-10T10:04:34","modified_gmt":"2023-01-10T13:04:34","slug":"irmaos-leigos-franciscanos-realizam-ii-encontro-nacional-em-vila-velha","status":"publish","type":"post","link":"https:\/\/franciscanos.org.br\/noticias\/irmaos-leigos-franciscanos-realizam-ii-encontro-nacional-em-vila-velha.html","title":{"rendered":"&#8220;Estamos aqui porque amamos nossa voca\u00e7\u00e3o&#8221;"},"content":{"rendered":"<p><img loading=\"lazy\" class=\"alignnone size-full wp-image-194909\" src=\"https:\/\/franciscanos.org.br\/noticias\/wp-content\/uploads\/2017\/09\/irmaos_encontro_2.jpg\" alt=\"\" width=\"890\" height=\"529\" srcset=\"https:\/\/franciscanos.org.br\/noticias\/wp-content\/uploads\/2017\/09\/irmaos_encontro_2.jpg 890w, https:\/\/franciscanos.org.br\/noticias\/wp-content\/uploads\/2017\/09\/irmaos_encontro_2-450x267.jpg 450w, https:\/\/franciscanos.org.br\/noticias\/wp-content\/uploads\/2017\/09\/irmaos_encontro_2-768x456.jpg 768w, https:\/\/franciscanos.org.br\/noticias\/wp-content\/uploads\/2017\/09\/irmaos_encontro_2-150x89.jpg 150w\" sizes=\"(max-width: 890px) 100vw, 890px\" \/><\/p>\n<p><strong>Vila Velha (ES)<\/strong> &#8211; Come\u00e7ou nesta quinta-feira, 7 de setembro, a II edi\u00e7\u00e3o do Encontro Nacional de Irm\u00e3os Leigos Franciscanos. 70 participantes, vindos de 18 Estados do pa\u00eds, estar\u00e3o reunidos at\u00e9 o pr\u00f3ximo domingo, 10, na Casa de Retiros Santa Clara, em Ponta da Fruta, Vila Velha (ES).<\/p>\n<p>Uma das caracter\u00edsticas do encontro \u00e9 a presen\u00e7a de religiosos das quatro obedi\u00eancias franciscanas \u2013 Ordem dos Frades Menores (OFM), Ordem dos Frades Menores Capuchinhos (OFMCap), Ordem dos Frades Menores Conventuais (OFMConv) e Terceira Ordem Regular (TOR). Participam tamb\u00e9m Frei \u00c9derson Queiroz, OFMCap, Presidente da Confer\u00eancia da Fam\u00edlia Franciscana do Brasil, Frei Carlos Silva OFMCap, Presidente da Confer\u00eancia dos Capuchinhos do Brasil e Ministro Provincial dos Capuchinhos de S\u00e3o Paulo e Frei C\u00e9sar K\u00fclkamp, Vig\u00e1rio Provincial da Prov\u00edncia Franciscana da Imaculada Concei\u00e7\u00e3o.<\/p>\n<p>A manh\u00e3 desta quinta-feira foi reservada para acolhida dos participantes. Ap\u00f3s o almo\u00e7o, todos se dirigiram \u00e0 capela para dar in\u00edcio ao encontro. Na fala inicial, Frei Walter de Carvalho J\u00fanior, da comiss\u00e3o organizadora, acolheu os participantes e falou sobre a import\u00e2ncia do evento. \u201cEstamos aqui porque amamos nossa voca\u00e7\u00e3o, o chamado que Deus nos fez para seguirmos Jesus assim como fez S\u00e3o Francisco de uma maneira t\u00e3o fascinante. Estamos aqui porque sentimos a necessidade de nos entendermos mais como irm\u00e3os de uma fam\u00edlia maior, uma fam\u00edlia que est\u00e1 al\u00e9m das nossas obedi\u00eancias, uma fam\u00edlia em que os irm\u00e3os de ordens diferentes se ajudam, se redescobrem, tra\u00e7am planos comuns, dividem trabalhos, assumem a\u00e7\u00f5es conjuntas. Por que n\u00e3o realizar isso?\u201d, questionou o frade.<\/p>\n<p>Frei Walter falou sobre os recentes encontros dos Ministros Gerais, Frei Marco Tasca, da Ordem dos Frades Menores Conventuais; Frei Michael Perry, da Ordem dos Frades Menores; Frei Mauro J\u00f6hri, da Ordem dos Frades Menores Capuchinhos e\u00a0Frei Nicholas Polichnowski, da\u00a0 Terceira Ordem Regular. O principal tema abordado pelos Gerais \u00e9 a unidade da fam\u00edlia franciscana. Ele recordou que v\u00e1rias a\u00e7\u00f5es concretas est\u00e3o sendo realizadas, entre elas a cria\u00e7\u00e3o da Universidade Pontif\u00edcia Franciscana, que reunir\u00e1 os estudantes das diversas obedi\u00eancias, o Cap\u00edtulo General\u00edssimo, que ocorreu em julho deste ano, o Encontro de Madrid, realizado em maio e a carta entregue ao Papa Francisco, em abril deste ano, pedindo que os irm\u00e3os leigos possam ocupar cargos de lideran\u00e7a dentro das Ordens.<\/p>\n<p>Ap\u00f3s as boas-vindas, Frei Zeca Paz, da comiss\u00e3o organizadora, conduziu um momento de ora\u00e7\u00e3o. Em seguida, os participantes se reuniram na sala de palestras, onde acolheram as palavras de Frei C\u00e9sar K\u00fclkamp, Frei Carlos Silva e Frei \u00c9derson Queiroz. \u201cEste \u00e9 um momento muito oportuno e muito precioso para todos n\u00f3s, nessa busca que fazemos, n\u00e3o s\u00f3 entre os Ministros Gerais, mas nestas iniciativas que t\u00eam acontecido de recuperarmos nossa identidade\u201d, ressaltou Frei C\u00e9sar.<\/p>\n<p>Frei Carlos recordou a carta divulgada ap\u00f3s o I Encontro dos Irm\u00e3os Leigos Franciscanos, que diz: \u201cPara um frade franciscano, a tarefa da identidade humana \u00e9 tornar-se irm\u00e3o menor. O nosso nome relembra o projeto de vida que se realiza na fraternidade\u201d.<\/p>\n<p>Frei \u00c9derson falou a respeito dos 50 anos da Fam\u00edlia Franciscana do Brasil, \u201cnascida do sopro do Conc\u00edlio Vaticano II, que nos arrancou do nosso isolamento institucional e relacional, nos fez descobrir que somos uma grande fam\u00edlia, com uma origem em comum\u201d, afirmou. O frade recordou ainda o Cap\u00edtulo das Esteiras, realizado no in\u00edcio do m\u00eas de agosto, \u201cuma verdadeira experi\u00eancia de Pentecostes\u201d, ressaltou. Para concluir, Frei \u00c9derson destacou o crescimento da Ordem Franciscana Secular e da Jufra, e perguntou: \u201cN\u00f3s estamos preparados para este di\u00e1logo? Estamos formando leigos maduros, que nos ajudem na compreens\u00e3o do carisma? Como podemos nos colocar junto dos leigos, numa forma\u00e7\u00e3o profunda da identidade franciscana?\u201d, questionou.<\/p>\n<p>Na parte da tarde, os frades se reuniram em pequenos grupos para uma din\u00e2mica de apresenta\u00e7\u00e3o e, a partir do tema do encontro, Vida Religiosa Consagrada em processo de transforma\u00e7\u00e3o \u2013 perspectivas para o irm\u00e3o leigo franciscano, foram convidados a partilhar como, a partir de seu ponto de vista, esta transforma\u00e7\u00e3o pode acontecer.<\/p>\n<p><strong>Confira o v\u00eddeo do primeiro dia:<\/strong><br \/>\n<iframe loading=\"lazy\" src=\"https:\/\/www.youtube.com\/embed\/QjVAfciTKmU\" width=\"100%\" height=\"420\" frameborder=\"0\" allowfullscreen=\"allowfullscreen\"><\/iframe><\/p>\n<hr \/>\n<p><em>Comunica\u00e7\u00e3o da Prov\u00edncia da Imaculada Concei\u00e7\u00e3o<\/em><\/p>\n","protected":false},"excerpt":{"rendered":"<p>II Encontro Nacional de Irm\u00e3os Leigos<\/p>\n","protected":false},"author":1,"featured_media":194910,"comment_status":"open","ping_status":"open","sticky":false,"template":"","format":"standard","meta":[],"categories":[1],"tags":[532],"acf":[],"yoast_head":"<!-- This site is optimized with the Yoast SEO plugin v19.2 - https:\/\/yoast.com\/wordpress\/plugins\/seo\/ -->\n<title>&quot;Estamos aqui porque amamos nossa voca\u00e7\u00e3o&quot; - Not\u00edcias - Franciscanos<\/title>\n<meta name=\"robots\" content=\"index, follow, max-snippet:-1, max-image-preview:large, max-video-preview:-1\" \/>\n<link rel=\"canonical\" href=\"https:\/\/franciscanos.org.br\/noticias\/irmaos-leigos-franciscanos-realizam-ii-encontro-nacional-em-vila-velha.html\" \/>\n<meta property=\"og:locale\" content=\"pt_BR\" \/>\n<meta property=\"og:type\" content=\"article\" \/>\n<meta property=\"og:title\" content=\"&quot;Estamos aqui porque amamos nossa voca\u00e7\u00e3o&quot; - Not\u00edcias - Franciscanos\" \/>\n<meta property=\"og:description\" content=\"II Encontro Nacional de Irm\u00e3os Leigos\" \/>\n<meta property=\"og:url\" content=\"https:\/\/franciscanos.org.br\/noticias\/irmaos-leigos-franciscanos-realizam-ii-encontro-nacional-em-vila-velha.html\" \/>\n<meta property=\"og:site_name\" content=\"Not\u00edcias - Franciscanos\" \/>\n<meta property=\"article:published_time\" content=\"2017-09-08T01:20:56+00:00\" \/>\n<meta property=\"article:modified_time\" content=\"2023-01-10T13:04:34+00:00\" \/>\n<meta property=\"og:image\" content=\"https:\/\/franciscanos.org.br\/noticias\/wp-content\/uploads\/2017\/09\/irmaos_encontro_2d.jpg\" \/>\n\t<meta property=\"og:image:width\" content=\"273\" \/>\n\t<meta property=\"og:image:height\" content=\"181\" \/>\n\t<meta property=\"og:image:type\" content=\"image\/jpeg\" \/>\n<meta name=\"author\" content=\"admin\" \/>\n<meta name=\"twitter:card\" content=\"summary_large_image\" \/>\n<meta name=\"twitter:label1\" content=\"Escrito por\" \/>\n\t<meta name=\"twitter:data1\" content=\"admin\" \/>\n\t<meta name=\"twitter:label2\" content=\"Est. tempo de leitura\" \/>\n\t<meta name=\"twitter:data2\" content=\"4 minutos\" \/>\n<script type=\"application\/ld+json\" class=\"yoast-schema-graph\">{\"@context\":\"https:\/\/schema.org\",\"@graph\":[{\"@type\":\"WebSite\",\"@id\":\"https:\/\/franciscanos.org.br\/noticias\/#website\",\"url\":\"https:\/\/franciscanos.org.br\/noticias\/\",\"name\":\"Not\u00edcias - Franciscanos\",\"description\":\"Prov\u00edncia Franciscana da Imaculada Concei\u00e7\u00e3o do Brasil - Ordem dos Frades Menores - OFM\",\"potentialAction\":[{\"@type\":\"SearchAction\",\"target\":{\"@type\":\"EntryPoint\",\"urlTemplate\":\"https:\/\/franciscanos.org.br\/noticias\/?s={search_term_string}\"},\"query-input\":\"required name=search_term_string\"}],\"inLanguage\":\"pt-BR\"},{\"@type\":\"ImageObject\",\"inLanguage\":\"pt-BR\",\"@id\":\"https:\/\/franciscanos.org.br\/noticias\/irmaos-leigos-franciscanos-realizam-ii-encontro-nacional-em-vila-velha.html#primaryimage\",\"url\":\"https:\/\/franciscanos.org.br\/noticias\/wp-content\/uploads\/2017\/09\/irmaos_encontro_2d.jpg\",\"contentUrl\":\"https:\/\/franciscanos.org.br\/noticias\/wp-content\/uploads\/2017\/09\/irmaos_encontro_2d.jpg\",\"width\":273,\"height\":181},{\"@type\":\"WebPage\",\"@id\":\"https:\/\/franciscanos.org.br\/noticias\/irmaos-leigos-franciscanos-realizam-ii-encontro-nacional-em-vila-velha.html#webpage\",\"url\":\"https:\/\/franciscanos.org.br\/noticias\/irmaos-leigos-franciscanos-realizam-ii-encontro-nacional-em-vila-velha.html\",\"name\":\"\\\"Estamos aqui porque amamos nossa voca\u00e7\u00e3o\\\" - Not\u00edcias - Franciscanos\",\"isPartOf\":{\"@id\":\"https:\/\/franciscanos.org.br\/noticias\/#website\"},\"primaryImageOfPage\":{\"@id\":\"https:\/\/franciscanos.org.br\/noticias\/irmaos-leigos-franciscanos-realizam-ii-encontro-nacional-em-vila-velha.html#primaryimage\"},\"datePublished\":\"2017-09-08T01:20:56+00:00\",\"dateModified\":\"2023-01-10T13:04:34+00:00\",\"author\":{\"@id\":\"https:\/\/franciscanos.org.br\/noticias\/#\/schema\/person\/b38fbf43118f02820bd932f2e4b14ad3\"},\"breadcrumb\":{\"@id\":\"https:\/\/franciscanos.org.br\/noticias\/irmaos-leigos-franciscanos-realizam-ii-encontro-nacional-em-vila-velha.html#breadcrumb\"},\"inLanguage\":\"pt-BR\",\"potentialAction\":[{\"@type\":\"ReadAction\",\"target\":[\"https:\/\/franciscanos.org.br\/noticias\/irmaos-leigos-franciscanos-realizam-ii-encontro-nacional-em-vila-velha.html\"]}]},{\"@type\":\"BreadcrumbList\",\"@id\":\"https:\/\/franciscanos.org.br\/noticias\/irmaos-leigos-franciscanos-realizam-ii-encontro-nacional-em-vila-velha.html#breadcrumb\",\"itemListElement\":[{\"@type\":\"ListItem\",\"position\":1,\"name\":\"Home\",\"item\":\"https:\/\/franciscanos.org.br\/noticias\"},{\"@type\":\"ListItem\",\"position\":2,\"name\":\"&#8220;Estamos aqui porque amamos nossa voca\u00e7\u00e3o&#8221;\"}]},{\"@type\":\"Person\",\"@id\":\"https:\/\/franciscanos.org.br\/noticias\/#\/schema\/person\/b38fbf43118f02820bd932f2e4b14ad3\",\"name\":\"admin\",\"image\":{\"@type\":\"ImageObject\",\"inLanguage\":\"pt-BR\",\"@id\":\"https:\/\/franciscanos.org.br\/noticias\/#\/schema\/person\/image\/\",\"url\":\"https:\/\/secure.gravatar.com\/avatar\/e8495742d34d0ba6448ea1c628263b3e?s=96&d=mm&r=g\",\"contentUrl\":\"https:\/\/secure.gravatar.com\/avatar\/e8495742d34d0ba6448ea1c628263b3e?s=96&d=mm&r=g\",\"caption\":\"admin\"},\"url\":\"https:\/\/franciscanos.org.br\/noticias\/author\/admin\"}]}<\/script>\n<!-- \/ Yoast SEO plugin. -->","yoast_head_json":{"title":"\"Estamos aqui porque amamos nossa voca\u00e7\u00e3o\" - Not\u00edcias - Franciscanos","robots":{"index":"index","follow":"follow","max-snippet":"max-snippet:-1","max-image-preview":"max-image-preview:large","max-video-preview":"max-video-preview:-1"},"canonical":"https:\/\/franciscanos.org.br\/noticias\/irmaos-leigos-franciscanos-realizam-ii-encontro-nacional-em-vila-velha.html","og_locale":"pt_BR","og_type":"article","og_title":"\"Estamos aqui porque amamos nossa voca\u00e7\u00e3o\" - Not\u00edcias - Franciscanos","og_description":"II Encontro Nacional de Irm\u00e3os Leigos","og_url":"https:\/\/franciscanos.org.br\/noticias\/irmaos-leigos-franciscanos-realizam-ii-encontro-nacional-em-vila-velha.html","og_site_name":"Not\u00edcias - Franciscanos","article_published_time":"2017-09-08T01:20:56+00:00","article_modified_time":"2023-01-10T13:04:34+00:00","og_image":[{"width":273,"height":181,"url":"https:\/\/franciscanos.org.br\/noticias\/wp-content\/uploads\/2017\/09\/irmaos_encontro_2d.jpg","type":"image\/jpeg"}],"author":"admin","twitter_card":"summary_large_image","twitter_misc":{"Escrito por":"admin","Est. tempo de leitura":"4 minutos"},"schema":{"@context":"https:\/\/schema.org","@graph":[{"@type":"WebSite","@id":"https:\/\/franciscanos.org.br\/noticias\/#website","url":"https:\/\/franciscanos.org.br\/noticias\/","name":"Not\u00edcias - Franciscanos","description":"Prov\u00edncia Franciscana da Imaculada Concei\u00e7\u00e3o do Brasil - Ordem dos Frades Menores - OFM","potentialAction":[{"@type":"SearchAction","target":{"@type":"EntryPoint","urlTemplate":"https:\/\/franciscanos.org.br\/noticias\/?s={search_term_string}"},"query-input":"required name=search_term_string"}],"inLanguage":"pt-BR"},{"@type":"ImageObject","inLanguage":"pt-BR","@id":"https:\/\/franciscanos.org.br\/noticias\/irmaos-leigos-franciscanos-realizam-ii-encontro-nacional-em-vila-velha.html#primaryimage","url":"https:\/\/franciscanos.org.br\/noticias\/wp-content\/uploads\/2017\/09\/irmaos_encontro_2d.jpg","contentUrl":"https:\/\/franciscanos.org.br\/noticias\/wp-content\/uploads\/2017\/09\/irmaos_encontro_2d.jpg","width":273,"height":181},{"@type":"WebPage","@id":"https:\/\/franciscanos.org.br\/noticias\/irmaos-leigos-franciscanos-realizam-ii-encontro-nacional-em-vila-velha.html#webpage","url":"https:\/\/franciscanos.org.br\/noticias\/irmaos-leigos-franciscanos-realizam-ii-encontro-nacional-em-vila-velha.html","name":"\"Estamos aqui porque amamos nossa voca\u00e7\u00e3o\" - Not\u00edcias - Franciscanos","isPartOf":{"@id":"https:\/\/franciscanos.org.br\/noticias\/#website"},"primaryImageOfPage":{"@id":"https:\/\/franciscanos.org.br\/noticias\/irmaos-leigos-franciscanos-realizam-ii-encontro-nacional-em-vila-velha.html#primaryimage"},"datePublished":"2017-09-08T01:20:56+00:00","dateModified":"2023-01-10T13:04:34+00:00","author":{"@id":"https:\/\/franciscanos.org.br\/noticias\/#\/schema\/person\/b38fbf43118f02820bd932f2e4b14ad3"},"breadcrumb":{"@id":"https:\/\/franciscanos.org.br\/noticias\/irmaos-leigos-franciscanos-realizam-ii-encontro-nacional-em-vila-velha.html#breadcrumb"},"inLanguage":"pt-BR","potentialAction":[{"@type":"ReadAction","target":["https:\/\/franciscanos.org.br\/noticias\/irmaos-leigos-franciscanos-realizam-ii-encontro-nacional-em-vila-velha.html"]}]},{"@type":"BreadcrumbList","@id":"https:\/\/franciscanos.org.br\/noticias\/irmaos-leigos-franciscanos-realizam-ii-encontro-nacional-em-vila-velha.html#breadcrumb","itemListElement":[{"@type":"ListItem","position":1,"name":"Home","item":"https:\/\/franciscanos.org.br\/noticias"},{"@type":"ListItem","position":2,"name":"&#8220;Estamos aqui porque amamos nossa voca\u00e7\u00e3o&#8221;"}]},{"@type":"Person","@id":"https:\/\/franciscanos.org.br\/noticias\/#\/schema\/person\/b38fbf43118f02820bd932f2e4b14ad3","name":"admin","image":{"@type":"ImageObject","inLanguage":"pt-BR","@id":"https:\/\/franciscanos.org.br\/noticias\/#\/schema\/person\/image\/","url":"https:\/\/secure.gravatar.com\/avatar\/e8495742d34d0ba6448ea1c628263b3e?s=96&d=mm&r=g","contentUrl":"https:\/\/secure.gravatar.com\/avatar\/e8495742d34d0ba6448ea1c628263b3e?s=96&d=mm&r=g","caption":"admin"},"url":"https:\/\/franciscanos.org.br\/noticias\/author\/admin"}]}},"_links":{"self":[{"href":"https:\/\/franciscanos.org.br\/noticias\/wp-json\/wp\/v2\/posts\/140498"}],"collection":[{"href":"https:\/\/franciscanos.org.br\/noticias\/wp-json\/wp\/v2\/posts"}],"about":[{"href":"https:\/\/franciscanos.org.br\/noticias\/wp-json\/wp\/v2\/types\/post"}],"author":[{"embeddable":true,"href":"https:\/\/franciscanos.org.br\/noticias\/wp-json\/wp\/v2\/users\/1"}],"replies":[{"embeddable":true,"href":"https:\/\/franciscanos.org.br\/noticias\/wp-json\/wp\/v2\/comments?post=140498"}],"version-history":[{"count":1,"href":"https:\/\/franciscanos.org.br\/noticias\/wp-json\/wp\/v2\/posts\/140498\/revisions"}],"predecessor-version":[{"id":241691,"href":"https:\/\/franciscanos.org.br\/noticias\/wp-json\/wp\/v2\/posts\/140498\/revisions\/241691"}],"wp:featuredmedia":[{"embeddable":true,"href":"https:\/\/franciscanos.org.br\/noticias\/wp-json\/wp\/v2\/media\/194910"}],"wp:attachment":[{"href":"https:\/\/franciscanos.org.br\/noticias\/wp-json\/wp\/v2\/media?parent=140498"}],"wp:term":[{"taxonomy":"category","embeddable":true,"href":"https:\/\/franciscanos.org.br\/noticias\/wp-json\/wp\/v2\/categories?post=140498"},{"taxonomy":"post_tag","embeddable":true,"href":"https:\/\/franciscanos.org.br\/noticias\/wp-json\/wp\/v2\/tags?post=140498"}],"curies":[{"name":"wp","href":"https:\/\/api.w.org\/{rel}","templated":true}]}}