{"id":140073,"date":"2017-09-04T16:17:02","date_gmt":"2017-09-04T19:17:02","guid":{"rendered":"http:\/\/franciscanos.org.br\/?p=140073"},"modified":"2019-01-17T14:15:25","modified_gmt":"2019-01-17T16:15:25","slug":"iii-encontro-regional-de-formacao-da-jufra","status":"publish","type":"post","link":"https:\/\/franciscanos.org.br\/noticias\/iii-encontro-regional-de-formacao-da-jufra.html","title":{"rendered":"III Encontro Regional de Forma\u00e7\u00e3o da JUFRA"},"content":{"rendered":"<p><img loading=\"lazy\" src=\"http:\/\/franciscanos.org.br\/wp-content\/uploads\/2017\/09\/jufra_040917.jpg\" alt=\"jufra_040917\" width=\"830\" height=\"359\" \/><\/p>\n<p><strong>S\u00e3o Paulo (SP) &#8211;<\/strong>\u00a0Entre os dias 08 a 10 de setembro de 2017, em S\u00e3o Paulo\/SP, vai acontecer o 3\u00ba Encontro Regional de Forma\u00e7\u00e3o da JUFRA com o tema \u201cJUFRA, juventude protagonista de uma nova forma\u00e7\u00e3o!\u201d. O local do encontro ser\u00e1 o Centro MAGIS Anchietanum, da Companhia de Jesus, situado a Rua Apinaj\u00e9s, 2033 &#8211; Perdizes, S\u00e3o Paulo\/SP.<\/p>\n<p>Desde a funda\u00e7\u00e3o do Movimento Internacional da Juventude Franciscana (nascido em Roma em 1950) no Brasil, na d\u00e9cada de 70, houve a preocupa\u00e7\u00e3o com a forma\u00e7\u00e3o humana, crist\u00e3 e franciscana dos jovens que davam forma ao movimento, especialmente das lideran\u00e7as. Com o prop\u00f3sito de serem jovens franciscanos formando outros jovens franciscanos que nasceu a c\u00e9lula-embri\u00e3o da Forma\u00e7\u00e3o na JUFRA: Documentos B\u00e1sicos da Juventude Franciscana no Brasil, publicado em 15 de agosto de 1973 em Ponta Grossa\/PR pelo Secretariado Executivo da JUFRA do Brasil.<\/p>\n<p>\u201cTemos em m\u00e3os um plano de trabalho e um instrumento de conscientiza\u00e7\u00e3o. Produzimos uma ideia. Cumpre-nos traduzi-la na realidade quotidiana de nossas vidas de jovens, para responder o apelo de renova\u00e7\u00e3o da Igreja. No s\u00e9culo de Jo\u00e3o XXIII, n\u00f3s jovens, somos a Igreja abrindo as janelas para que no seu interior penetre o ar da nova primavera\u201d, escreveu a jufrista Maria de Lourdes de Paula, na Apresenta\u00e7\u00e3o do documento.<\/p>\n<p><strong><img loading=\"lazy\" class=\"alignright size-full wp-image-140075\" src=\"http:\/\/franciscanos.org.br\/wp-content\/uploads\/2017\/09\/jufra2_040917.jpg\" alt=\"jufra2_040917\" width=\"450\" height=\"585\" \/>Novos tempos, nova forma\u00e7\u00e3o em S\u00e3o Paulo!<\/strong><br \/>\nCom o tempo, os Documentos B\u00e1sicos foram substitu\u00eddos pelo Estatuto Nacional e pelas Diretrizes Nacionais de Forma\u00e7\u00e3o para a JUFRA do Brasil, ambos renovados no Congresso Nacional Extraordin\u00e1rio para este fim, em 2014, na cidade Mogim-Mirim\/SP.<br \/>\nTr\u00eas anos depois, os jufristas do estado que viu renovar a forma\u00e7\u00e3o, S\u00e3o Paulo, v\u00e3o se encontrar para partilhar, celebrar e transformar a luz do protagonismo juvenil, da Enc\u00edclica Laudato Si\u2019, e do S\u00ednodo da Juventude que ir\u00e1 ocorrer no pr\u00f3ximo ano.<br \/>\nPara cumprir este objetivo, nossa \u201cPorci\u00fancula Juvenil\u201d ser\u00e1 o Anchietanum, Centro de Forma\u00e7\u00e3o de Juventude da Companhia de Jesus, tendo como inspira\u00e7\u00e3o o Objetivo Geral das Diretrizes: \u201cConduzir o(a) jovem atrav\u00e9s das etapas da forma\u00e7\u00e3o a um aprofundamento, viv\u00eancia e testemunho dos valores humanos e crist\u00e3os, bem como a um discernimento, crescimento e compromisso com a vida franciscana secular, e com a Igreja\u201d.<\/p>\n<p><strong>A JUFRA Paulistana e o Convento S\u00e3o Francisco<\/strong><br \/>\nEm novembro de 1999, na OFS das Chagas do Ser\u00e1fico Pai S\u00e3o Francisco, ao lado do Convento, nasceu a primeira fraternidade da JUFRA na Capital Paulistana: JUFRA das Chagas, o que h\u00e1 muito se esperava. Durante estes 18 anos de hist\u00f3ria, os jovens contaram com a Assist\u00eancia Espiritual de diversos frades do Convento, que deram acolhida e espa\u00e7o para que os jovens fossem verdadeiros protagonistas, e os frutos vieram: lideran\u00e7as regionais e nacionais para a JUFRA do Brasil!<br \/>\nPor isso, a JUFRA tamb\u00e9m quer marcar presen\u00e7a fraterna e grata na Celebra\u00e7\u00e3o dos 370 anos de funda\u00e7\u00e3o desta casa franciscana. No dia 10 setembro, os jovens e irm\u00e3os da OFS que participar\u00e3o do encontro estar\u00e3o no Convento S\u00e3o Francisco, \u00e0s 10h30, para a Celebra\u00e7\u00e3o Eucar\u00edstica de Envio, que tamb\u00e9m marca a abertura dos 45 anos do Regional da JUFRA de S\u00e3o Paulo em 2018.<\/p>\n<p>Mas informa\u00e7\u00f5es: <a href=\"mailto:formacao.jufrasp@gmail.com\" target=\"_blank\" rel=\"noopener\">formacao.jufrasp@gmail.com<\/a><br \/>\nSecretariado Fraterno Regional da JUFRA de S\u00e3o Paulo.<\/p>\n","protected":false},"excerpt":{"rendered":"<p>Juventude Franciscana<\/p>\n","protected":false},"author":1,"featured_media":194927,"comment_status":"open","ping_status":"open","sticky":false,"template":"","format":"standard","meta":[],"categories":[1],"tags":[187],"acf":[],"yoast_head":"<!-- This site is optimized with the Yoast SEO plugin v19.2 - https:\/\/yoast.com\/wordpress\/plugins\/seo\/ -->\n<title>III Encontro Regional de Forma\u00e7\u00e3o da JUFRA - Not\u00edcias - Franciscanos<\/title>\n<meta name=\"robots\" content=\"index, follow, max-snippet:-1, max-image-preview:large, max-video-preview:-1\" \/>\n<link rel=\"canonical\" href=\"https:\/\/franciscanos.org.br\/noticias\/iii-encontro-regional-de-formacao-da-jufra.html\" \/>\n<meta property=\"og:locale\" content=\"pt_BR\" \/>\n<meta property=\"og:type\" content=\"article\" \/>\n<meta property=\"og:title\" content=\"III Encontro Regional de Forma\u00e7\u00e3o da JUFRA - Not\u00edcias - Franciscanos\" \/>\n<meta property=\"og:description\" content=\"Juventude Franciscana\" \/>\n<meta property=\"og:url\" content=\"https:\/\/franciscanos.org.br\/noticias\/iii-encontro-regional-de-formacao-da-jufra.html\" \/>\n<meta property=\"og:site_name\" content=\"Not\u00edcias - Franciscanos\" \/>\n<meta property=\"article:published_time\" content=\"2017-09-04T19:17:02+00:00\" \/>\n<meta property=\"article:modified_time\" content=\"2019-01-17T16:15:25+00:00\" \/>\n<meta property=\"og:image\" content=\"https:\/\/franciscanos.org.br\/noticias\/wp-content\/uploads\/2017\/09\/jufra_040917.jpg\" \/>\n\t<meta property=\"og:image:width\" content=\"273\" \/>\n\t<meta property=\"og:image:height\" content=\"181\" \/>\n\t<meta property=\"og:image:type\" content=\"image\/jpeg\" \/>\n<meta name=\"author\" content=\"admin\" \/>\n<meta name=\"twitter:card\" content=\"summary_large_image\" \/>\n<meta name=\"twitter:label1\" content=\"Escrito por\" \/>\n\t<meta name=\"twitter:data1\" content=\"admin\" \/>\n\t<meta name=\"twitter:label2\" content=\"Est. tempo de leitura\" \/>\n\t<meta name=\"twitter:data2\" content=\"3 minutos\" \/>\n<script type=\"application\/ld+json\" class=\"yoast-schema-graph\">{\"@context\":\"https:\/\/schema.org\",\"@graph\":[{\"@type\":\"WebSite\",\"@id\":\"https:\/\/franciscanos.org.br\/noticias\/#website\",\"url\":\"https:\/\/franciscanos.org.br\/noticias\/\",\"name\":\"Not\u00edcias - Franciscanos\",\"description\":\"Prov\u00edncia Franciscana da Imaculada Concei\u00e7\u00e3o do Brasil - Ordem dos Frades Menores - OFM\",\"potentialAction\":[{\"@type\":\"SearchAction\",\"target\":{\"@type\":\"EntryPoint\",\"urlTemplate\":\"https:\/\/franciscanos.org.br\/noticias\/?s={search_term_string}\"},\"query-input\":\"required name=search_term_string\"}],\"inLanguage\":\"pt-BR\"},{\"@type\":\"ImageObject\",\"inLanguage\":\"pt-BR\",\"@id\":\"https:\/\/franciscanos.org.br\/noticias\/iii-encontro-regional-de-formacao-da-jufra.html#primaryimage\",\"url\":\"https:\/\/franciscanos.org.br\/noticias\/wp-content\/uploads\/2017\/09\/jufra_040917.jpg\",\"contentUrl\":\"https:\/\/franciscanos.org.br\/noticias\/wp-content\/uploads\/2017\/09\/jufra_040917.jpg\",\"width\":273,\"height\":181},{\"@type\":\"WebPage\",\"@id\":\"https:\/\/franciscanos.org.br\/noticias\/iii-encontro-regional-de-formacao-da-jufra.html#webpage\",\"url\":\"https:\/\/franciscanos.org.br\/noticias\/iii-encontro-regional-de-formacao-da-jufra.html\",\"name\":\"III Encontro Regional de Forma\u00e7\u00e3o da JUFRA - Not\u00edcias - Franciscanos\",\"isPartOf\":{\"@id\":\"https:\/\/franciscanos.org.br\/noticias\/#website\"},\"primaryImageOfPage\":{\"@id\":\"https:\/\/franciscanos.org.br\/noticias\/iii-encontro-regional-de-formacao-da-jufra.html#primaryimage\"},\"datePublished\":\"2017-09-04T19:17:02+00:00\",\"dateModified\":\"2019-01-17T16:15:25+00:00\",\"author\":{\"@id\":\"https:\/\/franciscanos.org.br\/noticias\/#\/schema\/person\/b38fbf43118f02820bd932f2e4b14ad3\"},\"breadcrumb\":{\"@id\":\"https:\/\/franciscanos.org.br\/noticias\/iii-encontro-regional-de-formacao-da-jufra.html#breadcrumb\"},\"inLanguage\":\"pt-BR\",\"potentialAction\":[{\"@type\":\"ReadAction\",\"target\":[\"https:\/\/franciscanos.org.br\/noticias\/iii-encontro-regional-de-formacao-da-jufra.html\"]}]},{\"@type\":\"BreadcrumbList\",\"@id\":\"https:\/\/franciscanos.org.br\/noticias\/iii-encontro-regional-de-formacao-da-jufra.html#breadcrumb\",\"itemListElement\":[{\"@type\":\"ListItem\",\"position\":1,\"name\":\"Home\",\"item\":\"https:\/\/franciscanos.org.br\/noticias\"},{\"@type\":\"ListItem\",\"position\":2,\"name\":\"III Encontro Regional de Forma\u00e7\u00e3o da JUFRA\"}]},{\"@type\":\"Person\",\"@id\":\"https:\/\/franciscanos.org.br\/noticias\/#\/schema\/person\/b38fbf43118f02820bd932f2e4b14ad3\",\"name\":\"admin\",\"image\":{\"@type\":\"ImageObject\",\"inLanguage\":\"pt-BR\",\"@id\":\"https:\/\/franciscanos.org.br\/noticias\/#\/schema\/person\/image\/\",\"url\":\"https:\/\/secure.gravatar.com\/avatar\/e8495742d34d0ba6448ea1c628263b3e?s=96&d=mm&r=g\",\"contentUrl\":\"https:\/\/secure.gravatar.com\/avatar\/e8495742d34d0ba6448ea1c628263b3e?s=96&d=mm&r=g\",\"caption\":\"admin\"},\"url\":\"https:\/\/franciscanos.org.br\/noticias\/author\/admin\"}]}<\/script>\n<!-- \/ Yoast SEO plugin. -->","yoast_head_json":{"title":"III Encontro Regional de Forma\u00e7\u00e3o da JUFRA - Not\u00edcias - Franciscanos","robots":{"index":"index","follow":"follow","max-snippet":"max-snippet:-1","max-image-preview":"max-image-preview:large","max-video-preview":"max-video-preview:-1"},"canonical":"https:\/\/franciscanos.org.br\/noticias\/iii-encontro-regional-de-formacao-da-jufra.html","og_locale":"pt_BR","og_type":"article","og_title":"III Encontro Regional de Forma\u00e7\u00e3o da JUFRA - Not\u00edcias - Franciscanos","og_description":"Juventude Franciscana","og_url":"https:\/\/franciscanos.org.br\/noticias\/iii-encontro-regional-de-formacao-da-jufra.html","og_site_name":"Not\u00edcias - Franciscanos","article_published_time":"2017-09-04T19:17:02+00:00","article_modified_time":"2019-01-17T16:15:25+00:00","og_image":[{"width":273,"height":181,"url":"https:\/\/franciscanos.org.br\/noticias\/wp-content\/uploads\/2017\/09\/jufra_040917.jpg","type":"image\/jpeg"}],"author":"admin","twitter_card":"summary_large_image","twitter_misc":{"Escrito por":"admin","Est. tempo de leitura":"3 minutos"},"schema":{"@context":"https:\/\/schema.org","@graph":[{"@type":"WebSite","@id":"https:\/\/franciscanos.org.br\/noticias\/#website","url":"https:\/\/franciscanos.org.br\/noticias\/","name":"Not\u00edcias - Franciscanos","description":"Prov\u00edncia Franciscana da Imaculada Concei\u00e7\u00e3o do Brasil - Ordem dos Frades Menores - OFM","potentialAction":[{"@type":"SearchAction","target":{"@type":"EntryPoint","urlTemplate":"https:\/\/franciscanos.org.br\/noticias\/?s={search_term_string}"},"query-input":"required name=search_term_string"}],"inLanguage":"pt-BR"},{"@type":"ImageObject","inLanguage":"pt-BR","@id":"https:\/\/franciscanos.org.br\/noticias\/iii-encontro-regional-de-formacao-da-jufra.html#primaryimage","url":"https:\/\/franciscanos.org.br\/noticias\/wp-content\/uploads\/2017\/09\/jufra_040917.jpg","contentUrl":"https:\/\/franciscanos.org.br\/noticias\/wp-content\/uploads\/2017\/09\/jufra_040917.jpg","width":273,"height":181},{"@type":"WebPage","@id":"https:\/\/franciscanos.org.br\/noticias\/iii-encontro-regional-de-formacao-da-jufra.html#webpage","url":"https:\/\/franciscanos.org.br\/noticias\/iii-encontro-regional-de-formacao-da-jufra.html","name":"III Encontro Regional de Forma\u00e7\u00e3o da JUFRA - Not\u00edcias - Franciscanos","isPartOf":{"@id":"https:\/\/franciscanos.org.br\/noticias\/#website"},"primaryImageOfPage":{"@id":"https:\/\/franciscanos.org.br\/noticias\/iii-encontro-regional-de-formacao-da-jufra.html#primaryimage"},"datePublished":"2017-09-04T19:17:02+00:00","dateModified":"2019-01-17T16:15:25+00:00","author":{"@id":"https:\/\/franciscanos.org.br\/noticias\/#\/schema\/person\/b38fbf43118f02820bd932f2e4b14ad3"},"breadcrumb":{"@id":"https:\/\/franciscanos.org.br\/noticias\/iii-encontro-regional-de-formacao-da-jufra.html#breadcrumb"},"inLanguage":"pt-BR","potentialAction":[{"@type":"ReadAction","target":["https:\/\/franciscanos.org.br\/noticias\/iii-encontro-regional-de-formacao-da-jufra.html"]}]},{"@type":"BreadcrumbList","@id":"https:\/\/franciscanos.org.br\/noticias\/iii-encontro-regional-de-formacao-da-jufra.html#breadcrumb","itemListElement":[{"@type":"ListItem","position":1,"name":"Home","item":"https:\/\/franciscanos.org.br\/noticias"},{"@type":"ListItem","position":2,"name":"III Encontro Regional de Forma\u00e7\u00e3o da JUFRA"}]},{"@type":"Person","@id":"https:\/\/franciscanos.org.br\/noticias\/#\/schema\/person\/b38fbf43118f02820bd932f2e4b14ad3","name":"admin","image":{"@type":"ImageObject","inLanguage":"pt-BR","@id":"https:\/\/franciscanos.org.br\/noticias\/#\/schema\/person\/image\/","url":"https:\/\/secure.gravatar.com\/avatar\/e8495742d34d0ba6448ea1c628263b3e?s=96&d=mm&r=g","contentUrl":"https:\/\/secure.gravatar.com\/avatar\/e8495742d34d0ba6448ea1c628263b3e?s=96&d=mm&r=g","caption":"admin"},"url":"https:\/\/franciscanos.org.br\/noticias\/author\/admin"}]}},"_links":{"self":[{"href":"https:\/\/franciscanos.org.br\/noticias\/wp-json\/wp\/v2\/posts\/140073"}],"collection":[{"href":"https:\/\/franciscanos.org.br\/noticias\/wp-json\/wp\/v2\/posts"}],"about":[{"href":"https:\/\/franciscanos.org.br\/noticias\/wp-json\/wp\/v2\/types\/post"}],"author":[{"embeddable":true,"href":"https:\/\/franciscanos.org.br\/noticias\/wp-json\/wp\/v2\/users\/1"}],"replies":[{"embeddable":true,"href":"https:\/\/franciscanos.org.br\/noticias\/wp-json\/wp\/v2\/comments?post=140073"}],"version-history":[{"count":0,"href":"https:\/\/franciscanos.org.br\/noticias\/wp-json\/wp\/v2\/posts\/140073\/revisions"}],"wp:featuredmedia":[{"embeddable":true,"href":"https:\/\/franciscanos.org.br\/noticias\/wp-json\/wp\/v2\/media\/194927"}],"wp:attachment":[{"href":"https:\/\/franciscanos.org.br\/noticias\/wp-json\/wp\/v2\/media?parent=140073"}],"wp:term":[{"taxonomy":"category","embeddable":true,"href":"https:\/\/franciscanos.org.br\/noticias\/wp-json\/wp\/v2\/categories?post=140073"},{"taxonomy":"post_tag","embeddable":true,"href":"https:\/\/franciscanos.org.br\/noticias\/wp-json\/wp\/v2\/tags?post=140073"}],"curies":[{"name":"wp","href":"https:\/\/api.w.org\/{rel}","templated":true}]}}