{"id":140031,"date":"2017-09-03T12:57:17","date_gmt":"2017-09-03T15:57:17","guid":{"rendered":"http:\/\/franciscanos.org.br\/?p=140031"},"modified":"2021-08-29T10:16:45","modified_gmt":"2021-08-29T13:16:45","slug":"papa-nao-ha-verdadeiro-amor-sem-sacrificio","status":"publish","type":"post","link":"https:\/\/franciscanos.org.br\/noticias\/papa-nao-ha-verdadeiro-amor-sem-sacrificio.html","title":{"rendered":"Papa: N\u00e3o h\u00e1 verdadeiro amor sem sacrif\u00edcio"},"content":{"rendered":"<p>&nbsp;<\/p>\n<p><img loading=\"lazy\" class=\"alignnone size-full wp-image-233926\" src=\"https:\/\/franciscanos.org.br\/noticias\/wp-content\/uploads\/2021\/08\/angelus_290821d.jpg\" alt=\"\" width=\"800\" height=\"550\" srcset=\"https:\/\/franciscanos.org.br\/noticias\/wp-content\/uploads\/2021\/08\/angelus_290821d.jpg 800w, https:\/\/franciscanos.org.br\/noticias\/wp-content\/uploads\/2021\/08\/angelus_290821d-450x309.jpg 450w, https:\/\/franciscanos.org.br\/noticias\/wp-content\/uploads\/2021\/08\/angelus_290821d-768x528.jpg 768w, https:\/\/franciscanos.org.br\/noticias\/wp-content\/uploads\/2021\/08\/angelus_290821d-150x103.jpg 150w, https:\/\/franciscanos.org.br\/noticias\/wp-content\/uploads\/2021\/08\/angelus_290821d-320x220.jpg 320w\" sizes=\"(max-width: 800px) 100vw, 800px\" \/><\/p>\n<p>Cidade do Vaticano &#8211; O Papa Francisco rezou a ora\u00e7\u00e3o mariana do Angelus, neste domingo (03\/09), com os fi\u00e9is e peregrinos de v\u00e1rias partes do mundo, presentes na Pra\u00e7a S\u00e3o Pedro.<\/p>\n<p>Na alocu\u00e7\u00e3o que precedeu a ora\u00e7\u00e3o, Francisco disse que \u201co Evangelho de hoje \u00e9 a continua\u00e7\u00e3o do de domingo passado, que ressaltava a profiss\u00e3o de f\u00e9 de Pedro, \u2018rocha\u2019 sobre a qual Jesus quer construir a sua Igreja. Hoje, em contraste estridente, Mateus, nos mostra a rea\u00e7\u00e3o do pr\u00f3prio Pedro quando Jesus revela aos disc\u00edpulos que em Jerusal\u00e9m dever\u00e1 sofrer, ser morto e ressurgir\u201d, disse o Papa.<\/p>\n<p>\u201cPedro leva o Mestre para um lado e o repreende, porque isso, lhe diz, n\u00e3o pode acontecer a Ele, a Cristo. Mas Jesus, por sua vez, repreende Pedro com palavras duras: \u00abFique longe de mim, Satan\u00e1s! Voc\u00ea \u00e9 uma pedra de trope\u00e7o para mim, porque n\u00e3o pensa as coisas de Deus, mas as coisas dos homens!\u00bb Pouco antes, o ap\u00f3stolo era aben\u00e7oado pelo Pai, porque tinha recebido Dele esta revela\u00e7\u00e3o, era uma \u2018pedra\u2019 s\u00f3lida para que Jesus pudesse construir a sua comunidade, e logo depois se torna um obst\u00e1culo, uma pedra n\u00e3o para construir, uma pedra de trope\u00e7o no caminho do Messias. Jesus sabe muito bem que Pedro e os outros ainda t\u00eam muita estrada para percorrer para se tornarem seus ap\u00f3stolos!\u201d<\/p>\n<p>A esse ponto, o Mestre se dirige a todos aqueles que o seguiam, apresentando-lhes claramente o caminho a ser percorrido: \u201c\u00abSe algu\u00e9m quer me seguir, renuncie a si mesmo, tome a sua cruz, e me siga\u00bb. Sempre, e tamb\u00e9m hoje, a tenta\u00e7\u00e3o \u00e9 a de querer seguir um Cristo sem cruz, ali\u00e1s, de ensinar a Deus a estrada certa; como Pedro: \u2018N\u00e3o, n\u00e3o Senhor, isso nunca acontecer\u00e1!\u2019 Mas Jesus nos recorda que a sua estrada \u00e9 a estrada do amor, e n\u00e3o h\u00e1 verdadeiro amor sem o sacrif\u00edcio de si. Somos chamados a n\u00e3o nos deixar absorver pela vis\u00e3o deste mundo, mas a ser cada vez mais conscientes da necessidade e da fadiga para n\u00f3s crist\u00e3os de caminhar contracorrente e em subida.\u201d<\/p>\n<p>O Papa ressaltou que \u201cJesus completa a sua proposta com palavras que expressam uma grande sabedoria sempre v\u00e1lida, porque desafiam a mente e os comportamentos egoc\u00eantricos. Ele exorta: \u00abQuem quiser salvar a sua vida, vai perd\u00ea-la; mas, quem perde a sua vida por causa de mim, vai encontr\u00e1-la\u00bb.\u201d<\/p>\n<p>\u201cNeste paradoxo esta contida a regra de ouro que Deus inscreveu na natureza humana criada em Cristo: a regra de que s\u00f3 o amor d\u00e1 sentido e felicidade \u00e0 vida. Gastar os pr\u00f3prios talentos, as pr\u00f3prias energias e o pr\u00f3prio tempo somente para salvar, proteger e realizar-se, conduz na verdade a se perder, ou seja, a uma exist\u00eancia triste e est\u00e9ril. Se, ao inv\u00e9s, vivemos para o Senhor e estabelecemos a nossa vida no amor, como Jesus fez, poderemos saborear a verdadeira alegria, e a nossa vida n\u00e3o ser\u00e1 est\u00e9ril, ser\u00e1 fecunda.\u201d<\/p>\n<p>O Santo Padre frisou que \u201cna celebra\u00e7\u00e3o da Eucaristia revivemos o mist\u00e9rio da cruz; n\u00e3o somente recordamos, mas fazemos o memorial do Sacrif\u00edcio redentor, no qual o Filho de Deus perde completamente Si mesmo para ser recebido novamente pelo Pai e assim nos reencontrar, pois est\u00e1vamos perdidos, juntamente com todas as criaturas. Toda vez que participamos da Santa Missa, o amor de Cristo crucificado e ressuscitado se comunica a n\u00f3s como alimento e bebida, para que possamos segui-Lo no caminho de todos os dias, no servi\u00e7o concreto aos irm\u00e3os.\u201d<\/p>\n<p>\u201cMaria Sant\u00edssima, que seguiu Jesus at\u00e9 o Calv\u00e1rio, tamb\u00e9m nos acompanhe e nos ajude a n\u00e3o ter medo da cruz com Jesus crucificado, n\u00e3o uma cruz sem Jesus, a cruz com Jesus, ou seja, a cruz de sofrer por amor a Deus e aos irm\u00e3os, pois esse sofrimento, pela gra\u00e7a de Cristo, \u00e9 fruto de ressurrei\u00e7\u00e3o\u201d, concluiu o Papa.<\/p>\n<hr \/>\n<p><em>Fonte: R\u00e1dio Vaticano<\/em><\/p>\n","protected":false},"excerpt":{"rendered":"<p>Angelus<\/p>\n","protected":false},"author":1,"featured_media":233925,"comment_status":"open","ping_status":"open","sticky":false,"template":"","format":"standard","meta":[],"categories":[1428],"tags":[403],"acf":[],"yoast_head":"<!-- This site is optimized with the Yoast SEO plugin v19.2 - https:\/\/yoast.com\/wordpress\/plugins\/seo\/ -->\n<title>Papa: N\u00e3o h\u00e1 verdadeiro amor sem sacrif\u00edcio - Not\u00edcias - Franciscanos<\/title>\n<meta name=\"robots\" content=\"index, follow, max-snippet:-1, max-image-preview:large, max-video-preview:-1\" \/>\n<link rel=\"canonical\" href=\"https:\/\/franciscanos.org.br\/noticias\/papa-nao-ha-verdadeiro-amor-sem-sacrificio.html\" \/>\n<meta property=\"og:locale\" content=\"pt_BR\" \/>\n<meta property=\"og:type\" content=\"article\" \/>\n<meta property=\"og:title\" content=\"Papa: N\u00e3o h\u00e1 verdadeiro amor sem sacrif\u00edcio - Not\u00edcias - Franciscanos\" \/>\n<meta property=\"og:description\" content=\"Angelus\" \/>\n<meta property=\"og:url\" content=\"https:\/\/franciscanos.org.br\/noticias\/papa-nao-ha-verdadeiro-amor-sem-sacrificio.html\" \/>\n<meta property=\"og:site_name\" content=\"Not\u00edcias - Franciscanos\" \/>\n<meta property=\"article:published_time\" content=\"2017-09-03T15:57:17+00:00\" \/>\n<meta property=\"article:modified_time\" content=\"2021-08-29T13:16:45+00:00\" \/>\n<meta property=\"og:image\" content=\"https:\/\/franciscanos.org.br\/noticias\/wp-content\/uploads\/2021\/08\/angelus_290821.jpg\" \/>\n\t<meta property=\"og:image:width\" content=\"1280\" \/>\n\t<meta property=\"og:image:height\" content=\"720\" \/>\n\t<meta property=\"og:image:type\" content=\"image\/jpeg\" \/>\n<meta name=\"author\" content=\"admin\" \/>\n<meta name=\"twitter:card\" content=\"summary_large_image\" \/>\n<meta name=\"twitter:label1\" content=\"Escrito por\" \/>\n\t<meta name=\"twitter:data1\" content=\"admin\" \/>\n\t<meta name=\"twitter:label2\" content=\"Est. tempo de leitura\" \/>\n\t<meta name=\"twitter:data2\" content=\"3 minutos\" \/>\n<script type=\"application\/ld+json\" class=\"yoast-schema-graph\">{\"@context\":\"https:\/\/schema.org\",\"@graph\":[{\"@type\":\"WebSite\",\"@id\":\"https:\/\/franciscanos.org.br\/noticias\/#website\",\"url\":\"https:\/\/franciscanos.org.br\/noticias\/\",\"name\":\"Not\u00edcias - Franciscanos\",\"description\":\"Prov\u00edncia Franciscana da Imaculada Concei\u00e7\u00e3o do Brasil - Ordem dos Frades Menores - OFM\",\"potentialAction\":[{\"@type\":\"SearchAction\",\"target\":{\"@type\":\"EntryPoint\",\"urlTemplate\":\"https:\/\/franciscanos.org.br\/noticias\/?s={search_term_string}\"},\"query-input\":\"required name=search_term_string\"}],\"inLanguage\":\"pt-BR\"},{\"@type\":\"ImageObject\",\"inLanguage\":\"pt-BR\",\"@id\":\"https:\/\/franciscanos.org.br\/noticias\/papa-nao-ha-verdadeiro-amor-sem-sacrificio.html#primaryimage\",\"url\":\"https:\/\/franciscanos.org.br\/noticias\/wp-content\/uploads\/2021\/08\/angelus_290821.jpg\",\"contentUrl\":\"https:\/\/franciscanos.org.br\/noticias\/wp-content\/uploads\/2021\/08\/angelus_290821.jpg\",\"width\":1280,\"height\":720},{\"@type\":\"WebPage\",\"@id\":\"https:\/\/franciscanos.org.br\/noticias\/papa-nao-ha-verdadeiro-amor-sem-sacrificio.html#webpage\",\"url\":\"https:\/\/franciscanos.org.br\/noticias\/papa-nao-ha-verdadeiro-amor-sem-sacrificio.html\",\"name\":\"Papa: N\u00e3o h\u00e1 verdadeiro amor sem sacrif\u00edcio - Not\u00edcias - Franciscanos\",\"isPartOf\":{\"@id\":\"https:\/\/franciscanos.org.br\/noticias\/#website\"},\"primaryImageOfPage\":{\"@id\":\"https:\/\/franciscanos.org.br\/noticias\/papa-nao-ha-verdadeiro-amor-sem-sacrificio.html#primaryimage\"},\"datePublished\":\"2017-09-03T15:57:17+00:00\",\"dateModified\":\"2021-08-29T13:16:45+00:00\",\"author\":{\"@id\":\"https:\/\/franciscanos.org.br\/noticias\/#\/schema\/person\/b38fbf43118f02820bd932f2e4b14ad3\"},\"breadcrumb\":{\"@id\":\"https:\/\/franciscanos.org.br\/noticias\/papa-nao-ha-verdadeiro-amor-sem-sacrificio.html#breadcrumb\"},\"inLanguage\":\"pt-BR\",\"potentialAction\":[{\"@type\":\"ReadAction\",\"target\":[\"https:\/\/franciscanos.org.br\/noticias\/papa-nao-ha-verdadeiro-amor-sem-sacrificio.html\"]}]},{\"@type\":\"BreadcrumbList\",\"@id\":\"https:\/\/franciscanos.org.br\/noticias\/papa-nao-ha-verdadeiro-amor-sem-sacrificio.html#breadcrumb\",\"itemListElement\":[{\"@type\":\"ListItem\",\"position\":1,\"name\":\"Home\",\"item\":\"https:\/\/franciscanos.org.br\/noticias\"},{\"@type\":\"ListItem\",\"position\":2,\"name\":\"Papa: N\u00e3o h\u00e1 verdadeiro amor sem sacrif\u00edcio\"}]},{\"@type\":\"Person\",\"@id\":\"https:\/\/franciscanos.org.br\/noticias\/#\/schema\/person\/b38fbf43118f02820bd932f2e4b14ad3\",\"name\":\"admin\",\"image\":{\"@type\":\"ImageObject\",\"inLanguage\":\"pt-BR\",\"@id\":\"https:\/\/franciscanos.org.br\/noticias\/#\/schema\/person\/image\/\",\"url\":\"https:\/\/secure.gravatar.com\/avatar\/e8495742d34d0ba6448ea1c628263b3e?s=96&d=mm&r=g\",\"contentUrl\":\"https:\/\/secure.gravatar.com\/avatar\/e8495742d34d0ba6448ea1c628263b3e?s=96&d=mm&r=g\",\"caption\":\"admin\"},\"url\":\"https:\/\/franciscanos.org.br\/noticias\/author\/admin\"}]}<\/script>\n<!-- \/ Yoast SEO plugin. -->","yoast_head_json":{"title":"Papa: N\u00e3o h\u00e1 verdadeiro amor sem sacrif\u00edcio - Not\u00edcias - Franciscanos","robots":{"index":"index","follow":"follow","max-snippet":"max-snippet:-1","max-image-preview":"max-image-preview:large","max-video-preview":"max-video-preview:-1"},"canonical":"https:\/\/franciscanos.org.br\/noticias\/papa-nao-ha-verdadeiro-amor-sem-sacrificio.html","og_locale":"pt_BR","og_type":"article","og_title":"Papa: N\u00e3o h\u00e1 verdadeiro amor sem sacrif\u00edcio - Not\u00edcias - Franciscanos","og_description":"Angelus","og_url":"https:\/\/franciscanos.org.br\/noticias\/papa-nao-ha-verdadeiro-amor-sem-sacrificio.html","og_site_name":"Not\u00edcias - Franciscanos","article_published_time":"2017-09-03T15:57:17+00:00","article_modified_time":"2021-08-29T13:16:45+00:00","og_image":[{"width":1280,"height":720,"url":"https:\/\/franciscanos.org.br\/noticias\/wp-content\/uploads\/2021\/08\/angelus_290821.jpg","type":"image\/jpeg"}],"author":"admin","twitter_card":"summary_large_image","twitter_misc":{"Escrito por":"admin","Est. tempo de leitura":"3 minutos"},"schema":{"@context":"https:\/\/schema.org","@graph":[{"@type":"WebSite","@id":"https:\/\/franciscanos.org.br\/noticias\/#website","url":"https:\/\/franciscanos.org.br\/noticias\/","name":"Not\u00edcias - Franciscanos","description":"Prov\u00edncia Franciscana da Imaculada Concei\u00e7\u00e3o do Brasil - Ordem dos Frades Menores - OFM","potentialAction":[{"@type":"SearchAction","target":{"@type":"EntryPoint","urlTemplate":"https:\/\/franciscanos.org.br\/noticias\/?s={search_term_string}"},"query-input":"required name=search_term_string"}],"inLanguage":"pt-BR"},{"@type":"ImageObject","inLanguage":"pt-BR","@id":"https:\/\/franciscanos.org.br\/noticias\/papa-nao-ha-verdadeiro-amor-sem-sacrificio.html#primaryimage","url":"https:\/\/franciscanos.org.br\/noticias\/wp-content\/uploads\/2021\/08\/angelus_290821.jpg","contentUrl":"https:\/\/franciscanos.org.br\/noticias\/wp-content\/uploads\/2021\/08\/angelus_290821.jpg","width":1280,"height":720},{"@type":"WebPage","@id":"https:\/\/franciscanos.org.br\/noticias\/papa-nao-ha-verdadeiro-amor-sem-sacrificio.html#webpage","url":"https:\/\/franciscanos.org.br\/noticias\/papa-nao-ha-verdadeiro-amor-sem-sacrificio.html","name":"Papa: N\u00e3o h\u00e1 verdadeiro amor sem sacrif\u00edcio - Not\u00edcias - Franciscanos","isPartOf":{"@id":"https:\/\/franciscanos.org.br\/noticias\/#website"},"primaryImageOfPage":{"@id":"https:\/\/franciscanos.org.br\/noticias\/papa-nao-ha-verdadeiro-amor-sem-sacrificio.html#primaryimage"},"datePublished":"2017-09-03T15:57:17+00:00","dateModified":"2021-08-29T13:16:45+00:00","author":{"@id":"https:\/\/franciscanos.org.br\/noticias\/#\/schema\/person\/b38fbf43118f02820bd932f2e4b14ad3"},"breadcrumb":{"@id":"https:\/\/franciscanos.org.br\/noticias\/papa-nao-ha-verdadeiro-amor-sem-sacrificio.html#breadcrumb"},"inLanguage":"pt-BR","potentialAction":[{"@type":"ReadAction","target":["https:\/\/franciscanos.org.br\/noticias\/papa-nao-ha-verdadeiro-amor-sem-sacrificio.html"]}]},{"@type":"BreadcrumbList","@id":"https:\/\/franciscanos.org.br\/noticias\/papa-nao-ha-verdadeiro-amor-sem-sacrificio.html#breadcrumb","itemListElement":[{"@type":"ListItem","position":1,"name":"Home","item":"https:\/\/franciscanos.org.br\/noticias"},{"@type":"ListItem","position":2,"name":"Papa: N\u00e3o h\u00e1 verdadeiro amor sem sacrif\u00edcio"}]},{"@type":"Person","@id":"https:\/\/franciscanos.org.br\/noticias\/#\/schema\/person\/b38fbf43118f02820bd932f2e4b14ad3","name":"admin","image":{"@type":"ImageObject","inLanguage":"pt-BR","@id":"https:\/\/franciscanos.org.br\/noticias\/#\/schema\/person\/image\/","url":"https:\/\/secure.gravatar.com\/avatar\/e8495742d34d0ba6448ea1c628263b3e?s=96&d=mm&r=g","contentUrl":"https:\/\/secure.gravatar.com\/avatar\/e8495742d34d0ba6448ea1c628263b3e?s=96&d=mm&r=g","caption":"admin"},"url":"https:\/\/franciscanos.org.br\/noticias\/author\/admin"}]}},"_links":{"self":[{"href":"https:\/\/franciscanos.org.br\/noticias\/wp-json\/wp\/v2\/posts\/140031"}],"collection":[{"href":"https:\/\/franciscanos.org.br\/noticias\/wp-json\/wp\/v2\/posts"}],"about":[{"href":"https:\/\/franciscanos.org.br\/noticias\/wp-json\/wp\/v2\/types\/post"}],"author":[{"embeddable":true,"href":"https:\/\/franciscanos.org.br\/noticias\/wp-json\/wp\/v2\/users\/1"}],"replies":[{"embeddable":true,"href":"https:\/\/franciscanos.org.br\/noticias\/wp-json\/wp\/v2\/comments?post=140031"}],"version-history":[{"count":3,"href":"https:\/\/franciscanos.org.br\/noticias\/wp-json\/wp\/v2\/posts\/140031\/revisions"}],"predecessor-version":[{"id":233949,"href":"https:\/\/franciscanos.org.br\/noticias\/wp-json\/wp\/v2\/posts\/140031\/revisions\/233949"}],"wp:featuredmedia":[{"embeddable":true,"href":"https:\/\/franciscanos.org.br\/noticias\/wp-json\/wp\/v2\/media\/233925"}],"wp:attachment":[{"href":"https:\/\/franciscanos.org.br\/noticias\/wp-json\/wp\/v2\/media?parent=140031"}],"wp:term":[{"taxonomy":"category","embeddable":true,"href":"https:\/\/franciscanos.org.br\/noticias\/wp-json\/wp\/v2\/categories?post=140031"},{"taxonomy":"post_tag","embeddable":true,"href":"https:\/\/franciscanos.org.br\/noticias\/wp-json\/wp\/v2\/tags?post=140031"}],"curies":[{"name":"wp","href":"https:\/\/api.w.org\/{rel}","templated":true}]}}