{"id":139574,"date":"2017-08-27T14:12:57","date_gmt":"2017-08-27T17:12:57","guid":{"rendered":"http:\/\/franciscanos.org.br\/?p=139574"},"modified":"2021-08-29T10:29:01","modified_gmt":"2021-08-29T13:29:01","slug":"igreja-sempre-tem-necessidade-de-ser-reformada","status":"publish","type":"post","link":"https:\/\/franciscanos.org.br\/noticias\/igreja-sempre-tem-necessidade-de-ser-reformada.html","title":{"rendered":"Igreja sempre tem necessidade de ser reformada"},"content":{"rendered":"<p>&nbsp;<\/p>\n<p>&nbsp;<\/p>\n<p><img loading=\"lazy\" class=\"alignnone size-full wp-image-233925\" src=\"https:\/\/franciscanos.org.br\/noticias\/wp-content\/uploads\/2021\/08\/angelus_290821.jpg\" alt=\"\" width=\"1280\" height=\"720\" srcset=\"https:\/\/franciscanos.org.br\/noticias\/wp-content\/uploads\/2021\/08\/angelus_290821.jpg 1280w, https:\/\/franciscanos.org.br\/noticias\/wp-content\/uploads\/2021\/08\/angelus_290821-450x253.jpg 450w, https:\/\/franciscanos.org.br\/noticias\/wp-content\/uploads\/2021\/08\/angelus_290821-1024x576.jpg 1024w, https:\/\/franciscanos.org.br\/noticias\/wp-content\/uploads\/2021\/08\/angelus_290821-768x432.jpg 768w, https:\/\/franciscanos.org.br\/noticias\/wp-content\/uploads\/2021\/08\/angelus_290821-150x84.jpg 150w\" sizes=\"(max-width: 1280px) 100vw, 1280px\" \/><\/p>\n<p><strong>Cidade do Vaticano<\/strong> \u2013 &#8220;Cada um de n\u00f3s \u00e9 uma pequena pedra, mas nas m\u00e3os de Jesus participa da constru\u00e7\u00e3o da Igreja&#8221;, a Igreja que &#8220;sempre precisa ser reformada, reparada&#8221;, pois mesmo com fundamentos s\u00f3lidos, tem rachaduras. Foi o que afirmou em s\u00edntese o Papa Francisco este domingo, na alocu\u00e7\u00e3o que precede a ora\u00e7\u00e3o do Angelus.<\/p>\n<p>Inspirando-se no Evangelho do dia (Mt 16, 13-20), que \u201ctraz uma passagem-chave no caminho de Jesus com os seus disc\u00edpulos\u201d, o Papa falou da averigua\u00e7\u00e3o que Jesus faz com seus disc\u00edpulos sobre quem ele \u00e9 para eles, que s\u00e3o seus seguidores mais pr\u00f3ximos, que \u201cest\u00e3o com ele todos os dias e o conhecem\u201d, esperando naturalmente uma resposta diferente daquela manifestada pela opini\u00e3o p\u00fablica, que o considerava um profeta.<\/p>\n<p>E a resposta vem de Sim\u00e3o Pedro, que o professa como \u201co Cristo, o Filho do Deus vivo\u201d: \u201cSim\u00e3o Pedro encontra em seus l\u00e1bios palavras que s\u00e3o maiores do que ele, palavras que n\u00e3o vem de suas capacidades naturais. Talvez ele n\u00e3o tenha feito a escola fundamental, e \u00e9 capaz de dizer estas palavras, mais fortes do que ele! Mas s\u00e3o inspiradas pelo Pai celeste, que revela ao primeiro do Doze a verdadeira identidade de Jesus\u201d.<\/p>\n<p>Assim, o Mestre descobre que \u201cgra\u00e7as \u00e0 f\u00e9 dada pelo Pai, existe um fundamento s\u00f3lido sobre o qual se pode construir a sua comunidade, a sua Igreja. Por isto diz a Sim\u00e3o: \u201cTu \u00e9s Pedro \u2013 isto \u00e9, rocha \u2013 e sobre esta pedra edificarei a minha Igreja\u201d: \u201cTamb\u00e9m conosco, hoje, Jesus quer continuar a construir a sua Igreja, esta casa com alicerces s\u00f3lidos, mas onde n\u00e3o faltam rachaduras, e que tem cont\u00ednua necessidade de ser reparada. Sempre. A Igreja sempre tem necessidade de ser reformada, reparada\u201d.<\/p>\n<p>Mas nos sentimos pedras pequenas e n\u00e3o rochas \u2013 observou o Papa, acrescentando: \u201cTodavia, nenhuma pedra pequena \u00e9 in\u00fatil, antes pelo contr\u00e1rio, nas m\u00e3os de Jesus a menor pedra se torna preciosa, porque Ele a recolhe, a guarda com grande ternura, a trabalha com o seu Esp\u00edrito, e a coloca no seu lugar certo, que Ele desde sempre pensou e onde pode ser mais \u00fatil para toda a constru\u00e7\u00e3o. Cada um de n\u00f3s \u00e9 uma pequena pedra, mas nas m\u00e3os de Jesus participa da constru\u00e7\u00e3o da Igreja\u201d.<\/p>\n<p>Assim, como pedras trabalhadas por Jesus, \u201ctodos n\u00f3s, por menores que sejamos, nos tornamos \u201cpedras vivas\u201d, porque quando Jesus pega a sua pedra, a faz sua, a torna viva, cheia de vida, repleta de vida pelo Esp\u00edrito Santo, repleta de vida de seu amor, e assim temos um lugar e uma miss\u00e3o na Igreja: ela \u00e9 comunidade de vida, feita de tantas pedras, todas diferentes, que formam um \u00fanico edif\u00edcio no sinal da fraternidade e da comunh\u00e3o\u201d.<\/p>\n<p>Ao recordar o mart\u00edrio dos Santos Ap\u00f3stolos Pedro e Paulo, o Papa volta ao Evangelho do dia que \u201cnos recorda que Jesus quis para a sua Igreja um centro vis\u00edvel de comunh\u00e3o em Pedro \u2013 tamb\u00e9m ele n\u00e3o \u00e9 uma grande pedra, mas pega por Jesus, torna-se o centro de comunh\u00e3o \u2013 em Pedro e naqueles que o sucederiam na mesma responsabilidade\u201d, os \u201cBispos de Roma\u201d, a cidade onde \u201cPedro e Paulo deram o testemunho de sangue\u201d.<\/p>\n<p>Por fim, o pedido a Maria nossa M\u00e3e, para que \u201cnos sustente e nos acompanhe com a sua intercess\u00e3o, para que realizemos plenamente a unidade e a comunh\u00e3o pela qual Cristo e os Ap\u00f3stolos rezaram e deram a vida\u201d.<\/p>\n<p><strong>MASSACRE EM EM MYANMAR<\/strong><\/p>\n<p>Ap\u00f3s a ora\u00e7\u00e3o do Angelus e antes de saudar os presentes na Pra\u00e7a S\u00e3o Pedro, o Papa Francisco expressou sua proximidade \u00e0s popula\u00e7\u00f5es de Bangladesh, Nepal e \u00cdndia, atingidas por grandes inunda\u00e7\u00f5es nos dias passados, rezando \u201cpelas v\u00edtimas e por todos aqueles que sofrem por causa destas calamidades\u201d.<\/p>\n<p><strong>A seguir, o Papa voltou seu pensamento e ora\u00e7\u00f5es \u00e0 Myanmar:<\/strong><\/p>\n<p>\u201cChegaram tristes not\u00edcias sobre a persegui\u00e7\u00e3o contra a minoria religiosa, os nossos irm\u00e3os Rohingya. Gostaria de expressar toda a minha proximidade a eles, e todos n\u00f3s pedimos ao Senhor para salv\u00e1-los e para suscitar homens e mulheres de boa vontade para ajud\u00e1-los, que deem a eles plenos direitos\u201d.<\/p>\n<p>De fato, no pa\u00eds, em particular no Estado de Rakhine, s\u00e3o cerca de 92 os mortos causados pelas viol\u00eancias que explodiram na \u00faltima sexta-feira e que deixaram sobretudo v\u00edtimas civis.<\/p>\n<p>Nestas \u00faltimas horas, milhares de civis da minoria mu\u00e7ulmana dos Rohingya se aglomeram na fronteira com Bangladesh, em fuga da viol\u00eancia do ex\u00e9rcito.<br \/>\nSegundo um jornalista da Ag\u00eancia France Press que est\u00e1 no local, guardas de fronteira relatam que \u201cdispararam contra mulheres e crian\u00e7as que haviam encontrado abrigo atr\u00e1s das colinas pr\u00f3ximas \u00e0 fronteira, usando morteiros e metralhadoras, sem terem nos avisado\u201d.<\/p>\n<p>No s\u00e1bado, 26, uma Comiss\u00e3o nomeada pelo Governo e guiada pelo ex-Secret\u00e1rio Geral da ONU, Kofi Annan, publicou um relat\u00f3rio sobre o Estado de Rakhine onde vive esta minoria mu\u00e7ulmana, recomendando n\u00e3o somente que se organize para que sejam concedidas a eles a cidadania, mas tamb\u00e9m que sejam implementadas medidas que promovam o desenvolvimento econ\u00f4mico e a justi\u00e7a social.<\/p>\n<p>Myanmar passa por uma grave crise. Nem mesmo a posse no governo da Pr\u00eamio Nobel Aung San Suu Kyi, em mar\u00e7o de 2016, ap\u00f3s 49 anos de ditadura militar, trouxe o fim dos conflitos e a persegui\u00e7\u00e3o contra a minoria Rohingya.<\/p>\n<p>Este povo &#8211; formado por 1 milh\u00e3o de pessoas entre os 54 milh\u00f5es de habitantes do pa\u00eds, com 90% de budistas \u2013 \u00e9 muito discriminado. Eles s\u00e3o privados de cidadania e de direitos fundamentais por uma lei aprovada em 1982.<\/p>\n<p>N\u00e3o sendo considerados como pertencentes a nenhum dos 35 grupos \u00e9tnicos oficialmente reconhecidos, s\u00e3o impedidos de votar. A bem da verdade, eles formam uma \u201ccasta\u201d invis\u00edvel de refugiados internos, que n\u00e3o t\u00eam acesso ao mundo do trabalho e somente um acesso parcial \u00e0 sa\u00fade.<\/p>\n<p>Em 2016 ao menos 72.000 Rohingya fugiram para Bangladesh, mas ningu\u00e9m quer acolher estas embarca\u00e7\u00f5es cheias de desesperados e se fala at\u00e9 mesmo de uma ilha onde confin\u00e1-los.<\/p>\n<p>Ao final da Audi\u00eancia Geral de 8 de fevereiro o Papa Francisco j\u00e1 havia lan\u00e7ado um apelo em favor deles: \u201cEu gostaria de rezar com voc\u00eas, hoje , de modo especial pelos nossos irm\u00e3os e irm\u00e3s Rohingya: expulsos de Myanmar, v\u00e3o de um lugar a outro porque n\u00e3o os querem, ningu\u00e9m os quer. \u00c9 gente boa, gente pac\u00edfica. N\u00e3o s\u00e3o crist\u00e3os, s\u00e3o bons, s\u00e3o irm\u00e3os e irm\u00e3s nossos! H\u00e1 anos sofrem. Foram torturados, mortos, simplesmente porque levam em frente as suas tradi\u00e7\u00f5es, a sua f\u00e9 mu\u00e7ulmana\u201d.<\/p>\n<p>Para a Secret\u00e1ria Geral das rela\u00e7\u00f5es It\u00e1lia-Myanmar, Cecilia Brighi, a Igreja tem um papel important\u00edssimo para a constru\u00e7\u00e3o do di\u00e1logo nesta regi\u00e3o.\u00a0Em um relat\u00f3rio publicado recentemente pelo Escrit\u00f3rio dos Direitos Humanos das Na\u00e7\u00f5es Unidas, cerca de 220 testemunhos relataram \u201cassassinatos de crian\u00e7as, mulheres e idosos, estupros e viol\u00eancias sexuais sistem\u00e1ticas em grande escala, destrui\u00e7\u00e3o intencional de alimentos e fontes de sustento\u201d, o que leva a crer em \u201climpeza \u00e9tnica\u201d.<\/p>\n<p>Os abusos contra os Rohingya tiveram origem nos 50 anos de uma ditadura militar, que sempre reprimiu as minorias \u00e9tnicas budistas e mu\u00e7ulmanas para atingir os seus objetivos, entre os quais a explora\u00e7\u00e3o das riquezas naturais.<\/p>\n<hr \/>\n<p><em>Fonte: R\u00e1dio Vaticano<\/em><\/p>\n","protected":false},"excerpt":{"rendered":"<p>Angelus<\/p>\n","protected":false},"author":1,"featured_media":233926,"comment_status":"open","ping_status":"open","sticky":false,"template":"","format":"standard","meta":[],"categories":[1428],"tags":[403],"acf":[],"yoast_head":"<!-- This site is optimized with the Yoast SEO plugin v19.2 - https:\/\/yoast.com\/wordpress\/plugins\/seo\/ -->\n<title>Igreja sempre tem necessidade de ser reformada - Not\u00edcias - Franciscanos<\/title>\n<meta name=\"robots\" content=\"index, follow, max-snippet:-1, max-image-preview:large, max-video-preview:-1\" \/>\n<link rel=\"canonical\" href=\"https:\/\/franciscanos.org.br\/noticias\/igreja-sempre-tem-necessidade-de-ser-reformada.html\" \/>\n<meta property=\"og:locale\" content=\"pt_BR\" \/>\n<meta property=\"og:type\" content=\"article\" \/>\n<meta property=\"og:title\" content=\"Igreja sempre tem necessidade de ser reformada - Not\u00edcias - Franciscanos\" \/>\n<meta property=\"og:description\" content=\"Angelus\" \/>\n<meta property=\"og:url\" content=\"https:\/\/franciscanos.org.br\/noticias\/igreja-sempre-tem-necessidade-de-ser-reformada.html\" \/>\n<meta property=\"og:site_name\" content=\"Not\u00edcias - Franciscanos\" \/>\n<meta property=\"article:published_time\" content=\"2017-08-27T17:12:57+00:00\" \/>\n<meta property=\"article:modified_time\" content=\"2021-08-29T13:29:01+00:00\" \/>\n<meta property=\"og:image\" content=\"https:\/\/franciscanos.org.br\/noticias\/wp-content\/uploads\/2021\/08\/angelus_290821d.jpg\" \/>\n\t<meta property=\"og:image:width\" content=\"800\" \/>\n\t<meta property=\"og:image:height\" content=\"550\" \/>\n\t<meta property=\"og:image:type\" content=\"image\/jpeg\" \/>\n<meta name=\"author\" content=\"admin\" \/>\n<meta name=\"twitter:card\" content=\"summary_large_image\" \/>\n<meta name=\"twitter:label1\" content=\"Escrito por\" \/>\n\t<meta name=\"twitter:data1\" content=\"admin\" \/>\n\t<meta name=\"twitter:label2\" content=\"Est. tempo de leitura\" \/>\n\t<meta name=\"twitter:data2\" content=\"6 minutos\" \/>\n<script type=\"application\/ld+json\" class=\"yoast-schema-graph\">{\"@context\":\"https:\/\/schema.org\",\"@graph\":[{\"@type\":\"WebSite\",\"@id\":\"https:\/\/franciscanos.org.br\/noticias\/#website\",\"url\":\"https:\/\/franciscanos.org.br\/noticias\/\",\"name\":\"Not\u00edcias - Franciscanos\",\"description\":\"Prov\u00edncia Franciscana da Imaculada Concei\u00e7\u00e3o do Brasil - Ordem dos Frades Menores - OFM\",\"potentialAction\":[{\"@type\":\"SearchAction\",\"target\":{\"@type\":\"EntryPoint\",\"urlTemplate\":\"https:\/\/franciscanos.org.br\/noticias\/?s={search_term_string}\"},\"query-input\":\"required name=search_term_string\"}],\"inLanguage\":\"pt-BR\"},{\"@type\":\"ImageObject\",\"inLanguage\":\"pt-BR\",\"@id\":\"https:\/\/franciscanos.org.br\/noticias\/igreja-sempre-tem-necessidade-de-ser-reformada.html#primaryimage\",\"url\":\"https:\/\/franciscanos.org.br\/noticias\/wp-content\/uploads\/2021\/08\/angelus_290821d.jpg\",\"contentUrl\":\"https:\/\/franciscanos.org.br\/noticias\/wp-content\/uploads\/2021\/08\/angelus_290821d.jpg\",\"width\":800,\"height\":550},{\"@type\":\"WebPage\",\"@id\":\"https:\/\/franciscanos.org.br\/noticias\/igreja-sempre-tem-necessidade-de-ser-reformada.html#webpage\",\"url\":\"https:\/\/franciscanos.org.br\/noticias\/igreja-sempre-tem-necessidade-de-ser-reformada.html\",\"name\":\"Igreja sempre tem necessidade de ser reformada - Not\u00edcias - Franciscanos\",\"isPartOf\":{\"@id\":\"https:\/\/franciscanos.org.br\/noticias\/#website\"},\"primaryImageOfPage\":{\"@id\":\"https:\/\/franciscanos.org.br\/noticias\/igreja-sempre-tem-necessidade-de-ser-reformada.html#primaryimage\"},\"datePublished\":\"2017-08-27T17:12:57+00:00\",\"dateModified\":\"2021-08-29T13:29:01+00:00\",\"author\":{\"@id\":\"https:\/\/franciscanos.org.br\/noticias\/#\/schema\/person\/b38fbf43118f02820bd932f2e4b14ad3\"},\"breadcrumb\":{\"@id\":\"https:\/\/franciscanos.org.br\/noticias\/igreja-sempre-tem-necessidade-de-ser-reformada.html#breadcrumb\"},\"inLanguage\":\"pt-BR\",\"potentialAction\":[{\"@type\":\"ReadAction\",\"target\":[\"https:\/\/franciscanos.org.br\/noticias\/igreja-sempre-tem-necessidade-de-ser-reformada.html\"]}]},{\"@type\":\"BreadcrumbList\",\"@id\":\"https:\/\/franciscanos.org.br\/noticias\/igreja-sempre-tem-necessidade-de-ser-reformada.html#breadcrumb\",\"itemListElement\":[{\"@type\":\"ListItem\",\"position\":1,\"name\":\"Home\",\"item\":\"https:\/\/franciscanos.org.br\/noticias\"},{\"@type\":\"ListItem\",\"position\":2,\"name\":\"Igreja sempre tem necessidade de ser reformada\"}]},{\"@type\":\"Person\",\"@id\":\"https:\/\/franciscanos.org.br\/noticias\/#\/schema\/person\/b38fbf43118f02820bd932f2e4b14ad3\",\"name\":\"admin\",\"image\":{\"@type\":\"ImageObject\",\"inLanguage\":\"pt-BR\",\"@id\":\"https:\/\/franciscanos.org.br\/noticias\/#\/schema\/person\/image\/\",\"url\":\"https:\/\/secure.gravatar.com\/avatar\/e8495742d34d0ba6448ea1c628263b3e?s=96&d=mm&r=g\",\"contentUrl\":\"https:\/\/secure.gravatar.com\/avatar\/e8495742d34d0ba6448ea1c628263b3e?s=96&d=mm&r=g\",\"caption\":\"admin\"},\"url\":\"https:\/\/franciscanos.org.br\/noticias\/author\/admin\"}]}<\/script>\n<!-- \/ Yoast SEO plugin. -->","yoast_head_json":{"title":"Igreja sempre tem necessidade de ser reformada - Not\u00edcias - Franciscanos","robots":{"index":"index","follow":"follow","max-snippet":"max-snippet:-1","max-image-preview":"max-image-preview:large","max-video-preview":"max-video-preview:-1"},"canonical":"https:\/\/franciscanos.org.br\/noticias\/igreja-sempre-tem-necessidade-de-ser-reformada.html","og_locale":"pt_BR","og_type":"article","og_title":"Igreja sempre tem necessidade de ser reformada - Not\u00edcias - Franciscanos","og_description":"Angelus","og_url":"https:\/\/franciscanos.org.br\/noticias\/igreja-sempre-tem-necessidade-de-ser-reformada.html","og_site_name":"Not\u00edcias - Franciscanos","article_published_time":"2017-08-27T17:12:57+00:00","article_modified_time":"2021-08-29T13:29:01+00:00","og_image":[{"width":800,"height":550,"url":"https:\/\/franciscanos.org.br\/noticias\/wp-content\/uploads\/2021\/08\/angelus_290821d.jpg","type":"image\/jpeg"}],"author":"admin","twitter_card":"summary_large_image","twitter_misc":{"Escrito por":"admin","Est. tempo de leitura":"6 minutos"},"schema":{"@context":"https:\/\/schema.org","@graph":[{"@type":"WebSite","@id":"https:\/\/franciscanos.org.br\/noticias\/#website","url":"https:\/\/franciscanos.org.br\/noticias\/","name":"Not\u00edcias - Franciscanos","description":"Prov\u00edncia Franciscana da Imaculada Concei\u00e7\u00e3o do Brasil - Ordem dos Frades Menores - OFM","potentialAction":[{"@type":"SearchAction","target":{"@type":"EntryPoint","urlTemplate":"https:\/\/franciscanos.org.br\/noticias\/?s={search_term_string}"},"query-input":"required name=search_term_string"}],"inLanguage":"pt-BR"},{"@type":"ImageObject","inLanguage":"pt-BR","@id":"https:\/\/franciscanos.org.br\/noticias\/igreja-sempre-tem-necessidade-de-ser-reformada.html#primaryimage","url":"https:\/\/franciscanos.org.br\/noticias\/wp-content\/uploads\/2021\/08\/angelus_290821d.jpg","contentUrl":"https:\/\/franciscanos.org.br\/noticias\/wp-content\/uploads\/2021\/08\/angelus_290821d.jpg","width":800,"height":550},{"@type":"WebPage","@id":"https:\/\/franciscanos.org.br\/noticias\/igreja-sempre-tem-necessidade-de-ser-reformada.html#webpage","url":"https:\/\/franciscanos.org.br\/noticias\/igreja-sempre-tem-necessidade-de-ser-reformada.html","name":"Igreja sempre tem necessidade de ser reformada - Not\u00edcias - Franciscanos","isPartOf":{"@id":"https:\/\/franciscanos.org.br\/noticias\/#website"},"primaryImageOfPage":{"@id":"https:\/\/franciscanos.org.br\/noticias\/igreja-sempre-tem-necessidade-de-ser-reformada.html#primaryimage"},"datePublished":"2017-08-27T17:12:57+00:00","dateModified":"2021-08-29T13:29:01+00:00","author":{"@id":"https:\/\/franciscanos.org.br\/noticias\/#\/schema\/person\/b38fbf43118f02820bd932f2e4b14ad3"},"breadcrumb":{"@id":"https:\/\/franciscanos.org.br\/noticias\/igreja-sempre-tem-necessidade-de-ser-reformada.html#breadcrumb"},"inLanguage":"pt-BR","potentialAction":[{"@type":"ReadAction","target":["https:\/\/franciscanos.org.br\/noticias\/igreja-sempre-tem-necessidade-de-ser-reformada.html"]}]},{"@type":"BreadcrumbList","@id":"https:\/\/franciscanos.org.br\/noticias\/igreja-sempre-tem-necessidade-de-ser-reformada.html#breadcrumb","itemListElement":[{"@type":"ListItem","position":1,"name":"Home","item":"https:\/\/franciscanos.org.br\/noticias"},{"@type":"ListItem","position":2,"name":"Igreja sempre tem necessidade de ser reformada"}]},{"@type":"Person","@id":"https:\/\/franciscanos.org.br\/noticias\/#\/schema\/person\/b38fbf43118f02820bd932f2e4b14ad3","name":"admin","image":{"@type":"ImageObject","inLanguage":"pt-BR","@id":"https:\/\/franciscanos.org.br\/noticias\/#\/schema\/person\/image\/","url":"https:\/\/secure.gravatar.com\/avatar\/e8495742d34d0ba6448ea1c628263b3e?s=96&d=mm&r=g","contentUrl":"https:\/\/secure.gravatar.com\/avatar\/e8495742d34d0ba6448ea1c628263b3e?s=96&d=mm&r=g","caption":"admin"},"url":"https:\/\/franciscanos.org.br\/noticias\/author\/admin"}]}},"_links":{"self":[{"href":"https:\/\/franciscanos.org.br\/noticias\/wp-json\/wp\/v2\/posts\/139574"}],"collection":[{"href":"https:\/\/franciscanos.org.br\/noticias\/wp-json\/wp\/v2\/posts"}],"about":[{"href":"https:\/\/franciscanos.org.br\/noticias\/wp-json\/wp\/v2\/types\/post"}],"author":[{"embeddable":true,"href":"https:\/\/franciscanos.org.br\/noticias\/wp-json\/wp\/v2\/users\/1"}],"replies":[{"embeddable":true,"href":"https:\/\/franciscanos.org.br\/noticias\/wp-json\/wp\/v2\/comments?post=139574"}],"version-history":[{"count":2,"href":"https:\/\/franciscanos.org.br\/noticias\/wp-json\/wp\/v2\/posts\/139574\/revisions"}],"predecessor-version":[{"id":233954,"href":"https:\/\/franciscanos.org.br\/noticias\/wp-json\/wp\/v2\/posts\/139574\/revisions\/233954"}],"wp:featuredmedia":[{"embeddable":true,"href":"https:\/\/franciscanos.org.br\/noticias\/wp-json\/wp\/v2\/media\/233926"}],"wp:attachment":[{"href":"https:\/\/franciscanos.org.br\/noticias\/wp-json\/wp\/v2\/media?parent=139574"}],"wp:term":[{"taxonomy":"category","embeddable":true,"href":"https:\/\/franciscanos.org.br\/noticias\/wp-json\/wp\/v2\/categories?post=139574"},{"taxonomy":"post_tag","embeddable":true,"href":"https:\/\/franciscanos.org.br\/noticias\/wp-json\/wp\/v2\/tags?post=139574"}],"curies":[{"name":"wp","href":"https:\/\/api.w.org\/{rel}","templated":true}]}}