{"id":139227,"date":"2017-08-15T08:38:06","date_gmt":"2017-08-15T11:38:06","guid":{"rendered":"http:\/\/franciscanos.org.br\/?p=139227"},"modified":"2020-06-08T18:43:02","modified_gmt":"2020-06-08T21:43:02","slug":"a-humildade-e-como-um-vazio-que-deixa-espaco-para-deus","status":"publish","type":"post","link":"https:\/\/franciscanos.org.br\/noticias\/a-humildade-e-como-um-vazio-que-deixa-espaco-para-deus.html","title":{"rendered":"&#8220;A humildade \u00e9 como um vazio que deixa espa\u00e7o para Deus&#8221;"},"content":{"rendered":"<p><img loading=\"lazy\" src=\"http:\/\/franciscanos.org.br\/wp-content\/uploads\/2017\/08\/francisco_150817.jpg\" alt=\"francisco_150817\" width=\"830\" height=\"469\" \/><\/p>\n<p><strong>Cidade do Vaticano<\/strong> &#8211; \u201cTrazendo Jesus, Nossa Senhora traz tamb\u00e9m a n\u00f3s uma nova alegria, cheia de significado; nos traz uma nova capacidade de atravessar com f\u00e9 os momentos mais dolorosos e dif\u00edceis\u201d.\u00a0Falando aos milhares de fi\u00e9is presentes na Pra\u00e7a S\u00e3o Pedro para o Angelus na Solenidade da Assun\u00e7\u00e3o, o Papa Francisco recordou que devemos pedir a Maria para nossas fam\u00edlias e comunidades aquele \u201cdom imenso\u201d, \u201ca gra\u00e7a que \u00e9 Jesus Cristo\u201d. [A Igreja no Brasil celebrar\u00e1 essa solenidade no domingo seguinte, neste ano, dia 20 de agosto].<\/p>\n<p>A narrativa de Lucas da visita de Maria \u00e0 sua prima Isabel inspirou a reflex\u00e3o do Papa, que precede a ora\u00e7\u00e3o do Angelus.<\/p>\n<p>Francisco recordou que \u201cna casa de Isabel e de seu marido Zacarias, onde antes reinava a tristeza pela falta de filhos, agora existe a alegria de uma crian\u00e7a que chega, uma crian\u00e7a que se tornar\u00e1 o grande Jo\u00e3o Batista, precursor do Messias\u201d. E completou: \u201cE quando chega Maria, a alegria transborda e explode nos cora\u00e7\u00f5es, porque a presen\u00e7a invis\u00edvel mas real de Jesus preenche tudo com um sentido: a vida, a fam\u00edlia, a salva\u00e7\u00e3o do povo, tudo!\u201d<\/p>\n<p>\u201cE esta alegria plena \u2013 explica o Santo Padre \u2013 se expressa com a voz de Maria na ora\u00e7\u00e3o estupenda\u201d do Magnificat: \u201c\u00c9 o canto de louvor a Deus que opera grandes coisas por meio das pessoas humildes, desconhecidas para o mundo, como \u00e9 a pr\u00f3pria Maria, como \u00e9 o seu esposo Jos\u00e9, e como \u00e9 tamb\u00e9m o local onde vivem, Nazar\u00e9. As grandes coisas que Deus fez com as pessoas humildes! As grandes coisas que o Senhor faz no mundo com os humildes, porque a humildade \u00e9 como um vazio, que deixa espa\u00e7o para Deus. O humilde \u00e9 poderoso, n\u00e3o porque \u00e9 forte. E esta \u00e9 a grandeza do humilde, da humildade.\u201d<\/p>\n<p>\u201cGostaria de perguntar a voc\u00eas, e tamb\u00e9m a mim &#8211; completou Francisco. Mas n\u00e3o se responde em voz alta, cada um responde no cora\u00e7\u00e3o. Como est\u00e1 a minha humildade?\u201d<\/p>\n<p>\u201cO Magnificat \u2013 disse o Papa \u2013 canta o Deus misericordioso e fiel que cumpre o seu plano de salva\u00e7\u00e3o com os pequenos e os pobres, com aqueles que t\u00eam f\u00e9 n\u2019Ele, que confiam na sua palavra como Maria\u201d.<\/p>\n<p>\u201cA vinda de Jesus naquela casa por meio de Maria \u2013 sublinhou Francisco \u2013 criou n\u00e3o somente um clima de alegria e de comunh\u00e3o fraterna, mas tamb\u00e9m um clima de f\u00e9 que leva \u00e0 esperan\u00e7a, \u00e0 ora\u00e7\u00e3o, ao louvor\u201d: \u201cTudo isto n\u00f3s gostar\u00edamos que acontecesse hoje em nossas casas. Celebrando Maria Sant\u00edssima Assunta ao C\u00e9u, gostar\u00edamos que ela, mais uma vez, trouxesse a n\u00f3s, a nossas fam\u00edlias, \u00e0s nossas comunidades, o dom imenso, a gra\u00e7a \u00fanica que devemos sempre pedir por primeiro e acima das outras gra\u00e7as que tamb\u00e9m est\u00e3o no cora\u00e7\u00e3o: a gra\u00e7a que \u00e9 Jesus Cristo\u201d.<\/p>\n<p>\u201cTrazendo Jesus \u2013 acrescentou o Pont\u00edfice \u2013 Nossa Senhora traz tamb\u00e9m a n\u00f3s uma alegria nova, cheia de significado\u201d: \u201cNos traz uma nova capacidade de atravessar com f\u00e9 os momentos mais dolorosos e dif\u00edceis; nos traz a capacidade de miseric\u00f3rdia para perdoar-nos, compreender-nos, apoiarmo-nos uns aos outros\u201d.<\/p>\n<p>\u201cMaria \u2013 disse o Papa ao concluir sua reflex\u00e3o \u2013 \u00e9 modelo de virtude e de f\u00e9\u201d, \u201cagrade\u00e7amos a ela porque sempre nos precede na peregrina\u00e7\u00e3o da vida e da f\u00e9\u201d, pedindo que \u201cnos proteja e nos sustente\u201d. \u201cQue possamos ter uma f\u00e9 forte, alegre e misericordiosa, que nos ajude a sermos santos, para nos encontrarmos com ela um dia no Para\u00edso\u201d.<\/p>\n<p><strong>PAPA CONFIA A MARIA DORES DAS POPULA\u00c7\u00d5ES<\/strong><\/p>\n<p>Ap\u00f3s rezar o Angelus na Solenidade da Assun\u00e7\u00e3o na Pra\u00e7a S\u00e3o Pedro, o Papa Francisco confiou a Maria \u201cas ansiedades e as dores das popula\u00e7\u00f5es que em tantas partes do mundo sofrem por causa das calamidades naturais, de tens\u00f5es sociais ou de conflitos. Que a nossa M\u00e3e Celeste \u2013 pediu o Papa &#8211; obtenha para todos consola\u00e7\u00e3o e um futuro de serenidade e de conc\u00f3rdia!\u201d.<\/p>\n<p>De fato, em diversas partes do mundo popula\u00e7\u00f5es inteiras vivem o flagelo das inunda\u00e7\u00f5es e trag\u00e9dias naturais. Na China e na \u00cdndia os mortos s\u00e3o mais de cem. O mal tempo tamb\u00e9m provocou v\u00edtimas nas Filipinas.<\/p>\n<p>Mas em especial a capital de Serra Leoa, Freetown, foi atingida na noite de segunda-feira por uma torrente de \u00e1gua e lama que provocou a morte de 300 pessoas, entre elas 60 crian\u00e7as. As fortes chuvas que atingiram aquele Pa\u00eds da \u00c1frica Ocidental literalmente derrubaram a colina da capital, engolindo as casas e os seus habitantes.<\/p>\n<p>As inunda\u00e7\u00f5es s\u00e3o apenas uma das chagas que afligem a Serra Leoa: em 2014 o Pa\u00eds foi um dos mais atingidos pelo v\u00edrus Ebola na \u00c1frica Ocidental, e que custou a vida a mais de quatro mil pessoas. Um desastre que ajudou a afundar uma economia entre as mais fr\u00e1geis do mundo, onde cerca de sessenta por cento da popula\u00e7\u00e3o vive abaixo da linha de pobreza, segundo as estimativas das Na\u00e7\u00f5es Unidas.<\/p>\n<hr \/>\n<p><em>Fonte: R\u00e1dio Vaticano<\/em><\/p>\n","protected":false},"excerpt":{"rendered":"<p>Angelus<\/p>\n","protected":false},"author":1,"featured_media":201231,"comment_status":"open","ping_status":"open","sticky":false,"template":"","format":"standard","meta":[],"categories":[1428],"tags":[403],"acf":[],"yoast_head":"<!-- This site is optimized with the Yoast SEO plugin v19.2 - https:\/\/yoast.com\/wordpress\/plugins\/seo\/ -->\n<title>&quot;A humildade \u00e9 como um vazio que deixa espa\u00e7o para Deus&quot; - Not\u00edcias - Franciscanos<\/title>\n<meta name=\"robots\" content=\"index, follow, max-snippet:-1, max-image-preview:large, max-video-preview:-1\" \/>\n<link rel=\"canonical\" href=\"https:\/\/franciscanos.org.br\/noticias\/a-humildade-e-como-um-vazio-que-deixa-espaco-para-deus.html\" \/>\n<meta property=\"og:locale\" content=\"pt_BR\" \/>\n<meta property=\"og:type\" content=\"article\" \/>\n<meta property=\"og:title\" content=\"&quot;A humildade \u00e9 como um vazio que deixa espa\u00e7o para Deus&quot; - Not\u00edcias - Franciscanos\" \/>\n<meta property=\"og:description\" content=\"Angelus\" \/>\n<meta property=\"og:url\" content=\"https:\/\/franciscanos.org.br\/noticias\/a-humildade-e-como-um-vazio-que-deixa-espaco-para-deus.html\" \/>\n<meta property=\"og:site_name\" content=\"Not\u00edcias - Franciscanos\" \/>\n<meta property=\"article:published_time\" content=\"2017-08-15T11:38:06+00:00\" \/>\n<meta property=\"article:modified_time\" content=\"2020-06-08T21:43:02+00:00\" \/>\n<meta property=\"og:image\" content=\"https:\/\/franciscanos.org.br\/noticias\/wp-content\/uploads\/2017\/08\/francisco_150817.jpg\" \/>\n\t<meta property=\"og:image:width\" content=\"273\" \/>\n\t<meta property=\"og:image:height\" content=\"181\" \/>\n\t<meta property=\"og:image:type\" content=\"image\/jpeg\" \/>\n<meta name=\"author\" content=\"admin\" \/>\n<meta name=\"twitter:card\" content=\"summary_large_image\" \/>\n<meta name=\"twitter:label1\" content=\"Escrito por\" \/>\n\t<meta name=\"twitter:data1\" content=\"admin\" \/>\n\t<meta name=\"twitter:label2\" content=\"Est. tempo de leitura\" \/>\n\t<meta name=\"twitter:data2\" content=\"4 minutos\" \/>\n<script type=\"application\/ld+json\" class=\"yoast-schema-graph\">{\"@context\":\"https:\/\/schema.org\",\"@graph\":[{\"@type\":\"WebSite\",\"@id\":\"https:\/\/franciscanos.org.br\/noticias\/#website\",\"url\":\"https:\/\/franciscanos.org.br\/noticias\/\",\"name\":\"Not\u00edcias - Franciscanos\",\"description\":\"Prov\u00edncia Franciscana da Imaculada Concei\u00e7\u00e3o do Brasil - Ordem dos Frades Menores - OFM\",\"potentialAction\":[{\"@type\":\"SearchAction\",\"target\":{\"@type\":\"EntryPoint\",\"urlTemplate\":\"https:\/\/franciscanos.org.br\/noticias\/?s={search_term_string}\"},\"query-input\":\"required name=search_term_string\"}],\"inLanguage\":\"pt-BR\"},{\"@type\":\"ImageObject\",\"inLanguage\":\"pt-BR\",\"@id\":\"https:\/\/franciscanos.org.br\/noticias\/a-humildade-e-como-um-vazio-que-deixa-espaco-para-deus.html#primaryimage\",\"url\":\"https:\/\/franciscanos.org.br\/noticias\/wp-content\/uploads\/2017\/08\/francisco_150817.jpg\",\"contentUrl\":\"https:\/\/franciscanos.org.br\/noticias\/wp-content\/uploads\/2017\/08\/francisco_150817.jpg\",\"width\":273,\"height\":181},{\"@type\":\"WebPage\",\"@id\":\"https:\/\/franciscanos.org.br\/noticias\/a-humildade-e-como-um-vazio-que-deixa-espaco-para-deus.html#webpage\",\"url\":\"https:\/\/franciscanos.org.br\/noticias\/a-humildade-e-como-um-vazio-que-deixa-espaco-para-deus.html\",\"name\":\"\\\"A humildade \u00e9 como um vazio que deixa espa\u00e7o para Deus\\\" - Not\u00edcias - Franciscanos\",\"isPartOf\":{\"@id\":\"https:\/\/franciscanos.org.br\/noticias\/#website\"},\"primaryImageOfPage\":{\"@id\":\"https:\/\/franciscanos.org.br\/noticias\/a-humildade-e-como-um-vazio-que-deixa-espaco-para-deus.html#primaryimage\"},\"datePublished\":\"2017-08-15T11:38:06+00:00\",\"dateModified\":\"2020-06-08T21:43:02+00:00\",\"author\":{\"@id\":\"https:\/\/franciscanos.org.br\/noticias\/#\/schema\/person\/b38fbf43118f02820bd932f2e4b14ad3\"},\"breadcrumb\":{\"@id\":\"https:\/\/franciscanos.org.br\/noticias\/a-humildade-e-como-um-vazio-que-deixa-espaco-para-deus.html#breadcrumb\"},\"inLanguage\":\"pt-BR\",\"potentialAction\":[{\"@type\":\"ReadAction\",\"target\":[\"https:\/\/franciscanos.org.br\/noticias\/a-humildade-e-como-um-vazio-que-deixa-espaco-para-deus.html\"]}]},{\"@type\":\"BreadcrumbList\",\"@id\":\"https:\/\/franciscanos.org.br\/noticias\/a-humildade-e-como-um-vazio-que-deixa-espaco-para-deus.html#breadcrumb\",\"itemListElement\":[{\"@type\":\"ListItem\",\"position\":1,\"name\":\"Home\",\"item\":\"https:\/\/franciscanos.org.br\/noticias\"},{\"@type\":\"ListItem\",\"position\":2,\"name\":\"&#8220;A humildade \u00e9 como um vazio que deixa espa\u00e7o para Deus&#8221;\"}]},{\"@type\":\"Person\",\"@id\":\"https:\/\/franciscanos.org.br\/noticias\/#\/schema\/person\/b38fbf43118f02820bd932f2e4b14ad3\",\"name\":\"admin\",\"image\":{\"@type\":\"ImageObject\",\"inLanguage\":\"pt-BR\",\"@id\":\"https:\/\/franciscanos.org.br\/noticias\/#\/schema\/person\/image\/\",\"url\":\"https:\/\/secure.gravatar.com\/avatar\/e8495742d34d0ba6448ea1c628263b3e?s=96&d=mm&r=g\",\"contentUrl\":\"https:\/\/secure.gravatar.com\/avatar\/e8495742d34d0ba6448ea1c628263b3e?s=96&d=mm&r=g\",\"caption\":\"admin\"},\"url\":\"https:\/\/franciscanos.org.br\/noticias\/author\/admin\"}]}<\/script>\n<!-- \/ Yoast SEO plugin. -->","yoast_head_json":{"title":"\"A humildade \u00e9 como um vazio que deixa espa\u00e7o para Deus\" - Not\u00edcias - Franciscanos","robots":{"index":"index","follow":"follow","max-snippet":"max-snippet:-1","max-image-preview":"max-image-preview:large","max-video-preview":"max-video-preview:-1"},"canonical":"https:\/\/franciscanos.org.br\/noticias\/a-humildade-e-como-um-vazio-que-deixa-espaco-para-deus.html","og_locale":"pt_BR","og_type":"article","og_title":"\"A humildade \u00e9 como um vazio que deixa espa\u00e7o para Deus\" - Not\u00edcias - Franciscanos","og_description":"Angelus","og_url":"https:\/\/franciscanos.org.br\/noticias\/a-humildade-e-como-um-vazio-que-deixa-espaco-para-deus.html","og_site_name":"Not\u00edcias - Franciscanos","article_published_time":"2017-08-15T11:38:06+00:00","article_modified_time":"2020-06-08T21:43:02+00:00","og_image":[{"width":273,"height":181,"url":"https:\/\/franciscanos.org.br\/noticias\/wp-content\/uploads\/2017\/08\/francisco_150817.jpg","type":"image\/jpeg"}],"author":"admin","twitter_card":"summary_large_image","twitter_misc":{"Escrito por":"admin","Est. tempo de leitura":"4 minutos"},"schema":{"@context":"https:\/\/schema.org","@graph":[{"@type":"WebSite","@id":"https:\/\/franciscanos.org.br\/noticias\/#website","url":"https:\/\/franciscanos.org.br\/noticias\/","name":"Not\u00edcias - Franciscanos","description":"Prov\u00edncia Franciscana da Imaculada Concei\u00e7\u00e3o do Brasil - Ordem dos Frades Menores - OFM","potentialAction":[{"@type":"SearchAction","target":{"@type":"EntryPoint","urlTemplate":"https:\/\/franciscanos.org.br\/noticias\/?s={search_term_string}"},"query-input":"required name=search_term_string"}],"inLanguage":"pt-BR"},{"@type":"ImageObject","inLanguage":"pt-BR","@id":"https:\/\/franciscanos.org.br\/noticias\/a-humildade-e-como-um-vazio-que-deixa-espaco-para-deus.html#primaryimage","url":"https:\/\/franciscanos.org.br\/noticias\/wp-content\/uploads\/2017\/08\/francisco_150817.jpg","contentUrl":"https:\/\/franciscanos.org.br\/noticias\/wp-content\/uploads\/2017\/08\/francisco_150817.jpg","width":273,"height":181},{"@type":"WebPage","@id":"https:\/\/franciscanos.org.br\/noticias\/a-humildade-e-como-um-vazio-que-deixa-espaco-para-deus.html#webpage","url":"https:\/\/franciscanos.org.br\/noticias\/a-humildade-e-como-um-vazio-que-deixa-espaco-para-deus.html","name":"\"A humildade \u00e9 como um vazio que deixa espa\u00e7o para Deus\" - Not\u00edcias - Franciscanos","isPartOf":{"@id":"https:\/\/franciscanos.org.br\/noticias\/#website"},"primaryImageOfPage":{"@id":"https:\/\/franciscanos.org.br\/noticias\/a-humildade-e-como-um-vazio-que-deixa-espaco-para-deus.html#primaryimage"},"datePublished":"2017-08-15T11:38:06+00:00","dateModified":"2020-06-08T21:43:02+00:00","author":{"@id":"https:\/\/franciscanos.org.br\/noticias\/#\/schema\/person\/b38fbf43118f02820bd932f2e4b14ad3"},"breadcrumb":{"@id":"https:\/\/franciscanos.org.br\/noticias\/a-humildade-e-como-um-vazio-que-deixa-espaco-para-deus.html#breadcrumb"},"inLanguage":"pt-BR","potentialAction":[{"@type":"ReadAction","target":["https:\/\/franciscanos.org.br\/noticias\/a-humildade-e-como-um-vazio-que-deixa-espaco-para-deus.html"]}]},{"@type":"BreadcrumbList","@id":"https:\/\/franciscanos.org.br\/noticias\/a-humildade-e-como-um-vazio-que-deixa-espaco-para-deus.html#breadcrumb","itemListElement":[{"@type":"ListItem","position":1,"name":"Home","item":"https:\/\/franciscanos.org.br\/noticias"},{"@type":"ListItem","position":2,"name":"&#8220;A humildade \u00e9 como um vazio que deixa espa\u00e7o para Deus&#8221;"}]},{"@type":"Person","@id":"https:\/\/franciscanos.org.br\/noticias\/#\/schema\/person\/b38fbf43118f02820bd932f2e4b14ad3","name":"admin","image":{"@type":"ImageObject","inLanguage":"pt-BR","@id":"https:\/\/franciscanos.org.br\/noticias\/#\/schema\/person\/image\/","url":"https:\/\/secure.gravatar.com\/avatar\/e8495742d34d0ba6448ea1c628263b3e?s=96&d=mm&r=g","contentUrl":"https:\/\/secure.gravatar.com\/avatar\/e8495742d34d0ba6448ea1c628263b3e?s=96&d=mm&r=g","caption":"admin"},"url":"https:\/\/franciscanos.org.br\/noticias\/author\/admin"}]}},"_links":{"self":[{"href":"https:\/\/franciscanos.org.br\/noticias\/wp-json\/wp\/v2\/posts\/139227"}],"collection":[{"href":"https:\/\/franciscanos.org.br\/noticias\/wp-json\/wp\/v2\/posts"}],"about":[{"href":"https:\/\/franciscanos.org.br\/noticias\/wp-json\/wp\/v2\/types\/post"}],"author":[{"embeddable":true,"href":"https:\/\/franciscanos.org.br\/noticias\/wp-json\/wp\/v2\/users\/1"}],"replies":[{"embeddable":true,"href":"https:\/\/franciscanos.org.br\/noticias\/wp-json\/wp\/v2\/comments?post=139227"}],"version-history":[{"count":1,"href":"https:\/\/franciscanos.org.br\/noticias\/wp-json\/wp\/v2\/posts\/139227\/revisions"}],"predecessor-version":[{"id":225274,"href":"https:\/\/franciscanos.org.br\/noticias\/wp-json\/wp\/v2\/posts\/139227\/revisions\/225274"}],"wp:featuredmedia":[{"embeddable":true,"href":"https:\/\/franciscanos.org.br\/noticias\/wp-json\/wp\/v2\/media\/201231"}],"wp:attachment":[{"href":"https:\/\/franciscanos.org.br\/noticias\/wp-json\/wp\/v2\/media?parent=139227"}],"wp:term":[{"taxonomy":"category","embeddable":true,"href":"https:\/\/franciscanos.org.br\/noticias\/wp-json\/wp\/v2\/categories?post=139227"},{"taxonomy":"post_tag","embeddable":true,"href":"https:\/\/franciscanos.org.br\/noticias\/wp-json\/wp\/v2\/tags?post=139227"}],"curies":[{"name":"wp","href":"https:\/\/api.w.org\/{rel}","templated":true}]}}