{"id":139109,"date":"2017-08-10T12:45:50","date_gmt":"2017-08-10T15:45:50","guid":{"rendered":"http:\/\/franciscanos.org.br\/?p=139109"},"modified":"2019-01-18T15:09:48","modified_gmt":"2019-01-18T17:09:48","slug":"lancamentos-da-semana-30","status":"publish","type":"post","link":"https:\/\/franciscanos.org.br\/noticias\/lancamentos-da-semana-30.html","title":{"rendered":"Lan\u00e7amentos da semana"},"content":{"rendered":"<h3><strong><a href=\"http:\/\/franciscanos.org.br\/wp-content\/uploads\/2017\/08\/o-divino.jpg\"><img loading=\"lazy\" class=\"alignleft size-full wp-image-139115\" src=\"http:\/\/franciscanos.org.br\/wp-content\/uploads\/2017\/08\/o-divino.jpg\" alt=\"o-divino\" width=\"200\" height=\"307\" \/><\/a>O divino em n\u00f3s<\/strong><\/h3>\n<p><strong>Anselm GR\u00dcN <\/strong>e<strong> Leonardo BOFF<\/strong><\/p>\n<p>Nesta obra, Anselm Gr\u00fcn e Leonardo Boff se inserem na rica tradi\u00e7\u00e3o de pensar a rela\u00e7\u00e3o do ser humano com a totalidade a partir da ideia do divino que tudo perpassa: o divino em n\u00f3s!<\/p>\n<p>A palavra \u201cdivino\u201d nos remete \u00e0 rela\u00e7\u00e3o com uma divindade. Quando algu\u00e9m se relaciona com algo divino ultrapassa seus pr\u00f3prios limites, relacionando-se com algo que \u00e9 muito maior que si. Para os autores a quest\u00e3o central \u00e9 como pode o humano sentir-se nesta unidade do divino em n\u00f3s. E cada autor toma este desafio a partir de um ponto de vista distinto.<\/p>\n<p>Anselm Gr\u00fcn ir\u00e1 falar a partir da presen\u00e7a do divino sentida como for\u00e7a no mais \u00edntimo do ser humano: como for\u00e7a que unifica, que cura, que faz o humano amar e transcender as solid\u00f5es.<\/p>\n<p>J\u00e1 o te\u00f3logo Leonardo Boff ir\u00e1 falar a partir da presen\u00e7a do divino no universo: como for\u00e7a criadora que a tudo gera, que tudo interliga, que tudo relaciona e tudo sustenta. O divino se mostra presente em cada part\u00edcula que forma o universo e como energia, faz tudo sempre brotar de novo.<\/p>\n<p style=\"padding-left: 30px;\"><em>Autor reconhecido no mundo inteiro por seus in\u00fameros livros publicados em mais de 28 l\u00ednguas, o monge beneditino<\/em> <strong>Anselm Gr\u00fcn<\/strong><em>, da Abadia de M\u00fcnsterschwarzach (Alemanha), une a capacidade \u00edmpar de falar de coisas profundas com simplicidade e expressar com palavras aquilo que as pessoas experimentam em seu cora\u00e7\u00e3o. Procurado como palestrante e conselheiro na Alemanha e no estrangeiro, tornou-se \u00edcone da espiritualidade e mestre do autoconhecimento em nossos dias. Tem dezenas de obras publicadas no Brasil.<\/em><\/p>\n<p style=\"padding-left: 30px;\"><strong>Leonardo Boff<\/strong><em>, 1938, doutorou-se em Munique em teologia sistem\u00e1tica. Foi professor de teologia por 22 anos no Instituo Teol\u00f3gico Franciscano de Petr\u00f3polis, posteriormente doutorou-se em filosofia na UERJ e foi professor de \u00c9tica, Filosofia da Religi\u00e3o e Ecologia Filos\u00f3fica na Universidade do Rio de Janeiro. Foi professor visitante em v\u00e1rias universidades europeias. Foi editor religioso por muitos anos da Editora Vozes e coordenou a publica\u00e7\u00e3o da obra completa de C.G.Jung.\u00a0 \u00c9 portador do pr\u00eamio Nobel alternativo da Paz de 2001 pelo Parlamento sueco. \u00c9 detentor de v\u00e1rios t\u00edtulos de doutorado honoris causa de distintas Universidades. Escreveu cerca de cem livros nas \u00e1reas da teologia, da filosofia, da espiritualidade e da ecologia. \u00a0<\/em><\/p>\n<p><strong>N\u00ba DE P\u00c1GINAS:<\/strong><strong>: 168<\/strong><\/p>\n<p>&nbsp;<\/p>\n<h3><strong><a href=\"http:\/\/franciscanos.org.br\/wp-content\/uploads\/2017\/08\/passagens.jpg\"><img loading=\"lazy\" class=\"alignleft size-full wp-image-139116\" src=\"http:\/\/franciscanos.org.br\/wp-content\/uploads\/2017\/08\/passagens.jpg\" alt=\"passagens\" width=\"200\" height=\"307\" \/><\/a>Passagens intrigantes da B\u00edblia<br \/>\n<\/strong><strong>Entender espiritualmente<\/strong><\/h3>\n<p><strong>Anselm Gr\u00fcn<\/strong><\/p>\n<p>A B\u00edblia constitui parte integrante do cristianismo. S\u00f3 que sua leitura nem sempre \u00e9 f\u00e1cil. Existem, tanto no Antigo como no Novo testamentos, passagens obscuras e dif\u00edceis, provocantes mesmo, que nos incomodam ou contradizem aquilo que julgamos ser propriamente o essencial.<\/p>\n<p>Anselm Gr\u00fcn interpreta essas passagens b\u00edblicas com uma abordagem muito pessoal, buscando entender seu significado espiritual. Seu lema \u00e9 o de Santo Agostinho: \u201cEnquanto fores teu pr\u00f3prio inimigo, tamb\u00e9m a palavra de Deus ser\u00e1 tua inimiga. S\u00ea amigo de ti mesmo, e ent\u00e3o a palavra de Deus estar\u00e1 em sintonia contigo.\u201c Ele torna os textos \u201cdif\u00edceis\u201c em considera\u00e7\u00e3o sob diversos aspectos e mostra que o objetivo da B\u00edblia \u00e9 sempre fazer-nos abrir os olhos e considerar a vida como Deus a concebe. \u00c9 a introdu\u00e7\u00e3o para um entendimento aprofundado da B\u00edblia, uma introdu\u00e7\u00e3o um tanto diferente e empolgante.<\/p>\n<p style=\"padding-left: 30px;\"><strong>Anselm Gr\u00fcn OSB<\/strong><em>,<\/em><em> doutor em teologia, nascido em 1945<strong>, <\/strong>vive na Abadia de M\u00fcnsterschwarzach e \u00e9 guia de medita\u00e7\u00e3o. Seus livros s\u00e3o divulgados pelo mundo inteiro, chegando a milh\u00f5es de c\u00f3pias vendidas. H\u00e1 d\u00e9cadas vem se dedicando a refletir e escrever sobre as quest\u00f5es fundamentais da vida, das rela\u00e7\u00f5es humanas, dos desafios que nos convidam a amadurecer e abrir nossa alma para encontrar sua verdadeira natureza e perceber Deus nas coisas aparentemente simples. Inspira-se na tradi\u00e7\u00e3o mon\u00e1stica e crist\u00e3, e recorre tamb\u00e9m \u00e0 psicologia e \u00e0s demais ci\u00eancias para ajudar as pessoas a compreender melhor sua vida e diminuir a complexidade dos problemas que a vida moderna nos imp\u00f5e enfrentar. Tem a habilidade de falar com clareza, e expressar aquilo que muitos n\u00e3o conseguem formular em palavras. \u00c9 autor de dezenas de obras publicadas no Brasil pela Editora Vozes.<\/em><\/p>\n<p><strong>N\u00ba DE P\u00c1GINAS: 192<\/strong><\/p>\n<p>&nbsp;<\/p>\n<h3><strong><a href=\"http:\/\/franciscanos.org.br\/wp-content\/uploads\/2017\/08\/os-fundamentos.jpg\"><img loading=\"lazy\" class=\"alignleft size-full wp-image-139117\" src=\"http:\/\/franciscanos.org.br\/wp-content\/uploads\/2017\/08\/os-fundamentos.jpg\" alt=\"os-fundamentos\" width=\"200\" height=\"282\" \/><\/a>Os fundamentos da psicologia anal\u00edtica<br \/>\n<\/strong><strong>S\u00e9rie Manuais Acad\u00eamicos<\/strong><\/h3>\n<p><strong>C.G. Jung<\/strong><\/p>\n<p>Em 1935, o Prof. C.G. Jung, na \u00e9poca com sessenta anos de idade, proferiu na cl\u00ednica Tavistock cinco confer\u00eancias para mais ou menos duzentos m\u00e9dicos. As confer\u00eancias e os debates a seguir foram datilografados e divulgados em c\u00f3pias mimeografadas por Mary Barker e Margaret Game. E agora trazemos ao leitor esta vers\u00e3o publicada em livro.<\/p>\n<p>A consci\u00eancia \u00e9 como uma superf\u00edcie ou pel\u00edcula cobrindo a vasta \u00e1rea inconsciente, cuja extens\u00e3o \u00e9 desconhecida. Quando dizemos \u2018inconsciente\u2019 o que queremos sugerir \u00e9 uma ideia a respeito de alguma coisa, mas o que conseguimos \u00e9 apenas exprimir nossa ignor\u00e2ncia a respeito de sua natureza.<\/p>\n<p>H\u00e1 apenas provas indiretas sobre a exist\u00eancia de uma esfera mental de ordem subliminar. Temos muito pouca justifica\u00e7\u00e3o cient\u00edfica que prove em \u00faltima inst\u00e2ncia sua exist\u00eancia. A partir dos produtos advindos do inconsciente podemos tirar determinadas conclus\u00f5es quanto a sua poss\u00edvel exist\u00eancia. Entretanto, todo cuidado ser\u00e1 pouco para n\u00e3o cairmos num antropomorfismo exagerado, pois os fatos, em sua realidade, podem ser bastante diferentes da imagem que a nossa consci\u00eancia forma deles.<\/p>\n<p style=\"padding-left: 30px;\"><strong>C.G. Jung<\/strong><em> nasceu em Kesswil, Su\u00ed\u00e7a, em 1875. Formou-se em Medicina em 1900, na Universidade da Basileia. Foi assistente e depois colaborador de EugenBleulerna Cl\u00ednica Psiqui\u00e1trica de Zurique. Foi colaborador pr\u00f3ximo de Sigmund Freud, de quem afastou-se anos mais tarde. Teve uma brilhante carreira intelectual em cujos escritos se revela a grandeza de um dos mais influentes pensadores do s\u00e9culo XX. Jung morreuem 1961, nacidade de K\u00fcsnacht, aos 85 anos<\/em><\/p>\n<p><strong>N\u00ba DE P\u00c1GINAS: 144<\/strong><\/p>\n<p>&nbsp;<\/p>\n<h3><strong><a href=\"http:\/\/franciscanos.org.br\/wp-content\/uploads\/2017\/08\/a-arte.jpg\"><img loading=\"lazy\" class=\"alignleft size-full wp-image-139118\" src=\"http:\/\/franciscanos.org.br\/wp-content\/uploads\/2017\/08\/a-arte.jpg\" alt=\"a-arte\" width=\"200\" height=\"314\" \/><\/a>A Arte de Viver a Vida<\/strong><\/h3>\n<p><strong>Pierre Weil<\/strong><\/p>\n<p>\u201cA Arte de Viver a Vida\u201d \u00e9 um caminho vivo e criativo de cultivar a experi\u00eancia interior em busca de um estado de paz e de felicidade. Para Pierre Weil, isto nunca se tratou de uma busca exterior \u2013 como equivocadamente a maioria das pessoas aprende a fazer na vida social. Para ele, trata-se de despertar um estado que j\u00e1 existe dentro do ser humano. Ao descobrir esta realidade, Pierre \ufb01nalmente teve o sentimento profundo de pertencimento ao mundo, ao Todo, ao Cosmo e da interconex\u00e3o perene de tudo e de todos!<\/p>\n<p>Para chegar a esta realidade, Pierre Weil percorreu muitos caminhos, aliando a sua experi\u00eancia acad\u00eamica rigorosa de cientista com a abertura respeitosa e curiosa \u00e0s mais diferentes tradi\u00e7\u00f5es religiosas, \u00e0s mais variadas formas de express\u00e3o da espiritualidade humana. Procurou in\u00fameros Mestres, fez psican\u00e1lise, psicoterapia, yoga, medita\u00e7\u00e3o. Bebeu da fonte da ci\u00eancia ocidental e da tradicional sabedoria tibetana. Como fruto da sua revolu\u00e7\u00e3o silenciosa, ofereceu a pr\u00f3pria vida como um testemunho que permanece vivo. Criou semin\u00e1rios com ferramentas simples, profundas, impactantes e generosas, para que outras pessoas pudessem tamb\u00e9m experimentar, cada uma \u00e0 sua maneira, tempo e ritmo, a transforma\u00e7\u00e3o que ele mesmo viveu atrav\u00e9s da reconex\u00e3o com este estado de paz interior, que nos alimenta e transforma.<\/p>\n<p>O leitor encontrar\u00e1, nesta obra, a oportunidade de ouvir a maestria com a qual Pierre se expressava aos aprendizes que, junto com ele, ao longo dos anos, ajudaram a aperfei\u00e7oar o caminho de viver a vida da melhor forma, de viver a vida com arte.<\/p>\n<p style=\"padding-left: 30px;\"><strong>Pierre Weil<\/strong><em> nasceu em Estrasburgo, na Fran\u00e7a, em 16 de abril de 1924. Em 18 de julho de 1948 ele chegou ao Brasil, a sua p\u00e1tria de escolha, onde viveu e desenvolveu a sua fecunda obra consagrada \u00e0 Paz, at\u00e9 a sua partida da exist\u00eancia, em 10 de outubro de 2008. Foi co-fundador da UNIPAZ- Universidade Hol\u00edstica Internacional, da qual foi Reitor de 1987 at\u00e9 o momento da sua passagem. Foi tamb\u00e9m Presidente da Funda\u00e7\u00e3o Cidade da Paz, em Bras\u00edlia. Falava e escrevia com \ufb02u\u00eancia em L\u00edngua Portuguesa, e neste idioma publicou quase 50 livros, cujas tem\u00e1ticas s\u00e3o a paz, a transcend\u00eancia e a espiritualidade.Conta com mais de 30 livros editados em v\u00e1rios idiomas. Estudou diversas tradi\u00e7\u00f5es espirituais, recebeu forma\u00e7\u00e3o com mestres do Tibet, em um retiro de 3 anos, 3 meses e 3 dias e foi um grande pioneiro do movimento transpessoal, no Brasil e na Europa.Foi agraciado com o T\u00edtulo de Professor Em\u00e9rito da Universidade Federal de Minas Gerais, em 1994;Cidad\u00e3o Honor\u00e1rio de Bras\u00edlia, em 1998; recebeu o Pr\u00eamio UNESCO de Educa\u00e7\u00e3o para a Paz em 2002 e o Pr\u00eamio VERDE DAS AM\u00c9RICAS em 2002. Em 2003, foi indicado ao Pr\u00eamio NOBEL da PAZ.<\/em><\/p>\n<p><strong>N\u00ba DE P\u00c1GINAS:<\/strong><strong>: 240<\/strong><\/p>\n<p>&nbsp;<\/p>\n<h3><strong><a href=\"http:\/\/franciscanos.org.br\/wp-content\/uploads\/2017\/08\/psicologia.jpg\"><img loading=\"lazy\" class=\"alignleft size-full wp-image-139119\" src=\"http:\/\/franciscanos.org.br\/wp-content\/uploads\/2017\/08\/psicologia.jpg\" alt=\"psicologia\" width=\"200\" height=\"318\" \/><\/a>Psicologia e desenvolvimento humano<\/strong><\/h3>\n<p><strong>Em\u00e9rico Arnaldo de Quadros<\/strong><\/p>\n<p>Este livro tem a proposta de trabalhar os v\u00e1rios aspectos do desenvolvimento humano dentro das muitas leituras que a psicologia prop\u00f5e. Inicialmente trabalha a inf\u00e2ncia e adolesc\u00eancia no tempo atual, no qual as rela\u00e7\u00f5es s\u00e3o r\u00e1pidas e pautadas pela tecnologia. Em seguida, a vis\u00e3o que se tem sobre a terceira idade e as perspectivas de Freud e a Psicanalise, Piaget, Vygotsky e, por ultimo, o behaviorismo.<\/p>\n<p>Em um primeiro momento esta obra leva em considera\u00e7\u00e3o a Psicologia e sua hist\u00f3ria; em um segundo tempo, a inf\u00e2ncia no momento atual do s\u00e9culo XXI, que passa por uma s\u00e9rie de transforma\u00e7\u00f5es sob o prisma p\u00f3s-moderno. A adolesc\u00eancia e suas crises e transforma\u00e7\u00f5es aparecem o terceiro capitulo; j\u00e1 o envelhecimento como processo que implica em varias dimens\u00f5es do ser humano \u2013 seus aspectos f\u00edsicos, cognitivos, afetivos e sociais \u2013 \u00e9 trabalhado em seguida, buscando ampliar a vis\u00e3o do leitor quanto \u00e0 velhice e sua valoriza\u00e7\u00e3o.<\/p>\n<p>Em seguida s\u00e3o trabalhados o desenvolvimento humano para a Psican\u00e1lise, a vis\u00e3o de Piaget sobre o desenvolvimento, bem como as hip\u00f3teses vygostkyanas da aprendizagem, e por \u00faltimo a perspectiva behaviorista do ser humano.<\/p>\n<p style=\"padding-left: 30px;\"><strong>Em\u00e9rico Arnaldo de Quadros<\/strong><em>, <\/em><em>Psic\u00f3logo formado pela UEL e mestre em Psicologia Cl\u00ednica com \u00eanfase em Psicanalise pela UTP, doutor pela PUC Campinas na \u00e1rea de Psicologia Profiss\u00e3o e Ci\u00eancia. Professor efetivo Adjunto da Universidade Estadual do Paran\u00e1 (UNESPAR) campus Paranagu\u00e1. Tem experi\u00eancia em Psicologia Clinica. L\u00edder do grupo de pesquisas: Psicologia e Educa\u00e7\u00e3o: Implica\u00e7\u00f5es no processo de ensino.<\/em><\/p>\n<p><strong>N\u00ba DE P\u00c1GINAS: 184<\/strong><\/p>\n<p>&nbsp;<\/p>\n<h3><strong><a href=\"http:\/\/franciscanos.org.br\/wp-content\/uploads\/2017\/08\/teoria.jpg\"><img loading=\"lazy\" class=\"alignleft size-full wp-image-139120\" src=\"http:\/\/franciscanos.org.br\/wp-content\/uploads\/2017\/08\/teoria.jpg\" alt=\"teoria\" width=\"200\" height=\"275\" \/><\/a>Teoria Social<br \/>\n<\/strong><strong>Vinte li\u00e7\u00f5es introdut\u00f3rias<\/strong><\/h3>\n<p><strong>Hans Joas <\/strong>e<strong> Wolfgang Kn\u00f6bl<\/strong><\/p>\n<p>A teoria social \u00e9 o n\u00facleo te\u00f3rico das ci\u00eancias sociais, e distingue-se claramente da teoria pol\u00edtica e an\u00e1lise cultural. Este livro oferece uma vis\u00e3o singular do desenvolvimento da teoria social a partir do final da Segunda Guerra Mundial, em 1945, at\u00e9 os dias atuais.<\/p>\n<p>Abrangendo a literatura em ingl\u00eas, franc\u00eas e alem\u00e3o, ele fornece uma excelente base para os mais importantes te\u00f3ricos sociais e teorias do pensamento sociol\u00f3gico contempor\u00e2neo, com resumos precisos dos principais livros, argumentos e controv\u00e9rsias. Ele tamb\u00e9m lida com a emerg\u00eancia de novas escolas, desde a escolha racional at\u00e9 o interacionismo simb\u00f3lico, com as novas abordagens ambiciosas (Habermas, Luhmann, Giddens, Bourdieu), o estruturalismo e antiestruturalismo, revis\u00f5es cr\u00edticas da teoria da moderniza\u00e7\u00e3o, com o feminismo e com o neopragmatismo.<\/p>\n<p>Escrito por dois dos mais importantes soci\u00f3logos do mundo e com base em sua extensa experi\u00eancia no ensino acad\u00eamico, este trabalho inigual\u00e1vel \u00e9 ideal tanto para estudantes em ci\u00eancias sociais e humanas como para qualquer pessoa interessada nos debates te\u00f3ricos contempor\u00e2neos.<\/p>\n<p style=\"padding-left: 30px;\"><strong>Hans Joas <\/strong><em>\u00e9 Professor e Diretor do Centro Max Weber para Estudos Culturais Sociais Avan\u00e7ados da Universidade de Erfurt. Ele tamb\u00e9m \u00e9 professor de Sociologia e membro do Comit\u00ea de Pensamento Social na Universidade de Chicago.<br \/>\n<\/em><strong>Wolfgang Kn\u00f6bl<\/strong><em> \u00e9 professor de Sociologia na Universidade de G\u00f6ttingen.<\/em><\/p>\n<p><strong>N\u00ba DE P\u00c1GINAS:<\/strong><strong>: 656<\/strong><\/p>\n<p>&nbsp;<\/p>\n<h3><strong><a href=\"http:\/\/franciscanos.org.br\/wp-content\/uploads\/2017\/08\/as-hipoteses.jpg\"><img loading=\"lazy\" class=\"alignleft size-full wp-image-139121\" src=\"http:\/\/franciscanos.org.br\/wp-content\/uploads\/2017\/08\/as-hipoteses.jpg\" alt=\"as-hipoteses\" width=\"200\" height=\"347\" \/><\/a>As hip\u00f3teses nas ci\u00eancias humanas<br \/>\n<\/strong><strong>Aspectos metodol\u00f3gicos<\/strong><\/h3>\n<p><strong>Jos\u00e9 D\u2019Assun\u00e7\u00e3o Barros<\/strong><\/p>\n<p>O uso de hip\u00f3teses tem se mostrado fundamental para a produ\u00e7\u00e3o de conhecimento cient\u00edfico. De certa forma, s\u00e3o elas que permitem uma liga\u00e7\u00e3o mais efetiva entre a Teoria e a Metodologia. Quando pensamos hip\u00f3teses diante de um problema que se apresenta, seja na vida cotidiana ou no mundo da ci\u00eancia, damos o primeiro passo para a busca de solu\u00e7\u00f5es e explica\u00e7\u00f5es. Por isto, desde cedo o estudante de qualquer \u00e1rea de saber deve aprender a elaborar hip\u00f3teses, demonstr\u00e1-las atrav\u00e9s de argumenta\u00e7\u00e3o e verifica\u00e7\u00e3o emp\u00edrica, construir a partir delas teorias e interpreta\u00e7\u00f5es da realidade.<\/p>\n<p>Neste livro, ser\u00e1 abordado o uso mais espec\u00edfico de hip\u00f3teses em campos de saber como a Sociologia, Antropologia, Hist\u00f3ria, Geografia, Psicologia, Educa\u00e7\u00e3o, Letras, entre outras \u00e1reas que constituem as chamadas ci\u00eancias humanas.<\/p>\n<p style=\"padding-left: 30px;\"><strong>Jos\u00e9 D\u2019Assun\u00e7\u00e3o Barros<\/strong><em> \u00e9 historiador e professor-adjunto de Hist\u00f3ria na Universidade Federal Rural do Rio de Janeiro (UFRRJ), al\u00e9m de professor-colaborador no Programa de P\u00f3s-Gradua\u00e7\u00e3o em Hist\u00f3ria Comparada da Universidade Federal do Rio de Janeiro (UFRJ). Doutor em Hist\u00f3ria pela Universidade Federal Fluminense (UFF) e graduado em Hist\u00f3ria pela Universidade Federal do Rio de Janeiro (UFRJ), possui ainda gradua\u00e7\u00e3o em M\u00fasica (UFRJ), \u00e1rea \u00e0 qual tamb\u00e9m se dedica ao lado da pesquisa em Hist\u00f3ria. Al\u00e9m de uma centena de artigos publicados, trinta dos quais em revistas internacionais, publicou diversos livros dedicados \u00e0 pesquisa historiogr\u00e1fica, \u00e0 teoria da hist\u00f3ria e aos grandes temas de interesse dos estudiosos da \u00e1rea.<\/em><\/p>\n<p><strong>N\u00ba DE P\u00c1GINAS: 80<\/strong><\/p>\n<p><strong>\u00a0<\/strong><\/p>\n","protected":false},"excerpt":{"rendered":"<p>Editora Vozes<\/p>\n","protected":false},"author":1,"featured_media":194592,"comment_status":"open","ping_status":"open","sticky":false,"template":"","format":"standard","meta":[],"categories":[1],"tags":[238],"acf":[],"yoast_head":"<!-- This site is optimized with the Yoast SEO plugin v19.2 - https:\/\/yoast.com\/wordpress\/plugins\/seo\/ -->\n<title>Lan\u00e7amentos da semana - Not\u00edcias - Franciscanos<\/title>\n<meta name=\"robots\" content=\"index, follow, max-snippet:-1, max-image-preview:large, max-video-preview:-1\" \/>\n<link rel=\"canonical\" href=\"https:\/\/franciscanos.org.br\/noticias\/lancamentos-da-semana-30.html\" \/>\n<meta property=\"og:locale\" content=\"pt_BR\" \/>\n<meta property=\"og:type\" content=\"article\" \/>\n<meta property=\"og:title\" content=\"Lan\u00e7amentos da semana - Not\u00edcias - Franciscanos\" \/>\n<meta property=\"og:description\" content=\"Editora Vozes\" \/>\n<meta property=\"og:url\" content=\"https:\/\/franciscanos.org.br\/noticias\/lancamentos-da-semana-30.html\" \/>\n<meta property=\"og:site_name\" content=\"Not\u00edcias - Franciscanos\" \/>\n<meta property=\"article:published_time\" content=\"2017-08-10T15:45:50+00:00\" \/>\n<meta property=\"article:modified_time\" content=\"2019-01-18T17:09:48+00:00\" \/>\n<meta property=\"og:image\" content=\"https:\/\/franciscanos.org.br\/noticias\/wp-content\/uploads\/2017\/11\/vozes.png\" \/>\n\t<meta property=\"og:image:width\" content=\"273\" \/>\n\t<meta property=\"og:image:height\" content=\"181\" \/>\n\t<meta property=\"og:image:type\" content=\"image\/png\" \/>\n<meta name=\"author\" content=\"admin\" \/>\n<meta name=\"twitter:card\" content=\"summary_large_image\" \/>\n<meta name=\"twitter:label1\" content=\"Escrito por\" \/>\n\t<meta name=\"twitter:data1\" content=\"admin\" \/>\n\t<meta name=\"twitter:label2\" content=\"Est. tempo de leitura\" \/>\n\t<meta name=\"twitter:data2\" content=\"12 minutos\" \/>\n<script type=\"application\/ld+json\" class=\"yoast-schema-graph\">{\"@context\":\"https:\/\/schema.org\",\"@graph\":[{\"@type\":\"WebSite\",\"@id\":\"https:\/\/franciscanos.org.br\/noticias\/#website\",\"url\":\"https:\/\/franciscanos.org.br\/noticias\/\",\"name\":\"Not\u00edcias - Franciscanos\",\"description\":\"Prov\u00edncia Franciscana da Imaculada Concei\u00e7\u00e3o do Brasil - Ordem dos Frades Menores - OFM\",\"potentialAction\":[{\"@type\":\"SearchAction\",\"target\":{\"@type\":\"EntryPoint\",\"urlTemplate\":\"https:\/\/franciscanos.org.br\/noticias\/?s={search_term_string}\"},\"query-input\":\"required name=search_term_string\"}],\"inLanguage\":\"pt-BR\"},{\"@type\":\"ImageObject\",\"inLanguage\":\"pt-BR\",\"@id\":\"https:\/\/franciscanos.org.br\/noticias\/lancamentos-da-semana-30.html#primaryimage\",\"url\":\"https:\/\/franciscanos.org.br\/noticias\/wp-content\/uploads\/2017\/11\/vozes.png\",\"contentUrl\":\"https:\/\/franciscanos.org.br\/noticias\/wp-content\/uploads\/2017\/11\/vozes.png\",\"width\":273,\"height\":181},{\"@type\":\"WebPage\",\"@id\":\"https:\/\/franciscanos.org.br\/noticias\/lancamentos-da-semana-30.html#webpage\",\"url\":\"https:\/\/franciscanos.org.br\/noticias\/lancamentos-da-semana-30.html\",\"name\":\"Lan\u00e7amentos da semana - Not\u00edcias - Franciscanos\",\"isPartOf\":{\"@id\":\"https:\/\/franciscanos.org.br\/noticias\/#website\"},\"primaryImageOfPage\":{\"@id\":\"https:\/\/franciscanos.org.br\/noticias\/lancamentos-da-semana-30.html#primaryimage\"},\"datePublished\":\"2017-08-10T15:45:50+00:00\",\"dateModified\":\"2019-01-18T17:09:48+00:00\",\"author\":{\"@id\":\"https:\/\/franciscanos.org.br\/noticias\/#\/schema\/person\/b38fbf43118f02820bd932f2e4b14ad3\"},\"breadcrumb\":{\"@id\":\"https:\/\/franciscanos.org.br\/noticias\/lancamentos-da-semana-30.html#breadcrumb\"},\"inLanguage\":\"pt-BR\",\"potentialAction\":[{\"@type\":\"ReadAction\",\"target\":[\"https:\/\/franciscanos.org.br\/noticias\/lancamentos-da-semana-30.html\"]}]},{\"@type\":\"BreadcrumbList\",\"@id\":\"https:\/\/franciscanos.org.br\/noticias\/lancamentos-da-semana-30.html#breadcrumb\",\"itemListElement\":[{\"@type\":\"ListItem\",\"position\":1,\"name\":\"Home\",\"item\":\"https:\/\/franciscanos.org.br\/noticias\"},{\"@type\":\"ListItem\",\"position\":2,\"name\":\"Lan\u00e7amentos da semana\"}]},{\"@type\":\"Person\",\"@id\":\"https:\/\/franciscanos.org.br\/noticias\/#\/schema\/person\/b38fbf43118f02820bd932f2e4b14ad3\",\"name\":\"admin\",\"image\":{\"@type\":\"ImageObject\",\"inLanguage\":\"pt-BR\",\"@id\":\"https:\/\/franciscanos.org.br\/noticias\/#\/schema\/person\/image\/\",\"url\":\"https:\/\/secure.gravatar.com\/avatar\/e8495742d34d0ba6448ea1c628263b3e?s=96&d=mm&r=g\",\"contentUrl\":\"https:\/\/secure.gravatar.com\/avatar\/e8495742d34d0ba6448ea1c628263b3e?s=96&d=mm&r=g\",\"caption\":\"admin\"},\"url\":\"https:\/\/franciscanos.org.br\/noticias\/author\/admin\"}]}<\/script>\n<!-- \/ Yoast SEO plugin. -->","yoast_head_json":{"title":"Lan\u00e7amentos da semana - Not\u00edcias - Franciscanos","robots":{"index":"index","follow":"follow","max-snippet":"max-snippet:-1","max-image-preview":"max-image-preview:large","max-video-preview":"max-video-preview:-1"},"canonical":"https:\/\/franciscanos.org.br\/noticias\/lancamentos-da-semana-30.html","og_locale":"pt_BR","og_type":"article","og_title":"Lan\u00e7amentos da semana - Not\u00edcias - Franciscanos","og_description":"Editora Vozes","og_url":"https:\/\/franciscanos.org.br\/noticias\/lancamentos-da-semana-30.html","og_site_name":"Not\u00edcias - Franciscanos","article_published_time":"2017-08-10T15:45:50+00:00","article_modified_time":"2019-01-18T17:09:48+00:00","og_image":[{"width":273,"height":181,"url":"https:\/\/franciscanos.org.br\/noticias\/wp-content\/uploads\/2017\/11\/vozes.png","type":"image\/png"}],"author":"admin","twitter_card":"summary_large_image","twitter_misc":{"Escrito por":"admin","Est. tempo de leitura":"12 minutos"},"schema":{"@context":"https:\/\/schema.org","@graph":[{"@type":"WebSite","@id":"https:\/\/franciscanos.org.br\/noticias\/#website","url":"https:\/\/franciscanos.org.br\/noticias\/","name":"Not\u00edcias - Franciscanos","description":"Prov\u00edncia Franciscana da Imaculada Concei\u00e7\u00e3o do Brasil - Ordem dos Frades Menores - OFM","potentialAction":[{"@type":"SearchAction","target":{"@type":"EntryPoint","urlTemplate":"https:\/\/franciscanos.org.br\/noticias\/?s={search_term_string}"},"query-input":"required name=search_term_string"}],"inLanguage":"pt-BR"},{"@type":"ImageObject","inLanguage":"pt-BR","@id":"https:\/\/franciscanos.org.br\/noticias\/lancamentos-da-semana-30.html#primaryimage","url":"https:\/\/franciscanos.org.br\/noticias\/wp-content\/uploads\/2017\/11\/vozes.png","contentUrl":"https:\/\/franciscanos.org.br\/noticias\/wp-content\/uploads\/2017\/11\/vozes.png","width":273,"height":181},{"@type":"WebPage","@id":"https:\/\/franciscanos.org.br\/noticias\/lancamentos-da-semana-30.html#webpage","url":"https:\/\/franciscanos.org.br\/noticias\/lancamentos-da-semana-30.html","name":"Lan\u00e7amentos da semana - Not\u00edcias - Franciscanos","isPartOf":{"@id":"https:\/\/franciscanos.org.br\/noticias\/#website"},"primaryImageOfPage":{"@id":"https:\/\/franciscanos.org.br\/noticias\/lancamentos-da-semana-30.html#primaryimage"},"datePublished":"2017-08-10T15:45:50+00:00","dateModified":"2019-01-18T17:09:48+00:00","author":{"@id":"https:\/\/franciscanos.org.br\/noticias\/#\/schema\/person\/b38fbf43118f02820bd932f2e4b14ad3"},"breadcrumb":{"@id":"https:\/\/franciscanos.org.br\/noticias\/lancamentos-da-semana-30.html#breadcrumb"},"inLanguage":"pt-BR","potentialAction":[{"@type":"ReadAction","target":["https:\/\/franciscanos.org.br\/noticias\/lancamentos-da-semana-30.html"]}]},{"@type":"BreadcrumbList","@id":"https:\/\/franciscanos.org.br\/noticias\/lancamentos-da-semana-30.html#breadcrumb","itemListElement":[{"@type":"ListItem","position":1,"name":"Home","item":"https:\/\/franciscanos.org.br\/noticias"},{"@type":"ListItem","position":2,"name":"Lan\u00e7amentos da semana"}]},{"@type":"Person","@id":"https:\/\/franciscanos.org.br\/noticias\/#\/schema\/person\/b38fbf43118f02820bd932f2e4b14ad3","name":"admin","image":{"@type":"ImageObject","inLanguage":"pt-BR","@id":"https:\/\/franciscanos.org.br\/noticias\/#\/schema\/person\/image\/","url":"https:\/\/secure.gravatar.com\/avatar\/e8495742d34d0ba6448ea1c628263b3e?s=96&d=mm&r=g","contentUrl":"https:\/\/secure.gravatar.com\/avatar\/e8495742d34d0ba6448ea1c628263b3e?s=96&d=mm&r=g","caption":"admin"},"url":"https:\/\/franciscanos.org.br\/noticias\/author\/admin"}]}},"_links":{"self":[{"href":"https:\/\/franciscanos.org.br\/noticias\/wp-json\/wp\/v2\/posts\/139109"}],"collection":[{"href":"https:\/\/franciscanos.org.br\/noticias\/wp-json\/wp\/v2\/posts"}],"about":[{"href":"https:\/\/franciscanos.org.br\/noticias\/wp-json\/wp\/v2\/types\/post"}],"author":[{"embeddable":true,"href":"https:\/\/franciscanos.org.br\/noticias\/wp-json\/wp\/v2\/users\/1"}],"replies":[{"embeddable":true,"href":"https:\/\/franciscanos.org.br\/noticias\/wp-json\/wp\/v2\/comments?post=139109"}],"version-history":[{"count":0,"href":"https:\/\/franciscanos.org.br\/noticias\/wp-json\/wp\/v2\/posts\/139109\/revisions"}],"wp:featuredmedia":[{"embeddable":true,"href":"https:\/\/franciscanos.org.br\/noticias\/wp-json\/wp\/v2\/media\/194592"}],"wp:attachment":[{"href":"https:\/\/franciscanos.org.br\/noticias\/wp-json\/wp\/v2\/media?parent=139109"}],"wp:term":[{"taxonomy":"category","embeddable":true,"href":"https:\/\/franciscanos.org.br\/noticias\/wp-json\/wp\/v2\/categories?post=139109"},{"taxonomy":"post_tag","embeddable":true,"href":"https:\/\/franciscanos.org.br\/noticias\/wp-json\/wp\/v2\/tags?post=139109"}],"curies":[{"name":"wp","href":"https:\/\/api.w.org\/{rel}","templated":true}]}}