{"id":138854,"date":"2017-08-06T20:51:29","date_gmt":"2017-08-06T23:51:29","guid":{"rendered":"http:\/\/franciscanos.org.br\/?p=138854"},"modified":"2020-06-08T18:46:00","modified_gmt":"2020-06-08T21:46:00","slug":"capitulo-das-esteiras-termina-em-aparecida-com-mensagem-de-indignacao-e-esperanca","status":"publish","type":"post","link":"https:\/\/franciscanos.org.br\/noticias\/capitulo-das-esteiras-termina-em-aparecida-com-mensagem-de-indignacao-e-esperanca.html","title":{"rendered":"Esperan\u00e7a e  indigna\u00e7\u00e3o no encerramento"},"content":{"rendered":"<p><img loading=\"lazy\" src=\"http:\/\/franciscanos.org.br\/wp-content\/uploads\/2017\/08\/ederson_060817_1.jpg\" alt=\"ederson_060817_1\" width=\"830\" height=\"553\" \/><\/p>\n<p><strong>Aparecida (SP)<\/strong> &#8211; A manh\u00e3 deste domingo, 6 de agosto, foi de A\u00e7\u00e3o de Gra\u00e7as no Cap\u00edtulo das Esteiras, que terminou ao meio-dia depois da Celebra\u00e7\u00e3o Eucar\u00edstica.\u00a0Frei \u00c9derson Queiroz, o presidente da CFFB, passou para os capitulares a sua \u00faltima mensagem, carregada de indigna\u00e7\u00e3o pela atual situa\u00e7\u00e3o do pa\u00eds e, ao mesmo tempo, animou os capitulares a n\u00e3o se acomodarem e a terem esperan\u00e7a. Ir. Cleusa Aparecida Neves, vice-presidente da CFFB, fez um resgate hist\u00f3rico do nascimento do Cefepal at\u00e9 a entidade de hoje e o Secret\u00e1rio Nacional da Juventude Franciscana, Washington Lima dos Santos, leu o documento final do encontro.<\/p>\n<p>&#8220;\u00c9 chegado o momento de recolhermos nossas esteiras e as lan\u00e7armos sobre o ch\u00e3o das periferias do mundo, transformando continuamente nossa maneira de Ser, Estar e Consumir em reposta aos apelos do Papa Francisco. A realidade ecol\u00f3gica e s\u00f3cio-pol\u00edtica-econ\u00f4mica do nosso pa\u00eds nos exige compromisso prof\u00e9tico de den\u00fancia e an\u00fancio&#8221;, pede a Carta de Aparecida (veja na \u00edntegra abaixo).<\/p>\n<p><strong>TERRA FRANCISCANA\u00a0<\/strong><\/p>\n<div id=\"attachment_138856\" style=\"width: 460px\" class=\"wp-caption alignright\"><img aria-describedby=\"caption-attachment-138856\" loading=\"lazy\" class=\"wp-image-138856 size-full\" src=\"http:\/\/franciscanos.org.br\/wp-content\/uploads\/2017\/08\/ederson_060817_3.jpg\" alt=\"ederson_060817_3\" width=\"450\" height=\"401\" \/><p id=\"caption-attachment-138856\" class=\"wp-caption-text\">Ir. Cleusa Aparecida Neves, vice-presidente da CFFB<\/p><\/div>\n<p>Frei Ederson n\u00e3o economizou nos agradecimentos e homenagens ao finalizar o Cap\u00edtulo das Esteiras que celebrou os 800 anos do Perd\u00e3o de Assis, o Jubileu de Ouro da CFFB e os 300 anos da imagem de Nossa Senhora Aparecida. &#8220;Que hist\u00f3ria bonita n\u00f3s temos na nossa Conferencia. Quantos e quantos e quantas nos assessoraram nos cursos, revistas, nos retiros, nos encontros de prepara\u00e7\u00e3o para os votos, na anima\u00e7\u00e3o vocacional e receberam apenas a passagem de ida e volta!&#8221;, agradeceu<\/p>\n<p>&#8220;A nossa hist\u00f3ria \u00e9 uma hist\u00f3ria santa. Por isso, como o Senhor pediu a Mois\u00e9s, ele pede a n\u00f3s hoje: tire as sand\u00e1lias para entrar nessa terra. A terra franciscana no Brasil \u00e9 uma terra santa. Tirar as sand\u00e1lias \u00e9 tirar o medo, tirar a ang\u00fastia de que estamos acabando. Tirar as sand\u00e1lias \u00e9 tirar a indiferen\u00e7a com tudo aquilo que diz respeito a nossa vida em fraternidade. Tirar as sand\u00e1lias \u00e9 dispor-se de novo num caminho juntos. Tirar as sand\u00e1lias \u00e9 redescobrir a nossa interdepend\u00eancia. N\u00f3s nos dependemos uns dos outros para viver como fam\u00edlia franciscana do Brasil. Ali\u00e1s, o franciscano, a franciscana,\u00a0 precisa do outro, como nosso pulm\u00e3o precisa do ar, como o peixe precisa da \u00e1gua. N\u00e3o h\u00e1 vida franciscana sem o outro. O outro \u00e9 o grande dom depois que o Senhor me deu irm\u00e3os&#8221;, lembrou o presidente da CFFB.<\/p>\n<p>Na sua homilia, como presidente da Celebra\u00e7\u00e3o Eucar\u00edstica, Frei Ederson refletiu sobre a Transfigura\u00e7\u00e3o do Cristo. &#8220;Meus irm\u00e3os e minhas irm\u00e3s. Este Cap\u00edtulo foi um subir ao Monte Tabor. Sa\u00edmos das nossas baixadas, dos nossos vales, viemos dos campos e das cidades, at\u00e9 da Espanha teve gente que chegou aqui. De carro, de avi\u00e3o, de \u00f4nibus chegamos a Aparecida. E, certamente, quando chegamos aqui, um cansa\u00e7o, n\u00e3o apenas da viagem, mas da viagem que estamos fazendo no tempo e na hist\u00f3ria, nos abateu: cansa\u00e7o dos desencontros, cansa\u00e7o diante de uma decep\u00e7\u00e3o que vai tomando conta da nossa P\u00e1tria, pelos desmandos, pela corrup\u00e7\u00e3o, pela mentira, por tudo isso de nojento e de s\u00f3rdido que est\u00e1 acontecendo debaixo dos nossos olhos; cansa\u00e7o de uma paralisia. Estamos assistindo tudo estupefatos. Perdemos a for\u00e7a de ir para as ruas, de gritar &#8216;basta&#8217;, &#8216;fora&#8217;, sem temer nada e ningu\u00e9m. Chegamos aqui cansados com as desventuras de nossa vida pessoal, da vida de fam\u00edlia, da vida religiosa, do convento, da fraternidade, mas viemos ao Cap\u00edtulo das Esteiras&#8221;, ressaltou o frade capuchinho.<\/p>\n<p>Segundo Frei \u00c9derson, esses dias em Aparecida &#8220;a voz do Pai se fez ouvir&#8221;. &#8220;Pela boca de Frei Vit\u00f3rio, a voz do Pai se fez ouvir; pela boca de Frei Luiz Carlos Susin, a voz do Pai se fez ouvir; pela voz dos testemunhos, pela voz dos irm\u00e3os e irm\u00e3s do Sinfrajupe, a voz do Pai se fez ouvir. E qual a voz do Pai ouvimos neste dia?&#8221;, perguntou.<\/p>\n<p><img loading=\"lazy\" src=\"http:\/\/franciscanos.org.br\/wp-content\/uploads\/2017\/08\/ederson_060817_2.jpg\" alt=\"ederson_060817_2\" width=\"830\" height=\"431\" \/><\/p>\n<p>Ele emendou: &#8220;Fam\u00edlia Franciscana, voc\u00ea \u00e9 meu filho (a) bem amado. \u00c9 esta voz que nos conecta, esta voz que nos integra, esta voz que cura, essa voz que traz um dinamismo, como deu o dinamismo a Jesus no Rio Jord\u00e3o.\u00a0 Quando Jesus ouviu, no Jord\u00e3o, &#8220;tu \u00e9s meu filho bem amado&#8221;, n\u00e3o foi mais poss\u00edvel voltar para Nazar\u00e9. Ele tinha que ser voz do Pai. E toda a vida de Jesus, todo o minist\u00e9rio de Jesus outra coisa n\u00e3o foi sen\u00e3o ser a voz do Pai. Fam\u00edlia Franciscana voc\u00ea \u00e9 filha amada&#8221;, animou, convocando: &#8220;E agora \u00e9 preciso que cada possa fazer ecoar por esse mundo machucado, ofendido, de pobres maltratados e exclu\u00eddos, a voz do Pai; \u00e9 preciso que essa voz do Pai ressoe atrav\u00e9s de n\u00f3s, nos nossos gestos, no olhar, na ternura de um abra\u00e7o, na delicadeza de uma palavra, na proximidade. \u00c9 preciso que o outro descubra-se filho (a) muito amado. Mas para isso Ele nos pede: escute o meu Filho. E Francisco entendeu bem essa l\u00f3gica, por isso n\u00e3o se apartava do Cristo, n\u00e3o se apartava do Evangelho, n\u00e3o se apartava da fraternidade, n\u00e3o se apartava dos pobres, dos leprosos, dos mendigos&#8221;, salientou.<\/p>\n<p>O frade lembrou que o Filho Amado, de transfigurado ser\u00e1 depois desfigurado, ser\u00e1 tomado de todas as dores e desatinos da humanidade e se deixa desfigurar na Cruz para nos transfigurar com a for\u00e7a da ressurrei\u00e7\u00e3o para que n\u00e3o sejamos mais construtores de cruz e nem de realidades que desfiguram. &#8220;Tudo o que me desfigura, e atrav\u00e9s de mim os outros, eu tenho a ver com isso, porque somos filhos da transfigura\u00e7\u00e3o. N\u00e3o somos filhos da desfigura\u00e7\u00e3o. E diante dessa realidade da qual estamos mergulhados, que desfigura, que rompe, que rouba a vida, que mata, n\u00f3s n\u00e3o podemos ficar insens\u00edveis, acomodados e passivamente assistindo. Diante de toda a desfigura\u00e7\u00e3o, n\u00f3s somos disc\u00edpulos e disc\u00edpulas da transfigura\u00e7\u00e3o&#8221;, enfatizou.<\/p>\n<p><img loading=\"lazy\" src=\"http:\/\/franciscanos.org.br\/wp-content\/uploads\/2017\/08\/domingo_0608171.jpg\" alt=\"domingo_060817\" width=\"830\" height=\"553\" \/><\/p>\n<p>&#8221; A festa de hoje \u00e9 a festa da nossa voca\u00e7\u00e3o. A nossa voca\u00e7\u00e3o \u00e9 a gl\u00f3ria, a plenitude em Deus. N\u00e3o h\u00e1 gl\u00f3ria e plenitude aqui porque isso \u00e9 muito pouco e fugaz. A nossa gl\u00f3ria \u00e9 outra. Por isso, no caminho do descimento, no caminho da minoridade, no caminho de mergulhar nas realidades mais profundas da exist\u00eancia, a transfigura\u00e7\u00e3o acontecer\u00e1. \u00c9 chegada a hora de partirmos de Aparecida. De retomarmos o nosso cotidiano e tomara a Deus que o nosso cotidiano nunca mais seja o mesmo depois deste Cap\u00edtulo das Esteiras! Que possamos deixar o cora\u00e7\u00e3o arder e, neste arder, fazer com que o ardor de Deus e por Deus contamine todas as realidades por onde vivemos!&#8221;, desejou.<\/p>\n<p>Frei Gilson Nunes, conselheiro da CFFB, coordenou as equipes de trabalho deste Cap\u00edtulo e as chamou todas para o palco. \u201cGra\u00e7as ao cora\u00e7\u00e3o, ao olhar, a ternura, a maioria nos bastidores, desses irm\u00e3os \u00e9 que o Cap\u00edtulo Nacional das Esteiras foi esse verdadeiro Pentecostes, esse momento de gra\u00e7a. A v\u00f3s,\u00a0 irm\u00e3os e irm\u00e3s, obrigado de cora\u00e7\u00e3o e que n\u00f3s cres\u00e7amos cada vez mais na comunh\u00e3o, na unidade\u201d, agradeceu Frei G\u00edlson.<\/p>\n<p><strong>AGRADECIMENTO \u00c0 PROV\u00cdNCIA DA IMACULADA<\/strong><\/p>\n<p>Frei \u00c9derson fez um agradecimento especial a Frei Fid\u00eancio Vanboemmel, Ministro Provincial da Prov\u00edncia da Imaculada Concei\u00e7\u00e3o. &#8220;S\u00e3o muitas as pessoas que constru\u00edram a nossa hist\u00f3ria nesses 50 anos, mas n\u00f3s quer\u00edamos dizer, de modo especial, a Frei Fid\u00eancio que se a Igreja nos deu S\u00e3o Francisco, a Prov\u00edncia da Imaculada nos deu as Fontes Franciscanas. Todos n\u00f3s, de alguma maneira, somos filhos e filhas da Prov\u00edncia Franciscana da Imaculada Concei\u00e7\u00e3o. Basta olharmos s\u00f3 uma coisa: as publica\u00e7\u00f5es da Fam\u00edlia. L\u00e1 pode ter dois, tr\u00eas, quatro ou cinco nomes de frades da Prov\u00edncia da Imaculada. Ali\u00e1s, o Cefepal foi para Petr\u00f3polis porque l\u00e1 o Instituto Teol\u00f3gico nos deu suporte. Ent\u00e3o, Frei Fid\u00eancio e Frades Menores da Imaculada, a nossa gratid\u00e3o. Frei Fid\u00eancio teve um gesto muito bonito por nossa Confer\u00eancia: em cada estado onde est\u00e1 a Prov\u00edncia dele &#8211; ES, RJ, SP, PR e SC &#8211; nomeou um frade para acompanhar o Regional da Fam\u00edlia Franciscana do Brasil. Esse \u00e9 um gesto de anu\u00eancia, de compromisso, de bem-querer. Muito obrigado, Frei Fid\u00eancio por seu gesto!&#8221;<\/p>\n<p><img loading=\"lazy\" src=\"http:\/\/franciscanos.org.br\/wp-content\/uploads\/2017\/08\/domingo_060817_2.jpg\" alt=\"domingo_060817_2\" width=\"830\" height=\"315\" \/><\/p>\n<p>&nbsp;<\/p>\n<p><strong>\u00cdNTEGRA DO DOCUMENTO FINAL<\/strong><\/p>\n<h3>\u00a0CARTA DE APARECIDA<\/h3>\n<blockquote><p>\u201c Ouvir tanto o clamor da terra como o clamor dos pobres. \u201d LS,49<\/p><\/blockquote>\n<p>A Confer\u00eancia da Fam\u00edlia Franciscana do Brasil, celebrando o Capitulo Nacional das Esteiras, consciente de sua miss\u00e3o de \u201clevar ao mundo a miseric\u00f3rdia de Deus\u201d, dirige-se a todas as pessoas de boa vontade: \u00e0quelas que continuam acreditando em um mundo de justi\u00e7a e fraternidade e \u00e0quelas que, em meio \u00e0s contradi\u00e7\u00f5es e crueldades de nosso tempo, vivem a dor da desilus\u00e3o e da falta de esperan\u00e7a.<\/p>\n<p>As partilhas realizadas nesses dias nos levam a afirmar: vivemos um verdadeiro Pentecostes. Neste sentido, o Cap\u00edtulo nos chamou a um revigoramento do Carisma e nos levou a fazer mem\u00f3ria da heran\u00e7a, da inspira\u00e7\u00e3o origin\u00e1ria que deu in\u00edcio ao movimento franciscano. A experi\u00eancia das esteiras nos leva a retomar nossa voca\u00e7\u00e3o enquanto peregrinos e forasteiros.<\/p>\n<p>As bases nas quais foram constru\u00eddas a nossa hist\u00f3ria est\u00e3o marcadas pelo sangue dos pobres e pequenos, ind\u00edgenas, mulheres e jovens negros, por um extrativismo desmedido e destruidor, por uma economia que exclui a maioria, por destrui\u00e7\u00e3o de povos, culturas e da natureza. \u00c0 luz do nosso carisma, compreendemos que se faz necess\u00e1rio construir um novo horizonte ut\u00f3pico que nos comprometa com a constru\u00e7\u00e3o de um projeto de pa\u00eds com justi\u00e7a e paz em respeito \u00e0 integridade da cria\u00e7\u00e3o.<\/p>\n<p>Somos sens\u00edveis ao grito dos empobrecidos e da M\u00e3e Terra! \u00c9 preciso agir com miseric\u00f3rdia para com eles e, com indigna\u00e7\u00e3o diante desse sistema que exclui, empobrece e maltrata, e convocarmos a todos para se unirem \u00e0 luta que hoje assumimos juntos: participar da reconstru\u00e7\u00e3o da Igreja com o Papa Francisco e reconstruir o Brasil em ru\u00ednas.<\/p>\n<p>\u00c9 chegado o momento de recolhermos nossas esteiras e as lan\u00e7armos sobre o ch\u00e3o das periferias do mundo, transformando continuamente nossa maneira de Ser, Estar e Consumir em reposta aos apelos do Papa Francisco.<\/p>\n<p>A realidade ecol\u00f3gica e s\u00f3cio-pol\u00edtica-econ\u00f4mica do nosso pa\u00eds nos exige compromisso prof\u00e9tico de den\u00fancia e an\u00fancio.\u00a0 Assistimos, tomados de ira sagrada, \u00e0 viola\u00e7\u00e3o dos direitos conquistados, atrav\u00e9s de muitos esfor\u00e7os, empenhos e articula\u00e7\u00e3o pelo povo brasileiro. Por isso, n\u00e3o podemos deixar de nos empenhar junto aos movimentos sociais na luta \u201cpor nenhum direito a menos\u201d, contra golpes, reformas retr\u00f3gadas e abusivas conduzidas por um governo ileg\u00edtimo, um parlamento divorciado dos interesses da popula\u00e7\u00e3o e\u00a0 uma justi\u00e7a que tem se revelado fora dos par\u00e2metros da equidade \u201cque no lugar de fortalecer o papel do Estado para atender \u00e0s necessidade e os direitos do mais fragilizados, favorece os interesses do grande capital\u201d\u00b9.<\/p>\n<p>Dessa Cidade de Aparecida, Nossa Senhora, Padroeira do Brasil, resgatada das \u00e1guas de um rio, hoje polu\u00eddo e degradado, nos faz eleger dentre os diversos apelos um compromisso particular com a Irm\u00e3 \u00c1gua. Deste modo, nos empenharemos na constru\u00e7\u00e3o de um processo de reflex\u00e3o e a\u00e7\u00e3o em defesa da \u00e1gua como bem comum, que se dar\u00e1 atrav\u00e9s da participa\u00e7\u00e3o da fam\u00edlia em jornadas, f\u00f3runs e nas iniciativas de fortalecimento dos trabalhos ligados \u00e0 promo\u00e7\u00e3o da Justi\u00e7a e da Integridade da Cria\u00e7\u00e3o.<\/p>\n<p>Tudo isso acontece, irm\u00e3s e irm\u00e3os, porque S\u00e3o Francisco nos ensinou que nos momentos mais dif\u00edceis de nossas vidas devemos voltar \u00e0 Casa da M\u00e3e. Ele e seus irm\u00e3os voltavam, com frequ\u00eancia, \u00e0 pequena igreja de Santa Maria dos Anjos, a Porci\u00fancula. N\u00f3s voltamos ao Santu\u00e1rio de Nossa Senhora Aparecida, neste 300 anos de caminhada com os pequenos desta terra.<\/p>\n<p>\u201c\u00d3h M\u00e3e preta, \u00f3h Mariama, Claro que dir\u00e3o, Mariama, que \u00e9 pol\u00edtica, que \u00e9 subvers\u00e3o, que \u00e9 comunismo. \u00c9 Evangelho de Cristo, Mariama!\u201d, ainda assim, invocamos suas b\u00ean\u00e7\u00e3os sobre toda a nossa fam\u00edlia e sobre um Brasil sedento de \u201cPaz \u2013 fruto da justi\u00e7a, do bem e da Miseric\u00f3rdia de Deus\u201d.<\/p>\n<p style=\"padding-left: 30px;\"><strong>\u00a0Confer\u00eancia da Fam\u00edlia Franciscana do Brasil &#8211; CFFB<\/strong><\/p>\n<p style=\"padding-left: 30px;\"><strong>\u00a006 de agosto de 2017<\/strong><\/p>\n","protected":false},"excerpt":{"rendered":"<p>Cap\u00edtulo das Esteiras da CFFB<\/p>\n","protected":false},"author":1,"featured_media":201146,"comment_status":"open","ping_status":"open","sticky":false,"template":"","format":"standard","meta":[],"categories":[1],"tags":[1265,1243],"acf":[],"yoast_head":"<!-- This site is optimized with the Yoast SEO plugin v19.2 - https:\/\/yoast.com\/wordpress\/plugins\/seo\/ -->\n<title>Esperan\u00e7a e indigna\u00e7\u00e3o no encerramento - Not\u00edcias - Franciscanos<\/title>\n<meta name=\"robots\" content=\"index, follow, max-snippet:-1, max-image-preview:large, max-video-preview:-1\" \/>\n<link rel=\"canonical\" href=\"https:\/\/franciscanos.org.br\/noticias\/capitulo-das-esteiras-termina-em-aparecida-com-mensagem-de-indignacao-e-esperanca.html\" \/>\n<meta property=\"og:locale\" content=\"pt_BR\" \/>\n<meta property=\"og:type\" content=\"article\" \/>\n<meta property=\"og:title\" content=\"Esperan\u00e7a e indigna\u00e7\u00e3o no encerramento - Not\u00edcias - Franciscanos\" \/>\n<meta property=\"og:description\" content=\"Cap\u00edtulo das Esteiras da CFFB\" \/>\n<meta property=\"og:url\" content=\"https:\/\/franciscanos.org.br\/noticias\/capitulo-das-esteiras-termina-em-aparecida-com-mensagem-de-indignacao-e-esperanca.html\" \/>\n<meta property=\"og:site_name\" content=\"Not\u00edcias - Franciscanos\" \/>\n<meta property=\"article:published_time\" content=\"2017-08-06T23:51:29+00:00\" \/>\n<meta property=\"article:modified_time\" content=\"2020-06-08T21:46:00+00:00\" \/>\n<meta property=\"og:image\" content=\"https:\/\/franciscanos.org.br\/noticias\/wp-content\/uploads\/2017\/08\/ederson_060817_1.jpg\" \/>\n\t<meta property=\"og:image:width\" content=\"273\" \/>\n\t<meta property=\"og:image:height\" content=\"181\" \/>\n\t<meta property=\"og:image:type\" content=\"image\/jpeg\" \/>\n<meta name=\"author\" content=\"admin\" \/>\n<meta name=\"twitter:card\" content=\"summary_large_image\" \/>\n<meta name=\"twitter:label1\" content=\"Escrito por\" \/>\n\t<meta name=\"twitter:data1\" content=\"admin\" \/>\n\t<meta name=\"twitter:label2\" content=\"Est. tempo de leitura\" \/>\n\t<meta name=\"twitter:data2\" content=\"11 minutos\" \/>\n<script type=\"application\/ld+json\" class=\"yoast-schema-graph\">{\"@context\":\"https:\/\/schema.org\",\"@graph\":[{\"@type\":\"WebSite\",\"@id\":\"https:\/\/franciscanos.org.br\/noticias\/#website\",\"url\":\"https:\/\/franciscanos.org.br\/noticias\/\",\"name\":\"Not\u00edcias - Franciscanos\",\"description\":\"Prov\u00edncia Franciscana da Imaculada Concei\u00e7\u00e3o do Brasil - Ordem dos Frades Menores - OFM\",\"potentialAction\":[{\"@type\":\"SearchAction\",\"target\":{\"@type\":\"EntryPoint\",\"urlTemplate\":\"https:\/\/franciscanos.org.br\/noticias\/?s={search_term_string}\"},\"query-input\":\"required name=search_term_string\"}],\"inLanguage\":\"pt-BR\"},{\"@type\":\"ImageObject\",\"inLanguage\":\"pt-BR\",\"@id\":\"https:\/\/franciscanos.org.br\/noticias\/capitulo-das-esteiras-termina-em-aparecida-com-mensagem-de-indignacao-e-esperanca.html#primaryimage\",\"url\":\"https:\/\/franciscanos.org.br\/noticias\/wp-content\/uploads\/2017\/08\/ederson_060817_1.jpg\",\"contentUrl\":\"https:\/\/franciscanos.org.br\/noticias\/wp-content\/uploads\/2017\/08\/ederson_060817_1.jpg\",\"width\":273,\"height\":181},{\"@type\":\"WebPage\",\"@id\":\"https:\/\/franciscanos.org.br\/noticias\/capitulo-das-esteiras-termina-em-aparecida-com-mensagem-de-indignacao-e-esperanca.html#webpage\",\"url\":\"https:\/\/franciscanos.org.br\/noticias\/capitulo-das-esteiras-termina-em-aparecida-com-mensagem-de-indignacao-e-esperanca.html\",\"name\":\"Esperan\u00e7a e indigna\u00e7\u00e3o no encerramento - Not\u00edcias - Franciscanos\",\"isPartOf\":{\"@id\":\"https:\/\/franciscanos.org.br\/noticias\/#website\"},\"primaryImageOfPage\":{\"@id\":\"https:\/\/franciscanos.org.br\/noticias\/capitulo-das-esteiras-termina-em-aparecida-com-mensagem-de-indignacao-e-esperanca.html#primaryimage\"},\"datePublished\":\"2017-08-06T23:51:29+00:00\",\"dateModified\":\"2020-06-08T21:46:00+00:00\",\"author\":{\"@id\":\"https:\/\/franciscanos.org.br\/noticias\/#\/schema\/person\/b38fbf43118f02820bd932f2e4b14ad3\"},\"breadcrumb\":{\"@id\":\"https:\/\/franciscanos.org.br\/noticias\/capitulo-das-esteiras-termina-em-aparecida-com-mensagem-de-indignacao-e-esperanca.html#breadcrumb\"},\"inLanguage\":\"pt-BR\",\"potentialAction\":[{\"@type\":\"ReadAction\",\"target\":[\"https:\/\/franciscanos.org.br\/noticias\/capitulo-das-esteiras-termina-em-aparecida-com-mensagem-de-indignacao-e-esperanca.html\"]}]},{\"@type\":\"BreadcrumbList\",\"@id\":\"https:\/\/franciscanos.org.br\/noticias\/capitulo-das-esteiras-termina-em-aparecida-com-mensagem-de-indignacao-e-esperanca.html#breadcrumb\",\"itemListElement\":[{\"@type\":\"ListItem\",\"position\":1,\"name\":\"Home\",\"item\":\"https:\/\/franciscanos.org.br\/noticias\"},{\"@type\":\"ListItem\",\"position\":2,\"name\":\"Esperan\u00e7a e indigna\u00e7\u00e3o no encerramento\"}]},{\"@type\":\"Person\",\"@id\":\"https:\/\/franciscanos.org.br\/noticias\/#\/schema\/person\/b38fbf43118f02820bd932f2e4b14ad3\",\"name\":\"admin\",\"image\":{\"@type\":\"ImageObject\",\"inLanguage\":\"pt-BR\",\"@id\":\"https:\/\/franciscanos.org.br\/noticias\/#\/schema\/person\/image\/\",\"url\":\"https:\/\/secure.gravatar.com\/avatar\/e8495742d34d0ba6448ea1c628263b3e?s=96&d=mm&r=g\",\"contentUrl\":\"https:\/\/secure.gravatar.com\/avatar\/e8495742d34d0ba6448ea1c628263b3e?s=96&d=mm&r=g\",\"caption\":\"admin\"},\"url\":\"https:\/\/franciscanos.org.br\/noticias\/author\/admin\"}]}<\/script>\n<!-- \/ Yoast SEO plugin. -->","yoast_head_json":{"title":"Esperan\u00e7a e indigna\u00e7\u00e3o no encerramento - Not\u00edcias - Franciscanos","robots":{"index":"index","follow":"follow","max-snippet":"max-snippet:-1","max-image-preview":"max-image-preview:large","max-video-preview":"max-video-preview:-1"},"canonical":"https:\/\/franciscanos.org.br\/noticias\/capitulo-das-esteiras-termina-em-aparecida-com-mensagem-de-indignacao-e-esperanca.html","og_locale":"pt_BR","og_type":"article","og_title":"Esperan\u00e7a e indigna\u00e7\u00e3o no encerramento - Not\u00edcias - Franciscanos","og_description":"Cap\u00edtulo das Esteiras da CFFB","og_url":"https:\/\/franciscanos.org.br\/noticias\/capitulo-das-esteiras-termina-em-aparecida-com-mensagem-de-indignacao-e-esperanca.html","og_site_name":"Not\u00edcias - Franciscanos","article_published_time":"2017-08-06T23:51:29+00:00","article_modified_time":"2020-06-08T21:46:00+00:00","og_image":[{"width":273,"height":181,"url":"https:\/\/franciscanos.org.br\/noticias\/wp-content\/uploads\/2017\/08\/ederson_060817_1.jpg","type":"image\/jpeg"}],"author":"admin","twitter_card":"summary_large_image","twitter_misc":{"Escrito por":"admin","Est. tempo de leitura":"11 minutos"},"schema":{"@context":"https:\/\/schema.org","@graph":[{"@type":"WebSite","@id":"https:\/\/franciscanos.org.br\/noticias\/#website","url":"https:\/\/franciscanos.org.br\/noticias\/","name":"Not\u00edcias - Franciscanos","description":"Prov\u00edncia Franciscana da Imaculada Concei\u00e7\u00e3o do Brasil - Ordem dos Frades Menores - OFM","potentialAction":[{"@type":"SearchAction","target":{"@type":"EntryPoint","urlTemplate":"https:\/\/franciscanos.org.br\/noticias\/?s={search_term_string}"},"query-input":"required name=search_term_string"}],"inLanguage":"pt-BR"},{"@type":"ImageObject","inLanguage":"pt-BR","@id":"https:\/\/franciscanos.org.br\/noticias\/capitulo-das-esteiras-termina-em-aparecida-com-mensagem-de-indignacao-e-esperanca.html#primaryimage","url":"https:\/\/franciscanos.org.br\/noticias\/wp-content\/uploads\/2017\/08\/ederson_060817_1.jpg","contentUrl":"https:\/\/franciscanos.org.br\/noticias\/wp-content\/uploads\/2017\/08\/ederson_060817_1.jpg","width":273,"height":181},{"@type":"WebPage","@id":"https:\/\/franciscanos.org.br\/noticias\/capitulo-das-esteiras-termina-em-aparecida-com-mensagem-de-indignacao-e-esperanca.html#webpage","url":"https:\/\/franciscanos.org.br\/noticias\/capitulo-das-esteiras-termina-em-aparecida-com-mensagem-de-indignacao-e-esperanca.html","name":"Esperan\u00e7a e indigna\u00e7\u00e3o no encerramento - Not\u00edcias - Franciscanos","isPartOf":{"@id":"https:\/\/franciscanos.org.br\/noticias\/#website"},"primaryImageOfPage":{"@id":"https:\/\/franciscanos.org.br\/noticias\/capitulo-das-esteiras-termina-em-aparecida-com-mensagem-de-indignacao-e-esperanca.html#primaryimage"},"datePublished":"2017-08-06T23:51:29+00:00","dateModified":"2020-06-08T21:46:00+00:00","author":{"@id":"https:\/\/franciscanos.org.br\/noticias\/#\/schema\/person\/b38fbf43118f02820bd932f2e4b14ad3"},"breadcrumb":{"@id":"https:\/\/franciscanos.org.br\/noticias\/capitulo-das-esteiras-termina-em-aparecida-com-mensagem-de-indignacao-e-esperanca.html#breadcrumb"},"inLanguage":"pt-BR","potentialAction":[{"@type":"ReadAction","target":["https:\/\/franciscanos.org.br\/noticias\/capitulo-das-esteiras-termina-em-aparecida-com-mensagem-de-indignacao-e-esperanca.html"]}]},{"@type":"BreadcrumbList","@id":"https:\/\/franciscanos.org.br\/noticias\/capitulo-das-esteiras-termina-em-aparecida-com-mensagem-de-indignacao-e-esperanca.html#breadcrumb","itemListElement":[{"@type":"ListItem","position":1,"name":"Home","item":"https:\/\/franciscanos.org.br\/noticias"},{"@type":"ListItem","position":2,"name":"Esperan\u00e7a e indigna\u00e7\u00e3o no encerramento"}]},{"@type":"Person","@id":"https:\/\/franciscanos.org.br\/noticias\/#\/schema\/person\/b38fbf43118f02820bd932f2e4b14ad3","name":"admin","image":{"@type":"ImageObject","inLanguage":"pt-BR","@id":"https:\/\/franciscanos.org.br\/noticias\/#\/schema\/person\/image\/","url":"https:\/\/secure.gravatar.com\/avatar\/e8495742d34d0ba6448ea1c628263b3e?s=96&d=mm&r=g","contentUrl":"https:\/\/secure.gravatar.com\/avatar\/e8495742d34d0ba6448ea1c628263b3e?s=96&d=mm&r=g","caption":"admin"},"url":"https:\/\/franciscanos.org.br\/noticias\/author\/admin"}]}},"_links":{"self":[{"href":"https:\/\/franciscanos.org.br\/noticias\/wp-json\/wp\/v2\/posts\/138854"}],"collection":[{"href":"https:\/\/franciscanos.org.br\/noticias\/wp-json\/wp\/v2\/posts"}],"about":[{"href":"https:\/\/franciscanos.org.br\/noticias\/wp-json\/wp\/v2\/types\/post"}],"author":[{"embeddable":true,"href":"https:\/\/franciscanos.org.br\/noticias\/wp-json\/wp\/v2\/users\/1"}],"replies":[{"embeddable":true,"href":"https:\/\/franciscanos.org.br\/noticias\/wp-json\/wp\/v2\/comments?post=138854"}],"version-history":[{"count":1,"href":"https:\/\/franciscanos.org.br\/noticias\/wp-json\/wp\/v2\/posts\/138854\/revisions"}],"predecessor-version":[{"id":225278,"href":"https:\/\/franciscanos.org.br\/noticias\/wp-json\/wp\/v2\/posts\/138854\/revisions\/225278"}],"wp:featuredmedia":[{"embeddable":true,"href":"https:\/\/franciscanos.org.br\/noticias\/wp-json\/wp\/v2\/media\/201146"}],"wp:attachment":[{"href":"https:\/\/franciscanos.org.br\/noticias\/wp-json\/wp\/v2\/media?parent=138854"}],"wp:term":[{"taxonomy":"category","embeddable":true,"href":"https:\/\/franciscanos.org.br\/noticias\/wp-json\/wp\/v2\/categories?post=138854"},{"taxonomy":"post_tag","embeddable":true,"href":"https:\/\/franciscanos.org.br\/noticias\/wp-json\/wp\/v2\/tags?post=138854"}],"curies":[{"name":"wp","href":"https:\/\/api.w.org\/{rel}","templated":true}]}}