{"id":138663,"date":"2017-08-03T11:11:01","date_gmt":"2017-08-03T14:11:01","guid":{"rendered":"http:\/\/franciscanos.org.br\/?p=138663"},"modified":"2019-03-07T12:31:34","modified_gmt":"2019-03-07T15:31:34","slug":"falece-frei-afonso-o-maestro-de-xaxim","status":"publish","type":"post","link":"https:\/\/franciscanos.org.br\/noticias\/falece-frei-afonso-o-maestro-de-xaxim.html","title":{"rendered":"Falece Frei Afonso Vogel, o Maestro de Xaxim"},"content":{"rendered":"<p><strong><img loading=\"lazy\" class=\"alignright size-full wp-image-138664\" src=\"http:\/\/franciscanos.org.br\/wp-content\/uploads\/2017\/08\/vogel_030817_2.jpg\" alt=\"vogel_030817_2\" width=\"335\" height=\"500\" \/>Frei Afonso Vicente Vogel<\/strong><\/p>\n<p><strong>* 17\/03\/1932\u00a0\u00a0\u00a0\u00a0 + 03\/08\/2017\u00a0<\/strong><\/p>\n<p><strong>\u00a0<\/strong>Nosso confrade Frei Afonso Vicente Vogel faleceu na manh\u00e3 de hoje (03\/08), \u00e0s 9h15, no Hospital Frei Bruno, de Xaxim. No dia 21 de julho, Frei Afonso sofrera uma AVC hemorr\u00e1gico, ap\u00f3s queda ao ch\u00e3o. Desde ent\u00e3o, seu quadro de sa\u00fade foi-se complicando devido \u00e0 incid\u00eancia de infec\u00e7\u00f5es e impossibilidade de interven\u00e7\u00e3o cir\u00fargica para conter a hemorragia.<\/p>\n<p>Na mensagem de comunica\u00e7\u00e3o da morte de Frei Afonso, assim se exprime Frei Alex Ciarnoscki: \u201cNo dia de hoje, Deus desceu no meio de nossa comunidade e nos visitou. E pediu de n\u00f3s um gesto de amor, de entrega e de agradecimento. Olhou-nos um por um\u00a0 e escolheu para si o que estava pronto. Deus n\u00e3o nos tirou Frei Afonso, mas o deixou ainda mais presente entre n\u00f3s. Deus n\u00e3o arrancou Frei Afonso de n\u00f3s, mas o plantou mais no fundo na mem\u00f3ria de nossas vidas. Deus n\u00e3o o levou, mas o deixou em nossos cora\u00e7\u00f5es. Frei Afonso n\u00e3o partiu, mas sim chegou em sua casa definitiva. Hoje, assim como nos ensinou nosso Pai S\u00e3o Francisco, a morte \u00e9 celebrada como irm\u00e3: nos une no mesmo sentimento e nos coloca nos bra\u00e7os de Deus. Sim, a f\u00e9 ilumina e afasta o absurdo da morte\u201d.<\/p>\n<p><strong>A partir das 14h30 da tarde de hoje, o corpo de Frei Afonso ser\u00e1 velado na igreja matriz de Xaxim. \u00c0s 19h00 haver\u00e1 missa de corpo presente. Amanh\u00e3, \u00e0s 8h30, haver\u00e1 missa de Ex\u00e9quias, e, em seguida, o corpo de Frei Afonso ser\u00e1 sepultado no cemit\u00e9rio municipal.<\/strong><\/p>\n<h3><strong>\u00a0<\/strong><strong>Dados pessoais, forma\u00e7\u00e3o e atividades<\/strong><\/h3>\n<p>&#8211; Nascimento: 17.03.1932 (<strong>85 anos de idade<\/strong>)<\/p>\n<p>&#8211; Natural de Marat\u00e1, Porto Uni\u00e3o, SC.<\/p>\n<p>&#8211; Vesti\u00e7\u00e3o: 19.12.1951 &#8211; Rodeio<\/p>\n<p>&#8211; Primeira Profiss\u00e3o: 20\/12\/1952 (<strong>64 anos de Vida Franciscana<\/strong>)<\/p>\n<p>&#8211; Profiss\u00e3o Solene: 20.12.1955<\/p>\n<p>&#8211; Ordena\u00e7\u00e3o Presbiteral: 01\/07\/1958 (<strong>59 anos de Sacerd\u00f3cio<\/strong>)<\/p>\n<p>&#8211; 1953 \u2013 1954 \u2013 Curitiba \u2013 estudos de Filosofia;<\/p>\n<p>&#8211; 1955 \u2013 1958 \u2013 Petr\u00f3polis \u2013 estudos de Teologia;<\/p>\n<p>&#8211; 1959 \u2013 Rio de Janeiro \u2013 curso de Pastoral;<\/p>\n<p>&#8211; 11.12.1959 \u2013 Luzerna \u2013 professor, bibliotec\u00e1rio e cronista;<\/p>\n<p>&#8211; 15.01.1965 \u2013 Rodeio &#8211; professor;<\/p>\n<p>&#8211; 01.07.1965 \u2013 Ituporanga &#8211; semin\u00e1rio \u2013 diretor;<\/p>\n<p>&#8211; 15.01.1971 \u2013 Xaxim &#8211; coordenador da Fraternidade e p\u00e1roco;<\/p>\n<p>&#8211; 20.12.1976 \u2013 Curitiba &#8211; vig\u00e1rio da casa e vig\u00e1rio paroquial;<\/p>\n<p>&#8211; 09.12.1977 \u2013 Xaxim \u2013 vig\u00e1rio da casa e vig\u00e1rio paroquial;<\/p>\n<h3>\u00a0<strong>O maestro de Xaxim<\/strong><\/h3>\n<p>No dia 25 de dezembro deste ano, exatamente na celebra\u00e7\u00e3o de Natal, o Coral Arautos do Grande Rei, de Xaxim, SC, completar\u00e1 45 anos de funda\u00e7\u00e3o. Frei Afonso esteve \u00e0 frente desta obra o tempo todo, embora nos \u00faltimos anos tenha passado a batuta para Gisele Linhares, uma aluna que se tornou professora e regente do coral. Mesmo assim, n\u00e3o deixava de acompanhar diariamente as aulas de seus pupilos.<\/p>\n<p>A paix\u00e3o pela m\u00fasica come\u00e7ou cedo na fam\u00edlia. &#8220;Meu primeiro presente de crian\u00e7a, com 7 ou 8 anos, em Bom Princ\u00edpio, Porto Uni\u00e3o (SC), foi uma gaitinha de boca, o que j\u00e1 indicava meu gosto pela m\u00fasica. Nessa \u00e9poca, o meu irm\u00e3o \u2013 somos em doze irm\u00e3os, sendo seis meninos e seis meninas \u2013 j\u00e1 sabia tocar violino. Meu pai insistia muito para que aprend\u00eassemos m\u00fasica. Tanto ele como minha m\u00e3e estimulavam a gente a cantar e a gostar de m\u00fasica. Eles cantavam para n\u00f3s cantos desconhecidos e faziam um belo dueto&#8221;, disse o frade em entrevista ao site &#8220;Franciscanos&#8221;. Frei Afonso \u00e9 filho de uma fam\u00edlia de religiosos e seu irm\u00e3o, Vunibaldo, tamb\u00e9m era frade desta Prov\u00edncia e faleceu em fevereiro deste ano.<\/p>\n<p>No Semin\u00e1rio, Frei Afonso p\u00f4de se dedicar \u00e0 m\u00fasica. Quando ingressou no Semin\u00e1rio Menor de Guaratinguet\u00e1, em 1942, exatamente quando esta casa de forma\u00e7\u00e3o era inaugurada, tocava harm\u00f4nio, piano e gaita. No Semin\u00e1rio de Agudos, come\u00e7ou a tocar \u00f3rg\u00e3o e depois n\u00e3o parou mais. &#8220;Como padre, em Luzerna, fiquei dois anos no semin\u00e1rio velho, dois anos no novo e um ano na par\u00f3quia. No primeiro ano passei observando Frei Henrique e, mais tarde, ele confiou a mim a aula de m\u00fasica. Depois, dei aula de m\u00fasica em Ituporanga, onde tinha um menino que era sobrinho de Frei Bas\u00edlio Prim, o Cl\u00e1udio Prim, um verdadeiro m\u00fasico. Mas ele faleceu num desastre. Ali\u00e1s, eu inaugurei o Semin\u00e1rio de Ituporanga, em agosto de 65, depois que foi fechado o antigo semin\u00e1rio de Rodeio, onde tinha dado meio ano de aula. Fiquei em Ituporanga at\u00e9 1970&#8221;, recordou o frade.\u00a0 Ele fez sua primeira experi\u00eancia como regente de coral infantil em 1963, no Semin\u00e1rio de Luzerna. &#8220;Reuni alguns meninos volunt\u00e1rios com os quais fiz treinos especiais de voz e imposta\u00e7\u00e3o. Deu certo. Notei que eu tinha jeito e, o que \u00e9 importante, as crian\u00e7as queriam aprender. Este pequeno coral recebeu o nome de \u201cCorinho de Frei Afonso\u201d, mas depois se diluiu com a minha transfer\u00eancia.<\/p>\n<p>Em 1971, Frei Afonso foi transferido para Xaxim. Padre novo, com 38 anos, chegou para ser vig\u00e1rio numa par\u00f3quia grande. Em 1972, num ensaio de canto para 20 coroinhas, nasceu o coral. &#8220;A ideia nunca chegou a ser a de formar um coral, mas de a matriz ter crian\u00e7as que cantassem bonito. Ent\u00e3o, comecei a treinar com eles durante o ano e, no Natal de 1972, cantamos pela primeira vez na Igreja um repert\u00f3rio natalino, bem simples. N\u00e3o me lembro se foi a duas vozes. Mas eram cantos bem entoados! O Frei Valentim colocou na cr\u00f4nica da casa que o povo chorou de alegria naquela noite. Nunca tinha escutado um coral de crian\u00e7as. Hoje ainda as pessoas se emocionam nas apresenta\u00e7\u00f5es do Arautos&#8221;, dizia Frei Afonso nesta entrevista.<\/p>\n<p>Disciplinador, Frei Afonso dizia que para ser m\u00fasico n\u00e3o havia outra maneira e, para isso, fazia cumprir as regras. &#8220;Se n\u00e3o obedecem, \u00a0passo uma descompostura bem bonita. No fim, pergunto: \u2018Estou certo ou errado?\u2019 Todas as crian\u00e7as respondem juntas que estou cert\u00edssimo. E todos continuam amigos. Sou uma esp\u00e9cie de pai para eles. O tenor Beto Battistella me chama de segundo pai. Voc\u00ea atrai as crian\u00e7as sem querer. Com a m\u00fasica. N\u00e3o precisa ficar enganando ningu\u00e9m. Voc\u00ea tem de ser o que \u00e9&#8221;, dizia, orgulhoso ao lembrar de nomes de seus ex-alunos que continuaram na m\u00fasica, como Fabiano Zoldan, que gravou dois CDs; Maysa Stainsack, M\u00e1rcio Buzatto e Alberto Battistela, al\u00e9m da sua maestrina Gisele.<\/p>\n<p>Para o frade, a m\u00fasica foi uma forma de evangelizar. &#8220;Quando ensinava crian\u00e7as a cantar, notei que de fato estava promovendo o ser humano em sua comunica\u00e7\u00e3o com Deus e com o outro pela voz, pela fala e pelo canto. Se o instrumento musical, por melhor que seja, \u00e9 inerte e s\u00f3 responde \u00e0 sensibiliza\u00e7\u00e3o que eu lhe dou como tocador do instrumento, com o ser humano, principalmente com a crian\u00e7a \u00e9 diferente. A sensibiliza\u00e7\u00e3o dada pelo mestre que ensina a cantar tem geralmente como resposta uma resson\u00e2ncia positiva inimagin\u00e1vel. A crian\u00e7a quer aprender, bastando haver algu\u00e9m que saiba ensinar e mostrar: &#8216;\u00e9 assim\u201d&#8217;, ensinou o frade.<\/p>\n<p><strong>R.I.P.<\/strong><strong>\u00a0\u00a0<\/strong><\/p>\n","protected":false},"excerpt":{"rendered":"<p>Falecimento<\/p>\n","protected":false},"author":1,"featured_media":195010,"comment_status":"open","ping_status":"open","sticky":false,"template":"","format":"standard","meta":[],"categories":[1],"tags":[1160],"acf":[],"yoast_head":"<!-- This site is optimized with the Yoast SEO plugin v19.2 - https:\/\/yoast.com\/wordpress\/plugins\/seo\/ -->\n<title>Falece Frei Afonso Vogel, o Maestro de Xaxim - Not\u00edcias - Franciscanos<\/title>\n<meta name=\"robots\" content=\"index, follow, max-snippet:-1, max-image-preview:large, max-video-preview:-1\" \/>\n<link rel=\"canonical\" href=\"https:\/\/franciscanos.org.br\/noticias\/falece-frei-afonso-o-maestro-de-xaxim.html\" \/>\n<meta property=\"og:locale\" content=\"pt_BR\" \/>\n<meta property=\"og:type\" content=\"article\" \/>\n<meta property=\"og:title\" content=\"Falece Frei Afonso Vogel, o Maestro de Xaxim - Not\u00edcias - Franciscanos\" \/>\n<meta property=\"og:description\" content=\"Falecimento\" \/>\n<meta property=\"og:url\" content=\"https:\/\/franciscanos.org.br\/noticias\/falece-frei-afonso-o-maestro-de-xaxim.html\" \/>\n<meta property=\"og:site_name\" content=\"Not\u00edcias - Franciscanos\" \/>\n<meta property=\"article:published_time\" content=\"2017-08-03T14:11:01+00:00\" \/>\n<meta property=\"article:modified_time\" content=\"2019-03-07T15:31:34+00:00\" \/>\n<meta property=\"og:image\" content=\"https:\/\/franciscanos.org.br\/noticias\/wp-content\/uploads\/2017\/08\/vogel_030817_2.jpg\" \/>\n\t<meta property=\"og:image:width\" content=\"273\" \/>\n\t<meta property=\"og:image:height\" content=\"181\" \/>\n\t<meta property=\"og:image:type\" content=\"image\/jpeg\" \/>\n<meta name=\"author\" content=\"admin\" \/>\n<meta name=\"twitter:card\" content=\"summary_large_image\" \/>\n<meta name=\"twitter:label1\" content=\"Escrito por\" \/>\n\t<meta name=\"twitter:data1\" content=\"admin\" \/>\n\t<meta name=\"twitter:label2\" content=\"Est. tempo de leitura\" \/>\n\t<meta name=\"twitter:data2\" content=\"6 minutos\" \/>\n<script type=\"application\/ld+json\" class=\"yoast-schema-graph\">{\"@context\":\"https:\/\/schema.org\",\"@graph\":[{\"@type\":\"WebSite\",\"@id\":\"https:\/\/franciscanos.org.br\/noticias\/#website\",\"url\":\"https:\/\/franciscanos.org.br\/noticias\/\",\"name\":\"Not\u00edcias - Franciscanos\",\"description\":\"Prov\u00edncia Franciscana da Imaculada Concei\u00e7\u00e3o do Brasil - Ordem dos Frades Menores - OFM\",\"potentialAction\":[{\"@type\":\"SearchAction\",\"target\":{\"@type\":\"EntryPoint\",\"urlTemplate\":\"https:\/\/franciscanos.org.br\/noticias\/?s={search_term_string}\"},\"query-input\":\"required name=search_term_string\"}],\"inLanguage\":\"pt-BR\"},{\"@type\":\"ImageObject\",\"inLanguage\":\"pt-BR\",\"@id\":\"https:\/\/franciscanos.org.br\/noticias\/falece-frei-afonso-o-maestro-de-xaxim.html#primaryimage\",\"url\":\"https:\/\/franciscanos.org.br\/noticias\/wp-content\/uploads\/2017\/08\/vogel_030817_2.jpg\",\"contentUrl\":\"https:\/\/franciscanos.org.br\/noticias\/wp-content\/uploads\/2017\/08\/vogel_030817_2.jpg\",\"width\":273,\"height\":181},{\"@type\":\"WebPage\",\"@id\":\"https:\/\/franciscanos.org.br\/noticias\/falece-frei-afonso-o-maestro-de-xaxim.html#webpage\",\"url\":\"https:\/\/franciscanos.org.br\/noticias\/falece-frei-afonso-o-maestro-de-xaxim.html\",\"name\":\"Falece Frei Afonso Vogel, o Maestro de Xaxim - Not\u00edcias - Franciscanos\",\"isPartOf\":{\"@id\":\"https:\/\/franciscanos.org.br\/noticias\/#website\"},\"primaryImageOfPage\":{\"@id\":\"https:\/\/franciscanos.org.br\/noticias\/falece-frei-afonso-o-maestro-de-xaxim.html#primaryimage\"},\"datePublished\":\"2017-08-03T14:11:01+00:00\",\"dateModified\":\"2019-03-07T15:31:34+00:00\",\"author\":{\"@id\":\"https:\/\/franciscanos.org.br\/noticias\/#\/schema\/person\/b38fbf43118f02820bd932f2e4b14ad3\"},\"breadcrumb\":{\"@id\":\"https:\/\/franciscanos.org.br\/noticias\/falece-frei-afonso-o-maestro-de-xaxim.html#breadcrumb\"},\"inLanguage\":\"pt-BR\",\"potentialAction\":[{\"@type\":\"ReadAction\",\"target\":[\"https:\/\/franciscanos.org.br\/noticias\/falece-frei-afonso-o-maestro-de-xaxim.html\"]}]},{\"@type\":\"BreadcrumbList\",\"@id\":\"https:\/\/franciscanos.org.br\/noticias\/falece-frei-afonso-o-maestro-de-xaxim.html#breadcrumb\",\"itemListElement\":[{\"@type\":\"ListItem\",\"position\":1,\"name\":\"Home\",\"item\":\"https:\/\/franciscanos.org.br\/noticias\"},{\"@type\":\"ListItem\",\"position\":2,\"name\":\"Falece Frei Afonso Vogel, o Maestro de Xaxim\"}]},{\"@type\":\"Person\",\"@id\":\"https:\/\/franciscanos.org.br\/noticias\/#\/schema\/person\/b38fbf43118f02820bd932f2e4b14ad3\",\"name\":\"admin\",\"image\":{\"@type\":\"ImageObject\",\"inLanguage\":\"pt-BR\",\"@id\":\"https:\/\/franciscanos.org.br\/noticias\/#\/schema\/person\/image\/\",\"url\":\"https:\/\/secure.gravatar.com\/avatar\/e8495742d34d0ba6448ea1c628263b3e?s=96&d=mm&r=g\",\"contentUrl\":\"https:\/\/secure.gravatar.com\/avatar\/e8495742d34d0ba6448ea1c628263b3e?s=96&d=mm&r=g\",\"caption\":\"admin\"},\"url\":\"https:\/\/franciscanos.org.br\/noticias\/author\/admin\"}]}<\/script>\n<!-- \/ Yoast SEO plugin. -->","yoast_head_json":{"title":"Falece Frei Afonso Vogel, o Maestro de Xaxim - Not\u00edcias - Franciscanos","robots":{"index":"index","follow":"follow","max-snippet":"max-snippet:-1","max-image-preview":"max-image-preview:large","max-video-preview":"max-video-preview:-1"},"canonical":"https:\/\/franciscanos.org.br\/noticias\/falece-frei-afonso-o-maestro-de-xaxim.html","og_locale":"pt_BR","og_type":"article","og_title":"Falece Frei Afonso Vogel, o Maestro de Xaxim - Not\u00edcias - Franciscanos","og_description":"Falecimento","og_url":"https:\/\/franciscanos.org.br\/noticias\/falece-frei-afonso-o-maestro-de-xaxim.html","og_site_name":"Not\u00edcias - Franciscanos","article_published_time":"2017-08-03T14:11:01+00:00","article_modified_time":"2019-03-07T15:31:34+00:00","og_image":[{"width":273,"height":181,"url":"https:\/\/franciscanos.org.br\/noticias\/wp-content\/uploads\/2017\/08\/vogel_030817_2.jpg","type":"image\/jpeg"}],"author":"admin","twitter_card":"summary_large_image","twitter_misc":{"Escrito por":"admin","Est. tempo de leitura":"6 minutos"},"schema":{"@context":"https:\/\/schema.org","@graph":[{"@type":"WebSite","@id":"https:\/\/franciscanos.org.br\/noticias\/#website","url":"https:\/\/franciscanos.org.br\/noticias\/","name":"Not\u00edcias - Franciscanos","description":"Prov\u00edncia Franciscana da Imaculada Concei\u00e7\u00e3o do Brasil - Ordem dos Frades Menores - OFM","potentialAction":[{"@type":"SearchAction","target":{"@type":"EntryPoint","urlTemplate":"https:\/\/franciscanos.org.br\/noticias\/?s={search_term_string}"},"query-input":"required name=search_term_string"}],"inLanguage":"pt-BR"},{"@type":"ImageObject","inLanguage":"pt-BR","@id":"https:\/\/franciscanos.org.br\/noticias\/falece-frei-afonso-o-maestro-de-xaxim.html#primaryimage","url":"https:\/\/franciscanos.org.br\/noticias\/wp-content\/uploads\/2017\/08\/vogel_030817_2.jpg","contentUrl":"https:\/\/franciscanos.org.br\/noticias\/wp-content\/uploads\/2017\/08\/vogel_030817_2.jpg","width":273,"height":181},{"@type":"WebPage","@id":"https:\/\/franciscanos.org.br\/noticias\/falece-frei-afonso-o-maestro-de-xaxim.html#webpage","url":"https:\/\/franciscanos.org.br\/noticias\/falece-frei-afonso-o-maestro-de-xaxim.html","name":"Falece Frei Afonso Vogel, o Maestro de Xaxim - Not\u00edcias - Franciscanos","isPartOf":{"@id":"https:\/\/franciscanos.org.br\/noticias\/#website"},"primaryImageOfPage":{"@id":"https:\/\/franciscanos.org.br\/noticias\/falece-frei-afonso-o-maestro-de-xaxim.html#primaryimage"},"datePublished":"2017-08-03T14:11:01+00:00","dateModified":"2019-03-07T15:31:34+00:00","author":{"@id":"https:\/\/franciscanos.org.br\/noticias\/#\/schema\/person\/b38fbf43118f02820bd932f2e4b14ad3"},"breadcrumb":{"@id":"https:\/\/franciscanos.org.br\/noticias\/falece-frei-afonso-o-maestro-de-xaxim.html#breadcrumb"},"inLanguage":"pt-BR","potentialAction":[{"@type":"ReadAction","target":["https:\/\/franciscanos.org.br\/noticias\/falece-frei-afonso-o-maestro-de-xaxim.html"]}]},{"@type":"BreadcrumbList","@id":"https:\/\/franciscanos.org.br\/noticias\/falece-frei-afonso-o-maestro-de-xaxim.html#breadcrumb","itemListElement":[{"@type":"ListItem","position":1,"name":"Home","item":"https:\/\/franciscanos.org.br\/noticias"},{"@type":"ListItem","position":2,"name":"Falece Frei Afonso Vogel, o Maestro de Xaxim"}]},{"@type":"Person","@id":"https:\/\/franciscanos.org.br\/noticias\/#\/schema\/person\/b38fbf43118f02820bd932f2e4b14ad3","name":"admin","image":{"@type":"ImageObject","inLanguage":"pt-BR","@id":"https:\/\/franciscanos.org.br\/noticias\/#\/schema\/person\/image\/","url":"https:\/\/secure.gravatar.com\/avatar\/e8495742d34d0ba6448ea1c628263b3e?s=96&d=mm&r=g","contentUrl":"https:\/\/secure.gravatar.com\/avatar\/e8495742d34d0ba6448ea1c628263b3e?s=96&d=mm&r=g","caption":"admin"},"url":"https:\/\/franciscanos.org.br\/noticias\/author\/admin"}]}},"_links":{"self":[{"href":"https:\/\/franciscanos.org.br\/noticias\/wp-json\/wp\/v2\/posts\/138663"}],"collection":[{"href":"https:\/\/franciscanos.org.br\/noticias\/wp-json\/wp\/v2\/posts"}],"about":[{"href":"https:\/\/franciscanos.org.br\/noticias\/wp-json\/wp\/v2\/types\/post"}],"author":[{"embeddable":true,"href":"https:\/\/franciscanos.org.br\/noticias\/wp-json\/wp\/v2\/users\/1"}],"replies":[{"embeddable":true,"href":"https:\/\/franciscanos.org.br\/noticias\/wp-json\/wp\/v2\/comments?post=138663"}],"version-history":[{"count":0,"href":"https:\/\/franciscanos.org.br\/noticias\/wp-json\/wp\/v2\/posts\/138663\/revisions"}],"wp:featuredmedia":[{"embeddable":true,"href":"https:\/\/franciscanos.org.br\/noticias\/wp-json\/wp\/v2\/media\/195010"}],"wp:attachment":[{"href":"https:\/\/franciscanos.org.br\/noticias\/wp-json\/wp\/v2\/media?parent=138663"}],"wp:term":[{"taxonomy":"category","embeddable":true,"href":"https:\/\/franciscanos.org.br\/noticias\/wp-json\/wp\/v2\/categories?post=138663"},{"taxonomy":"post_tag","embeddable":true,"href":"https:\/\/franciscanos.org.br\/noticias\/wp-json\/wp\/v2\/tags?post=138663"}],"curies":[{"name":"wp","href":"https:\/\/api.w.org\/{rel}","templated":true}]}}