{"id":138636,"date":"2017-08-01T16:14:48","date_gmt":"2017-08-01T19:14:48","guid":{"rendered":"http:\/\/franciscanos.org.br\/?p=138636"},"modified":"2019-03-07T12:23:53","modified_gmt":"2019-03-07T15:23:53","slug":"ministro-geral-faz-uma-emocionante-homilia-na-solene-abertura-do-perdao-de-assis","status":"publish","type":"post","link":"https:\/\/franciscanos.org.br\/noticias\/ministro-geral-faz-uma-emocionante-homilia-na-solene-abertura-do-perdao-de-assis.html","title":{"rendered":"A emocionante homilia do Ministro Geral"},"content":{"rendered":"<p><img loading=\"lazy\" src=\"http:\/\/franciscanos.org.br\/wp-content\/uploads\/2017\/08\/michael_010817.jpg\" alt=\"michael_010817\" width=\"830\" height=\"434\" \/><\/p>\n<p><strong>Moacir Beggo<\/strong><\/p>\n<p>A Solenidade do Perd\u00e3o de Assis foi aberta nesta ter\u00e7a-feira, 1\u00ba de agosto, no Santu\u00e1rio da Porci\u00fancula, em Assis. Este ano a festa do Perd\u00e3o tem um significado particular, pois coincide com o encerramento do VIII Centen\u00e1rio do Perd\u00e3o de Assis, Jubileu que foi aberto em 2 de agosto de 2016 pelo Cardeal Gualtiero Bassetti, e enriquecido com a peregrina\u00e7\u00e3o do Papa Francisco \u00e0 Porci\u00fancula dois dias mais tarde, em 4 de agosto de 2016. A solene celebra\u00e7\u00e3o de encerramento do Jubileu do Perd\u00e3o ser\u00e1 realizada nesta quarta-feira, \u00e0s 11 horas, e ser\u00e1 presidida pelo Cardeal Secretario de Estado, Pietro Parolin.<\/p>\n<p>\u00c0s 11 horas de hoje, o Ministro Geral dos Frades Menores, Frei Michael Perry, presidiu a solene Celebra\u00e7\u00e3o Eucar\u00edstica, que foi conclu\u00edda com a Prociss\u00e3o de \u201cAbertura do Perd\u00e3o\u201d.<\/p>\n<p>Assim, das 12 horas deste dia 1\u00ba de agosto at\u00e9 \u00e0s 24 horas do dia 2, ser\u00e1 concedida a Indulg\u00eancia Plen\u00e1ria na Porci\u00fancula, que se estende a todas as igrejas paroquiais espalhadas no mundo, incluindo todas as igrejas franciscanas.<\/p>\n<p>Frei Michael contou uma emocionante hist\u00f3ria, de dor e sofrimento, para falar do perd\u00e3o e da miseric\u00f3rdia.<\/p>\n<p><strong>LEIA \u00a0NA \u00cdNTEGRA A HOMILIA<\/strong><\/p>\n<p>Queridos irm\u00e3os e irm\u00e3s, o Senhor vos d\u00ea a Sua paz e Sua miseric\u00f3rdia!<\/p>\n<p>No m\u00eas passado, ao visitar os frades na regi\u00e3o de Chiapas, no M\u00e9xico, perto da fronteira com a Guatemala, conheci uma fam\u00edlia que estava fugindo de seu pa\u00eds de origem, El Salvador. Seu ex\u00edlio foi causado por um acontecimento muito preocupante: o espancamento e o desaparecimento de seu filho Em\u00edlio de 15 anos. Desde a idade de 11 anos, o menino foi for\u00e7ado a unir-se a uma das gangues. Durante quatro anos, o pai, soldador de profiss\u00e3o, e sua m\u00e3e tentaram manter a fam\u00edlia unida. Havia tr\u00eas outros irm\u00e3os: uma filha de 13 anos, um filho de 9 e uma menina de 4. Um dia, chegou \u00a0a not\u00edcia de que seu filho tinha sido espancado publicamente por uma gangue rival, teve os dedos amputados e, depois foi levado para um lugar desconhecido. Os pais chamaram a pol\u00edcia para \u00a0obter ajuda, mas n\u00e3o aconteceu nada. Eles passaram quatro meses sem uma palavra a respeito do filho. Foi, ent\u00e3o, que seu pai decidiu que n\u00e3o podia mais correr o risco continuar vivendo em El Salvador. O que havia acontecido com seu primeiro filho poderia acontecer com o segundo. Temia tamb\u00e9m por sua esposa e suas filhas. Com a ajuda de traficantes pagos, a fam\u00edlia mudou-se para uma pequena cidade no M\u00e9xico, na regi\u00e3o de Chiapas, longe da fronteira com a Guatemala. A fam\u00edlia pensava que seu pesadelo de viol\u00eancia estivesse acabado, e que o sonho de encontrar um lugar de reconstruir suas pr\u00f3prias vidas estivesse se tornando realidade.<\/p>\n<p>Mas a hist\u00f3ria de viol\u00eancia n\u00e3o tinha ainda acabado para a fam\u00edlia. Durante a segunda semana de sua chegada ao M\u00e9xico, alguns membros de uma gangue mexicana pegaram a menina no meio da multid\u00e3o e levaram-na para uma casa abandonada onde a violentaram. Tr\u00eas meses ap\u00f3s o acontecimento, a fam\u00edlia descobriu que a menina estava gr\u00e1vida e tamb\u00e9m era soropositiva, uma inocente garotinha de 13 anos. Enquanto ouv\u00edamos a hist\u00f3ria, no rosto do pai, da m\u00e3e e da filha come\u00e7aram a cair l\u00e1grimas. Dois outros confrades e eu, na sala com a fam\u00edlia,\u00a0 lut\u00e1vamos para controlar nossas emo\u00e7\u00f5es e segurar as l\u00e1grimas enquanto escut\u00e1vamos tal sofrimento e trag\u00e9dia humana.<\/p>\n<p>Por quase sete meses, a fam\u00edlia foi h\u00f3spede do Centro Franciscano \u00a0&#8220;Os Setenta e Dois&#8221; no M\u00e9xico. \u00c9 um centro que acolhe aqueles que fogem de todas as formas de viol\u00eancia e todas as formas de opress\u00e3o, que necessitam de seguran\u00e7a, abrigo, cuidado humano e esperan\u00e7a. Enquanto o pai continuava a contar a vida de sua fam\u00edlia, n\u00e3o ouvimos gritos de raiva, nem pedidos de vingan\u00e7a. Ele nos pediu que rez\u00e1ssemos por ele, pela sua esposa, por seu filho desaparecido Emilio, por sua filha gr\u00e1vida e infectada, pelos outros dois filhos, e pelos membros da mesma fam\u00edlia que tinha permanecido em El Salvador. Ele tamb\u00e9m pediu ora\u00e7\u00f5es para ele e sua fam\u00edlia para que pudessem perdoar aqueles que sequestraram seu filho Emilio, que haviam violentado, engravidado e infectado sua filha com o v\u00edrus HIV.<\/p>\n<p>O pai nos pediu para orar por eles para que n\u00e3o fossem consumidos pelo \u00f3dio ou pela vingan\u00e7a, nem pela lembran\u00e7a cont\u00ednua da viol\u00eancia que experimentaram, enquanto eles rezavam por Emilio, pela filha e pelas pessoas amadas que haviam deixado em El Salvador. Ele nos pediu que rez\u00e1ssemos para que eles pudessem alcan\u00e7ar a paz diante de tudo que aconteceu, e que Deus pudesse mudar os cora\u00e7\u00f5es daqueles que tinham lhes causado tanto sofrimento, que perpetraram tais atos horr\u00edveis de viol\u00eancia. Enquanto o mundo lhes diria que tinham o direito \u00e0 justi\u00e7a e \u00e0 vingan\u00e7a, eles diziam ao mundo &#8211; a n\u00f3s &#8211; que olho por olho torna o mundo cego. O perd\u00e3o \u00e9 o \u00fanico instrumento a dar vida \u00e0 paz, \u00e0 cura e \u00e0 alegria aut\u00eantica.<\/p>\n<p>Como voc\u00eas bem podem imaginar, \u00a0n\u00e3o consegui esquecer a hist\u00f3ria, ou o pai, as faces da m\u00e3e, das duas filhas e do filho. Tamb\u00e9m n\u00e3o tenho conseguido parar de rezar por Em\u00edlio, o filho desaparecido, nem pela sua filha infectada ou pelo desejo do pai que a fam\u00edlia receba o dom do perd\u00e3o e da miseric\u00f3rdia.<\/p>\n<p>&#8220;Perdoa-nos as nossas d\u00edvidas, assim como n\u00f3s perdoamos os nossos devedores. E n\u00e3o nos deixes cair em tenta\u00e7\u00e3o &#8230; a tenta\u00e7\u00e3o de perder a f\u00e9, de buscar o \u00f3dio, e de permitir que a raiva e a dor manchem a nossa identidade de filhos de Deus, amados e perdoados, e chamados a serem &#8220;embaixadores da reconcilia\u00e7\u00e3o&#8221; para uma humanidade e comunidade mundial feridas. Estas palavras: &#8220;Perdoai-nos as nossas d\u00edvidas, assim como n\u00f3s perdoamos os pecados dos outros&#8221; s\u00e3o palavras muito bem conhecidas por todos n\u00f3s. Rezamos sozinhos e at\u00e9 mesmo quando nos reunimos para rezar em nossas comunidades crist\u00e3s. A fam\u00edlia de El Salvador, apesar da dor esmagadora da trag\u00e9dia e perda, acolheu as palavras de perd\u00e3o e miseric\u00f3rdia pronunciadas por Jesus, que nos convida tamb\u00e9m a unirmo-nos a Ele no seu corajoso ato de perdoar os outros pelo mal que eles cometeram contra Ele, contra a humanidade inteira.<\/p>\n<p>Por que estamos rezando n\u00f3s, aqui, nestes dias em Santa Maria dos Anjos, a Porci\u00fancula? Estamos pedindo para que o Senhor possa nos absolver de nossos pecados? Isto est\u00e1 certo e \u00e9 bom, porque somos peregrinos no caminho da miseric\u00f3rdia e do perd\u00e3o. Mas, eu creio tamb\u00e9m que, como a fam\u00edlia de El Salvador, Jesus \u00a0esteja nos convidando a abrir \u00a0os nossos cora\u00e7\u00f5es \u00e0 Sua gra\u00e7a, uma gra\u00e7a que perdoa os outros, uma gra\u00e7a que nos transforma em agentes ativos que promovem o perd\u00e3o, a reconcilia\u00e7\u00e3o e o amor entre \u00a0todas as pessoas, come\u00e7ando por aquelas mais pr\u00f3ximas e queridas por n\u00f3s, mas sempre abrindo-nos para fora para abra\u00e7ar todas as pessoas, tamb\u00e9m aquelas que identificamos como nossos &#8220;inimigos&#8221;. Como nos recorda S\u00e3o Jo\u00e3o Paulo II na sua Enc\u00edclica sobre a miseric\u00f3rdia e o perd\u00e3o, &#8220;Dives in Misericordia&#8221; (13 de novembro de 1980, Part. 3, par\u00e1grafo 3.): &#8220;O mundo dos homens s\u00f3 poder\u00e1 tornar-se \u2018cada vez mais humano\u2019 quando introduzirmos em todas as rela\u00e7\u00f5es rec\u00edprocas, que formam a sua fisionomia moral, o momento do perd\u00e3o, t\u00e3o essencial no Evangelho. O perd\u00e3o atesta que no mundo est\u00e1 presente o amor mais forte que o pecado. O perd\u00e3o, al\u00e9m disso, \u00e9 a condi\u00e7\u00e3o fundamental da reconcilia\u00e7\u00e3o, n\u00e3o s\u00f3 nas rela\u00e7\u00f5es de Deus com o homem, mas tamb\u00e9m nas rela\u00e7\u00f5es rec\u00edprocas dos homens entre si&#8221;.<\/p>\n<p>&#8220;Vinde a mim!&#8221; Irm\u00e3os e irm\u00e3s, unamo-nos a Jesus, a S\u00e3o Jo\u00e3o Paulo II e \u00e0 fam\u00edlia de El Salvador para rezarmos pelo perd\u00e3o &#8211; por n\u00f3s e por aqueles que amamos. Reconstruamos a partir desta experi\u00eancia de amor e perd\u00e3o, alcan\u00e7ando todo o povo de Deus, sem exclus\u00f5es ou exce\u00e7\u00f5es, oferecendo a todos um sinal da gra\u00e7a do perd\u00e3o e da miseric\u00f3rdia que recebemos e que agora somos chamados a compartilhar com todos como embaixadores do amor reconciliador de Deus! Possa a gra\u00e7a abundante de Deus, que celebramos aqui, nesta festa de Santa Maria dos Anjos, festa de miseric\u00f3rdia, perd\u00e3o, amor e esperan\u00e7a, \u00a0transformar-nos de dentro para fora e de baixo para o alto, de modo que as nossas vidas possam dar gl\u00f3ria e honra a Deus, fonte de toda a vida e esperan\u00e7a.<\/p>\n<p>Boa Festa da Porci\u00fancula!<\/p>\n","protected":false},"excerpt":{"rendered":"<p>Perd\u00e3o de Assis<\/p>\n","protected":false},"author":1,"featured_media":201127,"comment_status":"open","ping_status":"open","sticky":false,"template":"","format":"standard","meta":[],"categories":[1],"tags":[723,184],"acf":[],"yoast_head":"<!-- This site is optimized with the Yoast SEO plugin v19.2 - https:\/\/yoast.com\/wordpress\/plugins\/seo\/ -->\n<title>A emocionante homilia do Ministro Geral - Not\u00edcias - Franciscanos<\/title>\n<meta name=\"robots\" content=\"index, follow, max-snippet:-1, max-image-preview:large, max-video-preview:-1\" \/>\n<link rel=\"canonical\" href=\"https:\/\/franciscanos.org.br\/noticias\/ministro-geral-faz-uma-emocionante-homilia-na-solene-abertura-do-perdao-de-assis.html\" \/>\n<meta property=\"og:locale\" content=\"pt_BR\" \/>\n<meta property=\"og:type\" content=\"article\" \/>\n<meta property=\"og:title\" content=\"A emocionante homilia do Ministro Geral - Not\u00edcias - Franciscanos\" \/>\n<meta property=\"og:description\" content=\"Perd\u00e3o de Assis\" \/>\n<meta property=\"og:url\" content=\"https:\/\/franciscanos.org.br\/noticias\/ministro-geral-faz-uma-emocionante-homilia-na-solene-abertura-do-perdao-de-assis.html\" \/>\n<meta property=\"og:site_name\" content=\"Not\u00edcias - Franciscanos\" \/>\n<meta property=\"article:published_time\" content=\"2017-08-01T19:14:48+00:00\" \/>\n<meta property=\"article:modified_time\" content=\"2019-03-07T15:23:53+00:00\" \/>\n<meta property=\"og:image\" content=\"https:\/\/franciscanos.org.br\/noticias\/wp-content\/uploads\/2017\/08\/michael_010817.jpg\" \/>\n\t<meta property=\"og:image:width\" content=\"273\" \/>\n\t<meta property=\"og:image:height\" content=\"181\" \/>\n\t<meta property=\"og:image:type\" content=\"image\/jpeg\" \/>\n<meta name=\"author\" content=\"admin\" \/>\n<meta name=\"twitter:card\" content=\"summary_large_image\" \/>\n<meta name=\"twitter:label1\" content=\"Escrito por\" \/>\n\t<meta name=\"twitter:data1\" content=\"admin\" \/>\n\t<meta name=\"twitter:label2\" content=\"Est. tempo de leitura\" \/>\n\t<meta name=\"twitter:data2\" content=\"8 minutos\" \/>\n<script type=\"application\/ld+json\" class=\"yoast-schema-graph\">{\"@context\":\"https:\/\/schema.org\",\"@graph\":[{\"@type\":\"WebSite\",\"@id\":\"https:\/\/franciscanos.org.br\/noticias\/#website\",\"url\":\"https:\/\/franciscanos.org.br\/noticias\/\",\"name\":\"Not\u00edcias - Franciscanos\",\"description\":\"Prov\u00edncia Franciscana da Imaculada Concei\u00e7\u00e3o do Brasil - Ordem dos Frades Menores - OFM\",\"potentialAction\":[{\"@type\":\"SearchAction\",\"target\":{\"@type\":\"EntryPoint\",\"urlTemplate\":\"https:\/\/franciscanos.org.br\/noticias\/?s={search_term_string}\"},\"query-input\":\"required name=search_term_string\"}],\"inLanguage\":\"pt-BR\"},{\"@type\":\"ImageObject\",\"inLanguage\":\"pt-BR\",\"@id\":\"https:\/\/franciscanos.org.br\/noticias\/ministro-geral-faz-uma-emocionante-homilia-na-solene-abertura-do-perdao-de-assis.html#primaryimage\",\"url\":\"https:\/\/franciscanos.org.br\/noticias\/wp-content\/uploads\/2017\/08\/michael_010817.jpg\",\"contentUrl\":\"https:\/\/franciscanos.org.br\/noticias\/wp-content\/uploads\/2017\/08\/michael_010817.jpg\",\"width\":273,\"height\":181},{\"@type\":\"WebPage\",\"@id\":\"https:\/\/franciscanos.org.br\/noticias\/ministro-geral-faz-uma-emocionante-homilia-na-solene-abertura-do-perdao-de-assis.html#webpage\",\"url\":\"https:\/\/franciscanos.org.br\/noticias\/ministro-geral-faz-uma-emocionante-homilia-na-solene-abertura-do-perdao-de-assis.html\",\"name\":\"A emocionante homilia do Ministro Geral - Not\u00edcias - Franciscanos\",\"isPartOf\":{\"@id\":\"https:\/\/franciscanos.org.br\/noticias\/#website\"},\"primaryImageOfPage\":{\"@id\":\"https:\/\/franciscanos.org.br\/noticias\/ministro-geral-faz-uma-emocionante-homilia-na-solene-abertura-do-perdao-de-assis.html#primaryimage\"},\"datePublished\":\"2017-08-01T19:14:48+00:00\",\"dateModified\":\"2019-03-07T15:23:53+00:00\",\"author\":{\"@id\":\"https:\/\/franciscanos.org.br\/noticias\/#\/schema\/person\/b38fbf43118f02820bd932f2e4b14ad3\"},\"breadcrumb\":{\"@id\":\"https:\/\/franciscanos.org.br\/noticias\/ministro-geral-faz-uma-emocionante-homilia-na-solene-abertura-do-perdao-de-assis.html#breadcrumb\"},\"inLanguage\":\"pt-BR\",\"potentialAction\":[{\"@type\":\"ReadAction\",\"target\":[\"https:\/\/franciscanos.org.br\/noticias\/ministro-geral-faz-uma-emocionante-homilia-na-solene-abertura-do-perdao-de-assis.html\"]}]},{\"@type\":\"BreadcrumbList\",\"@id\":\"https:\/\/franciscanos.org.br\/noticias\/ministro-geral-faz-uma-emocionante-homilia-na-solene-abertura-do-perdao-de-assis.html#breadcrumb\",\"itemListElement\":[{\"@type\":\"ListItem\",\"position\":1,\"name\":\"Home\",\"item\":\"https:\/\/franciscanos.org.br\/noticias\"},{\"@type\":\"ListItem\",\"position\":2,\"name\":\"A emocionante homilia do Ministro Geral\"}]},{\"@type\":\"Person\",\"@id\":\"https:\/\/franciscanos.org.br\/noticias\/#\/schema\/person\/b38fbf43118f02820bd932f2e4b14ad3\",\"name\":\"admin\",\"image\":{\"@type\":\"ImageObject\",\"inLanguage\":\"pt-BR\",\"@id\":\"https:\/\/franciscanos.org.br\/noticias\/#\/schema\/person\/image\/\",\"url\":\"https:\/\/secure.gravatar.com\/avatar\/e8495742d34d0ba6448ea1c628263b3e?s=96&d=mm&r=g\",\"contentUrl\":\"https:\/\/secure.gravatar.com\/avatar\/e8495742d34d0ba6448ea1c628263b3e?s=96&d=mm&r=g\",\"caption\":\"admin\"},\"url\":\"https:\/\/franciscanos.org.br\/noticias\/author\/admin\"}]}<\/script>\n<!-- \/ Yoast SEO plugin. -->","yoast_head_json":{"title":"A emocionante homilia do Ministro Geral - Not\u00edcias - Franciscanos","robots":{"index":"index","follow":"follow","max-snippet":"max-snippet:-1","max-image-preview":"max-image-preview:large","max-video-preview":"max-video-preview:-1"},"canonical":"https:\/\/franciscanos.org.br\/noticias\/ministro-geral-faz-uma-emocionante-homilia-na-solene-abertura-do-perdao-de-assis.html","og_locale":"pt_BR","og_type":"article","og_title":"A emocionante homilia do Ministro Geral - Not\u00edcias - Franciscanos","og_description":"Perd\u00e3o de Assis","og_url":"https:\/\/franciscanos.org.br\/noticias\/ministro-geral-faz-uma-emocionante-homilia-na-solene-abertura-do-perdao-de-assis.html","og_site_name":"Not\u00edcias - Franciscanos","article_published_time":"2017-08-01T19:14:48+00:00","article_modified_time":"2019-03-07T15:23:53+00:00","og_image":[{"width":273,"height":181,"url":"https:\/\/franciscanos.org.br\/noticias\/wp-content\/uploads\/2017\/08\/michael_010817.jpg","type":"image\/jpeg"}],"author":"admin","twitter_card":"summary_large_image","twitter_misc":{"Escrito por":"admin","Est. tempo de leitura":"8 minutos"},"schema":{"@context":"https:\/\/schema.org","@graph":[{"@type":"WebSite","@id":"https:\/\/franciscanos.org.br\/noticias\/#website","url":"https:\/\/franciscanos.org.br\/noticias\/","name":"Not\u00edcias - Franciscanos","description":"Prov\u00edncia Franciscana da Imaculada Concei\u00e7\u00e3o do Brasil - Ordem dos Frades Menores - OFM","potentialAction":[{"@type":"SearchAction","target":{"@type":"EntryPoint","urlTemplate":"https:\/\/franciscanos.org.br\/noticias\/?s={search_term_string}"},"query-input":"required name=search_term_string"}],"inLanguage":"pt-BR"},{"@type":"ImageObject","inLanguage":"pt-BR","@id":"https:\/\/franciscanos.org.br\/noticias\/ministro-geral-faz-uma-emocionante-homilia-na-solene-abertura-do-perdao-de-assis.html#primaryimage","url":"https:\/\/franciscanos.org.br\/noticias\/wp-content\/uploads\/2017\/08\/michael_010817.jpg","contentUrl":"https:\/\/franciscanos.org.br\/noticias\/wp-content\/uploads\/2017\/08\/michael_010817.jpg","width":273,"height":181},{"@type":"WebPage","@id":"https:\/\/franciscanos.org.br\/noticias\/ministro-geral-faz-uma-emocionante-homilia-na-solene-abertura-do-perdao-de-assis.html#webpage","url":"https:\/\/franciscanos.org.br\/noticias\/ministro-geral-faz-uma-emocionante-homilia-na-solene-abertura-do-perdao-de-assis.html","name":"A emocionante homilia do Ministro Geral - Not\u00edcias - Franciscanos","isPartOf":{"@id":"https:\/\/franciscanos.org.br\/noticias\/#website"},"primaryImageOfPage":{"@id":"https:\/\/franciscanos.org.br\/noticias\/ministro-geral-faz-uma-emocionante-homilia-na-solene-abertura-do-perdao-de-assis.html#primaryimage"},"datePublished":"2017-08-01T19:14:48+00:00","dateModified":"2019-03-07T15:23:53+00:00","author":{"@id":"https:\/\/franciscanos.org.br\/noticias\/#\/schema\/person\/b38fbf43118f02820bd932f2e4b14ad3"},"breadcrumb":{"@id":"https:\/\/franciscanos.org.br\/noticias\/ministro-geral-faz-uma-emocionante-homilia-na-solene-abertura-do-perdao-de-assis.html#breadcrumb"},"inLanguage":"pt-BR","potentialAction":[{"@type":"ReadAction","target":["https:\/\/franciscanos.org.br\/noticias\/ministro-geral-faz-uma-emocionante-homilia-na-solene-abertura-do-perdao-de-assis.html"]}]},{"@type":"BreadcrumbList","@id":"https:\/\/franciscanos.org.br\/noticias\/ministro-geral-faz-uma-emocionante-homilia-na-solene-abertura-do-perdao-de-assis.html#breadcrumb","itemListElement":[{"@type":"ListItem","position":1,"name":"Home","item":"https:\/\/franciscanos.org.br\/noticias"},{"@type":"ListItem","position":2,"name":"A emocionante homilia do Ministro Geral"}]},{"@type":"Person","@id":"https:\/\/franciscanos.org.br\/noticias\/#\/schema\/person\/b38fbf43118f02820bd932f2e4b14ad3","name":"admin","image":{"@type":"ImageObject","inLanguage":"pt-BR","@id":"https:\/\/franciscanos.org.br\/noticias\/#\/schema\/person\/image\/","url":"https:\/\/secure.gravatar.com\/avatar\/e8495742d34d0ba6448ea1c628263b3e?s=96&d=mm&r=g","contentUrl":"https:\/\/secure.gravatar.com\/avatar\/e8495742d34d0ba6448ea1c628263b3e?s=96&d=mm&r=g","caption":"admin"},"url":"https:\/\/franciscanos.org.br\/noticias\/author\/admin"}]}},"_links":{"self":[{"href":"https:\/\/franciscanos.org.br\/noticias\/wp-json\/wp\/v2\/posts\/138636"}],"collection":[{"href":"https:\/\/franciscanos.org.br\/noticias\/wp-json\/wp\/v2\/posts"}],"about":[{"href":"https:\/\/franciscanos.org.br\/noticias\/wp-json\/wp\/v2\/types\/post"}],"author":[{"embeddable":true,"href":"https:\/\/franciscanos.org.br\/noticias\/wp-json\/wp\/v2\/users\/1"}],"replies":[{"embeddable":true,"href":"https:\/\/franciscanos.org.br\/noticias\/wp-json\/wp\/v2\/comments?post=138636"}],"version-history":[{"count":0,"href":"https:\/\/franciscanos.org.br\/noticias\/wp-json\/wp\/v2\/posts\/138636\/revisions"}],"wp:featuredmedia":[{"embeddable":true,"href":"https:\/\/franciscanos.org.br\/noticias\/wp-json\/wp\/v2\/media\/201127"}],"wp:attachment":[{"href":"https:\/\/franciscanos.org.br\/noticias\/wp-json\/wp\/v2\/media?parent=138636"}],"wp:term":[{"taxonomy":"category","embeddable":true,"href":"https:\/\/franciscanos.org.br\/noticias\/wp-json\/wp\/v2\/categories?post=138636"},{"taxonomy":"post_tag","embeddable":true,"href":"https:\/\/franciscanos.org.br\/noticias\/wp-json\/wp\/v2\/tags?post=138636"}],"curies":[{"name":"wp","href":"https:\/\/api.w.org\/{rel}","templated":true}]}}