{"id":138571,"date":"2017-07-31T09:01:47","date_gmt":"2017-07-31T12:01:47","guid":{"rendered":"http:\/\/franciscanos.org.br\/?p=138571"},"modified":"2019-02-27T13:03:46","modified_gmt":"2019-02-27T16:03:46","slug":"igreja-de-rodeio-conclui-a-missao-de-paz-e-bem-com-dom-onecimo","status":"publish","type":"post","link":"https:\/\/franciscanos.org.br\/noticias\/igreja-de-rodeio-conclui-a-missao-de-paz-e-bem-com-dom-onecimo.html","title":{"rendered":"Dom On\u00e9cimo: Igreja de Rodeio conclui a Miss\u00e3o de Paz e Bem"},"content":{"rendered":"<p><img loading=\"lazy\" src=\"http:\/\/franciscanos.org.br\/wp-content\/uploads\/2017\/07\/rodeio_310717.jpg\" alt=\"rodeio_310717\" width=\"830\" height=\"372\" \/><\/p>\n<p>Entre os dias 22 e 29 de Julho, a Par\u00f3quia S\u00e3o Francisco de Assis de Rodeio (SC) recebeu a visita pastoral de seu Bispo Diocesano, Dom On\u00e9cimo Alberton (Diocese de Rio do Sul \u2013 SC). Foi mais um belo cap\u00edtulo da centen\u00e1ria presen\u00e7a franciscana nesta cidade que abriga o Noviciado desta Prov\u00edncia da Imaculada Concei\u00e7\u00e3o do Brasil, haja vista que a Igreja Matriz da Par\u00f3quia \u00e9 anexa \u00e0 Fraternidade do Noviciado.<\/p>\n<p>Desde que assumiu a Diocese de Rio do Sul, Dom On\u00e9cimo tem procurado fazer das visitas pastorais um momento forte de evangeliza\u00e7\u00e3o e miss\u00e3o n\u00e3o apenas para conhecer as comunidades, mas principalmente para animar o povo de Deus em sua caminhada de f\u00e9. H\u00e1 alguns meses, toda a Par\u00f3quia vinha se organizando para que este evento tivesse real t\u00f4nica mission\u00e1ria. As lideran\u00e7as paroquiais, juntamente com o P\u00e1roco, Frei Pedro da Silva, pensaram, \u00a0como prepara\u00e7\u00e3o para a Visita Pastoral, que seria interessante uma visita a todas as comunidades da Par\u00f3quia. Os vinte novi\u00e7os e dois frades estudantes de Rondinha, Frei Samuel Santos Soares e Frei Lucas de Moura, somaram for\u00e7as nessa \u00e1rdua empreitada com os mais de cem mission\u00e1rios das pr\u00f3prias comunidades. Mais de mil fam\u00edlias foram visitadas ao longo de todo o m\u00eas de julho. O lema da Visita Pastoral norteou a caminhada dos mission\u00e1rios: <em>Uma Igreja em sa\u00edda levando a mensagem franciscana de Paz e Bem! <\/em><\/p>\n<p>No dia 22 de julho ocorreu a Missa de abertura da Visita Pastoral na Comunidade de Santo Ant\u00f4nio, Bairro Rodeio 12. Depois da intensa prepara\u00e7\u00e3o mission\u00e1ria, toda a cidade estava ansiosa por este momento. Ao longo de toda a semana, Dom On\u00e9cimo e o p\u00e1roco Frei Pedro da Silva visitaram todas as comunidades de Par\u00f3quia. Dom On\u00e9cimo fazia quest\u00e3o de, em toda comunidade, dispor de um tempo para conversar com as lideran\u00e7as e depois celebrar a Missa com o povo. Em todo o lugar que passava gostava de frisar: \u201cN\u00e3o vim aqui para fiscalizar ningu\u00e9m, quero antes, conhec\u00ea-los, e mais, quero ser mensageiro da Paz e no esp\u00edrito franciscano desta Par\u00f3quia, ser mensageiro de Paz e Bem!\u201d. Mesmo diante dos in\u00fameros compromissos da semana, Dom On\u00e9cimo fez quest\u00e3o de visitar alguns doentes e fam\u00edlias carentes da Par\u00f3quia. Reservou, inclusive, a manh\u00e3 de quinta-feira (27) para estar com os novi\u00e7os e partilhou com eles um pouco de suas viv\u00eancias a servi\u00e7o da Igreja. No almo\u00e7o deste mesmo dia, sob reg\u00eancia de Frei Pedro, os novi\u00e7os homenagearam Dom On\u00e9cimo com alguns cantos, este se emocionou, de modo particular, quando os novi\u00e7os cantaram pelos seus 25 anos de vida sacerdotal a serem comemorados em setembro pr\u00f3ximo.<\/p>\n<p><img loading=\"lazy\" src=\"http:\/\/franciscanos.org.br\/wp-content\/uploads\/2017\/07\/rodeio_310717_2.jpg\" alt=\"rodeio_310717_2\" width=\"830\" height=\"553\" \/><\/p>\n<p>O encerramento da Visita Pastoral ocorreu no S\u00e1bado (29\/07), na Igreja Matriz, no centro de Rodeio. Uma Igreja lotada para dar a\u00e7\u00e3o de gra\u00e7as pelos belos momentos vividos neste m\u00eas de julho. Dom On\u00e9cimo agradeceu o carinho e a generosidade demonstrados nesses dias de conviv\u00eancia, agradeceu ao Noviciado Franciscano pela acolhida fraterna e enfatizou a gratid\u00e3o pela presen\u00e7a aben\u00e7oada dos franciscanos e franciscanas nesta cidade e na Diocese de Rio do Sul. Rodeio \u00e9 o ber\u00e7o da Congrega\u00e7\u00e3o das Irm\u00e3s Catequistas Franciscanas que se fazem presente em tr\u00eas comunidades da Par\u00f3quia e exercem um grande trabalho pastoral na Diocese de Rio do Sul. Em alus\u00e3o ao Evangelho do dia, exortou os presentes a serem conscientes do imenso tesouro que Deus concede \u00e0queles que ajudam a construir o seu Reino de Justi\u00e7a e Paz.<\/p>\n<p>Por fim, Frei Pedro agradeceu a presen\u00e7a humilde e fraterna de Dom On\u00e9cimo em nosso meio, agradeceu aos frades da Fraternidade do Noviciado e agradeceu tamb\u00e9m a todas as lideran\u00e7as das comunidades pelo sim generoso em todos os momentos. Encerrou seus agradecimentos instigando o povo na miss\u00e3o que n\u00e3o se acaba aqui, mas que continua: \u201cHoje \u00e9 o oitavo dia da miss\u00e3o, o oitavo dia \u00e9 o dia que o Senhor Ressurge, dia novo, dia de uma miss\u00e3o que se estende pelo longo caminho que ainda temos por percorrer\u201d. E concluiu: \u201cHoje, diante de todos voc\u00eas, com emo\u00e7\u00e3o e gratid\u00e3o, tomo as palavras do salmista, <em>como poderei retribuir ao Senhor Deus por todo o bem que Ele me fez? Bendirei ao Senhor em todo o tempo!\u201d \u00a0<\/em><\/p>\n<p><strong>Texto: Frei Jo\u00e3o Zechinatto e Frei Ant\u00f4nio Sacaputo Maimo<\/strong><\/p>\n<p><strong>Fotos: Frei Willian Bernardi de Castro<\/strong><\/p>\n","protected":false},"excerpt":{"rendered":"<p>Visita Pastoral<\/p>\n","protected":false},"author":1,"featured_media":200745,"comment_status":"open","ping_status":"open","sticky":false,"template":"","format":"standard","meta":[],"categories":[1],"tags":[135],"acf":[],"yoast_head":"<!-- This site is optimized with the Yoast SEO plugin v19.2 - https:\/\/yoast.com\/wordpress\/plugins\/seo\/ -->\n<title>Dom On\u00e9cimo: Igreja de Rodeio conclui a Miss\u00e3o de Paz e Bem - Not\u00edcias - Franciscanos<\/title>\n<meta name=\"robots\" content=\"index, follow, max-snippet:-1, max-image-preview:large, max-video-preview:-1\" \/>\n<link rel=\"canonical\" href=\"https:\/\/franciscanos.org.br\/noticias\/igreja-de-rodeio-conclui-a-missao-de-paz-e-bem-com-dom-onecimo.html\" \/>\n<meta property=\"og:locale\" content=\"pt_BR\" \/>\n<meta property=\"og:type\" content=\"article\" \/>\n<meta property=\"og:title\" content=\"Dom On\u00e9cimo: Igreja de Rodeio conclui a Miss\u00e3o de Paz e Bem - Not\u00edcias - Franciscanos\" \/>\n<meta property=\"og:description\" content=\"Visita Pastoral\" \/>\n<meta property=\"og:url\" content=\"https:\/\/franciscanos.org.br\/noticias\/igreja-de-rodeio-conclui-a-missao-de-paz-e-bem-com-dom-onecimo.html\" \/>\n<meta property=\"og:site_name\" content=\"Not\u00edcias - Franciscanos\" \/>\n<meta property=\"article:published_time\" content=\"2017-07-31T12:01:47+00:00\" \/>\n<meta property=\"article:modified_time\" content=\"2019-02-27T16:03:46+00:00\" \/>\n<meta property=\"og:image\" content=\"https:\/\/franciscanos.org.br\/noticias\/wp-content\/uploads\/2017\/07\/rodeio_310717.jpg\" \/>\n\t<meta property=\"og:image:width\" content=\"273\" \/>\n\t<meta property=\"og:image:height\" content=\"181\" \/>\n\t<meta property=\"og:image:type\" content=\"image\/jpeg\" \/>\n<meta name=\"author\" content=\"admin\" \/>\n<meta name=\"twitter:card\" content=\"summary_large_image\" \/>\n<meta name=\"twitter:label1\" content=\"Escrito por\" \/>\n\t<meta name=\"twitter:data1\" content=\"admin\" \/>\n\t<meta name=\"twitter:label2\" content=\"Est. tempo de leitura\" \/>\n\t<meta name=\"twitter:data2\" content=\"4 minutos\" \/>\n<script type=\"application\/ld+json\" class=\"yoast-schema-graph\">{\"@context\":\"https:\/\/schema.org\",\"@graph\":[{\"@type\":\"WebSite\",\"@id\":\"https:\/\/franciscanos.org.br\/noticias\/#website\",\"url\":\"https:\/\/franciscanos.org.br\/noticias\/\",\"name\":\"Not\u00edcias - Franciscanos\",\"description\":\"Prov\u00edncia Franciscana da Imaculada Concei\u00e7\u00e3o do Brasil - Ordem dos Frades Menores - OFM\",\"potentialAction\":[{\"@type\":\"SearchAction\",\"target\":{\"@type\":\"EntryPoint\",\"urlTemplate\":\"https:\/\/franciscanos.org.br\/noticias\/?s={search_term_string}\"},\"query-input\":\"required name=search_term_string\"}],\"inLanguage\":\"pt-BR\"},{\"@type\":\"ImageObject\",\"inLanguage\":\"pt-BR\",\"@id\":\"https:\/\/franciscanos.org.br\/noticias\/igreja-de-rodeio-conclui-a-missao-de-paz-e-bem-com-dom-onecimo.html#primaryimage\",\"url\":\"https:\/\/franciscanos.org.br\/noticias\/wp-content\/uploads\/2017\/07\/rodeio_310717.jpg\",\"contentUrl\":\"https:\/\/franciscanos.org.br\/noticias\/wp-content\/uploads\/2017\/07\/rodeio_310717.jpg\",\"width\":273,\"height\":181},{\"@type\":\"WebPage\",\"@id\":\"https:\/\/franciscanos.org.br\/noticias\/igreja-de-rodeio-conclui-a-missao-de-paz-e-bem-com-dom-onecimo.html#webpage\",\"url\":\"https:\/\/franciscanos.org.br\/noticias\/igreja-de-rodeio-conclui-a-missao-de-paz-e-bem-com-dom-onecimo.html\",\"name\":\"Dom On\u00e9cimo: Igreja de Rodeio conclui a Miss\u00e3o de Paz e Bem - Not\u00edcias - Franciscanos\",\"isPartOf\":{\"@id\":\"https:\/\/franciscanos.org.br\/noticias\/#website\"},\"primaryImageOfPage\":{\"@id\":\"https:\/\/franciscanos.org.br\/noticias\/igreja-de-rodeio-conclui-a-missao-de-paz-e-bem-com-dom-onecimo.html#primaryimage\"},\"datePublished\":\"2017-07-31T12:01:47+00:00\",\"dateModified\":\"2019-02-27T16:03:46+00:00\",\"author\":{\"@id\":\"https:\/\/franciscanos.org.br\/noticias\/#\/schema\/person\/b38fbf43118f02820bd932f2e4b14ad3\"},\"breadcrumb\":{\"@id\":\"https:\/\/franciscanos.org.br\/noticias\/igreja-de-rodeio-conclui-a-missao-de-paz-e-bem-com-dom-onecimo.html#breadcrumb\"},\"inLanguage\":\"pt-BR\",\"potentialAction\":[{\"@type\":\"ReadAction\",\"target\":[\"https:\/\/franciscanos.org.br\/noticias\/igreja-de-rodeio-conclui-a-missao-de-paz-e-bem-com-dom-onecimo.html\"]}]},{\"@type\":\"BreadcrumbList\",\"@id\":\"https:\/\/franciscanos.org.br\/noticias\/igreja-de-rodeio-conclui-a-missao-de-paz-e-bem-com-dom-onecimo.html#breadcrumb\",\"itemListElement\":[{\"@type\":\"ListItem\",\"position\":1,\"name\":\"Home\",\"item\":\"https:\/\/franciscanos.org.br\/noticias\"},{\"@type\":\"ListItem\",\"position\":2,\"name\":\"Dom On\u00e9cimo: Igreja de Rodeio conclui a Miss\u00e3o de Paz e Bem\"}]},{\"@type\":\"Person\",\"@id\":\"https:\/\/franciscanos.org.br\/noticias\/#\/schema\/person\/b38fbf43118f02820bd932f2e4b14ad3\",\"name\":\"admin\",\"image\":{\"@type\":\"ImageObject\",\"inLanguage\":\"pt-BR\",\"@id\":\"https:\/\/franciscanos.org.br\/noticias\/#\/schema\/person\/image\/\",\"url\":\"https:\/\/secure.gravatar.com\/avatar\/e8495742d34d0ba6448ea1c628263b3e?s=96&d=mm&r=g\",\"contentUrl\":\"https:\/\/secure.gravatar.com\/avatar\/e8495742d34d0ba6448ea1c628263b3e?s=96&d=mm&r=g\",\"caption\":\"admin\"},\"url\":\"https:\/\/franciscanos.org.br\/noticias\/author\/admin\"}]}<\/script>\n<!-- \/ Yoast SEO plugin. -->","yoast_head_json":{"title":"Dom On\u00e9cimo: Igreja de Rodeio conclui a Miss\u00e3o de Paz e Bem - Not\u00edcias - Franciscanos","robots":{"index":"index","follow":"follow","max-snippet":"max-snippet:-1","max-image-preview":"max-image-preview:large","max-video-preview":"max-video-preview:-1"},"canonical":"https:\/\/franciscanos.org.br\/noticias\/igreja-de-rodeio-conclui-a-missao-de-paz-e-bem-com-dom-onecimo.html","og_locale":"pt_BR","og_type":"article","og_title":"Dom On\u00e9cimo: Igreja de Rodeio conclui a Miss\u00e3o de Paz e Bem - Not\u00edcias - Franciscanos","og_description":"Visita Pastoral","og_url":"https:\/\/franciscanos.org.br\/noticias\/igreja-de-rodeio-conclui-a-missao-de-paz-e-bem-com-dom-onecimo.html","og_site_name":"Not\u00edcias - Franciscanos","article_published_time":"2017-07-31T12:01:47+00:00","article_modified_time":"2019-02-27T16:03:46+00:00","og_image":[{"width":273,"height":181,"url":"https:\/\/franciscanos.org.br\/noticias\/wp-content\/uploads\/2017\/07\/rodeio_310717.jpg","type":"image\/jpeg"}],"author":"admin","twitter_card":"summary_large_image","twitter_misc":{"Escrito por":"admin","Est. tempo de leitura":"4 minutos"},"schema":{"@context":"https:\/\/schema.org","@graph":[{"@type":"WebSite","@id":"https:\/\/franciscanos.org.br\/noticias\/#website","url":"https:\/\/franciscanos.org.br\/noticias\/","name":"Not\u00edcias - Franciscanos","description":"Prov\u00edncia Franciscana da Imaculada Concei\u00e7\u00e3o do Brasil - Ordem dos Frades Menores - OFM","potentialAction":[{"@type":"SearchAction","target":{"@type":"EntryPoint","urlTemplate":"https:\/\/franciscanos.org.br\/noticias\/?s={search_term_string}"},"query-input":"required name=search_term_string"}],"inLanguage":"pt-BR"},{"@type":"ImageObject","inLanguage":"pt-BR","@id":"https:\/\/franciscanos.org.br\/noticias\/igreja-de-rodeio-conclui-a-missao-de-paz-e-bem-com-dom-onecimo.html#primaryimage","url":"https:\/\/franciscanos.org.br\/noticias\/wp-content\/uploads\/2017\/07\/rodeio_310717.jpg","contentUrl":"https:\/\/franciscanos.org.br\/noticias\/wp-content\/uploads\/2017\/07\/rodeio_310717.jpg","width":273,"height":181},{"@type":"WebPage","@id":"https:\/\/franciscanos.org.br\/noticias\/igreja-de-rodeio-conclui-a-missao-de-paz-e-bem-com-dom-onecimo.html#webpage","url":"https:\/\/franciscanos.org.br\/noticias\/igreja-de-rodeio-conclui-a-missao-de-paz-e-bem-com-dom-onecimo.html","name":"Dom On\u00e9cimo: Igreja de Rodeio conclui a Miss\u00e3o de Paz e Bem - Not\u00edcias - Franciscanos","isPartOf":{"@id":"https:\/\/franciscanos.org.br\/noticias\/#website"},"primaryImageOfPage":{"@id":"https:\/\/franciscanos.org.br\/noticias\/igreja-de-rodeio-conclui-a-missao-de-paz-e-bem-com-dom-onecimo.html#primaryimage"},"datePublished":"2017-07-31T12:01:47+00:00","dateModified":"2019-02-27T16:03:46+00:00","author":{"@id":"https:\/\/franciscanos.org.br\/noticias\/#\/schema\/person\/b38fbf43118f02820bd932f2e4b14ad3"},"breadcrumb":{"@id":"https:\/\/franciscanos.org.br\/noticias\/igreja-de-rodeio-conclui-a-missao-de-paz-e-bem-com-dom-onecimo.html#breadcrumb"},"inLanguage":"pt-BR","potentialAction":[{"@type":"ReadAction","target":["https:\/\/franciscanos.org.br\/noticias\/igreja-de-rodeio-conclui-a-missao-de-paz-e-bem-com-dom-onecimo.html"]}]},{"@type":"BreadcrumbList","@id":"https:\/\/franciscanos.org.br\/noticias\/igreja-de-rodeio-conclui-a-missao-de-paz-e-bem-com-dom-onecimo.html#breadcrumb","itemListElement":[{"@type":"ListItem","position":1,"name":"Home","item":"https:\/\/franciscanos.org.br\/noticias"},{"@type":"ListItem","position":2,"name":"Dom On\u00e9cimo: Igreja de Rodeio conclui a Miss\u00e3o de Paz e Bem"}]},{"@type":"Person","@id":"https:\/\/franciscanos.org.br\/noticias\/#\/schema\/person\/b38fbf43118f02820bd932f2e4b14ad3","name":"admin","image":{"@type":"ImageObject","inLanguage":"pt-BR","@id":"https:\/\/franciscanos.org.br\/noticias\/#\/schema\/person\/image\/","url":"https:\/\/secure.gravatar.com\/avatar\/e8495742d34d0ba6448ea1c628263b3e?s=96&d=mm&r=g","contentUrl":"https:\/\/secure.gravatar.com\/avatar\/e8495742d34d0ba6448ea1c628263b3e?s=96&d=mm&r=g","caption":"admin"},"url":"https:\/\/franciscanos.org.br\/noticias\/author\/admin"}]}},"_links":{"self":[{"href":"https:\/\/franciscanos.org.br\/noticias\/wp-json\/wp\/v2\/posts\/138571"}],"collection":[{"href":"https:\/\/franciscanos.org.br\/noticias\/wp-json\/wp\/v2\/posts"}],"about":[{"href":"https:\/\/franciscanos.org.br\/noticias\/wp-json\/wp\/v2\/types\/post"}],"author":[{"embeddable":true,"href":"https:\/\/franciscanos.org.br\/noticias\/wp-json\/wp\/v2\/users\/1"}],"replies":[{"embeddable":true,"href":"https:\/\/franciscanos.org.br\/noticias\/wp-json\/wp\/v2\/comments?post=138571"}],"version-history":[{"count":0,"href":"https:\/\/franciscanos.org.br\/noticias\/wp-json\/wp\/v2\/posts\/138571\/revisions"}],"wp:featuredmedia":[{"embeddable":true,"href":"https:\/\/franciscanos.org.br\/noticias\/wp-json\/wp\/v2\/media\/200745"}],"wp:attachment":[{"href":"https:\/\/franciscanos.org.br\/noticias\/wp-json\/wp\/v2\/media?parent=138571"}],"wp:term":[{"taxonomy":"category","embeddable":true,"href":"https:\/\/franciscanos.org.br\/noticias\/wp-json\/wp\/v2\/categories?post=138571"},{"taxonomy":"post_tag","embeddable":true,"href":"https:\/\/franciscanos.org.br\/noticias\/wp-json\/wp\/v2\/tags?post=138571"}],"curies":[{"name":"wp","href":"https:\/\/api.w.org\/{rel}","templated":true}]}}