{"id":138483,"date":"2017-07-28T10:43:16","date_gmt":"2017-07-28T13:43:16","guid":{"rendered":"http:\/\/franciscanos.org.br\/?p=138483"},"modified":"2019-01-28T08:22:43","modified_gmt":"2019-01-28T10:22:43","slug":"jesuitas-divulgam-nota-sobre-o-cenario-politico-e-economico","status":"publish","type":"post","link":"https:\/\/franciscanos.org.br\/noticias\/jesuitas-divulgam-nota-sobre-o-cenario-politico-e-economico.html","title":{"rendered":"Jesu\u00edtas divulgam nota sobre o cen\u00e1rio pol\u00edtico e econ\u00f4mico"},"content":{"rendered":"<p><img loading=\"lazy\" src=\"http:\/\/franciscanos.org.br\/wp-content\/uploads\/2017\/07\/sj_280717.jpg\" alt=\"sj_280717\" width=\"830\" height=\"400\" \/><\/p>\n<p><strong>S\u00e3o Paulo (SP) &#8211;<\/strong> Nesta quinta-feira (27), os jesu\u00edtas do Brasil, reunidos em sua Assembleia Anual, divulgaram uma nota manifestando preocupa\u00e7\u00e3o com o momento pol\u00edtico, econ\u00f4mico e social do Brasil. No texto, eles afirmam que\u00a0as Reformas Trabalhista e da Previd\u00eancia carecem de legitimidade, pois n\u00e3o levaram em conta a opini\u00e3o p\u00fablica.<\/p>\n<p>Os religiosos tamb\u00e9m demonstram preocupa\u00e7\u00e3o com o aumento da viol\u00eancia no campo e a criminaliza\u00e7\u00e3o dos movimentos sociais e recordaram as palavras do Papa Francisco na Exorta\u00e7\u00e3o\u00a0<em>Evangelii Gaudium<\/em>.<\/p>\n<p>Leia na \u00edntegra:<\/p>\n<p><strong>NOTA DOS JESU\u00cdTAS NA II\u00aa ASSEMBLEIA DA PROV\u00cdNCIA DO BRASIL<\/strong><br \/>\n\u201cQuero<em> ver o direito brotar como fonte\u00a0<\/em><em>\u00a0e correr a justi\u00e7a qual riacho que n\u00e3o seca\u201d (Am 5, 24).<\/em><\/p>\n<p>N\u00f3s, mais de trezentos jesu\u00edtas do Brasil, reunidos em Assembleia Nacional de 25 a 27 de julho de 2017, para celebrar os tr\u00eas anos de caminhada da nova Prov\u00edncia do Brasil, n\u00e3o podemos deixar de manifestar nossa preocupa\u00e7\u00e3o e at\u00e9 nossa indigna\u00e7\u00e3o diante da maneira como as classes dominantes conduzem as crises econ\u00f4mica, social e pol\u00edtica que assolam o pa\u00eds e afetam a popula\u00e7\u00e3o brasileira, sobretudo os mais empobrecidos. A corrup\u00e7\u00e3o e a promiscuidade entre interesses p\u00fablicos e privados nas esferas dos poderes institu\u00eddos escandalizam a maioria do povo brasileiro e tiram legitimidade aos poderes executivo e legislativo. Nem sempre o judici\u00e1rio escapa de parcialidade.<\/p>\n<p>A desigualdade socioecon\u00f4mica, nestes \u00faltimos anos, agravou-se significativamente. Al\u00e9m dos 14 milh\u00f5es de desempregados, pelo menos 10 milh\u00f5es de trabalhadores ficam subempregados ou desistem de procurar trabalho. Muita gente, que tinha sa\u00eddo da mis\u00e9ria e da pobreza, est\u00e1 voltando \u00e0 assist\u00eancia social. O recrudescimento da desigualdade produz mais viol\u00eancia de todos os tipos na sociedade, contra a pessoa e a vida, contra as fam\u00edlias, tr\u00e1fico de drogas e outros neg\u00f3cios il\u00edcitos, excessos no uso da for\u00e7a policial, corrup\u00e7\u00e3o, sonega\u00e7\u00e3o fiscal, malversa\u00e7\u00e3o dos bens p\u00fablicos, abuso do poder econ\u00f4mico e pol\u00edtico, poder manipulador dos meios de comunica\u00e7\u00e3o social e crimes ambientais.<\/p>\n<p>A idolatria do dinheiro, de acordo com o Papa Francisco, d\u00e1 primazia ao mercado, tanto em detrimento da pessoa humana como em detrimento do trabalho (cf. Evangelii Gaudium, 53-57). N\u00e3o \u00e9 justo submeter o Estado ao mercado, em nome da retomada do desenvolvimento. Quando \u00e9 o mercado que governa, o Estado torna-se fraco e acaba submetido a uma perversa l\u00f3gica do capital financeiro. Como nos adverte o Papa Francisco, \u201co dinheiro \u00e9 para servir e n\u00e3o para governar\u201d (Evangelii Gaudium 58).<\/p>\n<p>No esfor\u00e7o de supera\u00e7\u00e3o do grave momento atual s\u00e3o necess\u00e1rias reformas, que se legitimam quando obedecem \u00e0 l\u00f3gica do di\u00e1logo com toda a sociedade, tendo em vista o bem comum. Por essa raz\u00e3o, as Reformas Trabalhista e da Previd\u00eancia, como foram encaminhadas ao Congresso, carecem de legitimidade. Outras propostas em tramita\u00e7\u00e3o no Congresso, n\u00e3o poucas vezes por medidas provis\u00f3rias, como a \u201clibera\u00e7\u00e3o\u201d do desmatamento, a \u201clegaliza\u00e7\u00e3o\u201d da grilagem de terras urbanas e rurais, a mercantiliza\u00e7\u00e3o de terras para corpora\u00e7\u00f5es estrangeiras e a \u201coutorga\u201d das terras ind\u00edgenas e quilombolas ao agroneg\u00f3cio, s\u00e3o afrontas \u00e0 Constitui\u00e7\u00e3o Federal que garante direitos e cidadania para todos. Os ajustes desse (des)governo para atender ao mercado, assim como o dom\u00ednio do agroneg\u00f3cio, explicitado na CPI da Funai e do Incra, abrem espa\u00e7o para mais viol\u00eancia e mortes no campo e nas cidades, como noticiado nestes \u00faltimos tempos. Os movimentos sociais e populares, como tamb\u00e9m institui\u00e7\u00f5es que lutam em prol das popula\u00e7\u00f5es exclu\u00eddas, est\u00e3o sendo criminalizados e falsamente denunciados.<\/p>\n<p>Essa situa\u00e7\u00e3o interpela hoje a miss\u00e3o dos jesu\u00edtas no Brasil. Comprometemo-nos a manter nossa presen\u00e7a junto aos mais empobrecidos e exclu\u00eddos, como tamb\u00e9m, pela an\u00e1lise das causas da persistente situa\u00e7\u00e3o de desigualdade e de explora\u00e7\u00e3o desordenada da natureza, contribuir para a supera\u00e7\u00e3o do abismo da desigualdade socioambiental, em solidariedade \u00e0 esperan\u00e7a do povo. Sentimo-nos chamados a manter-nos fieis ao Evangelho, que nos impulsiona a reconhecer e a denunciar as injusti\u00e7as estruturais e hist\u00f3ricas, sobretudo a grande d\u00edvida social em rela\u00e7\u00e3o aos mais fracos e vulner\u00e1veis. Na esperan\u00e7a teimosa em dias melhores queremos colaborar na constru\u00e7\u00e3o de um Brasil justo.<\/p>\n<p><em>Itaici, Indaiatuba\/SP, 27 de julho de 2017.<\/em><\/p>\n","protected":false},"excerpt":{"rendered":"<p>Igreja no Brasil<\/p>\n","protected":false},"author":1,"featured_media":196999,"comment_status":"open","ping_status":"open","sticky":false,"template":"","format":"standard","meta":[],"categories":[1],"tags":[1302],"acf":[],"yoast_head":"<!-- This site is optimized with the Yoast SEO plugin v19.2 - https:\/\/yoast.com\/wordpress\/plugins\/seo\/ -->\n<title>Jesu\u00edtas divulgam nota sobre o cen\u00e1rio pol\u00edtico e econ\u00f4mico - Not\u00edcias - Franciscanos<\/title>\n<meta name=\"robots\" content=\"index, follow, max-snippet:-1, max-image-preview:large, max-video-preview:-1\" \/>\n<link rel=\"canonical\" href=\"https:\/\/franciscanos.org.br\/noticias\/jesuitas-divulgam-nota-sobre-o-cenario-politico-e-economico.html\" \/>\n<meta property=\"og:locale\" content=\"pt_BR\" \/>\n<meta property=\"og:type\" content=\"article\" \/>\n<meta property=\"og:title\" content=\"Jesu\u00edtas divulgam nota sobre o cen\u00e1rio pol\u00edtico e econ\u00f4mico - Not\u00edcias - Franciscanos\" \/>\n<meta property=\"og:description\" content=\"Igreja no Brasil\" \/>\n<meta property=\"og:url\" content=\"https:\/\/franciscanos.org.br\/noticias\/jesuitas-divulgam-nota-sobre-o-cenario-politico-e-economico.html\" \/>\n<meta property=\"og:site_name\" content=\"Not\u00edcias - Franciscanos\" \/>\n<meta property=\"article:published_time\" content=\"2017-07-28T13:43:16+00:00\" \/>\n<meta property=\"article:modified_time\" content=\"2019-01-28T10:22:43+00:00\" \/>\n<meta property=\"og:image\" content=\"https:\/\/franciscanos.org.br\/noticias\/wp-content\/uploads\/2017\/07\/sj_280717d.jpg\" \/>\n\t<meta property=\"og:image:width\" content=\"273\" \/>\n\t<meta property=\"og:image:height\" content=\"181\" \/>\n\t<meta property=\"og:image:type\" content=\"image\/jpeg\" \/>\n<meta name=\"author\" content=\"admin\" \/>\n<meta name=\"twitter:card\" content=\"summary_large_image\" \/>\n<meta name=\"twitter:label1\" content=\"Escrito por\" \/>\n\t<meta name=\"twitter:data1\" content=\"admin\" \/>\n\t<meta name=\"twitter:label2\" content=\"Est. tempo de leitura\" \/>\n\t<meta name=\"twitter:data2\" content=\"4 minutos\" \/>\n<script type=\"application\/ld+json\" class=\"yoast-schema-graph\">{\"@context\":\"https:\/\/schema.org\",\"@graph\":[{\"@type\":\"WebSite\",\"@id\":\"https:\/\/franciscanos.org.br\/noticias\/#website\",\"url\":\"https:\/\/franciscanos.org.br\/noticias\/\",\"name\":\"Not\u00edcias - Franciscanos\",\"description\":\"Prov\u00edncia Franciscana da Imaculada Concei\u00e7\u00e3o do Brasil - Ordem dos Frades Menores - OFM\",\"potentialAction\":[{\"@type\":\"SearchAction\",\"target\":{\"@type\":\"EntryPoint\",\"urlTemplate\":\"https:\/\/franciscanos.org.br\/noticias\/?s={search_term_string}\"},\"query-input\":\"required name=search_term_string\"}],\"inLanguage\":\"pt-BR\"},{\"@type\":\"ImageObject\",\"inLanguage\":\"pt-BR\",\"@id\":\"https:\/\/franciscanos.org.br\/noticias\/jesuitas-divulgam-nota-sobre-o-cenario-politico-e-economico.html#primaryimage\",\"url\":\"https:\/\/franciscanos.org.br\/noticias\/wp-content\/uploads\/2017\/07\/sj_280717d.jpg\",\"contentUrl\":\"https:\/\/franciscanos.org.br\/noticias\/wp-content\/uploads\/2017\/07\/sj_280717d.jpg\",\"width\":273,\"height\":181},{\"@type\":\"WebPage\",\"@id\":\"https:\/\/franciscanos.org.br\/noticias\/jesuitas-divulgam-nota-sobre-o-cenario-politico-e-economico.html#webpage\",\"url\":\"https:\/\/franciscanos.org.br\/noticias\/jesuitas-divulgam-nota-sobre-o-cenario-politico-e-economico.html\",\"name\":\"Jesu\u00edtas divulgam nota sobre o cen\u00e1rio pol\u00edtico e econ\u00f4mico - Not\u00edcias - Franciscanos\",\"isPartOf\":{\"@id\":\"https:\/\/franciscanos.org.br\/noticias\/#website\"},\"primaryImageOfPage\":{\"@id\":\"https:\/\/franciscanos.org.br\/noticias\/jesuitas-divulgam-nota-sobre-o-cenario-politico-e-economico.html#primaryimage\"},\"datePublished\":\"2017-07-28T13:43:16+00:00\",\"dateModified\":\"2019-01-28T10:22:43+00:00\",\"author\":{\"@id\":\"https:\/\/franciscanos.org.br\/noticias\/#\/schema\/person\/b38fbf43118f02820bd932f2e4b14ad3\"},\"breadcrumb\":{\"@id\":\"https:\/\/franciscanos.org.br\/noticias\/jesuitas-divulgam-nota-sobre-o-cenario-politico-e-economico.html#breadcrumb\"},\"inLanguage\":\"pt-BR\",\"potentialAction\":[{\"@type\":\"ReadAction\",\"target\":[\"https:\/\/franciscanos.org.br\/noticias\/jesuitas-divulgam-nota-sobre-o-cenario-politico-e-economico.html\"]}]},{\"@type\":\"BreadcrumbList\",\"@id\":\"https:\/\/franciscanos.org.br\/noticias\/jesuitas-divulgam-nota-sobre-o-cenario-politico-e-economico.html#breadcrumb\",\"itemListElement\":[{\"@type\":\"ListItem\",\"position\":1,\"name\":\"Home\",\"item\":\"https:\/\/franciscanos.org.br\/noticias\"},{\"@type\":\"ListItem\",\"position\":2,\"name\":\"Jesu\u00edtas divulgam nota sobre o cen\u00e1rio pol\u00edtico e econ\u00f4mico\"}]},{\"@type\":\"Person\",\"@id\":\"https:\/\/franciscanos.org.br\/noticias\/#\/schema\/person\/b38fbf43118f02820bd932f2e4b14ad3\",\"name\":\"admin\",\"image\":{\"@type\":\"ImageObject\",\"inLanguage\":\"pt-BR\",\"@id\":\"https:\/\/franciscanos.org.br\/noticias\/#\/schema\/person\/image\/\",\"url\":\"https:\/\/secure.gravatar.com\/avatar\/e8495742d34d0ba6448ea1c628263b3e?s=96&d=mm&r=g\",\"contentUrl\":\"https:\/\/secure.gravatar.com\/avatar\/e8495742d34d0ba6448ea1c628263b3e?s=96&d=mm&r=g\",\"caption\":\"admin\"},\"url\":\"https:\/\/franciscanos.org.br\/noticias\/author\/admin\"}]}<\/script>\n<!-- \/ Yoast SEO plugin. -->","yoast_head_json":{"title":"Jesu\u00edtas divulgam nota sobre o cen\u00e1rio pol\u00edtico e econ\u00f4mico - Not\u00edcias - Franciscanos","robots":{"index":"index","follow":"follow","max-snippet":"max-snippet:-1","max-image-preview":"max-image-preview:large","max-video-preview":"max-video-preview:-1"},"canonical":"https:\/\/franciscanos.org.br\/noticias\/jesuitas-divulgam-nota-sobre-o-cenario-politico-e-economico.html","og_locale":"pt_BR","og_type":"article","og_title":"Jesu\u00edtas divulgam nota sobre o cen\u00e1rio pol\u00edtico e econ\u00f4mico - Not\u00edcias - Franciscanos","og_description":"Igreja no Brasil","og_url":"https:\/\/franciscanos.org.br\/noticias\/jesuitas-divulgam-nota-sobre-o-cenario-politico-e-economico.html","og_site_name":"Not\u00edcias - Franciscanos","article_published_time":"2017-07-28T13:43:16+00:00","article_modified_time":"2019-01-28T10:22:43+00:00","og_image":[{"width":273,"height":181,"url":"https:\/\/franciscanos.org.br\/noticias\/wp-content\/uploads\/2017\/07\/sj_280717d.jpg","type":"image\/jpeg"}],"author":"admin","twitter_card":"summary_large_image","twitter_misc":{"Escrito por":"admin","Est. tempo de leitura":"4 minutos"},"schema":{"@context":"https:\/\/schema.org","@graph":[{"@type":"WebSite","@id":"https:\/\/franciscanos.org.br\/noticias\/#website","url":"https:\/\/franciscanos.org.br\/noticias\/","name":"Not\u00edcias - Franciscanos","description":"Prov\u00edncia Franciscana da Imaculada Concei\u00e7\u00e3o do Brasil - Ordem dos Frades Menores - OFM","potentialAction":[{"@type":"SearchAction","target":{"@type":"EntryPoint","urlTemplate":"https:\/\/franciscanos.org.br\/noticias\/?s={search_term_string}"},"query-input":"required name=search_term_string"}],"inLanguage":"pt-BR"},{"@type":"ImageObject","inLanguage":"pt-BR","@id":"https:\/\/franciscanos.org.br\/noticias\/jesuitas-divulgam-nota-sobre-o-cenario-politico-e-economico.html#primaryimage","url":"https:\/\/franciscanos.org.br\/noticias\/wp-content\/uploads\/2017\/07\/sj_280717d.jpg","contentUrl":"https:\/\/franciscanos.org.br\/noticias\/wp-content\/uploads\/2017\/07\/sj_280717d.jpg","width":273,"height":181},{"@type":"WebPage","@id":"https:\/\/franciscanos.org.br\/noticias\/jesuitas-divulgam-nota-sobre-o-cenario-politico-e-economico.html#webpage","url":"https:\/\/franciscanos.org.br\/noticias\/jesuitas-divulgam-nota-sobre-o-cenario-politico-e-economico.html","name":"Jesu\u00edtas divulgam nota sobre o cen\u00e1rio pol\u00edtico e econ\u00f4mico - Not\u00edcias - Franciscanos","isPartOf":{"@id":"https:\/\/franciscanos.org.br\/noticias\/#website"},"primaryImageOfPage":{"@id":"https:\/\/franciscanos.org.br\/noticias\/jesuitas-divulgam-nota-sobre-o-cenario-politico-e-economico.html#primaryimage"},"datePublished":"2017-07-28T13:43:16+00:00","dateModified":"2019-01-28T10:22:43+00:00","author":{"@id":"https:\/\/franciscanos.org.br\/noticias\/#\/schema\/person\/b38fbf43118f02820bd932f2e4b14ad3"},"breadcrumb":{"@id":"https:\/\/franciscanos.org.br\/noticias\/jesuitas-divulgam-nota-sobre-o-cenario-politico-e-economico.html#breadcrumb"},"inLanguage":"pt-BR","potentialAction":[{"@type":"ReadAction","target":["https:\/\/franciscanos.org.br\/noticias\/jesuitas-divulgam-nota-sobre-o-cenario-politico-e-economico.html"]}]},{"@type":"BreadcrumbList","@id":"https:\/\/franciscanos.org.br\/noticias\/jesuitas-divulgam-nota-sobre-o-cenario-politico-e-economico.html#breadcrumb","itemListElement":[{"@type":"ListItem","position":1,"name":"Home","item":"https:\/\/franciscanos.org.br\/noticias"},{"@type":"ListItem","position":2,"name":"Jesu\u00edtas divulgam nota sobre o cen\u00e1rio pol\u00edtico e econ\u00f4mico"}]},{"@type":"Person","@id":"https:\/\/franciscanos.org.br\/noticias\/#\/schema\/person\/b38fbf43118f02820bd932f2e4b14ad3","name":"admin","image":{"@type":"ImageObject","inLanguage":"pt-BR","@id":"https:\/\/franciscanos.org.br\/noticias\/#\/schema\/person\/image\/","url":"https:\/\/secure.gravatar.com\/avatar\/e8495742d34d0ba6448ea1c628263b3e?s=96&d=mm&r=g","contentUrl":"https:\/\/secure.gravatar.com\/avatar\/e8495742d34d0ba6448ea1c628263b3e?s=96&d=mm&r=g","caption":"admin"},"url":"https:\/\/franciscanos.org.br\/noticias\/author\/admin"}]}},"_links":{"self":[{"href":"https:\/\/franciscanos.org.br\/noticias\/wp-json\/wp\/v2\/posts\/138483"}],"collection":[{"href":"https:\/\/franciscanos.org.br\/noticias\/wp-json\/wp\/v2\/posts"}],"about":[{"href":"https:\/\/franciscanos.org.br\/noticias\/wp-json\/wp\/v2\/types\/post"}],"author":[{"embeddable":true,"href":"https:\/\/franciscanos.org.br\/noticias\/wp-json\/wp\/v2\/users\/1"}],"replies":[{"embeddable":true,"href":"https:\/\/franciscanos.org.br\/noticias\/wp-json\/wp\/v2\/comments?post=138483"}],"version-history":[{"count":0,"href":"https:\/\/franciscanos.org.br\/noticias\/wp-json\/wp\/v2\/posts\/138483\/revisions"}],"wp:featuredmedia":[{"embeddable":true,"href":"https:\/\/franciscanos.org.br\/noticias\/wp-json\/wp\/v2\/media\/196999"}],"wp:attachment":[{"href":"https:\/\/franciscanos.org.br\/noticias\/wp-json\/wp\/v2\/media?parent=138483"}],"wp:term":[{"taxonomy":"category","embeddable":true,"href":"https:\/\/franciscanos.org.br\/noticias\/wp-json\/wp\/v2\/categories?post=138483"},{"taxonomy":"post_tag","embeddable":true,"href":"https:\/\/franciscanos.org.br\/noticias\/wp-json\/wp\/v2\/tags?post=138483"}],"curies":[{"name":"wp","href":"https:\/\/api.w.org\/{rel}","templated":true}]}}