{"id":138285,"date":"2017-07-27T07:41:19","date_gmt":"2017-07-27T10:41:19","guid":{"rendered":"http:\/\/franciscanos.org.br\/?p=138285"},"modified":"2019-03-01T12:48:03","modified_gmt":"2019-03-01T15:48:03","slug":"dom-bosco-levar-o-tema-da-familia-como-luz-para-a-sociedade","status":"publish","type":"post","link":"https:\/\/franciscanos.org.br\/noticias\/dom-bosco-levar-o-tema-da-familia-como-luz-para-a-sociedade.html","title":{"rendered":"Dom Bosco: levar o tema da fam\u00edlia como luz para a sociedade"},"content":{"rendered":"<p><img loading=\"lazy\" src=\"http:\/\/franciscanos.org.br\/wp-content\/uploads\/2017\/07\/bosco_270717.jpg\" alt=\"bosco_270717\" width=\"820\" height=\"439\" \/><\/p>\n<p>De 13 a 19 de agosto, a Igreja no Brasil celebra a Semana Nacional da Fam\u00edlia, que este ano tem como tema \u201cFam\u00edlia, uma luz para a vida em sociedade\u201d. De acordo com o bispo de Osasco e presidente da Comiss\u00e3o para a Vida e a Fam\u00edlia, Dom Jo\u00e3o Bosco Barbosa de Sousa, este ser\u00e1 um momento de \u201colhar para esse dom de Deus que \u00e9 a fam\u00edlia\u201d.<\/p>\n<p>A inten\u00e7\u00e3o \u00e9 que a Semana Nacional da Fam\u00edlia seja um momento de aprofundar as grandes quest\u00f5es que envolvem a fam\u00edlia no mundo de hoje. Dom Jo\u00e3o Bosco ressalta que a prepara\u00e7\u00e3o e a celebra\u00e7\u00e3o da Semana Nacional da Fam\u00edlia v\u00e3o al\u00e9m do \u00e2mbito dos grupos paroquiais que se dedicam \u00e0 fam\u00edlia: \u201cO papa Francisco pediu para que todas as comunidades se envolvessem com a fam\u00edlia, fizessem dela o centro da a\u00e7\u00e3o evangelizadora, ent\u00e3o o melhor jeito da gente se preparar \u00e9 aproximando os nossos grupos, as nossas pastorais, os nossos sacerdotes, di\u00e1conos, todos os agentes da Igreja. N\u00e3o para que fique s\u00f3 na igreja, mas para que possa levar o tema da fam\u00edlia como luz para a sociedade\u201d.<\/p>\n<p>Para animar este momento de valoriza\u00e7\u00e3o da institui\u00e7\u00e3o familiar, a Pastoral Familiar prop\u00f5e como subs\u00eddio o livreto \u201cHora da Fam\u00edlia\u201d. Editado anualmente, o material apresenta reflex\u00f5es sobre temas relacionados \u00e0 vida em fam\u00edlia e \u00e0 atua\u00e7\u00e3o da Pastoral Familiar. Neste ano, o subs\u00eddio tem como tema \u201cFam\u00edlia, uma luz para a vida em sociedade\u201d e est\u00e1 em sintonia com o impulso da Igreja no Brasil para que seja percebida a import\u00e2ncia das a\u00e7\u00f5es dos crist\u00e3os leigos e leigas na sociedade. O material prop\u00f5e os sete encontros da Semana Nacional da Fam\u00edlia, Leitura Orante da Palavra e celebra\u00e7\u00f5es em fam\u00edlia.<br \/>\nHora da Fam\u00edlia: Fam\u00edlia, uma Luz para a Vida em Sociedade<br \/>\nO assessor da Comiss\u00e3o para a Vida e a Fam\u00edlia, padre Jorge Alves Filho afirma que j\u00e1 foram vendidos 275 mil exemplares. Questionado sobre o que esse n\u00famero representa, ele \u00e9 enf\u00e1tico. \u201cEm geral ficamos a cada ano em torno deste n\u00famero de tiragem, mas isso significa para n\u00f3s que as fam\u00edlias est\u00e3o sedentas de refletirem sobre o tema, por isso, as comunidades eclesiais, as par\u00f3quias, os movimentos, aqueles encontros que trabalham com fam\u00edlia e servi\u00e7os fazem essa aquisi\u00e7\u00e3o para justamente proporcionar para elas, e para as comunidades eclesiais a reflex\u00e3o sobre o ser fam\u00edlia\u201d, garante.<\/p>\n<p>Viv\u00eancia<\/p>\n<p>Para vivenciar a Semana Nacional da Fam\u00edlia, padre Jorge comenta algumas a\u00e7\u00f5es que podem ser feitas pelas comunidades e grupos durante o per\u00edodo. \u201cAs comunidades de f\u00e9 t\u00eam se preparado e s\u00e3o v\u00e1rias as oportunidades e criatividades. Em geral, se faz os c\u00edrculos b\u00edblicos como acontece em alguns lugares, mas tamb\u00e9m o nosso subs\u00eddio ele n\u00e3o se encerra no dia 19 de agosto. \u00c9 um subs\u00eddio que voc\u00ea tem para usar durante o ano, como um material da fam\u00edlia, por isso, tamb\u00e9m n\u00f3s orientamos as pessoas a usarem aqueles temas que tem, s\u00e3o sete encontros, para fazerem a reflex\u00e3o em casa, na catequese. O subs\u00eddio est\u00e1 a\u00ed, ele n\u00e3o se encerra, ele \u00e9 sempre atual e \u00e9 uma possibilidade de n\u00f3s refletirmos sobre a fam\u00edlia e sobre esta voca\u00e7\u00e3o e miss\u00e3o que a fam\u00edlia tem\u201d.<\/p>\n<p>O \u201cHora da Fam\u00edlia\u201d \u00e9 distribu\u00eddo pela Secretaria Executiva Nacional da Pastoral Familiar (Secren). Encomendas podem ser feitas pela Loja virtual: www.lojacnpf.org.br, pelo telefone: (61) 3443-2900 ou ainda pelo e-mail vendas@cnpf.org.br. O material tamb\u00e9m \u00e9 distribu\u00eddo pelos casais coordenadores e agentes da Pastoral Familiar nos regionais e dioceses.<\/p>\n<p><em>Fonte: site da CNBB<\/em><\/p>\n","protected":false},"excerpt":{"rendered":"<p>CNBB<\/p>\n","protected":false},"author":1,"featured_media":200899,"comment_status":"open","ping_status":"open","sticky":false,"template":"","format":"standard","meta":[],"categories":[1],"tags":[29,1391],"acf":[],"yoast_head":"<!-- This site is optimized with the Yoast SEO plugin v19.2 - https:\/\/yoast.com\/wordpress\/plugins\/seo\/ -->\n<title>Dom Bosco: levar o tema da fam\u00edlia como luz para a sociedade - Not\u00edcias - Franciscanos<\/title>\n<meta name=\"robots\" content=\"index, follow, max-snippet:-1, max-image-preview:large, max-video-preview:-1\" \/>\n<link rel=\"canonical\" href=\"https:\/\/franciscanos.org.br\/noticias\/dom-bosco-levar-o-tema-da-familia-como-luz-para-a-sociedade.html\" \/>\n<meta property=\"og:locale\" content=\"pt_BR\" \/>\n<meta property=\"og:type\" content=\"article\" \/>\n<meta property=\"og:title\" content=\"Dom Bosco: levar o tema da fam\u00edlia como luz para a sociedade - Not\u00edcias - Franciscanos\" \/>\n<meta property=\"og:description\" content=\"CNBB\" \/>\n<meta property=\"og:url\" content=\"https:\/\/franciscanos.org.br\/noticias\/dom-bosco-levar-o-tema-da-familia-como-luz-para-a-sociedade.html\" \/>\n<meta property=\"og:site_name\" content=\"Not\u00edcias - Franciscanos\" \/>\n<meta property=\"article:published_time\" content=\"2017-07-27T10:41:19+00:00\" \/>\n<meta property=\"article:modified_time\" content=\"2019-03-01T15:48:03+00:00\" \/>\n<meta property=\"og:image\" content=\"https:\/\/franciscanos.org.br\/noticias\/wp-content\/uploads\/2017\/07\/bosco_270717.jpg\" \/>\n\t<meta property=\"og:image:width\" content=\"273\" \/>\n\t<meta property=\"og:image:height\" content=\"181\" \/>\n\t<meta property=\"og:image:type\" content=\"image\/jpeg\" \/>\n<meta name=\"author\" content=\"admin\" \/>\n<meta name=\"twitter:card\" content=\"summary_large_image\" \/>\n<meta name=\"twitter:label1\" content=\"Escrito por\" \/>\n\t<meta name=\"twitter:data1\" content=\"admin\" \/>\n\t<meta name=\"twitter:label2\" content=\"Est. tempo de leitura\" \/>\n\t<meta name=\"twitter:data2\" content=\"3 minutos\" \/>\n<script type=\"application\/ld+json\" class=\"yoast-schema-graph\">{\"@context\":\"https:\/\/schema.org\",\"@graph\":[{\"@type\":\"WebSite\",\"@id\":\"https:\/\/franciscanos.org.br\/noticias\/#website\",\"url\":\"https:\/\/franciscanos.org.br\/noticias\/\",\"name\":\"Not\u00edcias - Franciscanos\",\"description\":\"Prov\u00edncia Franciscana da Imaculada Concei\u00e7\u00e3o do Brasil - Ordem dos Frades Menores - OFM\",\"potentialAction\":[{\"@type\":\"SearchAction\",\"target\":{\"@type\":\"EntryPoint\",\"urlTemplate\":\"https:\/\/franciscanos.org.br\/noticias\/?s={search_term_string}\"},\"query-input\":\"required name=search_term_string\"}],\"inLanguage\":\"pt-BR\"},{\"@type\":\"ImageObject\",\"inLanguage\":\"pt-BR\",\"@id\":\"https:\/\/franciscanos.org.br\/noticias\/dom-bosco-levar-o-tema-da-familia-como-luz-para-a-sociedade.html#primaryimage\",\"url\":\"https:\/\/franciscanos.org.br\/noticias\/wp-content\/uploads\/2017\/07\/bosco_270717.jpg\",\"contentUrl\":\"https:\/\/franciscanos.org.br\/noticias\/wp-content\/uploads\/2017\/07\/bosco_270717.jpg\",\"width\":273,\"height\":181},{\"@type\":\"WebPage\",\"@id\":\"https:\/\/franciscanos.org.br\/noticias\/dom-bosco-levar-o-tema-da-familia-como-luz-para-a-sociedade.html#webpage\",\"url\":\"https:\/\/franciscanos.org.br\/noticias\/dom-bosco-levar-o-tema-da-familia-como-luz-para-a-sociedade.html\",\"name\":\"Dom Bosco: levar o tema da fam\u00edlia como luz para a sociedade - Not\u00edcias - Franciscanos\",\"isPartOf\":{\"@id\":\"https:\/\/franciscanos.org.br\/noticias\/#website\"},\"primaryImageOfPage\":{\"@id\":\"https:\/\/franciscanos.org.br\/noticias\/dom-bosco-levar-o-tema-da-familia-como-luz-para-a-sociedade.html#primaryimage\"},\"datePublished\":\"2017-07-27T10:41:19+00:00\",\"dateModified\":\"2019-03-01T15:48:03+00:00\",\"author\":{\"@id\":\"https:\/\/franciscanos.org.br\/noticias\/#\/schema\/person\/b38fbf43118f02820bd932f2e4b14ad3\"},\"breadcrumb\":{\"@id\":\"https:\/\/franciscanos.org.br\/noticias\/dom-bosco-levar-o-tema-da-familia-como-luz-para-a-sociedade.html#breadcrumb\"},\"inLanguage\":\"pt-BR\",\"potentialAction\":[{\"@type\":\"ReadAction\",\"target\":[\"https:\/\/franciscanos.org.br\/noticias\/dom-bosco-levar-o-tema-da-familia-como-luz-para-a-sociedade.html\"]}]},{\"@type\":\"BreadcrumbList\",\"@id\":\"https:\/\/franciscanos.org.br\/noticias\/dom-bosco-levar-o-tema-da-familia-como-luz-para-a-sociedade.html#breadcrumb\",\"itemListElement\":[{\"@type\":\"ListItem\",\"position\":1,\"name\":\"Home\",\"item\":\"https:\/\/franciscanos.org.br\/noticias\"},{\"@type\":\"ListItem\",\"position\":2,\"name\":\"Dom Bosco: levar o tema da fam\u00edlia como luz para a sociedade\"}]},{\"@type\":\"Person\",\"@id\":\"https:\/\/franciscanos.org.br\/noticias\/#\/schema\/person\/b38fbf43118f02820bd932f2e4b14ad3\",\"name\":\"admin\",\"image\":{\"@type\":\"ImageObject\",\"inLanguage\":\"pt-BR\",\"@id\":\"https:\/\/franciscanos.org.br\/noticias\/#\/schema\/person\/image\/\",\"url\":\"https:\/\/secure.gravatar.com\/avatar\/e8495742d34d0ba6448ea1c628263b3e?s=96&d=mm&r=g\",\"contentUrl\":\"https:\/\/secure.gravatar.com\/avatar\/e8495742d34d0ba6448ea1c628263b3e?s=96&d=mm&r=g\",\"caption\":\"admin\"},\"url\":\"https:\/\/franciscanos.org.br\/noticias\/author\/admin\"}]}<\/script>\n<!-- \/ Yoast SEO plugin. -->","yoast_head_json":{"title":"Dom Bosco: levar o tema da fam\u00edlia como luz para a sociedade - Not\u00edcias - Franciscanos","robots":{"index":"index","follow":"follow","max-snippet":"max-snippet:-1","max-image-preview":"max-image-preview:large","max-video-preview":"max-video-preview:-1"},"canonical":"https:\/\/franciscanos.org.br\/noticias\/dom-bosco-levar-o-tema-da-familia-como-luz-para-a-sociedade.html","og_locale":"pt_BR","og_type":"article","og_title":"Dom Bosco: levar o tema da fam\u00edlia como luz para a sociedade - Not\u00edcias - Franciscanos","og_description":"CNBB","og_url":"https:\/\/franciscanos.org.br\/noticias\/dom-bosco-levar-o-tema-da-familia-como-luz-para-a-sociedade.html","og_site_name":"Not\u00edcias - Franciscanos","article_published_time":"2017-07-27T10:41:19+00:00","article_modified_time":"2019-03-01T15:48:03+00:00","og_image":[{"width":273,"height":181,"url":"https:\/\/franciscanos.org.br\/noticias\/wp-content\/uploads\/2017\/07\/bosco_270717.jpg","type":"image\/jpeg"}],"author":"admin","twitter_card":"summary_large_image","twitter_misc":{"Escrito por":"admin","Est. tempo de leitura":"3 minutos"},"schema":{"@context":"https:\/\/schema.org","@graph":[{"@type":"WebSite","@id":"https:\/\/franciscanos.org.br\/noticias\/#website","url":"https:\/\/franciscanos.org.br\/noticias\/","name":"Not\u00edcias - Franciscanos","description":"Prov\u00edncia Franciscana da Imaculada Concei\u00e7\u00e3o do Brasil - Ordem dos Frades Menores - OFM","potentialAction":[{"@type":"SearchAction","target":{"@type":"EntryPoint","urlTemplate":"https:\/\/franciscanos.org.br\/noticias\/?s={search_term_string}"},"query-input":"required name=search_term_string"}],"inLanguage":"pt-BR"},{"@type":"ImageObject","inLanguage":"pt-BR","@id":"https:\/\/franciscanos.org.br\/noticias\/dom-bosco-levar-o-tema-da-familia-como-luz-para-a-sociedade.html#primaryimage","url":"https:\/\/franciscanos.org.br\/noticias\/wp-content\/uploads\/2017\/07\/bosco_270717.jpg","contentUrl":"https:\/\/franciscanos.org.br\/noticias\/wp-content\/uploads\/2017\/07\/bosco_270717.jpg","width":273,"height":181},{"@type":"WebPage","@id":"https:\/\/franciscanos.org.br\/noticias\/dom-bosco-levar-o-tema-da-familia-como-luz-para-a-sociedade.html#webpage","url":"https:\/\/franciscanos.org.br\/noticias\/dom-bosco-levar-o-tema-da-familia-como-luz-para-a-sociedade.html","name":"Dom Bosco: levar o tema da fam\u00edlia como luz para a sociedade - Not\u00edcias - Franciscanos","isPartOf":{"@id":"https:\/\/franciscanos.org.br\/noticias\/#website"},"primaryImageOfPage":{"@id":"https:\/\/franciscanos.org.br\/noticias\/dom-bosco-levar-o-tema-da-familia-como-luz-para-a-sociedade.html#primaryimage"},"datePublished":"2017-07-27T10:41:19+00:00","dateModified":"2019-03-01T15:48:03+00:00","author":{"@id":"https:\/\/franciscanos.org.br\/noticias\/#\/schema\/person\/b38fbf43118f02820bd932f2e4b14ad3"},"breadcrumb":{"@id":"https:\/\/franciscanos.org.br\/noticias\/dom-bosco-levar-o-tema-da-familia-como-luz-para-a-sociedade.html#breadcrumb"},"inLanguage":"pt-BR","potentialAction":[{"@type":"ReadAction","target":["https:\/\/franciscanos.org.br\/noticias\/dom-bosco-levar-o-tema-da-familia-como-luz-para-a-sociedade.html"]}]},{"@type":"BreadcrumbList","@id":"https:\/\/franciscanos.org.br\/noticias\/dom-bosco-levar-o-tema-da-familia-como-luz-para-a-sociedade.html#breadcrumb","itemListElement":[{"@type":"ListItem","position":1,"name":"Home","item":"https:\/\/franciscanos.org.br\/noticias"},{"@type":"ListItem","position":2,"name":"Dom Bosco: levar o tema da fam\u00edlia como luz para a sociedade"}]},{"@type":"Person","@id":"https:\/\/franciscanos.org.br\/noticias\/#\/schema\/person\/b38fbf43118f02820bd932f2e4b14ad3","name":"admin","image":{"@type":"ImageObject","inLanguage":"pt-BR","@id":"https:\/\/franciscanos.org.br\/noticias\/#\/schema\/person\/image\/","url":"https:\/\/secure.gravatar.com\/avatar\/e8495742d34d0ba6448ea1c628263b3e?s=96&d=mm&r=g","contentUrl":"https:\/\/secure.gravatar.com\/avatar\/e8495742d34d0ba6448ea1c628263b3e?s=96&d=mm&r=g","caption":"admin"},"url":"https:\/\/franciscanos.org.br\/noticias\/author\/admin"}]}},"_links":{"self":[{"href":"https:\/\/franciscanos.org.br\/noticias\/wp-json\/wp\/v2\/posts\/138285"}],"collection":[{"href":"https:\/\/franciscanos.org.br\/noticias\/wp-json\/wp\/v2\/posts"}],"about":[{"href":"https:\/\/franciscanos.org.br\/noticias\/wp-json\/wp\/v2\/types\/post"}],"author":[{"embeddable":true,"href":"https:\/\/franciscanos.org.br\/noticias\/wp-json\/wp\/v2\/users\/1"}],"replies":[{"embeddable":true,"href":"https:\/\/franciscanos.org.br\/noticias\/wp-json\/wp\/v2\/comments?post=138285"}],"version-history":[{"count":0,"href":"https:\/\/franciscanos.org.br\/noticias\/wp-json\/wp\/v2\/posts\/138285\/revisions"}],"wp:featuredmedia":[{"embeddable":true,"href":"https:\/\/franciscanos.org.br\/noticias\/wp-json\/wp\/v2\/media\/200899"}],"wp:attachment":[{"href":"https:\/\/franciscanos.org.br\/noticias\/wp-json\/wp\/v2\/media?parent=138285"}],"wp:term":[{"taxonomy":"category","embeddable":true,"href":"https:\/\/franciscanos.org.br\/noticias\/wp-json\/wp\/v2\/categories?post=138285"},{"taxonomy":"post_tag","embeddable":true,"href":"https:\/\/franciscanos.org.br\/noticias\/wp-json\/wp\/v2\/tags?post=138285"}],"curies":[{"name":"wp","href":"https:\/\/api.w.org\/{rel}","templated":true}]}}