{"id":138158,"date":"2017-08-02T15:17:30","date_gmt":"2017-08-02T18:17:30","guid":{"rendered":"http:\/\/franciscanos.org.br\/?p=138158"},"modified":"2020-06-08T18:48:41","modified_gmt":"2020-06-08T21:48:41","slug":"aparecida-acolhe-os-franciscanos","status":"publish","type":"post","link":"https:\/\/franciscanos.org.br\/noticias\/aparecida-acolhe-os-franciscanos.html","title":{"rendered":"Aparecida acolhe a Fam\u00edlia Franciscana nesta quinta"},"content":{"rendered":"<p><strong>Aparecida (SP)<\/strong> &#8211; No clima do Ano Mariano, a Confer\u00eancia da Fam\u00edlia Franciscana do Brasil celebra o seu Jubileu de Ouro no Cap\u00edtulo das Esteiras, a partir desta quinta-feira, 3 de agosto, em Aparecida. O grande evento vai reunir os religiosos da Primeira Ordem (Frades Menores, Frades Menores Capuchinhos, Frades Menores Conventuais), da Segunda Ordem (Irm\u00e3s Clarissas), da Ordem Franciscana Secular (leigos), da Juventude Franciscana (leigos), da Terceira Ordem Regular (TOR), das Congrega\u00e7\u00f5es e Movimento simpatizantes de Francisco e Clara de Assis. Dom Orlando Brandes preside a Eucaristia no primeiro dia; Dom Elias Manning celebra no segundo; e Dom Cl\u00e1udio Hummes preside a Santa Missa no s\u00e1bado.<\/p>\n<p>Ser\u00e1 um grande momento de celebra\u00e7\u00e3o e confraterniza\u00e7\u00e3o. \u201cNeste Cap\u00edtulo das Esteiras, a Fam\u00edlia Franciscana do Brasil retoma algo peculiar na espiritualidade franciscana que \u00e9 o encontro de irm\u00e3os e irm\u00e3s, celebrando o Deus da vida\u201d, explica Frei \u00c9derson Queiroz, presidente da Confer\u00eancia da Fam\u00edlia Franciscana do Brasil (CFFB), referindo-se aos prim\u00f3rdios da Ordem Franciscana quando os frades se reuniam em cap\u00edtulo e, porque eram muitos e n\u00e3o havia hospedagem para todos, tinham que pernoitar nas esteiras. \u201cAli era o encontro de voltar \u00e0s fontes, ao esp\u00edrito das origens. E daquele cap\u00edtulo, eles partiam renovados, fortalecidos e com um grande desejo de irradiar no mundo a experi\u00eancia da fraternidade vivenciada na escuta do Evangelho na Porci\u00fancula, junto a Santa Maria dos Anjos\u201d, acrescenta Frei \u00c9derson, que preside a celebra\u00e7\u00e3o final no domingo de manh\u00e3.<\/p>\n<p>Para este Cap\u00edtulo, foi escolhido o tema \u201cLevar ao mundo a miseric\u00f3rdia de Deus\u201d e o lema: \u201c\u00c9 preciso voltar a Assis!\u201d. \u201cCom a Igreja, a sociedade, com as fam\u00edlias profundamente machucadas, divididas por guerras em nome de Deus, \u00e9 preciso beber na fonte de Assis. Ali, na Porci\u00fancula, Francisco teve uma profunda intui\u00e7\u00e3o: levar todos ao para\u00edso. Francisco queria criar para\u00edsos na vida das pessoas, nas rela\u00e7\u00f5es entre as pessoas, entre as religi\u00f5es. Ele queria criar para\u00edsos que pudessem ser experi\u00eancias de fraternidade, de respeito e de alteridade\u201d, esclarece o presidente da CFFB.<\/p>\n<p><strong>O ENCONTRO<\/strong><\/p>\n<p>O Cap\u00edtulo tem in\u00edcio na quinta-feira \u00e0 tarde, no Centro de Eventos de Aparecida, e dever\u00e1 reunir mais de mil participantes. Frei Vit\u00f3rio Mazzuco (OFM) abre a programa\u00e7\u00e3o de palestras, abordando o tema e o lema do evento. J\u00e1 na sexta-feira, Frei Carlos Susin (OFMCap) refletir\u00e1 sobre &#8220;A Miseric\u00f3rdia na perspectiva franciscana&#8221;, ficando para s\u00e1bado as reflex\u00f5es sobre a Enc\u00edclica Laudato Si\u2019, conduzidas por Frei Rodrigo Peret (OFM), Moema Miranda (OFS) e Igor Bastos (Jufra). Al\u00e9m das palestras, as oficinas abordar\u00e3o os temas: Artes, Espiritualidade, Ecologia Integral, Juventudes, Fam\u00edlia e Periferias Existenciais. O Cap\u00edtulo termina no domingo com a Celebra\u00e7\u00e3o Eucar\u00edstica \u00e0s 10h30.<\/p>\n<p><strong>50 ANOS DA FAM\u00cdLIA FRANCISCANA<\/strong><\/p>\n<p>Seguindo o exemplo da Fam\u00edlia Franciscana de alguns pa\u00edses europeus, os franciscanos da Am\u00e9rica Latina procuraram meios de colocar em pr\u00e1tica a \u201cvolta \u00e0s fontes\u201d solicitada pelo Conc\u00edlio Vaticano II. Deste modo, nasceu, em 1965, o Cefepal (Centro de Estudos Franciscanos e Pastorais para a Am\u00e9rica Latina) no Chile. Em 1966, surgia tamb\u00e9m no Brasil o Cefepal em Petr\u00f3polis (RJ) que foi pensado para ser um movimento franciscano que unisse, em esp\u00edrito de fraternidade, todos os franciscanos e franciscanas do Brasil, para promover a reflex\u00e3o sobre o carisma e a miss\u00e3o franciscanas e para dar uma resposta aos desafios da Igreja latino-americana. A Assembleia Geral de outubro de 1994 cuidou n\u00e3o apenas de repensar a nomenclatura, mas de tornar a estrutura mais \u00e1gil e simples. Deste modo, a FFB (Fam\u00edlia Franciscana do Brasil) sucede ao Cefepal, significando o conjunto de todas as entidades associadas e os mais diversos servi\u00e7os na linha da espiritualidade francisclariana. Em 2015, a FFB, reunida em Assembleia, atualizou seu Estatuto com o objetivo de acrescentar \u00e0 sua denomina\u00e7\u00e3o a palavra Confer\u00eancia, assumindo status de uma representatividade em n\u00edvel nacional.<\/p>\n<p>.<\/p>\n<p><a href=\"http:\/\/franciscanos.org.br\/wp-content\/uploads\/2017\/07\/esteiras_250717-logomarca1.png\"><img loading=\"lazy\" src=\"http:\/\/franciscanos.org.br\/wp-content\/uploads\/2017\/07\/esteiras_250717-logomarca1.png\" alt=\"esteiras_250717-logomarca\" width=\"830\" height=\"1949\" \/><\/a><\/p>\n<p>&nbsp;<\/p>\n<h2><\/h2>\n<h2><\/h2>\n","protected":false},"excerpt":{"rendered":"<p>Cap\u00edtulo das Esteiras da CFFB<\/p>\n","protected":false},"author":1,"featured_media":201132,"comment_status":"open","ping_status":"open","sticky":false,"template":"","format":"standard","meta":[],"categories":[1],"tags":[1266,1265],"acf":[],"yoast_head":"<!-- This site is optimized with the Yoast SEO plugin v19.2 - https:\/\/yoast.com\/wordpress\/plugins\/seo\/ -->\n<title>Aparecida acolhe a Fam\u00edlia Franciscana nesta quinta - Not\u00edcias - Franciscanos<\/title>\n<meta name=\"robots\" content=\"index, follow, max-snippet:-1, max-image-preview:large, max-video-preview:-1\" \/>\n<link rel=\"canonical\" href=\"https:\/\/franciscanos.org.br\/noticias\/aparecida-acolhe-os-franciscanos.html\" \/>\n<meta property=\"og:locale\" content=\"pt_BR\" \/>\n<meta property=\"og:type\" content=\"article\" \/>\n<meta property=\"og:title\" content=\"Aparecida acolhe a Fam\u00edlia Franciscana nesta quinta - Not\u00edcias - Franciscanos\" \/>\n<meta property=\"og:description\" content=\"Cap\u00edtulo das Esteiras da CFFB\" \/>\n<meta property=\"og:url\" content=\"https:\/\/franciscanos.org.br\/noticias\/aparecida-acolhe-os-franciscanos.html\" \/>\n<meta property=\"og:site_name\" content=\"Not\u00edcias - Franciscanos\" \/>\n<meta property=\"article:published_time\" content=\"2017-08-02T18:17:30+00:00\" \/>\n<meta property=\"article:modified_time\" content=\"2020-06-08T21:48:41+00:00\" \/>\n<meta property=\"og:image\" content=\"https:\/\/franciscanos.org.br\/noticias\/wp-content\/uploads\/2017\/08\/esteiras_250717-logomarca1.png\" \/>\n\t<meta property=\"og:image:width\" content=\"273\" \/>\n\t<meta property=\"og:image:height\" content=\"181\" \/>\n\t<meta property=\"og:image:type\" content=\"image\/png\" \/>\n<meta name=\"author\" content=\"admin\" \/>\n<meta name=\"twitter:card\" content=\"summary_large_image\" \/>\n<meta name=\"twitter:label1\" content=\"Escrito por\" \/>\n\t<meta name=\"twitter:data1\" content=\"admin\" \/>\n\t<meta name=\"twitter:label2\" content=\"Est. tempo de leitura\" \/>\n\t<meta name=\"twitter:data2\" content=\"3 minutos\" \/>\n<script type=\"application\/ld+json\" class=\"yoast-schema-graph\">{\"@context\":\"https:\/\/schema.org\",\"@graph\":[{\"@type\":\"WebSite\",\"@id\":\"https:\/\/franciscanos.org.br\/noticias\/#website\",\"url\":\"https:\/\/franciscanos.org.br\/noticias\/\",\"name\":\"Not\u00edcias - Franciscanos\",\"description\":\"Prov\u00edncia Franciscana da Imaculada Concei\u00e7\u00e3o do Brasil - Ordem dos Frades Menores - OFM\",\"potentialAction\":[{\"@type\":\"SearchAction\",\"target\":{\"@type\":\"EntryPoint\",\"urlTemplate\":\"https:\/\/franciscanos.org.br\/noticias\/?s={search_term_string}\"},\"query-input\":\"required name=search_term_string\"}],\"inLanguage\":\"pt-BR\"},{\"@type\":\"ImageObject\",\"inLanguage\":\"pt-BR\",\"@id\":\"https:\/\/franciscanos.org.br\/noticias\/aparecida-acolhe-os-franciscanos.html#primaryimage\",\"url\":\"https:\/\/franciscanos.org.br\/noticias\/wp-content\/uploads\/2017\/08\/esteiras_250717-logomarca1.png\",\"contentUrl\":\"https:\/\/franciscanos.org.br\/noticias\/wp-content\/uploads\/2017\/08\/esteiras_250717-logomarca1.png\",\"width\":273,\"height\":181},{\"@type\":\"WebPage\",\"@id\":\"https:\/\/franciscanos.org.br\/noticias\/aparecida-acolhe-os-franciscanos.html#webpage\",\"url\":\"https:\/\/franciscanos.org.br\/noticias\/aparecida-acolhe-os-franciscanos.html\",\"name\":\"Aparecida acolhe a Fam\u00edlia Franciscana nesta quinta - Not\u00edcias - Franciscanos\",\"isPartOf\":{\"@id\":\"https:\/\/franciscanos.org.br\/noticias\/#website\"},\"primaryImageOfPage\":{\"@id\":\"https:\/\/franciscanos.org.br\/noticias\/aparecida-acolhe-os-franciscanos.html#primaryimage\"},\"datePublished\":\"2017-08-02T18:17:30+00:00\",\"dateModified\":\"2020-06-08T21:48:41+00:00\",\"author\":{\"@id\":\"https:\/\/franciscanos.org.br\/noticias\/#\/schema\/person\/b38fbf43118f02820bd932f2e4b14ad3\"},\"breadcrumb\":{\"@id\":\"https:\/\/franciscanos.org.br\/noticias\/aparecida-acolhe-os-franciscanos.html#breadcrumb\"},\"inLanguage\":\"pt-BR\",\"potentialAction\":[{\"@type\":\"ReadAction\",\"target\":[\"https:\/\/franciscanos.org.br\/noticias\/aparecida-acolhe-os-franciscanos.html\"]}]},{\"@type\":\"BreadcrumbList\",\"@id\":\"https:\/\/franciscanos.org.br\/noticias\/aparecida-acolhe-os-franciscanos.html#breadcrumb\",\"itemListElement\":[{\"@type\":\"ListItem\",\"position\":1,\"name\":\"Home\",\"item\":\"https:\/\/franciscanos.org.br\/noticias\"},{\"@type\":\"ListItem\",\"position\":2,\"name\":\"Aparecida acolhe a Fam\u00edlia Franciscana nesta quinta\"}]},{\"@type\":\"Person\",\"@id\":\"https:\/\/franciscanos.org.br\/noticias\/#\/schema\/person\/b38fbf43118f02820bd932f2e4b14ad3\",\"name\":\"admin\",\"image\":{\"@type\":\"ImageObject\",\"inLanguage\":\"pt-BR\",\"@id\":\"https:\/\/franciscanos.org.br\/noticias\/#\/schema\/person\/image\/\",\"url\":\"https:\/\/secure.gravatar.com\/avatar\/e8495742d34d0ba6448ea1c628263b3e?s=96&d=mm&r=g\",\"contentUrl\":\"https:\/\/secure.gravatar.com\/avatar\/e8495742d34d0ba6448ea1c628263b3e?s=96&d=mm&r=g\",\"caption\":\"admin\"},\"url\":\"https:\/\/franciscanos.org.br\/noticias\/author\/admin\"}]}<\/script>\n<!-- \/ Yoast SEO plugin. -->","yoast_head_json":{"title":"Aparecida acolhe a Fam\u00edlia Franciscana nesta quinta - Not\u00edcias - Franciscanos","robots":{"index":"index","follow":"follow","max-snippet":"max-snippet:-1","max-image-preview":"max-image-preview:large","max-video-preview":"max-video-preview:-1"},"canonical":"https:\/\/franciscanos.org.br\/noticias\/aparecida-acolhe-os-franciscanos.html","og_locale":"pt_BR","og_type":"article","og_title":"Aparecida acolhe a Fam\u00edlia Franciscana nesta quinta - Not\u00edcias - Franciscanos","og_description":"Cap\u00edtulo das Esteiras da CFFB","og_url":"https:\/\/franciscanos.org.br\/noticias\/aparecida-acolhe-os-franciscanos.html","og_site_name":"Not\u00edcias - Franciscanos","article_published_time":"2017-08-02T18:17:30+00:00","article_modified_time":"2020-06-08T21:48:41+00:00","og_image":[{"width":273,"height":181,"url":"https:\/\/franciscanos.org.br\/noticias\/wp-content\/uploads\/2017\/08\/esteiras_250717-logomarca1.png","type":"image\/png"}],"author":"admin","twitter_card":"summary_large_image","twitter_misc":{"Escrito por":"admin","Est. tempo de leitura":"3 minutos"},"schema":{"@context":"https:\/\/schema.org","@graph":[{"@type":"WebSite","@id":"https:\/\/franciscanos.org.br\/noticias\/#website","url":"https:\/\/franciscanos.org.br\/noticias\/","name":"Not\u00edcias - Franciscanos","description":"Prov\u00edncia Franciscana da Imaculada Concei\u00e7\u00e3o do Brasil - Ordem dos Frades Menores - OFM","potentialAction":[{"@type":"SearchAction","target":{"@type":"EntryPoint","urlTemplate":"https:\/\/franciscanos.org.br\/noticias\/?s={search_term_string}"},"query-input":"required name=search_term_string"}],"inLanguage":"pt-BR"},{"@type":"ImageObject","inLanguage":"pt-BR","@id":"https:\/\/franciscanos.org.br\/noticias\/aparecida-acolhe-os-franciscanos.html#primaryimage","url":"https:\/\/franciscanos.org.br\/noticias\/wp-content\/uploads\/2017\/08\/esteiras_250717-logomarca1.png","contentUrl":"https:\/\/franciscanos.org.br\/noticias\/wp-content\/uploads\/2017\/08\/esteiras_250717-logomarca1.png","width":273,"height":181},{"@type":"WebPage","@id":"https:\/\/franciscanos.org.br\/noticias\/aparecida-acolhe-os-franciscanos.html#webpage","url":"https:\/\/franciscanos.org.br\/noticias\/aparecida-acolhe-os-franciscanos.html","name":"Aparecida acolhe a Fam\u00edlia Franciscana nesta quinta - Not\u00edcias - Franciscanos","isPartOf":{"@id":"https:\/\/franciscanos.org.br\/noticias\/#website"},"primaryImageOfPage":{"@id":"https:\/\/franciscanos.org.br\/noticias\/aparecida-acolhe-os-franciscanos.html#primaryimage"},"datePublished":"2017-08-02T18:17:30+00:00","dateModified":"2020-06-08T21:48:41+00:00","author":{"@id":"https:\/\/franciscanos.org.br\/noticias\/#\/schema\/person\/b38fbf43118f02820bd932f2e4b14ad3"},"breadcrumb":{"@id":"https:\/\/franciscanos.org.br\/noticias\/aparecida-acolhe-os-franciscanos.html#breadcrumb"},"inLanguage":"pt-BR","potentialAction":[{"@type":"ReadAction","target":["https:\/\/franciscanos.org.br\/noticias\/aparecida-acolhe-os-franciscanos.html"]}]},{"@type":"BreadcrumbList","@id":"https:\/\/franciscanos.org.br\/noticias\/aparecida-acolhe-os-franciscanos.html#breadcrumb","itemListElement":[{"@type":"ListItem","position":1,"name":"Home","item":"https:\/\/franciscanos.org.br\/noticias"},{"@type":"ListItem","position":2,"name":"Aparecida acolhe a Fam\u00edlia Franciscana nesta quinta"}]},{"@type":"Person","@id":"https:\/\/franciscanos.org.br\/noticias\/#\/schema\/person\/b38fbf43118f02820bd932f2e4b14ad3","name":"admin","image":{"@type":"ImageObject","inLanguage":"pt-BR","@id":"https:\/\/franciscanos.org.br\/noticias\/#\/schema\/person\/image\/","url":"https:\/\/secure.gravatar.com\/avatar\/e8495742d34d0ba6448ea1c628263b3e?s=96&d=mm&r=g","contentUrl":"https:\/\/secure.gravatar.com\/avatar\/e8495742d34d0ba6448ea1c628263b3e?s=96&d=mm&r=g","caption":"admin"},"url":"https:\/\/franciscanos.org.br\/noticias\/author\/admin"}]}},"_links":{"self":[{"href":"https:\/\/franciscanos.org.br\/noticias\/wp-json\/wp\/v2\/posts\/138158"}],"collection":[{"href":"https:\/\/franciscanos.org.br\/noticias\/wp-json\/wp\/v2\/posts"}],"about":[{"href":"https:\/\/franciscanos.org.br\/noticias\/wp-json\/wp\/v2\/types\/post"}],"author":[{"embeddable":true,"href":"https:\/\/franciscanos.org.br\/noticias\/wp-json\/wp\/v2\/users\/1"}],"replies":[{"embeddable":true,"href":"https:\/\/franciscanos.org.br\/noticias\/wp-json\/wp\/v2\/comments?post=138158"}],"version-history":[{"count":1,"href":"https:\/\/franciscanos.org.br\/noticias\/wp-json\/wp\/v2\/posts\/138158\/revisions"}],"predecessor-version":[{"id":225282,"href":"https:\/\/franciscanos.org.br\/noticias\/wp-json\/wp\/v2\/posts\/138158\/revisions\/225282"}],"wp:featuredmedia":[{"embeddable":true,"href":"https:\/\/franciscanos.org.br\/noticias\/wp-json\/wp\/v2\/media\/201132"}],"wp:attachment":[{"href":"https:\/\/franciscanos.org.br\/noticias\/wp-json\/wp\/v2\/media?parent=138158"}],"wp:term":[{"taxonomy":"category","embeddable":true,"href":"https:\/\/franciscanos.org.br\/noticias\/wp-json\/wp\/v2\/categories?post=138158"},{"taxonomy":"post_tag","embeddable":true,"href":"https:\/\/franciscanos.org.br\/noticias\/wp-json\/wp\/v2\/tags?post=138158"}],"curies":[{"name":"wp","href":"https:\/\/api.w.org\/{rel}","templated":true}]}}