{"id":138007,"date":"2017-07-23T16:00:00","date_gmt":"2017-07-23T19:00:00","guid":{"rendered":"http:\/\/franciscanos.org.br\/?p=138007"},"modified":"2020-06-08T18:51:33","modified_gmt":"2020-06-08T21:51:33","slug":"olhar-sempre-o-mal-que-esta-fora-de-nos-significa-nao-querer-reconhecer-o-pecado-que-existe-tambem-em-nos","status":"publish","type":"post","link":"https:\/\/franciscanos.org.br\/noticias\/olhar-sempre-o-mal-que-esta-fora-de-nos-significa-nao-querer-reconhecer-o-pecado-que-existe-tambem-em-nos.html","title":{"rendered":"\u201cOlhar sempre o mal que est\u00e1 fora de n\u00f3s, significa n\u00e3o querer reconhecer o pecado que existe em n\u00f3s\u201d"},"content":{"rendered":"<p><img loading=\"lazy\" src=\"http:\/\/franciscanos.org.br\/wp-content\/uploads\/2017\/07\/angelus_230717.jpg\" alt=\"angelus_230717\" width=\"830\" height=\"418\" \/><\/p>\n<p>Na Ora\u00e7\u00e3o do Angelus deste domingo, 23 de julho, o Papa Francisco dirigiu sua reflex\u00e3o aos milhares de fi\u00e9is presentes na Pra\u00e7a S\u00e3o Pedro, inspirado na Par\u00e1bola do Joio e do Trigo da liturgia de hoje, que, segundo Francisco, ilustra o problema do mal no mundo e destaca a paci\u00eancia de Deus. \u201cQuanto paci\u00eancia tem Deus! Tamb\u00e9m cada um de n\u00f3s pode dizer: Quanta paci\u00eancia tem Deus comigo!&#8221;, exclamou o Pont\u00edfice.<\/p>\n<p>A narrativa se desenvolve em um campo com dois opostos protagonistas, explica o Papa. De um lado o dono do campo que representa Deus e semeia a boa semente; por outro o inimigo que representa Satan\u00e1s e semeia a erva ruim.<\/p>\n<p>O dono e os seus servos, reflete o Santo Padre, t\u00eam comportamentos diferentes diante do crescimento do joio em meio ao trigo. Os servos pensam em arranc\u00e1-lo, mas dono adverte que pode ser arrancado junto o trigo.<\/p>\n<p><strong>SOMENTE DEUS EXTIRPA O MAL<\/strong><\/p>\n<p>\u201cCom esta imagem, Jesus nos diz que neste mundo, o bem e o mal est\u00e3o totalmente entrela\u00e7ados, que \u00e9 imposs\u00edvel separ\u00e1-los e extirpar todo o mal. Somente Deus pode fazer isto e o far\u00e1 no ju\u00edzo final\u201d, afirmou.<\/p>\n<p>\u201cA decis\u00e3o \u00e9 aquela de querer ser trigo bom \u2013 todos n\u00f3s o queremos -, com todas as pr\u00f3prias for\u00e7as e, portanto, tomar dist\u00e2ncia do maligno e de suas sedu\u00e7\u00f5es. A paci\u00eancia, significa preferir uma Igreja que \u00e9 fermento na massa, que n\u00e3o teme sujar suas m\u00e3os lavando as roupas de seus filhos, antes que uma Igreja de \u2018puros\u2019, que pretende julgar antes do tempo, quem est\u00e1 e quem n\u00e3o est\u00e1 no Reino de Deus\u201d, acrescentou o Pont\u00edfice.<\/p>\n<p>O Papa recordou que, com esta par\u00e1bola, o Senhor ajuda a compreender que o bem e o mal n\u00e3o se podem identificar com territ\u00f3rios definidos ou determinados grupos humanos: \u2018Estes s\u00e3o os bons, estes s\u00e3o os maus\u2019.<\/p>\n<p><strong>&#8220;TODOS SOMOS PECADORES&#8221;<\/strong><\/p>\n<p>\u201cEle nos diz que a linha de separa\u00e7\u00e3o entre o bem e o mal passa no cora\u00e7\u00e3o de cada pessoa, passa no cora\u00e7\u00e3o de cada um de n\u00f3s, isto \u00e9: todos somos pecadores. Vem-me o desejo de pedir a voc\u00eas: Quem n\u00e3o \u00e9 pecador levante a m\u00e3o! Ningu\u00e9m! Porque todos o somos, todos somos pecadores\u201d.<\/p>\n<p>Francisco recordou que Jesus deu vida nova com o Batismo e a Confiss\u00e3o, porque sempre h\u00e1 a necessidade de sermos perdoados de nossos pecados. \u201cOlhar sempre e somente o mal que est\u00e1 fora de n\u00f3s, significa n\u00e3o querer reconhecer o pecado que existe tamb\u00e9m em n\u00f3s\u201d, advertiu Francisco.<\/p>\n<p>Depois, o Papa destacou que Jesus, com este trecho do Evangelho, tamb\u00e9m ensina a enxergar de modo diferente o \u201ccampo do mundo, a observar a realidade\u201d.<\/p>\n<p>\u201cSomos chamados a aprender os tempos de Deus \u2013 que n\u00e3o s\u00e3o os nossos tempos \u2013 e tamb\u00e9m o olhar de Deus. Gra\u00e7as ao influxo ben\u00e9fico de uma trepidante espera, aquilo que era joio ou parecia joio, pode tornar-se um produto bom. \u00c9 a realidade da convers\u00e3o. \u00c9 a perspectiva da esperan\u00e7a!\u201d, enfatizou.<\/p>\n<p>Por fim, Francisco pediu que a Virgem Maria ajude os fi\u00e9is a colher na realidade que os circunda n\u00e3o somente a sujeira e o mal, mas tamb\u00e9m o bem e o belo, \u201ca desmascarar a obra de Satan\u00e1s, mas sobretudo a confiar na a\u00e7\u00e3o de Deus que fecunda a hist\u00f3ria\u201d.<\/p>\n<p><strong>JERUSAL\u00c9M<\/strong><\/p>\n<p>Ap\u00f3s recitar o Angelus com os fi\u00e9is presentes na Pra\u00e7a S\u00e3o Pedro, o Papa Francisco fez um apelo pelo fim da viol\u00eancia em Jerusal\u00e9m, chamando as partes envolvidas \u00e0 modera\u00e7\u00e3o e ao di\u00e1logo: \u201cAcompanho com preocupa\u00e7\u00e3o as graves tens\u00f5es e as viol\u00eancias destes dias em Jerusal\u00e9m. Sinto a necessidade de expressar um premente apelo \u00e0 modera\u00e7\u00e3o e ao di\u00e1logo. Convido voc\u00eas a vos unirem a mim na ora\u00e7\u00e3o, para que o Senhor inspire em todos, prop\u00f3sitos de reconcilia\u00e7\u00e3o e de paz\u201d.<\/p>\n<p>Os conflitos tiveram in\u00edcio na \u00faltima sexta-feira, ap\u00f3s a decis\u00e3o de Israel de limitar o acesso \u00e0 Esplanada das Mesquitas a pessoas maiores de 50 anos e instalar detectores de metais, em resposta ao ataque de tr\u00eas palestinos que matou dois policiais israelenses perto da cidade Velha em 14 de julho.<\/p>\n<p>Nos choques entre pol\u00edcia e manifestantes j\u00e1 morreram cinco palestinos. Por outro lado tr\u00eas colonos israelenses morreram ap\u00f3s terem sido esfaqueados em um assentamento pr\u00f3ximo a Ramallah.<\/p>\n<p>Na manh\u00e3 deste domingo, os servi\u00e7os secretos israelenses prenderam ao menos 25 pessoas na Cisjord\u00e2nia, entre os quais alguns funcion\u00e1rios do Hamas e o ex-ministro e parlamentar palestino, Omar Abdel Razek.<\/p>\n<hr \/>\n<p><em>Fonte: R\u00e1dio Vaticano<\/em><\/p>\n","protected":false},"excerpt":{"rendered":"<p>Angelus<\/p>\n","protected":false},"author":1,"featured_media":200919,"comment_status":"open","ping_status":"open","sticky":false,"template":"","format":"standard","meta":[],"categories":[1428],"tags":[403,55],"acf":[],"yoast_head":"<!-- This site is optimized with the Yoast SEO plugin v19.2 - https:\/\/yoast.com\/wordpress\/plugins\/seo\/ -->\n<title>\u201cOlhar sempre o mal que est\u00e1 fora de n\u00f3s, significa n\u00e3o querer reconhecer o pecado que existe em n\u00f3s\u201d - Not\u00edcias - Franciscanos<\/title>\n<meta name=\"robots\" content=\"index, follow, max-snippet:-1, max-image-preview:large, max-video-preview:-1\" \/>\n<link rel=\"canonical\" href=\"https:\/\/franciscanos.org.br\/noticias\/olhar-sempre-o-mal-que-esta-fora-de-nos-significa-nao-querer-reconhecer-o-pecado-que-existe-tambem-em-nos.html\" \/>\n<meta property=\"og:locale\" content=\"pt_BR\" \/>\n<meta property=\"og:type\" content=\"article\" \/>\n<meta property=\"og:title\" content=\"\u201cOlhar sempre o mal que est\u00e1 fora de n\u00f3s, significa n\u00e3o querer reconhecer o pecado que existe em n\u00f3s\u201d - Not\u00edcias - Franciscanos\" \/>\n<meta property=\"og:description\" content=\"Angelus\" \/>\n<meta property=\"og:url\" content=\"https:\/\/franciscanos.org.br\/noticias\/olhar-sempre-o-mal-que-esta-fora-de-nos-significa-nao-querer-reconhecer-o-pecado-que-existe-tambem-em-nos.html\" \/>\n<meta property=\"og:site_name\" content=\"Not\u00edcias - Franciscanos\" \/>\n<meta property=\"article:published_time\" content=\"2017-07-23T19:00:00+00:00\" \/>\n<meta property=\"article:modified_time\" content=\"2020-06-08T21:51:33+00:00\" \/>\n<meta property=\"og:image\" content=\"https:\/\/franciscanos.org.br\/noticias\/wp-content\/uploads\/2017\/07\/angelus_230717.jpg\" \/>\n\t<meta property=\"og:image:width\" content=\"273\" \/>\n\t<meta property=\"og:image:height\" content=\"181\" \/>\n\t<meta property=\"og:image:type\" content=\"image\/jpeg\" \/>\n<meta name=\"author\" content=\"admin\" \/>\n<meta name=\"twitter:card\" content=\"summary_large_image\" \/>\n<meta name=\"twitter:label1\" content=\"Escrito por\" \/>\n\t<meta name=\"twitter:data1\" content=\"admin\" \/>\n\t<meta name=\"twitter:label2\" content=\"Est. tempo de leitura\" \/>\n\t<meta name=\"twitter:data2\" content=\"4 minutos\" \/>\n<script type=\"application\/ld+json\" class=\"yoast-schema-graph\">{\"@context\":\"https:\/\/schema.org\",\"@graph\":[{\"@type\":\"WebSite\",\"@id\":\"https:\/\/franciscanos.org.br\/noticias\/#website\",\"url\":\"https:\/\/franciscanos.org.br\/noticias\/\",\"name\":\"Not\u00edcias - Franciscanos\",\"description\":\"Prov\u00edncia Franciscana da Imaculada Concei\u00e7\u00e3o do Brasil - Ordem dos Frades Menores - OFM\",\"potentialAction\":[{\"@type\":\"SearchAction\",\"target\":{\"@type\":\"EntryPoint\",\"urlTemplate\":\"https:\/\/franciscanos.org.br\/noticias\/?s={search_term_string}\"},\"query-input\":\"required name=search_term_string\"}],\"inLanguage\":\"pt-BR\"},{\"@type\":\"ImageObject\",\"inLanguage\":\"pt-BR\",\"@id\":\"https:\/\/franciscanos.org.br\/noticias\/olhar-sempre-o-mal-que-esta-fora-de-nos-significa-nao-querer-reconhecer-o-pecado-que-existe-tambem-em-nos.html#primaryimage\",\"url\":\"https:\/\/franciscanos.org.br\/noticias\/wp-content\/uploads\/2017\/07\/angelus_230717.jpg\",\"contentUrl\":\"https:\/\/franciscanos.org.br\/noticias\/wp-content\/uploads\/2017\/07\/angelus_230717.jpg\",\"width\":273,\"height\":181},{\"@type\":\"WebPage\",\"@id\":\"https:\/\/franciscanos.org.br\/noticias\/olhar-sempre-o-mal-que-esta-fora-de-nos-significa-nao-querer-reconhecer-o-pecado-que-existe-tambem-em-nos.html#webpage\",\"url\":\"https:\/\/franciscanos.org.br\/noticias\/olhar-sempre-o-mal-que-esta-fora-de-nos-significa-nao-querer-reconhecer-o-pecado-que-existe-tambem-em-nos.html\",\"name\":\"\u201cOlhar sempre o mal que est\u00e1 fora de n\u00f3s, significa n\u00e3o querer reconhecer o pecado que existe em n\u00f3s\u201d - Not\u00edcias - Franciscanos\",\"isPartOf\":{\"@id\":\"https:\/\/franciscanos.org.br\/noticias\/#website\"},\"primaryImageOfPage\":{\"@id\":\"https:\/\/franciscanos.org.br\/noticias\/olhar-sempre-o-mal-que-esta-fora-de-nos-significa-nao-querer-reconhecer-o-pecado-que-existe-tambem-em-nos.html#primaryimage\"},\"datePublished\":\"2017-07-23T19:00:00+00:00\",\"dateModified\":\"2020-06-08T21:51:33+00:00\",\"author\":{\"@id\":\"https:\/\/franciscanos.org.br\/noticias\/#\/schema\/person\/b38fbf43118f02820bd932f2e4b14ad3\"},\"breadcrumb\":{\"@id\":\"https:\/\/franciscanos.org.br\/noticias\/olhar-sempre-o-mal-que-esta-fora-de-nos-significa-nao-querer-reconhecer-o-pecado-que-existe-tambem-em-nos.html#breadcrumb\"},\"inLanguage\":\"pt-BR\",\"potentialAction\":[{\"@type\":\"ReadAction\",\"target\":[\"https:\/\/franciscanos.org.br\/noticias\/olhar-sempre-o-mal-que-esta-fora-de-nos-significa-nao-querer-reconhecer-o-pecado-que-existe-tambem-em-nos.html\"]}]},{\"@type\":\"BreadcrumbList\",\"@id\":\"https:\/\/franciscanos.org.br\/noticias\/olhar-sempre-o-mal-que-esta-fora-de-nos-significa-nao-querer-reconhecer-o-pecado-que-existe-tambem-em-nos.html#breadcrumb\",\"itemListElement\":[{\"@type\":\"ListItem\",\"position\":1,\"name\":\"Home\",\"item\":\"https:\/\/franciscanos.org.br\/noticias\"},{\"@type\":\"ListItem\",\"position\":2,\"name\":\"\u201cOlhar sempre o mal que est\u00e1 fora de n\u00f3s, significa n\u00e3o querer reconhecer o pecado que existe em n\u00f3s\u201d\"}]},{\"@type\":\"Person\",\"@id\":\"https:\/\/franciscanos.org.br\/noticias\/#\/schema\/person\/b38fbf43118f02820bd932f2e4b14ad3\",\"name\":\"admin\",\"image\":{\"@type\":\"ImageObject\",\"inLanguage\":\"pt-BR\",\"@id\":\"https:\/\/franciscanos.org.br\/noticias\/#\/schema\/person\/image\/\",\"url\":\"https:\/\/secure.gravatar.com\/avatar\/e8495742d34d0ba6448ea1c628263b3e?s=96&d=mm&r=g\",\"contentUrl\":\"https:\/\/secure.gravatar.com\/avatar\/e8495742d34d0ba6448ea1c628263b3e?s=96&d=mm&r=g\",\"caption\":\"admin\"},\"url\":\"https:\/\/franciscanos.org.br\/noticias\/author\/admin\"}]}<\/script>\n<!-- \/ Yoast SEO plugin. -->","yoast_head_json":{"title":"\u201cOlhar sempre o mal que est\u00e1 fora de n\u00f3s, significa n\u00e3o querer reconhecer o pecado que existe em n\u00f3s\u201d - Not\u00edcias - Franciscanos","robots":{"index":"index","follow":"follow","max-snippet":"max-snippet:-1","max-image-preview":"max-image-preview:large","max-video-preview":"max-video-preview:-1"},"canonical":"https:\/\/franciscanos.org.br\/noticias\/olhar-sempre-o-mal-que-esta-fora-de-nos-significa-nao-querer-reconhecer-o-pecado-que-existe-tambem-em-nos.html","og_locale":"pt_BR","og_type":"article","og_title":"\u201cOlhar sempre o mal que est\u00e1 fora de n\u00f3s, significa n\u00e3o querer reconhecer o pecado que existe em n\u00f3s\u201d - Not\u00edcias - Franciscanos","og_description":"Angelus","og_url":"https:\/\/franciscanos.org.br\/noticias\/olhar-sempre-o-mal-que-esta-fora-de-nos-significa-nao-querer-reconhecer-o-pecado-que-existe-tambem-em-nos.html","og_site_name":"Not\u00edcias - Franciscanos","article_published_time":"2017-07-23T19:00:00+00:00","article_modified_time":"2020-06-08T21:51:33+00:00","og_image":[{"width":273,"height":181,"url":"https:\/\/franciscanos.org.br\/noticias\/wp-content\/uploads\/2017\/07\/angelus_230717.jpg","type":"image\/jpeg"}],"author":"admin","twitter_card":"summary_large_image","twitter_misc":{"Escrito por":"admin","Est. tempo de leitura":"4 minutos"},"schema":{"@context":"https:\/\/schema.org","@graph":[{"@type":"WebSite","@id":"https:\/\/franciscanos.org.br\/noticias\/#website","url":"https:\/\/franciscanos.org.br\/noticias\/","name":"Not\u00edcias - Franciscanos","description":"Prov\u00edncia Franciscana da Imaculada Concei\u00e7\u00e3o do Brasil - Ordem dos Frades Menores - OFM","potentialAction":[{"@type":"SearchAction","target":{"@type":"EntryPoint","urlTemplate":"https:\/\/franciscanos.org.br\/noticias\/?s={search_term_string}"},"query-input":"required name=search_term_string"}],"inLanguage":"pt-BR"},{"@type":"ImageObject","inLanguage":"pt-BR","@id":"https:\/\/franciscanos.org.br\/noticias\/olhar-sempre-o-mal-que-esta-fora-de-nos-significa-nao-querer-reconhecer-o-pecado-que-existe-tambem-em-nos.html#primaryimage","url":"https:\/\/franciscanos.org.br\/noticias\/wp-content\/uploads\/2017\/07\/angelus_230717.jpg","contentUrl":"https:\/\/franciscanos.org.br\/noticias\/wp-content\/uploads\/2017\/07\/angelus_230717.jpg","width":273,"height":181},{"@type":"WebPage","@id":"https:\/\/franciscanos.org.br\/noticias\/olhar-sempre-o-mal-que-esta-fora-de-nos-significa-nao-querer-reconhecer-o-pecado-que-existe-tambem-em-nos.html#webpage","url":"https:\/\/franciscanos.org.br\/noticias\/olhar-sempre-o-mal-que-esta-fora-de-nos-significa-nao-querer-reconhecer-o-pecado-que-existe-tambem-em-nos.html","name":"\u201cOlhar sempre o mal que est\u00e1 fora de n\u00f3s, significa n\u00e3o querer reconhecer o pecado que existe em n\u00f3s\u201d - Not\u00edcias - Franciscanos","isPartOf":{"@id":"https:\/\/franciscanos.org.br\/noticias\/#website"},"primaryImageOfPage":{"@id":"https:\/\/franciscanos.org.br\/noticias\/olhar-sempre-o-mal-que-esta-fora-de-nos-significa-nao-querer-reconhecer-o-pecado-que-existe-tambem-em-nos.html#primaryimage"},"datePublished":"2017-07-23T19:00:00+00:00","dateModified":"2020-06-08T21:51:33+00:00","author":{"@id":"https:\/\/franciscanos.org.br\/noticias\/#\/schema\/person\/b38fbf43118f02820bd932f2e4b14ad3"},"breadcrumb":{"@id":"https:\/\/franciscanos.org.br\/noticias\/olhar-sempre-o-mal-que-esta-fora-de-nos-significa-nao-querer-reconhecer-o-pecado-que-existe-tambem-em-nos.html#breadcrumb"},"inLanguage":"pt-BR","potentialAction":[{"@type":"ReadAction","target":["https:\/\/franciscanos.org.br\/noticias\/olhar-sempre-o-mal-que-esta-fora-de-nos-significa-nao-querer-reconhecer-o-pecado-que-existe-tambem-em-nos.html"]}]},{"@type":"BreadcrumbList","@id":"https:\/\/franciscanos.org.br\/noticias\/olhar-sempre-o-mal-que-esta-fora-de-nos-significa-nao-querer-reconhecer-o-pecado-que-existe-tambem-em-nos.html#breadcrumb","itemListElement":[{"@type":"ListItem","position":1,"name":"Home","item":"https:\/\/franciscanos.org.br\/noticias"},{"@type":"ListItem","position":2,"name":"\u201cOlhar sempre o mal que est\u00e1 fora de n\u00f3s, significa n\u00e3o querer reconhecer o pecado que existe em n\u00f3s\u201d"}]},{"@type":"Person","@id":"https:\/\/franciscanos.org.br\/noticias\/#\/schema\/person\/b38fbf43118f02820bd932f2e4b14ad3","name":"admin","image":{"@type":"ImageObject","inLanguage":"pt-BR","@id":"https:\/\/franciscanos.org.br\/noticias\/#\/schema\/person\/image\/","url":"https:\/\/secure.gravatar.com\/avatar\/e8495742d34d0ba6448ea1c628263b3e?s=96&d=mm&r=g","contentUrl":"https:\/\/secure.gravatar.com\/avatar\/e8495742d34d0ba6448ea1c628263b3e?s=96&d=mm&r=g","caption":"admin"},"url":"https:\/\/franciscanos.org.br\/noticias\/author\/admin"}]}},"_links":{"self":[{"href":"https:\/\/franciscanos.org.br\/noticias\/wp-json\/wp\/v2\/posts\/138007"}],"collection":[{"href":"https:\/\/franciscanos.org.br\/noticias\/wp-json\/wp\/v2\/posts"}],"about":[{"href":"https:\/\/franciscanos.org.br\/noticias\/wp-json\/wp\/v2\/types\/post"}],"author":[{"embeddable":true,"href":"https:\/\/franciscanos.org.br\/noticias\/wp-json\/wp\/v2\/users\/1"}],"replies":[{"embeddable":true,"href":"https:\/\/franciscanos.org.br\/noticias\/wp-json\/wp\/v2\/comments?post=138007"}],"version-history":[{"count":1,"href":"https:\/\/franciscanos.org.br\/noticias\/wp-json\/wp\/v2\/posts\/138007\/revisions"}],"predecessor-version":[{"id":225285,"href":"https:\/\/franciscanos.org.br\/noticias\/wp-json\/wp\/v2\/posts\/138007\/revisions\/225285"}],"wp:featuredmedia":[{"embeddable":true,"href":"https:\/\/franciscanos.org.br\/noticias\/wp-json\/wp\/v2\/media\/200919"}],"wp:attachment":[{"href":"https:\/\/franciscanos.org.br\/noticias\/wp-json\/wp\/v2\/media?parent=138007"}],"wp:term":[{"taxonomy":"category","embeddable":true,"href":"https:\/\/franciscanos.org.br\/noticias\/wp-json\/wp\/v2\/categories?post=138007"},{"taxonomy":"post_tag","embeddable":true,"href":"https:\/\/franciscanos.org.br\/noticias\/wp-json\/wp\/v2\/tags?post=138007"}],"curies":[{"name":"wp","href":"https:\/\/api.w.org\/{rel}","templated":true}]}}