{"id":137971,"date":"2017-07-21T07:45:49","date_gmt":"2017-07-21T10:45:49","guid":{"rendered":"http:\/\/franciscanos.org.br\/?p=137971"},"modified":"2019-09-04T15:25:13","modified_gmt":"2019-09-04T18:25:13","slug":"papa-concede-ano-jubilar-a-irmas-clarissas-de-soria","status":"publish","type":"post","link":"https:\/\/franciscanos.org.br\/noticias\/papa-concede-ano-jubilar-a-irmas-clarissas-de-soria.html","title":{"rendered":"Papa concede Ano Jubilar a Irm\u00e3s Clarissas de S\u00f3ria"},"content":{"rendered":"<p><img loading=\"lazy\" src=\"http:\/\/franciscanos.org.br\/wp-content\/uploads\/2017\/07\/soria_210717.jpg\" alt=\"soria_210717\" width=\"830\" height=\"590\" \/><\/p>\n<p><strong>Madrid<\/strong> &#8211; O Papa Francisco, por meio da Penitenciaria Apost\u00f3lica, concedeu um Ano Jubilar \u00e0s Irm\u00e3s Clarissas de S\u00f3ria, Espanha. O Pont\u00edfice autorizou a celebra\u00e7\u00e3o por ocasi\u00e3o dos 75 anos da exposi\u00e7\u00e3o permanente de Jesus Eucar\u00edstico. Este tempo de gra\u00e7a ser\u00e1 aberto pelo Bispo de Osma-Soria, Dom Abilio Mart\u00ednez Varea, na sexta-feira 11 de agosto, festividade de Santa Clara de Assis e se prolongar\u00e1 at\u00e9 11 de agosto de 2018. Para organizar e coordenar as atividades deste ano festivo, o bispo nomeou um delegado episcopal, o presb\u00edtero diocesano Rub\u00e9n Tejedor Mont\u00f3n.<\/p>\n<p><strong>Sant\u00edssimo Sacramento exposto 24 horas<\/strong><br \/>\nFoi a ent\u00e3o Abadessa da comunidade &#8211; a hoje Vener\u00e1vel Madre Clara S\u00e1nchez de la Concepci\u00f3n &#8211; que viu a necessidade de manter permanente exposto o Sant\u00edssimo Sacramento em sua comunidade de irm\u00e3s pobres de Santa Clara. Assim, desde 11 de agosto de 1942, Jesus Eucar\u00edstico \u00e9 adorado dia e noite, permanecendo a Igreja de Santo Domingo de S\u00f3ria aberta das 7 da manh\u00e3 \u00e0s 9 da noite. &#8220;S\u00e3o muitas as pessoas que neste templo, diante da Eucaristia, encontram paz e consolo&#8221;, explicou o bispado.<\/p>\n<p><strong><img loading=\"lazy\" class=\"alignright wp-image-137978 \" src=\"http:\/\/franciscanos.org.br\/wp-content\/uploads\/2017\/07\/mosteiro.jpg\" alt=\"mosteiro\" width=\"610\" height=\"347\" \/>Incentivar a adora\u00e7\u00e3o a Jesus Eucar\u00edstico<\/strong><br \/>\nA comunidade das Irm\u00e3s Clarissas destacou que, por ocasi\u00e3o da celebra\u00e7\u00e3o destes 75 anos, deseja estender e incentivar a adora\u00e7\u00e3o e o amor a Jesus Sacramentado, e atrair muitas almas para ele, para que possam usufruir e enriquecer-se da gra\u00e7a jubilar. &#8220;N\u00f3s nos rejubilamos nos ideais que deixou Madre Clara, declarada Vener\u00e1vel em 3 de abril de 2014. Ela viveu neste convento desde 1922 at\u00e9 1973, ano em que faleceu repentinamente, e o Esp\u00edrito Santo infundiu nela um amor ardente por Jesus na Eucaristia e para retornar \u00e0s fontes do carismas clariano&#8221;, afirmou uma religiosa da comunidade. O Bispado, por sua vez, sublinhou que depois de passar priva\u00e7\u00f5es e viver na pobreza, depois de ter superado inumer\u00e1veis dificuldades, Madre Clara recebeu a permiss\u00e3o do bispo para a exposi\u00e7\u00e3o permanente do Sant\u00edssimo.<\/p>\n<p><strong>O in\u00edcio<\/strong><br \/>\nAssim, naquele 11 de agosto de 1942 teve in\u00edcio a exposi\u00e7\u00e3o permanente do Sant\u00edssimo e desde ent\u00e3o a Comunidade das Clarissas, os fi\u00e9is sorianos e muitos visitantes da cidade que conhecem e amam a Eucaristia, &#8220;vem \u00e0 nossa Igreja de Santo Domingo para adorar a Jesus Sacramentado&#8221;. Com a celebra\u00e7\u00e3o deste Ano Jubilar, se pretende que os fi\u00e9is de toda a Diocese aprofundem a f\u00e9 e busquem uma maior aproxima\u00e7\u00e3o aos Sacramentos, em especial o da Reconcilia\u00e7\u00e3o e a Eucaristia. Ademais, durante o Ano Jubilar, se poder\u00e1 lucrar a Indulg\u00eancia Plen\u00e1ria peregrinando \u00e0 Igreja de Santo Domingo de S\u00f3ria e rezando diante de Jesus Eucar\u00edstico e cumprindo as condi\u00e7\u00f5es estabelecidas, como a Confiss\u00e3o sacramental, comunh\u00e3o e ora\u00e7\u00e3o nas inten\u00e7\u00f5es do Sumo Pont\u00edfice.<\/p>\n<p><strong>\u201cAqui o amor \u00e9 amado\u201d<\/strong><br \/>\n&#8220;Aqu\u00ed el Amor es amado&#8221; ser\u00e1 o lema do Ano Jubilar. Esta frase era pronunciada pela Vener\u00e1vel Madre Clara diante do clamor de S\u00e3o Francisco de Assis que, sofrendo pela indiferen\u00e7a de muitos, repetia frequentemente: &#8220;O amor n\u00e3o \u00e9 amado!&#8221;. Para o Ano Jubilar, o Bispado prepara um intenso programa para &#8220;dar a conhecer o culto eucar\u00edstico no Mosteiro e a figura providencial da Madre Clara, aproximar muitas pessoas de Cristo e dar a conhecer a sua vida e carisma&#8221;.<\/p>\n<p>Cerca de cem irm\u00e3s formam esta comunidade de Clarissas, divididas em cinco conventos: 54 em S\u00f3ria (onde ingressar\u00e1 outra jovem de Toledo nos pr\u00f3ximos dias), 14 em Valdemoro (Madrid), dez em Medinaceli, 12 em Zimb\u00e1bue e seis em Mo\u00e7ambique, onde nos \u00faltimos meses ingressaram duas jovens mo\u00e7ambicanas.<\/p>\n<hr \/>\n<h3>Card. Parolin concluir\u00e1 festejos dos 800 anos do Perd\u00e3o de Assis<\/h3>\n<p><strong>Assis &#8211;<\/strong> Em 4 de agosto de 2016, o Papa Francisco rezou na Porci\u00fancula, na Bas\u00edlica Santa Maria dos Anjos, por ocasi\u00e3o dos 800 anos da Solenidade do Perd\u00e3o de Assis. \u00a0Um ano mais tarde, novamente milhares de peregrinos, jovens e n\u00e3o somente, retornam a Assis para a Festa do Perd\u00e3o e para atravessar a Porta da Miseric\u00f3rdia.<\/p>\n<p><strong>Conclus\u00e3o do Jubileu<\/strong><br \/>\nA recorr\u00eancia em 2017 tamb\u00e9m ter\u00e1 um car\u00e1ter solene, pois concluir\u00e1 as celebra\u00e7\u00f5es do VIII Centen\u00e1rio do Perd\u00e3o de Assis, Jubileu aberto em 2 de agosto passado pelo Cardeal Gualtiero Basseti e enriquecido com a peregrina\u00e7\u00e3o privada do Papa Francisco.\u00a0A solene celebra\u00e7\u00e3o de encerramento do Jubileu do Perd\u00e3o ter\u00e1 lugar \u00e0s 11 horas do dia 2 de agosto e ser\u00e1 presidida pelo Cardeal Secret\u00e1rio de Estado Pietro Parolin. A transmiss\u00e3o da cerim\u00f4nia estar\u00e1 a cargo da TV Padre Pio, com difus\u00e3o mundial pela emissora Maria Vision Italia.<\/p>\n<p><strong>Fam\u00edlia Franciscana<\/strong><br \/>\nOutra particularidade da celebra\u00e7\u00e3o deste ano ser\u00e1 o Tr\u00edduo de prepara\u00e7\u00e3o pregado pelos Ministros Gerais das tr\u00eas Ordens masculinas. Pelos Frades Menores Capuchinhos presidir\u00e1 o Vig\u00e1rio Geral.<\/p>\n<p>Assim estruturado, o evento se coloca em perfeita continuidade com o caminho assumido at\u00e9 agora e que culminou no Cap\u00edtulo Geral celebrado conjuntamente pelas Fam\u00edlias Franciscanas.<\/p>\n<p><strong>Programa<\/strong><br \/>\n\u00c0s 11 horas do dia 1\u00b0 de agosto, o Ministro Geral dos Frades Menores, Frei Michael A. Perry presidir\u00e1 \u00e0 solene Celebra\u00e7\u00e3o Eucar\u00edstica que ser\u00e1 conclu\u00edda com a prociss\u00e3o da &#8220;Abertura do Perd\u00e3o&#8221; &#8211; assim chamada porque a partir daquele momento at\u00e9 \u00e0s 24 horas do dia 2 de agosto, a Indulg\u00eancia Plen\u00e1ria concedida \u00e0 Porci\u00fancula diariamente se estende a todas as igrejas paroquiais espalhadas no mundo, incluindo todas as igrejas franciscanas.<\/p>\n<p>Na parte da tarde, as Primeiras V\u00e9speras ser\u00e3o presididas &#8211; ao final da peregrina\u00e7\u00e3o da Diocese de Assis &#8211; pelo Bispo Dom Domenico Sorrentino. Seguir\u00e1, como de costume, a oferta de incenso pela Prefeita de Assis, Stefania Proietti.\u00a0A Vig\u00edlia de ora\u00e7\u00e3o \u00e0 noite, com prociss\u00e3o luminosa, ser\u00e1 guiada pelo Secret\u00e1rio da Congrega\u00e7\u00e3o dos Institutos de Vida Consagrada, Dom Jos\u00e9 Rodriguez Carballo.<\/p>\n<p>E em 2 de agosto, o dia da grande festa, marcado por celebra\u00e7\u00f5es eucar\u00edsticas de hora em hora, entre as quais aquelas presididas pelo Cardeal Parolin, pelo Bispo Sorrentino e pelo Frei Claudio Durighetto, Ministro Provincial dos Frades Menores da \u00dambria.<\/p>\n<p>Tamb\u00e9m a chegada de milhares de jovens da XXXVII Marcha Franciscana &#8220;Um passo al\u00e9m&#8221; &#8211; que junto com os frades e irm\u00e3s &#8211; ir\u00e1 \u00e0 Porci\u00fancula para rejubilar-se na Miseric\u00f3rdia do Pai.<\/p>\n<p>\u00c0 noite, um concerto da Banda da Gendarmaria Vaticana, que ser\u00e1 seguido por um espet\u00e1culo de fogos de artif\u00edcio na Pra\u00e7a da Porci\u00fancula. Durante os dias da Festa, dezenas de confessores estar\u00e3o \u00e0 disposi\u00e7\u00e3o os penitentes nos locais de culto em Assis.<\/p>\n<p>O programa detalhado poder ser consultado no site <a href=\"www.assisiofm.it.\">www.assisiofm.it.<\/a><\/p>\n","protected":false},"excerpt":{"rendered":"<p>Segunda Ordem<\/p>\n","protected":false},"author":1,"featured_media":200922,"comment_status":"open","ping_status":"open","sticky":false,"template":"","format":"standard","meta":[],"categories":[1],"tags":[171],"acf":[],"yoast_head":"<!-- This site is optimized with the Yoast SEO plugin v19.2 - https:\/\/yoast.com\/wordpress\/plugins\/seo\/ -->\n<title>Papa concede Ano Jubilar a Irm\u00e3s Clarissas de S\u00f3ria - Not\u00edcias - Franciscanos<\/title>\n<meta name=\"robots\" content=\"index, follow, max-snippet:-1, max-image-preview:large, max-video-preview:-1\" \/>\n<link rel=\"canonical\" href=\"https:\/\/franciscanos.org.br\/noticias\/papa-concede-ano-jubilar-a-irmas-clarissas-de-soria.html\" \/>\n<meta property=\"og:locale\" content=\"pt_BR\" \/>\n<meta property=\"og:type\" content=\"article\" \/>\n<meta property=\"og:title\" content=\"Papa concede Ano Jubilar a Irm\u00e3s Clarissas de S\u00f3ria - Not\u00edcias - Franciscanos\" \/>\n<meta property=\"og:description\" content=\"Segunda Ordem\" \/>\n<meta property=\"og:url\" content=\"https:\/\/franciscanos.org.br\/noticias\/papa-concede-ano-jubilar-a-irmas-clarissas-de-soria.html\" \/>\n<meta property=\"og:site_name\" content=\"Not\u00edcias - Franciscanos\" \/>\n<meta property=\"article:published_time\" content=\"2017-07-21T10:45:49+00:00\" \/>\n<meta property=\"article:modified_time\" content=\"2019-09-04T18:25:13+00:00\" \/>\n<meta property=\"og:image\" content=\"https:\/\/franciscanos.org.br\/noticias\/wp-content\/uploads\/2017\/07\/soria_210717.jpg\" \/>\n\t<meta property=\"og:image:width\" content=\"273\" \/>\n\t<meta property=\"og:image:height\" content=\"181\" \/>\n\t<meta property=\"og:image:type\" content=\"image\/jpeg\" \/>\n<meta name=\"author\" content=\"admin\" \/>\n<meta name=\"twitter:card\" content=\"summary_large_image\" \/>\n<meta name=\"twitter:label1\" content=\"Escrito por\" \/>\n\t<meta name=\"twitter:data1\" content=\"admin\" \/>\n\t<meta name=\"twitter:label2\" content=\"Est. tempo de leitura\" \/>\n\t<meta name=\"twitter:data2\" content=\"6 minutos\" \/>\n<script type=\"application\/ld+json\" class=\"yoast-schema-graph\">{\"@context\":\"https:\/\/schema.org\",\"@graph\":[{\"@type\":\"WebSite\",\"@id\":\"https:\/\/franciscanos.org.br\/noticias\/#website\",\"url\":\"https:\/\/franciscanos.org.br\/noticias\/\",\"name\":\"Not\u00edcias - Franciscanos\",\"description\":\"Prov\u00edncia Franciscana da Imaculada Concei\u00e7\u00e3o do Brasil - Ordem dos Frades Menores - OFM\",\"potentialAction\":[{\"@type\":\"SearchAction\",\"target\":{\"@type\":\"EntryPoint\",\"urlTemplate\":\"https:\/\/franciscanos.org.br\/noticias\/?s={search_term_string}\"},\"query-input\":\"required name=search_term_string\"}],\"inLanguage\":\"pt-BR\"},{\"@type\":\"ImageObject\",\"inLanguage\":\"pt-BR\",\"@id\":\"https:\/\/franciscanos.org.br\/noticias\/papa-concede-ano-jubilar-a-irmas-clarissas-de-soria.html#primaryimage\",\"url\":\"https:\/\/franciscanos.org.br\/noticias\/wp-content\/uploads\/2017\/07\/soria_210717.jpg\",\"contentUrl\":\"https:\/\/franciscanos.org.br\/noticias\/wp-content\/uploads\/2017\/07\/soria_210717.jpg\",\"width\":273,\"height\":181},{\"@type\":\"WebPage\",\"@id\":\"https:\/\/franciscanos.org.br\/noticias\/papa-concede-ano-jubilar-a-irmas-clarissas-de-soria.html#webpage\",\"url\":\"https:\/\/franciscanos.org.br\/noticias\/papa-concede-ano-jubilar-a-irmas-clarissas-de-soria.html\",\"name\":\"Papa concede Ano Jubilar a Irm\u00e3s Clarissas de S\u00f3ria - Not\u00edcias - Franciscanos\",\"isPartOf\":{\"@id\":\"https:\/\/franciscanos.org.br\/noticias\/#website\"},\"primaryImageOfPage\":{\"@id\":\"https:\/\/franciscanos.org.br\/noticias\/papa-concede-ano-jubilar-a-irmas-clarissas-de-soria.html#primaryimage\"},\"datePublished\":\"2017-07-21T10:45:49+00:00\",\"dateModified\":\"2019-09-04T18:25:13+00:00\",\"author\":{\"@id\":\"https:\/\/franciscanos.org.br\/noticias\/#\/schema\/person\/b38fbf43118f02820bd932f2e4b14ad3\"},\"breadcrumb\":{\"@id\":\"https:\/\/franciscanos.org.br\/noticias\/papa-concede-ano-jubilar-a-irmas-clarissas-de-soria.html#breadcrumb\"},\"inLanguage\":\"pt-BR\",\"potentialAction\":[{\"@type\":\"ReadAction\",\"target\":[\"https:\/\/franciscanos.org.br\/noticias\/papa-concede-ano-jubilar-a-irmas-clarissas-de-soria.html\"]}]},{\"@type\":\"BreadcrumbList\",\"@id\":\"https:\/\/franciscanos.org.br\/noticias\/papa-concede-ano-jubilar-a-irmas-clarissas-de-soria.html#breadcrumb\",\"itemListElement\":[{\"@type\":\"ListItem\",\"position\":1,\"name\":\"Home\",\"item\":\"https:\/\/franciscanos.org.br\/noticias\"},{\"@type\":\"ListItem\",\"position\":2,\"name\":\"Papa concede Ano Jubilar a Irm\u00e3s Clarissas de S\u00f3ria\"}]},{\"@type\":\"Person\",\"@id\":\"https:\/\/franciscanos.org.br\/noticias\/#\/schema\/person\/b38fbf43118f02820bd932f2e4b14ad3\",\"name\":\"admin\",\"image\":{\"@type\":\"ImageObject\",\"inLanguage\":\"pt-BR\",\"@id\":\"https:\/\/franciscanos.org.br\/noticias\/#\/schema\/person\/image\/\",\"url\":\"https:\/\/secure.gravatar.com\/avatar\/e8495742d34d0ba6448ea1c628263b3e?s=96&d=mm&r=g\",\"contentUrl\":\"https:\/\/secure.gravatar.com\/avatar\/e8495742d34d0ba6448ea1c628263b3e?s=96&d=mm&r=g\",\"caption\":\"admin\"},\"url\":\"https:\/\/franciscanos.org.br\/noticias\/author\/admin\"}]}<\/script>\n<!-- \/ Yoast SEO plugin. -->","yoast_head_json":{"title":"Papa concede Ano Jubilar a Irm\u00e3s Clarissas de S\u00f3ria - Not\u00edcias - Franciscanos","robots":{"index":"index","follow":"follow","max-snippet":"max-snippet:-1","max-image-preview":"max-image-preview:large","max-video-preview":"max-video-preview:-1"},"canonical":"https:\/\/franciscanos.org.br\/noticias\/papa-concede-ano-jubilar-a-irmas-clarissas-de-soria.html","og_locale":"pt_BR","og_type":"article","og_title":"Papa concede Ano Jubilar a Irm\u00e3s Clarissas de S\u00f3ria - Not\u00edcias - Franciscanos","og_description":"Segunda Ordem","og_url":"https:\/\/franciscanos.org.br\/noticias\/papa-concede-ano-jubilar-a-irmas-clarissas-de-soria.html","og_site_name":"Not\u00edcias - Franciscanos","article_published_time":"2017-07-21T10:45:49+00:00","article_modified_time":"2019-09-04T18:25:13+00:00","og_image":[{"width":273,"height":181,"url":"https:\/\/franciscanos.org.br\/noticias\/wp-content\/uploads\/2017\/07\/soria_210717.jpg","type":"image\/jpeg"}],"author":"admin","twitter_card":"summary_large_image","twitter_misc":{"Escrito por":"admin","Est. tempo de leitura":"6 minutos"},"schema":{"@context":"https:\/\/schema.org","@graph":[{"@type":"WebSite","@id":"https:\/\/franciscanos.org.br\/noticias\/#website","url":"https:\/\/franciscanos.org.br\/noticias\/","name":"Not\u00edcias - Franciscanos","description":"Prov\u00edncia Franciscana da Imaculada Concei\u00e7\u00e3o do Brasil - Ordem dos Frades Menores - OFM","potentialAction":[{"@type":"SearchAction","target":{"@type":"EntryPoint","urlTemplate":"https:\/\/franciscanos.org.br\/noticias\/?s={search_term_string}"},"query-input":"required name=search_term_string"}],"inLanguage":"pt-BR"},{"@type":"ImageObject","inLanguage":"pt-BR","@id":"https:\/\/franciscanos.org.br\/noticias\/papa-concede-ano-jubilar-a-irmas-clarissas-de-soria.html#primaryimage","url":"https:\/\/franciscanos.org.br\/noticias\/wp-content\/uploads\/2017\/07\/soria_210717.jpg","contentUrl":"https:\/\/franciscanos.org.br\/noticias\/wp-content\/uploads\/2017\/07\/soria_210717.jpg","width":273,"height":181},{"@type":"WebPage","@id":"https:\/\/franciscanos.org.br\/noticias\/papa-concede-ano-jubilar-a-irmas-clarissas-de-soria.html#webpage","url":"https:\/\/franciscanos.org.br\/noticias\/papa-concede-ano-jubilar-a-irmas-clarissas-de-soria.html","name":"Papa concede Ano Jubilar a Irm\u00e3s Clarissas de S\u00f3ria - Not\u00edcias - Franciscanos","isPartOf":{"@id":"https:\/\/franciscanos.org.br\/noticias\/#website"},"primaryImageOfPage":{"@id":"https:\/\/franciscanos.org.br\/noticias\/papa-concede-ano-jubilar-a-irmas-clarissas-de-soria.html#primaryimage"},"datePublished":"2017-07-21T10:45:49+00:00","dateModified":"2019-09-04T18:25:13+00:00","author":{"@id":"https:\/\/franciscanos.org.br\/noticias\/#\/schema\/person\/b38fbf43118f02820bd932f2e4b14ad3"},"breadcrumb":{"@id":"https:\/\/franciscanos.org.br\/noticias\/papa-concede-ano-jubilar-a-irmas-clarissas-de-soria.html#breadcrumb"},"inLanguage":"pt-BR","potentialAction":[{"@type":"ReadAction","target":["https:\/\/franciscanos.org.br\/noticias\/papa-concede-ano-jubilar-a-irmas-clarissas-de-soria.html"]}]},{"@type":"BreadcrumbList","@id":"https:\/\/franciscanos.org.br\/noticias\/papa-concede-ano-jubilar-a-irmas-clarissas-de-soria.html#breadcrumb","itemListElement":[{"@type":"ListItem","position":1,"name":"Home","item":"https:\/\/franciscanos.org.br\/noticias"},{"@type":"ListItem","position":2,"name":"Papa concede Ano Jubilar a Irm\u00e3s Clarissas de S\u00f3ria"}]},{"@type":"Person","@id":"https:\/\/franciscanos.org.br\/noticias\/#\/schema\/person\/b38fbf43118f02820bd932f2e4b14ad3","name":"admin","image":{"@type":"ImageObject","inLanguage":"pt-BR","@id":"https:\/\/franciscanos.org.br\/noticias\/#\/schema\/person\/image\/","url":"https:\/\/secure.gravatar.com\/avatar\/e8495742d34d0ba6448ea1c628263b3e?s=96&d=mm&r=g","contentUrl":"https:\/\/secure.gravatar.com\/avatar\/e8495742d34d0ba6448ea1c628263b3e?s=96&d=mm&r=g","caption":"admin"},"url":"https:\/\/franciscanos.org.br\/noticias\/author\/admin"}]}},"_links":{"self":[{"href":"https:\/\/franciscanos.org.br\/noticias\/wp-json\/wp\/v2\/posts\/137971"}],"collection":[{"href":"https:\/\/franciscanos.org.br\/noticias\/wp-json\/wp\/v2\/posts"}],"about":[{"href":"https:\/\/franciscanos.org.br\/noticias\/wp-json\/wp\/v2\/types\/post"}],"author":[{"embeddable":true,"href":"https:\/\/franciscanos.org.br\/noticias\/wp-json\/wp\/v2\/users\/1"}],"replies":[{"embeddable":true,"href":"https:\/\/franciscanos.org.br\/noticias\/wp-json\/wp\/v2\/comments?post=137971"}],"version-history":[{"count":0,"href":"https:\/\/franciscanos.org.br\/noticias\/wp-json\/wp\/v2\/posts\/137971\/revisions"}],"wp:featuredmedia":[{"embeddable":true,"href":"https:\/\/franciscanos.org.br\/noticias\/wp-json\/wp\/v2\/media\/200922"}],"wp:attachment":[{"href":"https:\/\/franciscanos.org.br\/noticias\/wp-json\/wp\/v2\/media?parent=137971"}],"wp:term":[{"taxonomy":"category","embeddable":true,"href":"https:\/\/franciscanos.org.br\/noticias\/wp-json\/wp\/v2\/categories?post=137971"},{"taxonomy":"post_tag","embeddable":true,"href":"https:\/\/franciscanos.org.br\/noticias\/wp-json\/wp\/v2\/tags?post=137971"}],"curies":[{"name":"wp","href":"https:\/\/api.w.org\/{rel}","templated":true}]}}