{"id":137841,"date":"2017-07-18T08:13:59","date_gmt":"2017-07-18T11:13:59","guid":{"rendered":"http:\/\/franciscanos.org.br\/?p=137841"},"modified":"2019-03-01T13:46:12","modified_gmt":"2019-03-01T16:46:12","slug":"missoes-fonte-abundante-de-agua-viva","status":"publish","type":"post","link":"https:\/\/franciscanos.org.br\/noticias\/missoes-fonte-abundante-de-agua-viva.html","title":{"rendered":"Miss\u00f5es na Bahia: Fonte abundante de \u00e1gua viva"},"content":{"rendered":"<p><img loading=\"lazy\" src=\"http:\/\/franciscanos.org.br\/wp-content\/uploads\/2017\/07\/bahia_180717_1.jpg\" alt=\"bahia_180717_1\" width=\"830\" height=\"521\" \/><br \/>\nO semi\u00e1rido baiano tornou-se para 15 jovens mission\u00e1rios da Prov\u00edncia Franciscana da Imaculada Concei\u00e7\u00e3o do Brasil uma fonte abundante de \u00e1gua viva que brota da presen\u00e7a de Jesus no meio do seu povo.<br \/>\nEsta foi a conclus\u00e3o depois de uma semana de miss\u00e3o na Pr\u00f3-par\u00f3quia de Nossa Senhora da Piedade, em Cocal, povoado do mun\u00edcipio de Brotas de Maca\u00fabas (BA), pertencente \u00e0 Diocese de Barra, cujo pastor \u00e9 o bispo franciscano Dom Lu\u00eds Flavio Cappio.<br \/>\nJovens mission\u00e1rios de Santa Catarina, Paran\u00e1, S\u00e3o Paulo e Rio de Janeiro n\u00e3o se intimidaram com as dist\u00e2ncias e longas horas de viagem, nem tampouco pelo clima frio e nebuloso de alguns dias da semana, desfazendo a ideia de que somente no Sul \u00e9 que faz frio.<br \/>\nNo entanto, se a temperatura insistia em se manter baixa, o calor da acolhida e do carinho do povo baiano aqueceu o cora\u00e7\u00e3o de todos que encerraram as miss\u00f5es com l\u00e1grimas de despedidas e a promessa de retornarem assim que poss\u00edvel.<br \/>\nDivididos em cinco equipes, os jovens viveram uma experi\u00eancia de fraternidade e miss\u00e3o. Acolhidos nas casas das fam\u00edlias, puderam partilhar o p\u00e3o e a a\u00e7\u00e3o, a vida e a f\u00e9, os sonhos e os desafios desse povo que insiste em testemunhar a beleza de um Deus que se faz simples e pequeno.<br \/>\n<img loading=\"lazy\" src=\"http:\/\/franciscanos.org.br\/wp-content\/uploads\/2017\/07\/bahia_180717_5.jpg\" alt=\"bahia_180717_5\" width=\"830\" height=\"623\" \/><br \/>\nNo dia a dia com as comunidades se experimentava a certeza de que \u2018<em>quanto menor a casinha, mais sincero \u00e9 o bom dia\u2019. <\/em>O amor e o cuidado de Jesus se manifestou de diferentes formas: pelas m\u00e3os que preparavam com carinho o cuscuz matinal; pelo olhar sincero e atento das crian\u00e7as que foram as fi\u00e9is companheiras durante as visitas; pela perseveran\u00e7a do irm\u00e3o embriagado que n\u00e3o deixava de participar de nenhuma celebra\u00e7\u00e3o, acreditando ali encontrar for\u00e7as para se libertar do v\u00edcio; pelo servi\u00e7o incans\u00e1vel das lideran\u00e7as que preparavam tudo com tamanho dedica\u00e7\u00e3o; pelo trabalho dos jovens na arte de plantar n\u00e3o somente flores em sua comunidade, mas em cultivar sonhos para sua juventude; no bal\u00e3o reaproveitado pelas crian\u00e7as, que no encher e esvaziar desse t\u00e3o simples objeto nos davam uma verdadeira li\u00e7\u00e3o de um novo mundo poss\u00edvel; pela ousadia dos jovens mission\u00e1rios que investiram n\u00e3o somente seu dinheiro para uma t\u00e3o longa viagem, mas partilharam suas vidas e seus dons para fazer o Reino de Deus acontecer. Enfim, tudo falava de Deus e expressava o rosto Daquele que se fez para n\u00f3s o caminho.<br \/>\nVisitas \u00e0s fam\u00edlias, reuni\u00f5es formativas, ora\u00e7\u00f5es do ter\u00e7o e momentos celebrativos refor\u00e7aram ainda mais a f\u00e9 e a devo\u00e7\u00e3o do povo. O cuidado com a Casa Comum tamb\u00e9m foi trabalhado com todos os jovens das escolas, que participaram da Semana do Meio Ambiente, realizando estudos e atividades de conscientiza\u00e7\u00e3o sobre o tema. Tal semana foi conclu\u00edda com um mutir\u00e3o de limpeza na comunidade do Cocal, dando direito a premia\u00e7\u00e3o dos alunos que mais se destacaram em todo o projeto.<br \/>\n<img loading=\"lazy\" src=\"http:\/\/franciscanos.org.br\/wp-content\/uploads\/2017\/07\/bahia_180717_4.jpg\" alt=\"bahia_180717_4\" width=\"830\" height=\"445\" \/><br \/>\nAl\u00e9m disso, a juventude da regi\u00e3o teve oportunidade de conhecer um pouco mais \u00a0a espiritualidade franciscana durante uma animada tarde de encontro, que foi conclu\u00edda ao p\u00e9 da fogueira com cantos, dan\u00e7as e apresenta\u00e7\u00f5es, demonstrando a alegria de serem jovens e que os sonhos que os animam s\u00e3o os mesmos em qualquer canto do pa\u00eds.<br \/>\n<img loading=\"lazy\" class=\"alignright wp-image-137845 \" src=\"http:\/\/franciscanos.org.br\/wp-content\/uploads\/2017\/07\/bahia_180717_3.jpg\" alt=\"bahia_180717_3\" width=\"184\" height=\"276\" \/>Coroando essa Semana Mission\u00e1ria, toda a comunidade paroquial reuniu-se para uma manh\u00e3 de retiro e aprofundamento das 7 dores de Maria, que foram dramatizadas pelos jovens e que se tornaram mais pr\u00f3ximas da vida do povo.<br \/>\nPor fim, gratid\u00e3o \u00e9 a palavra que define essa grande experi\u00eancia: aos jovens, pela coragem e dedica\u00e7\u00e3o; a Frei Mois\u00e9s Beserra de Lima, p\u00e1roco local, pela organiza\u00e7\u00e3o e acolhida; \u00e0s fraternidades e Par\u00f3quias da Prov\u00edncia, pelo apoio e incentivo; e ao povo de Cocal, pela partilha alegre e sincera, que fez do semi\u00e1rido baiano um local de chuva abundante capaz de irrigar os cora\u00e7\u00f5es de todos n\u00f3s.<br \/>\n\u201cA experi\u00eancia da miss\u00e3o para mim foi singular, pois me senti em casa em todos os lugares que passei. O povo de Cocal \u00e9\u00a0 desapegado e generoso,\u00a0 de modo que sempre oferece tudo o que tem, sem medo de &#8216;perder&#8217; o pouco que tem. Comumente se ouvia: \u00a0\u2018A casa \u00e9 sua. Fique \u00e0 vontade\u2019. Para o povo que visitei, pode at\u00e9 faltar muitas coisas, mas para o mission\u00e1rio que vem para o meio desse povo, n\u00e3o falta nada!\u201d, avaliou \u00a0Frei Marcos Schwengber <em>(foto acima).<\/em><br \/>\n\u201cA miss\u00e3o para mim \u00e9 uma das maneiras mais lindas de demonstrar o amor ao pr\u00f3ximo, pois poder sair de nossas casas e levar um sorriso, um abra\u00e7o e palavras de f\u00e9 e ora\u00e7\u00e3o para as fam\u00edlias muitas vezes esquecidas pela sociedade e sermos acolhidos t\u00e3o bem, \u00e9 muito gratificante, principalmente pelo afeto e amizade que n\u00f3s criamos com os moradores de Cocal\u201d, completou o jovem Paulo Vidal, de Santo Amaro da Imperatriz (SC).<br \/>\n<strong>Frei Diego Atalino de Melo<\/strong><br \/>\n<strong>Frei Gabriel Dellandrea<\/strong><br \/>\nVEJA MAIS IMAGENS DA SEMANA MISSION\u00c1RIA NA BAHIA<\/p>\n\n<p>&nbsp;<\/p>\n","protected":false},"excerpt":{"rendered":"<p>SAV<\/p>\n","protected":false},"author":1,"featured_media":200954,"comment_status":"open","ping_status":"open","sticky":false,"template":"","format":"standard","meta":[],"categories":[1],"tags":[552],"acf":[],"yoast_head":"<!-- This site is optimized with the Yoast SEO plugin v19.2 - https:\/\/yoast.com\/wordpress\/plugins\/seo\/ -->\n<title>Miss\u00f5es na Bahia: Fonte abundante de \u00e1gua viva - Not\u00edcias - Franciscanos<\/title>\n<meta name=\"robots\" content=\"index, follow, max-snippet:-1, max-image-preview:large, max-video-preview:-1\" \/>\n<link rel=\"canonical\" href=\"https:\/\/franciscanos.org.br\/noticias\/missoes-fonte-abundante-de-agua-viva.html\" \/>\n<meta property=\"og:locale\" content=\"pt_BR\" \/>\n<meta property=\"og:type\" content=\"article\" \/>\n<meta property=\"og:title\" content=\"Miss\u00f5es na Bahia: Fonte abundante de \u00e1gua viva - Not\u00edcias - Franciscanos\" \/>\n<meta property=\"og:description\" content=\"SAV\" \/>\n<meta property=\"og:url\" content=\"https:\/\/franciscanos.org.br\/noticias\/missoes-fonte-abundante-de-agua-viva.html\" \/>\n<meta property=\"og:site_name\" content=\"Not\u00edcias - Franciscanos\" \/>\n<meta property=\"article:published_time\" content=\"2017-07-18T11:13:59+00:00\" \/>\n<meta property=\"article:modified_time\" content=\"2019-03-01T16:46:12+00:00\" \/>\n<meta property=\"og:image\" content=\"https:\/\/franciscanos.org.br\/noticias\/wp-content\/uploads\/2017\/07\/bahia_180717_1.jpg\" \/>\n\t<meta property=\"og:image:width\" content=\"273\" \/>\n\t<meta property=\"og:image:height\" content=\"181\" \/>\n\t<meta property=\"og:image:type\" content=\"image\/jpeg\" \/>\n<meta name=\"author\" content=\"admin\" \/>\n<meta name=\"twitter:card\" content=\"summary_large_image\" \/>\n<meta name=\"twitter:label1\" content=\"Escrito por\" \/>\n\t<meta name=\"twitter:data1\" content=\"admin\" \/>\n\t<meta name=\"twitter:label2\" content=\"Est. tempo de leitura\" \/>\n\t<meta name=\"twitter:data2\" content=\"4 minutos\" \/>\n<script type=\"application\/ld+json\" class=\"yoast-schema-graph\">{\"@context\":\"https:\/\/schema.org\",\"@graph\":[{\"@type\":\"WebSite\",\"@id\":\"https:\/\/franciscanos.org.br\/noticias\/#website\",\"url\":\"https:\/\/franciscanos.org.br\/noticias\/\",\"name\":\"Not\u00edcias - Franciscanos\",\"description\":\"Prov\u00edncia Franciscana da Imaculada Concei\u00e7\u00e3o do Brasil - Ordem dos Frades Menores - OFM\",\"potentialAction\":[{\"@type\":\"SearchAction\",\"target\":{\"@type\":\"EntryPoint\",\"urlTemplate\":\"https:\/\/franciscanos.org.br\/noticias\/?s={search_term_string}\"},\"query-input\":\"required name=search_term_string\"}],\"inLanguage\":\"pt-BR\"},{\"@type\":\"ImageObject\",\"inLanguage\":\"pt-BR\",\"@id\":\"https:\/\/franciscanos.org.br\/noticias\/missoes-fonte-abundante-de-agua-viva.html#primaryimage\",\"url\":\"https:\/\/franciscanos.org.br\/noticias\/wp-content\/uploads\/2017\/07\/bahia_180717_1.jpg\",\"contentUrl\":\"https:\/\/franciscanos.org.br\/noticias\/wp-content\/uploads\/2017\/07\/bahia_180717_1.jpg\",\"width\":273,\"height\":181},{\"@type\":\"WebPage\",\"@id\":\"https:\/\/franciscanos.org.br\/noticias\/missoes-fonte-abundante-de-agua-viva.html#webpage\",\"url\":\"https:\/\/franciscanos.org.br\/noticias\/missoes-fonte-abundante-de-agua-viva.html\",\"name\":\"Miss\u00f5es na Bahia: Fonte abundante de \u00e1gua viva - Not\u00edcias - Franciscanos\",\"isPartOf\":{\"@id\":\"https:\/\/franciscanos.org.br\/noticias\/#website\"},\"primaryImageOfPage\":{\"@id\":\"https:\/\/franciscanos.org.br\/noticias\/missoes-fonte-abundante-de-agua-viva.html#primaryimage\"},\"datePublished\":\"2017-07-18T11:13:59+00:00\",\"dateModified\":\"2019-03-01T16:46:12+00:00\",\"author\":{\"@id\":\"https:\/\/franciscanos.org.br\/noticias\/#\/schema\/person\/b38fbf43118f02820bd932f2e4b14ad3\"},\"breadcrumb\":{\"@id\":\"https:\/\/franciscanos.org.br\/noticias\/missoes-fonte-abundante-de-agua-viva.html#breadcrumb\"},\"inLanguage\":\"pt-BR\",\"potentialAction\":[{\"@type\":\"ReadAction\",\"target\":[\"https:\/\/franciscanos.org.br\/noticias\/missoes-fonte-abundante-de-agua-viva.html\"]}]},{\"@type\":\"BreadcrumbList\",\"@id\":\"https:\/\/franciscanos.org.br\/noticias\/missoes-fonte-abundante-de-agua-viva.html#breadcrumb\",\"itemListElement\":[{\"@type\":\"ListItem\",\"position\":1,\"name\":\"Home\",\"item\":\"https:\/\/franciscanos.org.br\/noticias\"},{\"@type\":\"ListItem\",\"position\":2,\"name\":\"Miss\u00f5es na Bahia: Fonte abundante de \u00e1gua viva\"}]},{\"@type\":\"Person\",\"@id\":\"https:\/\/franciscanos.org.br\/noticias\/#\/schema\/person\/b38fbf43118f02820bd932f2e4b14ad3\",\"name\":\"admin\",\"image\":{\"@type\":\"ImageObject\",\"inLanguage\":\"pt-BR\",\"@id\":\"https:\/\/franciscanos.org.br\/noticias\/#\/schema\/person\/image\/\",\"url\":\"https:\/\/secure.gravatar.com\/avatar\/e8495742d34d0ba6448ea1c628263b3e?s=96&d=mm&r=g\",\"contentUrl\":\"https:\/\/secure.gravatar.com\/avatar\/e8495742d34d0ba6448ea1c628263b3e?s=96&d=mm&r=g\",\"caption\":\"admin\"},\"url\":\"https:\/\/franciscanos.org.br\/noticias\/author\/admin\"}]}<\/script>\n<!-- \/ Yoast SEO plugin. -->","yoast_head_json":{"title":"Miss\u00f5es na Bahia: Fonte abundante de \u00e1gua viva - Not\u00edcias - Franciscanos","robots":{"index":"index","follow":"follow","max-snippet":"max-snippet:-1","max-image-preview":"max-image-preview:large","max-video-preview":"max-video-preview:-1"},"canonical":"https:\/\/franciscanos.org.br\/noticias\/missoes-fonte-abundante-de-agua-viva.html","og_locale":"pt_BR","og_type":"article","og_title":"Miss\u00f5es na Bahia: Fonte abundante de \u00e1gua viva - Not\u00edcias - Franciscanos","og_description":"SAV","og_url":"https:\/\/franciscanos.org.br\/noticias\/missoes-fonte-abundante-de-agua-viva.html","og_site_name":"Not\u00edcias - Franciscanos","article_published_time":"2017-07-18T11:13:59+00:00","article_modified_time":"2019-03-01T16:46:12+00:00","og_image":[{"width":273,"height":181,"url":"https:\/\/franciscanos.org.br\/noticias\/wp-content\/uploads\/2017\/07\/bahia_180717_1.jpg","type":"image\/jpeg"}],"author":"admin","twitter_card":"summary_large_image","twitter_misc":{"Escrito por":"admin","Est. tempo de leitura":"4 minutos"},"schema":{"@context":"https:\/\/schema.org","@graph":[{"@type":"WebSite","@id":"https:\/\/franciscanos.org.br\/noticias\/#website","url":"https:\/\/franciscanos.org.br\/noticias\/","name":"Not\u00edcias - Franciscanos","description":"Prov\u00edncia Franciscana da Imaculada Concei\u00e7\u00e3o do Brasil - Ordem dos Frades Menores - OFM","potentialAction":[{"@type":"SearchAction","target":{"@type":"EntryPoint","urlTemplate":"https:\/\/franciscanos.org.br\/noticias\/?s={search_term_string}"},"query-input":"required name=search_term_string"}],"inLanguage":"pt-BR"},{"@type":"ImageObject","inLanguage":"pt-BR","@id":"https:\/\/franciscanos.org.br\/noticias\/missoes-fonte-abundante-de-agua-viva.html#primaryimage","url":"https:\/\/franciscanos.org.br\/noticias\/wp-content\/uploads\/2017\/07\/bahia_180717_1.jpg","contentUrl":"https:\/\/franciscanos.org.br\/noticias\/wp-content\/uploads\/2017\/07\/bahia_180717_1.jpg","width":273,"height":181},{"@type":"WebPage","@id":"https:\/\/franciscanos.org.br\/noticias\/missoes-fonte-abundante-de-agua-viva.html#webpage","url":"https:\/\/franciscanos.org.br\/noticias\/missoes-fonte-abundante-de-agua-viva.html","name":"Miss\u00f5es na Bahia: Fonte abundante de \u00e1gua viva - Not\u00edcias - Franciscanos","isPartOf":{"@id":"https:\/\/franciscanos.org.br\/noticias\/#website"},"primaryImageOfPage":{"@id":"https:\/\/franciscanos.org.br\/noticias\/missoes-fonte-abundante-de-agua-viva.html#primaryimage"},"datePublished":"2017-07-18T11:13:59+00:00","dateModified":"2019-03-01T16:46:12+00:00","author":{"@id":"https:\/\/franciscanos.org.br\/noticias\/#\/schema\/person\/b38fbf43118f02820bd932f2e4b14ad3"},"breadcrumb":{"@id":"https:\/\/franciscanos.org.br\/noticias\/missoes-fonte-abundante-de-agua-viva.html#breadcrumb"},"inLanguage":"pt-BR","potentialAction":[{"@type":"ReadAction","target":["https:\/\/franciscanos.org.br\/noticias\/missoes-fonte-abundante-de-agua-viva.html"]}]},{"@type":"BreadcrumbList","@id":"https:\/\/franciscanos.org.br\/noticias\/missoes-fonte-abundante-de-agua-viva.html#breadcrumb","itemListElement":[{"@type":"ListItem","position":1,"name":"Home","item":"https:\/\/franciscanos.org.br\/noticias"},{"@type":"ListItem","position":2,"name":"Miss\u00f5es na Bahia: Fonte abundante de \u00e1gua viva"}]},{"@type":"Person","@id":"https:\/\/franciscanos.org.br\/noticias\/#\/schema\/person\/b38fbf43118f02820bd932f2e4b14ad3","name":"admin","image":{"@type":"ImageObject","inLanguage":"pt-BR","@id":"https:\/\/franciscanos.org.br\/noticias\/#\/schema\/person\/image\/","url":"https:\/\/secure.gravatar.com\/avatar\/e8495742d34d0ba6448ea1c628263b3e?s=96&d=mm&r=g","contentUrl":"https:\/\/secure.gravatar.com\/avatar\/e8495742d34d0ba6448ea1c628263b3e?s=96&d=mm&r=g","caption":"admin"},"url":"https:\/\/franciscanos.org.br\/noticias\/author\/admin"}]}},"_links":{"self":[{"href":"https:\/\/franciscanos.org.br\/noticias\/wp-json\/wp\/v2\/posts\/137841"}],"collection":[{"href":"https:\/\/franciscanos.org.br\/noticias\/wp-json\/wp\/v2\/posts"}],"about":[{"href":"https:\/\/franciscanos.org.br\/noticias\/wp-json\/wp\/v2\/types\/post"}],"author":[{"embeddable":true,"href":"https:\/\/franciscanos.org.br\/noticias\/wp-json\/wp\/v2\/users\/1"}],"replies":[{"embeddable":true,"href":"https:\/\/franciscanos.org.br\/noticias\/wp-json\/wp\/v2\/comments?post=137841"}],"version-history":[{"count":0,"href":"https:\/\/franciscanos.org.br\/noticias\/wp-json\/wp\/v2\/posts\/137841\/revisions"}],"wp:featuredmedia":[{"embeddable":true,"href":"https:\/\/franciscanos.org.br\/noticias\/wp-json\/wp\/v2\/media\/200954"}],"wp:attachment":[{"href":"https:\/\/franciscanos.org.br\/noticias\/wp-json\/wp\/v2\/media?parent=137841"}],"wp:term":[{"taxonomy":"category","embeddable":true,"href":"https:\/\/franciscanos.org.br\/noticias\/wp-json\/wp\/v2\/categories?post=137841"},{"taxonomy":"post_tag","embeddable":true,"href":"https:\/\/franciscanos.org.br\/noticias\/wp-json\/wp\/v2\/tags?post=137841"}],"curies":[{"name":"wp","href":"https:\/\/api.w.org\/{rel}","templated":true}]}}