{"id":137803,"date":"2017-07-17T07:35:14","date_gmt":"2017-07-17T10:35:14","guid":{"rendered":"http:\/\/franciscanos.org.br\/?p=137803"},"modified":"2021-07-05T20:04:13","modified_gmt":"2021-07-05T23:04:13","slug":"rio-acolhe-corais-de-meninos-cantores-em-congresso-internacional-ate-sabado","status":"publish","type":"post","link":"https:\/\/franciscanos.org.br\/noticias\/rio-acolhe-corais-de-meninos-cantores-em-congresso-internacional-ate-sabado.html","title":{"rendered":"Rio acolhe Corais  em Congresso Internacional"},"content":{"rendered":"<p><img loading=\"lazy\" src=\"http:\/\/franciscanos.org.br\/wp-content\/uploads\/2017\/07\/canarinhos_170717.jpg\" alt=\"canarinhos_170717\" width=\"830\" height=\"410\" \/><\/p>\n<p>Cerca de 1.000 crian\u00e7as de diferentes pa\u00edses se reunir\u00e3o no Rio de Janeiro entre os dias 18 e 22 de julho, onde participam do XLI Congresso Internacional Pueri Cantores. A programa\u00e7\u00e3o contar\u00e1 com concertos gratuitos em igrejas, teatros e pra\u00e7as p\u00fablicas, valorizando a m\u00fasica sacra e propagando mensagens de paz e esperan\u00e7a na capital carioca.<\/p>\n<table border=\"0\" width=\"450\" cellspacing=\"3\" cellpadding=\"3\" align=\"right\">\n<tbody>\n<tr>\n<td bgcolor=\"#CCCCCC\">\n<h4>Confira a programa\u00e7\u00e3o completa:<\/h4>\n<p><strong>18\/07 \u2013 Ter\u00e7a-feira<\/strong><\/p>\n<p>*19h30 \u2013 Cerim\u00f4nia de Abertura \u2013 Catedral Metropolitana de S\u00e3o Sebasti\u00e3o<\/p>\n<p><strong>19\/07 \u2013 Quarta-feira<\/strong><\/p>\n<p>*10h \u2013 Missa das Na\u00e7\u00f5es<br \/>\n&#8211; L\u00edngua Portuguesa \u2013 Igreja da Candel\u00e1ria<br \/>\n&#8211; L\u00edngua Espanhola \u2013 Igreja de Santa Cec\u00edlia<br \/>\n&#8211; L\u00edngua Francesa \u2013 Igreja da Sant\u00edssima Trindade<br \/>\n&#8211; L\u00edngua Alem\u00e3 \u2013 Igreja de Santo In\u00e1cio<br \/>\n&#8211; L\u00edngua Polonesa \u2013 Igreja de Santa Margarida<br \/>\n&#8211; L\u00edngua Inglesa \u2013 Igreja Nossa Senhora de Copacabana<\/p>\n<p>*18h \u00e0s 20h \u2013 Concertos de M\u00fasica Sacra em igrejas das zonas sul, norte e do centro.<\/p>\n<p><strong>20\/07 \u2013 Quinta-feira<\/strong><\/p>\n<p>*18h \u2013 Missas nas Comunidades<\/p>\n<p>*20h \u2013 Concerto de Gala \u2013 Sala Cec\u00edlia Meireles<\/p>\n<p><strong>21\/07 \u2013 Sexta-feira<\/strong><\/p>\n<p>*18h \u2013 Cerim\u00f4nia da Paz na Catedral Metropolitana<\/p>\n<p><strong>22\/07 \u2013 S\u00e1bado<\/strong><\/p>\n<p>*17h \u2013 Missa de Encerramento na Catedral Metropolitana<\/td>\n<\/tr>\n<\/tbody>\n<\/table>\n<p>O evento \u00e9 realizado pela Federa\u00e7\u00e3o Internacional Pueri Cantores e pela Federa\u00e7\u00e3o Nacional dos Meninos Cantores do Brasil, com apoio da Arquidiocese do Rio de Janeiro. Ao todo, 26 grupos vocais estar\u00e3o na capital, oriundos de pa\u00edses como Alemanha, Col\u00f4mbia, Coreia, Fran\u00e7a, M\u00e9xico, Pol\u00f4nia e Su\u00e9cia. Coros de diversas regi\u00f5es do Brasil tamb\u00e9m ir\u00e3o participar, incluindo o Coral dos Canarinhos de Petr\u00f3polis, que representa o estado fluminense no Congresso, al\u00e9m de grupos vocais como Schola Cantorum de Bras\u00edlia; Coral Mater Ecclesiae, de Santa Luzia em Minas Gerais; e Meninos Cantores de Nova Erechim, de Santa Catarina.<\/p>\n<p>A programa\u00e7\u00e3o come\u00e7a na ter\u00e7a-feira (18), \u00e0s 19h30, com a Cerim\u00f4nia de Abertura, que ser\u00e1 realizada na Catedral Metropolitana de S\u00e3o Sebasti\u00e3o. O evento ter\u00e1 o desfile dos representantes das Federa\u00e7\u00f5es Pueri Cantores, al\u00e9m de ato lit\u00fargico presidido por Dom Orani Tempesta, Arcebispo do Rio de Janeiro. Logo ap\u00f3s, haver\u00e1 apresenta\u00e7\u00f5es de manifesta\u00e7\u00f5es culturais, folcl\u00f3ricas e musicais de todo o Brasil. Na quarta-feira (19), tem in\u00edcio \u00e0s 10h a Missa das Na\u00e7\u00f5es. Ser\u00e3o diversas cerim\u00f4nias presididas em diferentes l\u00ednguas, realizadas em igrejas do Centro Hist\u00f3rico do Rio e de bairros da Zona Sul da cidade. Ainda na quarta, das 18h \u00e0s 20h, acontecer\u00e3o concertos de m\u00fasica sacra em v\u00e1rios pontos das zonas sul, norte e no Centro.<\/p>\n<p>Na quinta-feira (20), os corais acompanhar\u00e3o missas que ser\u00e3o realizadas em diferentes comunidades a partir das 18h. Um dos momentos mais esperados de toda a programa\u00e7\u00e3o \u00e9 o Concerto de Gala, que acontece \u00e0s 20h no Teatro Cec\u00edlia Meireles, reunindo os coros Mainzer Domchor, da Alemanha; Canarinhos de Petr\u00f3polis, do Brasil; Schola Cantorum de La Catedral, da Col\u00f4mbia; Jeju Catholic Boys and Girls, da Coreia do Sul; Pueri Cantantes Cathedralis Ungdomsk\u00f6r, da Su\u00e9cia; e Sacra Vox, tamb\u00e9m do Brasil. Na sexta (21), \u00e0s 18h, ser\u00e1 realizada a Cerim\u00f4nia da Paz na Catedral Metropolitana, com a presen\u00e7a de todos os corais, maestros e celebrantes que participam do congresso. Essa cerim\u00f4nia \u00e9 restrita ao p\u00fablico convidado.<\/p>\n<p>A programa\u00e7\u00e3o acaba no s\u00e1bado (22), \u00e0s 17h, com a Missa de Encerramento presidida por Dom Orani Tempesta na Catedral Metropolitana. Na ocasi\u00e3o, os grupos vocais participantes formar\u00e3o um grande coral, que ser\u00e1 regido pelos maestros da Federa\u00e7\u00e3o.<\/p>\n<p>\u201c\u00c9 sempre uma alegria muito grande para n\u00f3s participar dos congressos das Federa\u00e7\u00f5es Nacional e Internacional Pueri Cantores. Esse \u00e9 o momento que coros de diversos lugares do mundo se unem para trocar experi\u00eancias e fomentar a m\u00fasica sacra, cantando louvores a Deus por paz, principalmente neste momento que o mundo tanto necessita de amor e uni\u00e3o\u201d, comentou o maestro do Coral dos Canarinhos e presidente da Federa\u00e7\u00e3o Nacional dos Meninos Cantores do Brasil, Marco Aur\u00e9lio Lischt, lembrando que o grupo vocal foi anfitri\u00e3o do Congresso Regional de Meninos Cantores, realizado em Petr\u00f3polis no ano de 2015.<\/p>\n<p>O primeiro Congresso Internacional Pueri Cantores aconteceu em 1947, quando 90 corais de diversos pa\u00edses estiveram reunidos na cidade parisiense. De l\u00e1 para c\u00e1, s\u00e3o realizados eventos nacionais e internacionais, que j\u00e1 ocorreram nos quatro continentes. Os \u00faltimos foram sediados em Roma, na It\u00e1lia; Granada, na Espanha; Washington, nos Estados Unidos; e Paris, na Fran\u00e7a. O Rio de Janeiro recebe o congresso pela primeira vez.<\/p>\n<p><strong>Coral dos Canarinhos faz 75 anos em agosto<\/strong><br \/>\n<iframe loading=\"lazy\" src=\"https:\/\/www.youtube.com\/embed\/3YzSFcK0Z50\" width=\"100%\" height=\"420\" frameborder=\"0\" allowfullscreen=\"allowfullscreen\"><\/iframe><\/p>\n<p>Ao chegar em Petr\u00f3polis, Frei Leto Bienias, nascido na Alemanha e naturalizado brasileiro, trouxe consigo a vontade de criar um coro de meninos, sonho que se tornou realidade no dia 15 de agosto de 1942, quando o Coral dos Canarinhos de Petr\u00f3polis se apresentou pela primeira vez na Igreja do Sagrado Cora\u00e7\u00e3o de Jesus. Era o in\u00edcio de uma trajet\u00f3ria marcada pelo pioneirismo e tradi\u00e7\u00e3o, mas tamb\u00e9m cercada de amor, dedica\u00e7\u00e3o e orgulho daqueles que estamparam no peito o s\u00edmbolo do coro, que comemora em agosto deste ano 75 anos.<\/p>\n<p>O grupo vocal, que se consagrou como um dos maiores patrim\u00f4nios da cidade, \u00e9 o mais antigo e tradicional coro de meninos do Brasil. Para o p\u00fablico, sin\u00f4nimo de qualidade t\u00e9cnica e encantamento, para os coralistas, uma escola da vida.<\/p>\n<p>O Coral viveu uma nova fase quando Frei Leto convidou, em 1973, a Frei Jos\u00e9 Luiz Prim para auxili\u00e1-lo, assumindo a dire\u00e7\u00e3o do Instituto. Frei Jos\u00e9 Luiz soube unir juventude \u00e0 experi\u00eancia do confrade mais idoso. E o resultado foi um grande crescimento do Instituto, que alcan\u00e7ou um desenvolvimento nunca visto.<\/p>\n<p>Assim, em 1974, Frei Jos\u00e9 Luiz assumiu e dirigiu a primeira viagem internacional do coro. Frei Leto acompanhou a excurs\u00e3o, e tamb\u00e9m regeu o coro em sua terra natal. A viagem \u00e0 Europa estendeu-se do dia 4 de dezembro de 1974 a 15 de fevereiro de 1975. Foram mais de doze meses, excursionando e cantando pela Europa. O coro cantou em 40 cidades, foi muito aplaudido, e em toda parte recebeu os elogios do p\u00fablico e da cr\u00edtica. Em Roma, como \u00fanico representante da Am\u00e9rica Latina, participou do XV Congresso Internacional de Meninos Cantores.<\/p>\n<p>Os canarinhos t\u00eam entre 9 e 17 anos, mas a inscri\u00e7\u00e3o para frequentar as aulas deve ser feita logo aos oito. O curso preparat\u00f3rio tem dura\u00e7\u00e3o de um ano, e os alunos aprendem solfejo, t\u00e9cnica vocal e flauta doce. Para ser escolhida, a crian\u00e7a passa por um teste de aptid\u00e3o musical. \u201cN\u00e3o \u00e9 permitida a inscri\u00e7\u00e3o depois dos oito anos n\u00e3o s\u00f3 pela dificuldade de acompanhamento dos meninos da mesma faixa et\u00e1ria, mas tamb\u00e9m porque as vozes masculinas mudam cada vez mais cedo. Hoje em dia os rapazes come\u00e7am a mudar de voz aos 11 ou 12 anos\u201d, explica o maestro Marco Aur\u00e9lio Lischt.<\/p>\n<p>Marco tamb\u00e9m j\u00e1 fez parte do coral \u2013 ingressou em 1976, aos 9 anos. Mais tarde, frequentou o ensino superior de m\u00fasica na Universidade Federal do Rio de Janeiro, onde se especializou em m\u00fasica sacra. \u201cSem d\u00favida, minha inf\u00e2ncia e adolesc\u00eancia no coral foram decisivas para a minha escolha de carreira. Acho que a minha gera\u00e7\u00e3o de alunos foi a primeira a querer enveredar mesmo pela m\u00fasica. Eu e outro colega fomos estudar no Rio de Janeiro, aos 18 anos\u201d. Mas o maestro se lembra de outros tantos alunos seus que seguiram o mesmo caminho, entre eles, o bar\u00edtono Michel de Souza, que hoje canta na Royal Opera House, em Londres.<\/p>\n<p>Em m\u00e9dia, 20 novos alunos entram por ano no coral. Al\u00e9m do servi\u00e7o lit\u00fargico quinzenal, na missa de domingo da centen\u00e1ria Igreja do Sagrado Cora\u00e7\u00e3o de Jesus, onde os fi\u00e9is podem assistir ao espet\u00e1culo, o coral recebe diversas propostas para se apresentar durante o ano pelo Brasil afora. Em 2014, j\u00e1 receberam o convite da Orquestra Petrobras Sinf\u00f4nica e da Orquestra do Teatro Municipal do Rio de Janeiro. Por vezes, ainda se juntam ao Coral das Meninas dos Canarinhos de Petr\u00f3polis, criado em 1988, em eventos locais, como o concerto anual de Natal da cidade. Elas, ali\u00e1s, revezam com eles o servi\u00e7o lit\u00fargico semanal da missa de domingo.<\/p>\n<p>O Coral dos Canarinhos, que hoje pertence ao Instituto dos Meninos Cantores de Petr\u00f3polis (IMCP), deu uma nova oportunidade para milhares de crian\u00e7as e adolescentes, que tiveram a chance de contar com um ensino musical exemplar inteiramente gratuito, abrindo portas e mudando o destino de muitos jovens.<\/p>\n<p>E apesar de o coral ter sido criado para servir a Igreja Cat\u00f3lica, n\u00e3o \u00e9 requisito obrigat\u00f3rio ser cat\u00f3lico para tomar parte dele. \u201cQualquer um pode se candidatar ao curso preparat\u00f3rio, independentemente da sua f\u00e9,\u201d explica o maestro. \u201cFa\u00e7o com que eles entendam que a linguagem musical abrange qualquer religi\u00e3o. N\u00f3s j\u00e1 tivemos alunos evang\u00e9licos, budistas, esp\u00edritas e todos se identificaram com o prop\u00f3sito\u201d, conclui.<\/p>\n","protected":false},"excerpt":{"rendered":"<p>Meninos Cantores<\/p>\n","protected":false},"author":1,"featured_media":200959,"comment_status":"open","ping_status":"open","sticky":false,"template":"","format":"standard","meta":[],"categories":[1],"tags":[1378],"acf":[],"yoast_head":"<!-- This site is optimized with the Yoast SEO plugin v19.2 - https:\/\/yoast.com\/wordpress\/plugins\/seo\/ -->\n<title>Rio acolhe Corais em Congresso Internacional - Not\u00edcias - Franciscanos<\/title>\n<meta name=\"robots\" content=\"index, follow, max-snippet:-1, max-image-preview:large, max-video-preview:-1\" \/>\n<link rel=\"canonical\" href=\"https:\/\/franciscanos.org.br\/noticias\/rio-acolhe-corais-de-meninos-cantores-em-congresso-internacional-ate-sabado.html\" \/>\n<meta property=\"og:locale\" content=\"pt_BR\" \/>\n<meta property=\"og:type\" content=\"article\" \/>\n<meta property=\"og:title\" content=\"Rio acolhe Corais em Congresso Internacional - Not\u00edcias - Franciscanos\" \/>\n<meta property=\"og:description\" content=\"Meninos Cantores\" \/>\n<meta property=\"og:url\" content=\"https:\/\/franciscanos.org.br\/noticias\/rio-acolhe-corais-de-meninos-cantores-em-congresso-internacional-ate-sabado.html\" \/>\n<meta property=\"og:site_name\" content=\"Not\u00edcias - Franciscanos\" \/>\n<meta property=\"article:published_time\" content=\"2017-07-17T10:35:14+00:00\" \/>\n<meta property=\"article:modified_time\" content=\"2021-07-05T23:04:13+00:00\" \/>\n<meta property=\"og:image\" content=\"https:\/\/franciscanos.org.br\/noticias\/wp-content\/uploads\/2017\/07\/canarinhos_170717.jpg\" \/>\n\t<meta property=\"og:image:width\" content=\"273\" \/>\n\t<meta property=\"og:image:height\" content=\"181\" \/>\n\t<meta property=\"og:image:type\" content=\"image\/jpeg\" \/>\n<meta name=\"author\" content=\"admin\" \/>\n<meta name=\"twitter:card\" content=\"summary_large_image\" \/>\n<meta name=\"twitter:label1\" content=\"Escrito por\" \/>\n\t<meta name=\"twitter:data1\" content=\"admin\" \/>\n\t<meta name=\"twitter:label2\" content=\"Est. tempo de leitura\" \/>\n\t<meta name=\"twitter:data2\" content=\"8 minutos\" \/>\n<script type=\"application\/ld+json\" class=\"yoast-schema-graph\">{\"@context\":\"https:\/\/schema.org\",\"@graph\":[{\"@type\":\"WebSite\",\"@id\":\"https:\/\/franciscanos.org.br\/noticias\/#website\",\"url\":\"https:\/\/franciscanos.org.br\/noticias\/\",\"name\":\"Not\u00edcias - Franciscanos\",\"description\":\"Prov\u00edncia Franciscana da Imaculada Concei\u00e7\u00e3o do Brasil - Ordem dos Frades Menores - OFM\",\"potentialAction\":[{\"@type\":\"SearchAction\",\"target\":{\"@type\":\"EntryPoint\",\"urlTemplate\":\"https:\/\/franciscanos.org.br\/noticias\/?s={search_term_string}\"},\"query-input\":\"required name=search_term_string\"}],\"inLanguage\":\"pt-BR\"},{\"@type\":\"ImageObject\",\"inLanguage\":\"pt-BR\",\"@id\":\"https:\/\/franciscanos.org.br\/noticias\/rio-acolhe-corais-de-meninos-cantores-em-congresso-internacional-ate-sabado.html#primaryimage\",\"url\":\"https:\/\/franciscanos.org.br\/noticias\/wp-content\/uploads\/2017\/07\/canarinhos_170717.jpg\",\"contentUrl\":\"https:\/\/franciscanos.org.br\/noticias\/wp-content\/uploads\/2017\/07\/canarinhos_170717.jpg\",\"width\":273,\"height\":181},{\"@type\":\"WebPage\",\"@id\":\"https:\/\/franciscanos.org.br\/noticias\/rio-acolhe-corais-de-meninos-cantores-em-congresso-internacional-ate-sabado.html#webpage\",\"url\":\"https:\/\/franciscanos.org.br\/noticias\/rio-acolhe-corais-de-meninos-cantores-em-congresso-internacional-ate-sabado.html\",\"name\":\"Rio acolhe Corais em Congresso Internacional - Not\u00edcias - Franciscanos\",\"isPartOf\":{\"@id\":\"https:\/\/franciscanos.org.br\/noticias\/#website\"},\"primaryImageOfPage\":{\"@id\":\"https:\/\/franciscanos.org.br\/noticias\/rio-acolhe-corais-de-meninos-cantores-em-congresso-internacional-ate-sabado.html#primaryimage\"},\"datePublished\":\"2017-07-17T10:35:14+00:00\",\"dateModified\":\"2021-07-05T23:04:13+00:00\",\"author\":{\"@id\":\"https:\/\/franciscanos.org.br\/noticias\/#\/schema\/person\/b38fbf43118f02820bd932f2e4b14ad3\"},\"breadcrumb\":{\"@id\":\"https:\/\/franciscanos.org.br\/noticias\/rio-acolhe-corais-de-meninos-cantores-em-congresso-internacional-ate-sabado.html#breadcrumb\"},\"inLanguage\":\"pt-BR\",\"potentialAction\":[{\"@type\":\"ReadAction\",\"target\":[\"https:\/\/franciscanos.org.br\/noticias\/rio-acolhe-corais-de-meninos-cantores-em-congresso-internacional-ate-sabado.html\"]}]},{\"@type\":\"BreadcrumbList\",\"@id\":\"https:\/\/franciscanos.org.br\/noticias\/rio-acolhe-corais-de-meninos-cantores-em-congresso-internacional-ate-sabado.html#breadcrumb\",\"itemListElement\":[{\"@type\":\"ListItem\",\"position\":1,\"name\":\"Home\",\"item\":\"https:\/\/franciscanos.org.br\/noticias\"},{\"@type\":\"ListItem\",\"position\":2,\"name\":\"Rio acolhe Corais em Congresso Internacional\"}]},{\"@type\":\"Person\",\"@id\":\"https:\/\/franciscanos.org.br\/noticias\/#\/schema\/person\/b38fbf43118f02820bd932f2e4b14ad3\",\"name\":\"admin\",\"image\":{\"@type\":\"ImageObject\",\"inLanguage\":\"pt-BR\",\"@id\":\"https:\/\/franciscanos.org.br\/noticias\/#\/schema\/person\/image\/\",\"url\":\"https:\/\/secure.gravatar.com\/avatar\/e8495742d34d0ba6448ea1c628263b3e?s=96&d=mm&r=g\",\"contentUrl\":\"https:\/\/secure.gravatar.com\/avatar\/e8495742d34d0ba6448ea1c628263b3e?s=96&d=mm&r=g\",\"caption\":\"admin\"},\"url\":\"https:\/\/franciscanos.org.br\/noticias\/author\/admin\"}]}<\/script>\n<!-- \/ Yoast SEO plugin. -->","yoast_head_json":{"title":"Rio acolhe Corais em Congresso Internacional - Not\u00edcias - Franciscanos","robots":{"index":"index","follow":"follow","max-snippet":"max-snippet:-1","max-image-preview":"max-image-preview:large","max-video-preview":"max-video-preview:-1"},"canonical":"https:\/\/franciscanos.org.br\/noticias\/rio-acolhe-corais-de-meninos-cantores-em-congresso-internacional-ate-sabado.html","og_locale":"pt_BR","og_type":"article","og_title":"Rio acolhe Corais em Congresso Internacional - Not\u00edcias - Franciscanos","og_description":"Meninos Cantores","og_url":"https:\/\/franciscanos.org.br\/noticias\/rio-acolhe-corais-de-meninos-cantores-em-congresso-internacional-ate-sabado.html","og_site_name":"Not\u00edcias - Franciscanos","article_published_time":"2017-07-17T10:35:14+00:00","article_modified_time":"2021-07-05T23:04:13+00:00","og_image":[{"width":273,"height":181,"url":"https:\/\/franciscanos.org.br\/noticias\/wp-content\/uploads\/2017\/07\/canarinhos_170717.jpg","type":"image\/jpeg"}],"author":"admin","twitter_card":"summary_large_image","twitter_misc":{"Escrito por":"admin","Est. tempo de leitura":"8 minutos"},"schema":{"@context":"https:\/\/schema.org","@graph":[{"@type":"WebSite","@id":"https:\/\/franciscanos.org.br\/noticias\/#website","url":"https:\/\/franciscanos.org.br\/noticias\/","name":"Not\u00edcias - Franciscanos","description":"Prov\u00edncia Franciscana da Imaculada Concei\u00e7\u00e3o do Brasil - Ordem dos Frades Menores - OFM","potentialAction":[{"@type":"SearchAction","target":{"@type":"EntryPoint","urlTemplate":"https:\/\/franciscanos.org.br\/noticias\/?s={search_term_string}"},"query-input":"required name=search_term_string"}],"inLanguage":"pt-BR"},{"@type":"ImageObject","inLanguage":"pt-BR","@id":"https:\/\/franciscanos.org.br\/noticias\/rio-acolhe-corais-de-meninos-cantores-em-congresso-internacional-ate-sabado.html#primaryimage","url":"https:\/\/franciscanos.org.br\/noticias\/wp-content\/uploads\/2017\/07\/canarinhos_170717.jpg","contentUrl":"https:\/\/franciscanos.org.br\/noticias\/wp-content\/uploads\/2017\/07\/canarinhos_170717.jpg","width":273,"height":181},{"@type":"WebPage","@id":"https:\/\/franciscanos.org.br\/noticias\/rio-acolhe-corais-de-meninos-cantores-em-congresso-internacional-ate-sabado.html#webpage","url":"https:\/\/franciscanos.org.br\/noticias\/rio-acolhe-corais-de-meninos-cantores-em-congresso-internacional-ate-sabado.html","name":"Rio acolhe Corais em Congresso Internacional - Not\u00edcias - Franciscanos","isPartOf":{"@id":"https:\/\/franciscanos.org.br\/noticias\/#website"},"primaryImageOfPage":{"@id":"https:\/\/franciscanos.org.br\/noticias\/rio-acolhe-corais-de-meninos-cantores-em-congresso-internacional-ate-sabado.html#primaryimage"},"datePublished":"2017-07-17T10:35:14+00:00","dateModified":"2021-07-05T23:04:13+00:00","author":{"@id":"https:\/\/franciscanos.org.br\/noticias\/#\/schema\/person\/b38fbf43118f02820bd932f2e4b14ad3"},"breadcrumb":{"@id":"https:\/\/franciscanos.org.br\/noticias\/rio-acolhe-corais-de-meninos-cantores-em-congresso-internacional-ate-sabado.html#breadcrumb"},"inLanguage":"pt-BR","potentialAction":[{"@type":"ReadAction","target":["https:\/\/franciscanos.org.br\/noticias\/rio-acolhe-corais-de-meninos-cantores-em-congresso-internacional-ate-sabado.html"]}]},{"@type":"BreadcrumbList","@id":"https:\/\/franciscanos.org.br\/noticias\/rio-acolhe-corais-de-meninos-cantores-em-congresso-internacional-ate-sabado.html#breadcrumb","itemListElement":[{"@type":"ListItem","position":1,"name":"Home","item":"https:\/\/franciscanos.org.br\/noticias"},{"@type":"ListItem","position":2,"name":"Rio acolhe Corais em Congresso Internacional"}]},{"@type":"Person","@id":"https:\/\/franciscanos.org.br\/noticias\/#\/schema\/person\/b38fbf43118f02820bd932f2e4b14ad3","name":"admin","image":{"@type":"ImageObject","inLanguage":"pt-BR","@id":"https:\/\/franciscanos.org.br\/noticias\/#\/schema\/person\/image\/","url":"https:\/\/secure.gravatar.com\/avatar\/e8495742d34d0ba6448ea1c628263b3e?s=96&d=mm&r=g","contentUrl":"https:\/\/secure.gravatar.com\/avatar\/e8495742d34d0ba6448ea1c628263b3e?s=96&d=mm&r=g","caption":"admin"},"url":"https:\/\/franciscanos.org.br\/noticias\/author\/admin"}]}},"_links":{"self":[{"href":"https:\/\/franciscanos.org.br\/noticias\/wp-json\/wp\/v2\/posts\/137803"}],"collection":[{"href":"https:\/\/franciscanos.org.br\/noticias\/wp-json\/wp\/v2\/posts"}],"about":[{"href":"https:\/\/franciscanos.org.br\/noticias\/wp-json\/wp\/v2\/types\/post"}],"author":[{"embeddable":true,"href":"https:\/\/franciscanos.org.br\/noticias\/wp-json\/wp\/v2\/users\/1"}],"replies":[{"embeddable":true,"href":"https:\/\/franciscanos.org.br\/noticias\/wp-json\/wp\/v2\/comments?post=137803"}],"version-history":[{"count":1,"href":"https:\/\/franciscanos.org.br\/noticias\/wp-json\/wp\/v2\/posts\/137803\/revisions"}],"predecessor-version":[{"id":232875,"href":"https:\/\/franciscanos.org.br\/noticias\/wp-json\/wp\/v2\/posts\/137803\/revisions\/232875"}],"wp:featuredmedia":[{"embeddable":true,"href":"https:\/\/franciscanos.org.br\/noticias\/wp-json\/wp\/v2\/media\/200959"}],"wp:attachment":[{"href":"https:\/\/franciscanos.org.br\/noticias\/wp-json\/wp\/v2\/media?parent=137803"}],"wp:term":[{"taxonomy":"category","embeddable":true,"href":"https:\/\/franciscanos.org.br\/noticias\/wp-json\/wp\/v2\/categories?post=137803"},{"taxonomy":"post_tag","embeddable":true,"href":"https:\/\/franciscanos.org.br\/noticias\/wp-json\/wp\/v2\/tags?post=137803"}],"curies":[{"name":"wp","href":"https:\/\/api.w.org\/{rel}","templated":true}]}}