{"id":137776,"date":"2017-07-15T09:48:40","date_gmt":"2017-07-15T12:48:40","guid":{"rendered":"http:\/\/franciscanos.org.br\/?p=137776"},"modified":"2019-08-23T11:06:19","modified_gmt":"2019-08-23T14:06:19","slug":"dom-beto-apresenta-os-enamorados-do-deus-humanado","status":"publish","type":"post","link":"https:\/\/franciscanos.org.br\/noticias\/dom-beto-apresenta-os-enamorados-do-deus-humanado.html","title":{"rendered":"Dom Beto apresenta &#8220;os enamorados do Deus humanado&#8221;"},"content":{"rendered":"<p><img loading=\"lazy\" src=\"http:\/\/franciscanos.org.br\/wp-content\/uploads\/2017\/07\/beto_150717_4.jpg\" alt=\"beto_150717_4\" width=\"830\" height=\"437\" \/><\/p>\n<p><em>Frei Augusto Luiz Gabriel, Frei Douglas da Silva e Frei Jhones Lucas Martins<\/em><\/p>\n<p><strong>S\u00e3o Paulo (SP)<\/strong> \u2013 O mestre em Teologia com especializa\u00e7\u00e3o em Espiritualidade pela Pontif\u00edcia Universidade Antonianum, de Roma, Dom Beto Breis, OFM, lan\u00e7ou nesta sexta feira (14\/07) em S\u00e3o Paulo (SP) o livro: &#8220;Francisco de Assis e Charles de Foucauld \u2013 enamorados do Deus humanado&#8221;, pela editora Paulus. Segundo o bispo da Diocese de Juazeiro (BA), a rela\u00e7\u00e3o existente entre Francisco e Charles de Foucauld \u00e9 que ambos \u201cbuscaram conformar-se com Jesus, tentando atualiz\u00e1-lo e encarn\u00e1-lo\u201d. Em Francisco se desdobra a apostolicidade e em Charles a vida oculta de Jesus de Nazar\u00e9.<\/p>\n<p>V\u00e1rias congrega\u00e7\u00f5es religiosas e um p\u00fablico em geral fizeram-se presentes na Livraria Paulus da Pra\u00e7a da S\u00e9 (SP), para a sess\u00e3o de bate-papo e aut\u00f3grafos com o frade franciscano, que, de maneira muito fraterna, recepcionou todos os presentes.<\/p>\n<p>O livro divide-se em tr\u00eas grandes momentos. Primeiro, o confronto e di\u00e1logo entre as duas espiritualidades e a compreens\u00e3o que Charles de Foucauld tinha de S\u00e3o Francisco de Assis, abordando elementos espec\u00edficos de cada um. Segundo, a \u201cm\u00edstica\u201d da encarna\u00e7\u00e3o em Charles de Foucauld e, por \u00faltimo, a \u201cm\u00edstica\u201d da encarna\u00e7\u00e3o em Francisco de Assis. Dom Beto Breis afirma que \u201ccom muita nitidez, a contempla\u00e7\u00e3o do mist\u00e9rio que encerra a encarna\u00e7\u00e3o do Filho de Deus, muito mais que uma recorda\u00e7\u00e3o pia e cheia de afeto, o que profundamente chama-nos a aten\u00e7\u00e3o em seus escritos desde o in\u00edcio, torna-se, tamb\u00e9m, um programa de vida, um itiner\u00e1rio a ser seguido com todo o empenho e ardor poss\u00edvel. Descer, despojar-se e esvaziar-se, indicam a bela e estupenda realidade da Kenosis\u201d.<\/p>\n<p><img loading=\"lazy\" src=\"http:\/\/franciscanos.org.br\/wp-content\/uploads\/2017\/07\/beto_150717_1.jpg\" alt=\"beto_150717_1\" width=\"830\" height=\"445\" \/><\/p>\n<p>Segundo Frei Beto este foi o seu primeiro livro publicado, fruto do trabalho da conclus\u00e3o de Curso de Mestrado em Espiritualidade pela Pontif\u00edcia Universidade Antonianum de Roma. \u201cConheci mais de perto a figura de Charles de Foucauld por ocasi\u00e3o da beatifica\u00e7\u00e3o dele, pouco antes li a sua primeira biografia, escrita por Ren\u00e9 Bazin, bi\u00f3grafo, e fiquei impressionado, inclusive pelas semelhan\u00e7as com Francisco\u201d, sublinhou o frade.<\/p>\n<p>Ao falar sobre a comunh\u00e3o existente entre os dois \u201cenamorados de Deus\u201d, o bispo adiantou: \u201cVoc\u00eas ir\u00e3o perceber no livro que pensar o Cristo como irm\u00e3o \u00e9 em Francisco o ser menor e em Charles \u00e9 o querer ser irm\u00e3ozinho. Os dois homens s\u00e3o de tempos bem distantes entre si, mas se aproximam de modo extraordin\u00e1rio por um encanto comum: o enamoramento pelo mist\u00e9rio da Encarna\u00e7\u00e3o e o seguimento apaixonado de Nosso Senhor Jesus Cristo&#8221;.<\/p>\n<p>Citando a Regra n\u00e3o Bulada de S\u00e3o Francisco, \u201cdos que quiserem ir para entre os sarracenos e outros infi\u00e9is (cap. XVI)\u201d, o santo de Assis acentua que existem duas maneiras de se proceder com os infi\u00e9is: \u201cO primeiro modo consiste em abster-se de rixas e disputas, submetendo-se &#8216;a todos os homens por causa do Senhor&#8217; (1Pd 2,13 ) e confessando serem crist\u00e3os. O outro modo \u00e9 anunciar a palavra de Deus quando o julgar agrad\u00e1vel ao Senhor (RnB cap. XVI, 7-8)&#8221;. E Charles de Foucauld seguiu isso \u00e0 risca, pois segundo Dom Beto, em 800 anos de hist\u00f3ria franciscana, Charles trilhou ao p\u00e9 da letra esta intui\u00e7\u00e3o de S\u00e3o Francisco, indo viver entre os mu\u00e7ulmanos na Arg\u00e9lia, como um \u00fanico crist\u00e3o, mas ao estilo de Nazar\u00e9, sem batizar e sem pregar.<\/p>\n<p><img loading=\"lazy\" src=\"http:\/\/franciscanos.org.br\/wp-content\/uploads\/2017\/07\/beto_150717_2.jpg\" alt=\"beto_150717_2\" width=\"830\" height=\"396\" \/><\/p>\n<p>&nbsp;<\/p>\n<p><em>Da esq. para dir.: Frei Jhones Lucas Martins, Dom Beto, \u00a0Frei Douglas da Silva e\u00a0Frei Augusto Luiz Gabriel.<\/em><\/p>\n<p><strong>Papa Francisco, um \u201cenamorado do Deus humanado\u201d<\/strong><\/p>\n<p>Dom Beto foi nomeado bispo pelo Papa Francisco em fevereiro de 2016, para quem \u00e9 a surpresa de Deus. &#8220;Ele \u00e9 de uma sensibilidade muito grande. Ele \u00e9 direto e claro para apresentar a experi\u00eancia de um pastor. Todas as grandes iniciativas do seu Pontificado t\u00eam a ver com o santo de Assis, como por exemplo o grande Jubileu da Miseric\u00f3rdia no ano passado dentro dos 800 anos do Perd\u00e3o de Assis. Ent\u00e3o, vemos que existe, de fato, muito do nosso Francisco de Assis no nosso Francisco de Roma\u201d, observou o bispo franciscano.<\/p>\n<p><img loading=\"lazy\" class=\"alignleft wp-image-137781 \" src=\"http:\/\/franciscanos.org.br\/wp-content\/uploads\/2017\/07\/beto_150717_3.jpg\" alt=\"beto_150717_3\" width=\"343\" height=\"328\" \/>Dom Beto Breis falou sobre o trabalho mission\u00e1rio que se tem realizado na diocese de Juazeiro (BA) com leigos, religiosos e padres: \u201cViver como mission\u00e1rio tem trazido muitos frutos, acredito que \u00e9 uma forma de viver o nosso carisma franciscano, a nossa voca\u00e7\u00e3o de frades menores\u201d, ensinou.<\/p>\n<p>Frei Carlos Alberto Breis Pereira \u00e9 natural de S\u00e3o Francisco do Sul (SC). Fez sua primeira profiss\u00e3o na Ordem dos Frades Menores em 1987. No ano seguinte, partiu por op\u00e7\u00e3o para o Nordeste, onde concluiu os estudos teol\u00f3gicos na capital pernambucana. Ordenado presb\u00edtero em 1994, atuou em par\u00f3quias da Arquidiocese de Fortaleza (CE) e do estado de Pernambuco. Exerceu diversos servi\u00e7os no \u00e2mbito da sua Ordem, como formador, Vig\u00e1rio e Ministro Provincial, entre outros. Foi nomeado bispo pelo Papa Francisco em fevereiro de 2016. \u00c9 mestre em Teologia com especializa\u00e7\u00e3o em Espiritualidade pela Pontif\u00edcia Universidade Antonianum, de Roma.<\/p>\n","protected":false},"excerpt":{"rendered":"<p>Lan\u00e7amento<\/p>\n","protected":false},"author":5,"featured_media":201108,"comment_status":"open","ping_status":"open","sticky":false,"template":"","format":"standard","meta":[],"categories":[1],"tags":[1122],"acf":[],"yoast_head":"<!-- This site is optimized with the Yoast SEO plugin v19.2 - https:\/\/yoast.com\/wordpress\/plugins\/seo\/ -->\n<title>Dom Beto apresenta &quot;os enamorados do Deus humanado&quot; - Not\u00edcias - Franciscanos<\/title>\n<meta name=\"robots\" content=\"index, follow, max-snippet:-1, max-image-preview:large, max-video-preview:-1\" \/>\n<link rel=\"canonical\" href=\"https:\/\/franciscanos.org.br\/noticias\/dom-beto-apresenta-os-enamorados-do-deus-humanado.html\" \/>\n<meta property=\"og:locale\" content=\"pt_BR\" \/>\n<meta property=\"og:type\" content=\"article\" \/>\n<meta property=\"og:title\" content=\"Dom Beto apresenta &quot;os enamorados do Deus humanado&quot; - Not\u00edcias - Franciscanos\" \/>\n<meta property=\"og:description\" content=\"Lan\u00e7amento\" \/>\n<meta property=\"og:url\" content=\"https:\/\/franciscanos.org.br\/noticias\/dom-beto-apresenta-os-enamorados-do-deus-humanado.html\" \/>\n<meta property=\"og:site_name\" content=\"Not\u00edcias - Franciscanos\" \/>\n<meta property=\"article:published_time\" content=\"2017-07-15T12:48:40+00:00\" \/>\n<meta property=\"article:modified_time\" content=\"2019-08-23T14:06:19+00:00\" \/>\n<meta property=\"og:image\" content=\"https:\/\/franciscanos.org.br\/noticias\/wp-content\/uploads\/2017\/07\/beto_150717_4.jpg\" \/>\n\t<meta property=\"og:image:width\" content=\"273\" \/>\n\t<meta property=\"og:image:height\" content=\"181\" \/>\n\t<meta property=\"og:image:type\" content=\"image\/jpeg\" \/>\n<meta name=\"author\" content=\"freiaugusto\" \/>\n<meta name=\"twitter:card\" content=\"summary_large_image\" \/>\n<meta name=\"twitter:label1\" content=\"Escrito por\" \/>\n\t<meta name=\"twitter:data1\" content=\"freiaugusto\" \/>\n\t<meta name=\"twitter:label2\" content=\"Est. tempo de leitura\" \/>\n\t<meta name=\"twitter:data2\" content=\"4 minutos\" \/>\n<script type=\"application\/ld+json\" class=\"yoast-schema-graph\">{\"@context\":\"https:\/\/schema.org\",\"@graph\":[{\"@type\":\"WebSite\",\"@id\":\"https:\/\/franciscanos.org.br\/noticias\/#website\",\"url\":\"https:\/\/franciscanos.org.br\/noticias\/\",\"name\":\"Not\u00edcias - Franciscanos\",\"description\":\"Prov\u00edncia Franciscana da Imaculada Concei\u00e7\u00e3o do Brasil - Ordem dos Frades Menores - OFM\",\"potentialAction\":[{\"@type\":\"SearchAction\",\"target\":{\"@type\":\"EntryPoint\",\"urlTemplate\":\"https:\/\/franciscanos.org.br\/noticias\/?s={search_term_string}\"},\"query-input\":\"required name=search_term_string\"}],\"inLanguage\":\"pt-BR\"},{\"@type\":\"ImageObject\",\"inLanguage\":\"pt-BR\",\"@id\":\"https:\/\/franciscanos.org.br\/noticias\/dom-beto-apresenta-os-enamorados-do-deus-humanado.html#primaryimage\",\"url\":\"https:\/\/franciscanos.org.br\/noticias\/wp-content\/uploads\/2017\/07\/beto_150717_4.jpg\",\"contentUrl\":\"https:\/\/franciscanos.org.br\/noticias\/wp-content\/uploads\/2017\/07\/beto_150717_4.jpg\",\"width\":273,\"height\":181},{\"@type\":\"WebPage\",\"@id\":\"https:\/\/franciscanos.org.br\/noticias\/dom-beto-apresenta-os-enamorados-do-deus-humanado.html#webpage\",\"url\":\"https:\/\/franciscanos.org.br\/noticias\/dom-beto-apresenta-os-enamorados-do-deus-humanado.html\",\"name\":\"Dom Beto apresenta \\\"os enamorados do Deus humanado\\\" - Not\u00edcias - Franciscanos\",\"isPartOf\":{\"@id\":\"https:\/\/franciscanos.org.br\/noticias\/#website\"},\"primaryImageOfPage\":{\"@id\":\"https:\/\/franciscanos.org.br\/noticias\/dom-beto-apresenta-os-enamorados-do-deus-humanado.html#primaryimage\"},\"datePublished\":\"2017-07-15T12:48:40+00:00\",\"dateModified\":\"2019-08-23T14:06:19+00:00\",\"author\":{\"@id\":\"https:\/\/franciscanos.org.br\/noticias\/#\/schema\/person\/37f88f0d111cd5358b12a6556a99eb91\"},\"breadcrumb\":{\"@id\":\"https:\/\/franciscanos.org.br\/noticias\/dom-beto-apresenta-os-enamorados-do-deus-humanado.html#breadcrumb\"},\"inLanguage\":\"pt-BR\",\"potentialAction\":[{\"@type\":\"ReadAction\",\"target\":[\"https:\/\/franciscanos.org.br\/noticias\/dom-beto-apresenta-os-enamorados-do-deus-humanado.html\"]}]},{\"@type\":\"BreadcrumbList\",\"@id\":\"https:\/\/franciscanos.org.br\/noticias\/dom-beto-apresenta-os-enamorados-do-deus-humanado.html#breadcrumb\",\"itemListElement\":[{\"@type\":\"ListItem\",\"position\":1,\"name\":\"Home\",\"item\":\"https:\/\/franciscanos.org.br\/noticias\"},{\"@type\":\"ListItem\",\"position\":2,\"name\":\"Dom Beto apresenta &#8220;os enamorados do Deus humanado&#8221;\"}]},{\"@type\":\"Person\",\"@id\":\"https:\/\/franciscanos.org.br\/noticias\/#\/schema\/person\/37f88f0d111cd5358b12a6556a99eb91\",\"name\":\"freiaugusto\",\"image\":{\"@type\":\"ImageObject\",\"inLanguage\":\"pt-BR\",\"@id\":\"https:\/\/franciscanos.org.br\/noticias\/#\/schema\/person\/image\/\",\"url\":\"https:\/\/secure.gravatar.com\/avatar\/9840b940e621801b24f3e6b059efb4b7?s=96&d=mm&r=g\",\"contentUrl\":\"https:\/\/secure.gravatar.com\/avatar\/9840b940e621801b24f3e6b059efb4b7?s=96&d=mm&r=g\",\"caption\":\"freiaugusto\"},\"url\":\"https:\/\/franciscanos.org.br\/noticias\/author\/freiaugusto\"}]}<\/script>\n<!-- \/ Yoast SEO plugin. -->","yoast_head_json":{"title":"Dom Beto apresenta \"os enamorados do Deus humanado\" - Not\u00edcias - Franciscanos","robots":{"index":"index","follow":"follow","max-snippet":"max-snippet:-1","max-image-preview":"max-image-preview:large","max-video-preview":"max-video-preview:-1"},"canonical":"https:\/\/franciscanos.org.br\/noticias\/dom-beto-apresenta-os-enamorados-do-deus-humanado.html","og_locale":"pt_BR","og_type":"article","og_title":"Dom Beto apresenta \"os enamorados do Deus humanado\" - Not\u00edcias - Franciscanos","og_description":"Lan\u00e7amento","og_url":"https:\/\/franciscanos.org.br\/noticias\/dom-beto-apresenta-os-enamorados-do-deus-humanado.html","og_site_name":"Not\u00edcias - Franciscanos","article_published_time":"2017-07-15T12:48:40+00:00","article_modified_time":"2019-08-23T14:06:19+00:00","og_image":[{"width":273,"height":181,"url":"https:\/\/franciscanos.org.br\/noticias\/wp-content\/uploads\/2017\/07\/beto_150717_4.jpg","type":"image\/jpeg"}],"author":"freiaugusto","twitter_card":"summary_large_image","twitter_misc":{"Escrito por":"freiaugusto","Est. tempo de leitura":"4 minutos"},"schema":{"@context":"https:\/\/schema.org","@graph":[{"@type":"WebSite","@id":"https:\/\/franciscanos.org.br\/noticias\/#website","url":"https:\/\/franciscanos.org.br\/noticias\/","name":"Not\u00edcias - Franciscanos","description":"Prov\u00edncia Franciscana da Imaculada Concei\u00e7\u00e3o do Brasil - Ordem dos Frades Menores - OFM","potentialAction":[{"@type":"SearchAction","target":{"@type":"EntryPoint","urlTemplate":"https:\/\/franciscanos.org.br\/noticias\/?s={search_term_string}"},"query-input":"required name=search_term_string"}],"inLanguage":"pt-BR"},{"@type":"ImageObject","inLanguage":"pt-BR","@id":"https:\/\/franciscanos.org.br\/noticias\/dom-beto-apresenta-os-enamorados-do-deus-humanado.html#primaryimage","url":"https:\/\/franciscanos.org.br\/noticias\/wp-content\/uploads\/2017\/07\/beto_150717_4.jpg","contentUrl":"https:\/\/franciscanos.org.br\/noticias\/wp-content\/uploads\/2017\/07\/beto_150717_4.jpg","width":273,"height":181},{"@type":"WebPage","@id":"https:\/\/franciscanos.org.br\/noticias\/dom-beto-apresenta-os-enamorados-do-deus-humanado.html#webpage","url":"https:\/\/franciscanos.org.br\/noticias\/dom-beto-apresenta-os-enamorados-do-deus-humanado.html","name":"Dom Beto apresenta \"os enamorados do Deus humanado\" - Not\u00edcias - Franciscanos","isPartOf":{"@id":"https:\/\/franciscanos.org.br\/noticias\/#website"},"primaryImageOfPage":{"@id":"https:\/\/franciscanos.org.br\/noticias\/dom-beto-apresenta-os-enamorados-do-deus-humanado.html#primaryimage"},"datePublished":"2017-07-15T12:48:40+00:00","dateModified":"2019-08-23T14:06:19+00:00","author":{"@id":"https:\/\/franciscanos.org.br\/noticias\/#\/schema\/person\/37f88f0d111cd5358b12a6556a99eb91"},"breadcrumb":{"@id":"https:\/\/franciscanos.org.br\/noticias\/dom-beto-apresenta-os-enamorados-do-deus-humanado.html#breadcrumb"},"inLanguage":"pt-BR","potentialAction":[{"@type":"ReadAction","target":["https:\/\/franciscanos.org.br\/noticias\/dom-beto-apresenta-os-enamorados-do-deus-humanado.html"]}]},{"@type":"BreadcrumbList","@id":"https:\/\/franciscanos.org.br\/noticias\/dom-beto-apresenta-os-enamorados-do-deus-humanado.html#breadcrumb","itemListElement":[{"@type":"ListItem","position":1,"name":"Home","item":"https:\/\/franciscanos.org.br\/noticias"},{"@type":"ListItem","position":2,"name":"Dom Beto apresenta &#8220;os enamorados do Deus humanado&#8221;"}]},{"@type":"Person","@id":"https:\/\/franciscanos.org.br\/noticias\/#\/schema\/person\/37f88f0d111cd5358b12a6556a99eb91","name":"freiaugusto","image":{"@type":"ImageObject","inLanguage":"pt-BR","@id":"https:\/\/franciscanos.org.br\/noticias\/#\/schema\/person\/image\/","url":"https:\/\/secure.gravatar.com\/avatar\/9840b940e621801b24f3e6b059efb4b7?s=96&d=mm&r=g","contentUrl":"https:\/\/secure.gravatar.com\/avatar\/9840b940e621801b24f3e6b059efb4b7?s=96&d=mm&r=g","caption":"freiaugusto"},"url":"https:\/\/franciscanos.org.br\/noticias\/author\/freiaugusto"}]}},"_links":{"self":[{"href":"https:\/\/franciscanos.org.br\/noticias\/wp-json\/wp\/v2\/posts\/137776"}],"collection":[{"href":"https:\/\/franciscanos.org.br\/noticias\/wp-json\/wp\/v2\/posts"}],"about":[{"href":"https:\/\/franciscanos.org.br\/noticias\/wp-json\/wp\/v2\/types\/post"}],"author":[{"embeddable":true,"href":"https:\/\/franciscanos.org.br\/noticias\/wp-json\/wp\/v2\/users\/5"}],"replies":[{"embeddable":true,"href":"https:\/\/franciscanos.org.br\/noticias\/wp-json\/wp\/v2\/comments?post=137776"}],"version-history":[{"count":0,"href":"https:\/\/franciscanos.org.br\/noticias\/wp-json\/wp\/v2\/posts\/137776\/revisions"}],"wp:featuredmedia":[{"embeddable":true,"href":"https:\/\/franciscanos.org.br\/noticias\/wp-json\/wp\/v2\/media\/201108"}],"wp:attachment":[{"href":"https:\/\/franciscanos.org.br\/noticias\/wp-json\/wp\/v2\/media?parent=137776"}],"wp:term":[{"taxonomy":"category","embeddable":true,"href":"https:\/\/franciscanos.org.br\/noticias\/wp-json\/wp\/v2\/categories?post=137776"},{"taxonomy":"post_tag","embeddable":true,"href":"https:\/\/franciscanos.org.br\/noticias\/wp-json\/wp\/v2\/tags?post=137776"}],"curies":[{"name":"wp","href":"https:\/\/api.w.org\/{rel}","templated":true}]}}