{"id":137685,"date":"2017-07-13T10:26:30","date_gmt":"2017-07-13T13:26:30","guid":{"rendered":"http:\/\/franciscanos.org.br\/?p=137685"},"modified":"2019-03-07T11:18:09","modified_gmt":"2019-03-07T14:18:09","slug":"falece-o-ex-provincial-frei-antonio-nader","status":"publish","type":"post","link":"https:\/\/franciscanos.org.br\/noticias\/falece-o-ex-provincial-frei-antonio-nader.html","title":{"rendered":"Ex-provincial Frei Ant\u00f4nio Nader ser\u00e1 sepultado hoje"},"content":{"rendered":"<p><strong><img loading=\"lazy\" class=\"alignright size-full wp-image-137687\" src=\"http:\/\/franciscanos.org.br\/wp-content\/uploads\/2017\/07\/nader_130717_1.jpg\" alt=\"nader_130717_1\" width=\"435\" height=\"580\" \/><\/strong>Nosso confrade Frei Ant\u00f4nio Alexandre Nader faleceu na manh\u00e3 de hoje (13\/07), \u00e0s 8h10, na Hospital S\u00e3o Francisco na Provid\u00eancia de Deus, antigo Hospital da VOT, no Rio de Janeiro.<\/p>\n<p>H\u00e1 poucos dias hav\u00edamos comunicado seu estado de sa\u00fade. Ele tinha uma doen\u00e7a pulmonar grave que se complicou com uma pneumonia e evoluiu para insufici\u00eancia respirat\u00f3ria, card\u00edaca e infec\u00e7\u00e3o generalizada, e, por fim, fal\u00eancia m\u00faltipla de \u00f3rg\u00e3os. O corpo de Frei Ant\u00f4nio ser\u00e1 velado na igreja do Convento Santo Ant\u00f4nio, onde, \u00e0s 10 horas de amanh\u00e3 (14\/07), ser\u00e1 celebrada a Missa de Ex\u00e9quias, depois da qual seu corpo ser\u00e1 sepultado no mausol\u00e9u do pr\u00f3prio convento.<\/p>\n<p><strong>\u00a0<\/strong><strong>O Frade menor<\/strong><\/p>\n<p>&#8220;Ser radical na entrega ao Senhor e tentar imitar S\u00e3o Francisco em tudo: na doa\u00e7\u00e3o, na alegria, na esperan\u00e7a, na caridade, ser bom e humano, delicado e generoso at\u00e9 o esgotamento. Tentar sempre ser um homem de Deus e uma presen\u00e7a viva do mundo invis\u00edvel que anunciamos. Em resumo, praticar em todos os momentos a ora\u00e7\u00e3o de S\u00e3o Francisco: \u201cSenhor, fazei-me instrumento de vossa paz&#8230;&#8221;. Foi com esse pensamento que o jovem capixaba Ant\u00f4nio Nader iniciava a forma\u00e7\u00e3o para ingressar na vida religiosa franciscana aos 24 anos. Nascido numa fam\u00edlia muito religiosa, aos 16 anos Ant\u00f4nio j\u00e1 era congregado mariano, frequentando a Congrega\u00e7\u00e3o Mariana da Catedral de Vit\u00f3ria. Foi eleito presidente desta entidade e, aos 22 anos, presidente da Federa\u00e7\u00e3o Mariana do Estado do Esp\u00edrito Santo. Promoveu v\u00e1rios encontros estaduais com a orienta\u00e7\u00e3o do Diretor Geral da entidade. Participava de todos os retiros mensais e anuais promovidos pela Congrega\u00e7\u00e3o Mariana.<\/p>\n<table border=\"0\" width=\"450\" cellspacing=\"3\" cellpadding=\"3\" align=\"right\">\n<tbody>\n<tr>\n<td bgcolor=\"#CCCCCC\">\n<h4>Dados pessoais, forma\u00e7\u00e3o e atividades<\/h4>\n<p>&#8211; <strong>Nascimento:<\/strong> 17.11.1928 (88 anos de idade) .<br \/>\n&#8211; <strong>Natural de Vit\u00f3ria<\/strong>, ES.<br \/>\n&#8211; Vesti\u00e7\u00e3o: 12.04.1954 &#8211; Rodeio<br \/>\n&#8211; <strong>Primeira Profiss\u00e3o<\/strong>: 13.04.1955 (62 anos de Vida Franciscana)<br \/>\n&#8211; <strong>Profiss\u00e3o Solene:<\/strong> 15.04.1958<br \/>\n&#8211;<strong> Ordena\u00e7\u00e3o Presbiteral:<\/strong> 12.12.1959 (57 anos de Sacerd\u00f3cio)<br \/>\n&#8211; <strong>1955 \u2013 1956<\/strong> \u2013 Curitiba \u2013 estudos de Filosofia;<br \/>\n&#8211; <strong>1957 \u2013 1960<\/strong> \u2013 Petr\u00f3polis \u2013 estudos de Teologia;<br \/>\n&#8211; <strong>1961<\/strong> \u2013 Rio de Janeiro \u2013 curso de Pastoral;<br \/>\n&#8211; <strong>19.01.1962<\/strong> \u2013 Luzerna \u2013 vig\u00e1rio paroquial;<br \/>\n&#8211; <strong>30.07.1962<\/strong> \u2013 Lages \u2013 professor e vice-diretor do Col\u00e9gio;<br \/>\n&#8211; <strong>15.01.1965<\/strong> \u2013 Lages \u2013 ec\u00f4nomo do Col\u00e9gio;<br \/>\n&#8211; <strong>13.01.1968<\/strong> \u2013 eleito Definidor e nomeado diretor do Col\u00e9gio;<br \/>\n&#8211; <strong>18.01.1971<\/strong> \u2013 reeleito Definidor;<br \/>\n&#8211; <strong>16.12.1973<\/strong> \u2013 S\u00e3o Paulo \u2013 S\u00e3o Francisco \u2013 eleito Ministro Provincial;<br \/>\n&#8211;<strong> 04.12.1979<\/strong> \u2013 S\u00e3o Sebasti\u00e3o \u2013 guardi\u00e3o e vig\u00e1rio paroquial;<br \/>\n&#8211; <strong>14.12.1982<\/strong> \u2013 Petr\u00f3polis \u2013 vice-diretor da Editora Vozes;<br \/>\n&#8211; <strong>10.01.1995<\/strong> \u2013 Rio de Janeiro \u2013 antiga VOT \u2013 diretor do imobili\u00e1rio e assistente do Comiss\u00e1rio Frei Eckart; em 20.12.2006: coordenador da Fraternidade;<br \/>\n&#8211; <strong>09.04.2011<\/strong> \u2013 Rio de Janeiro \u2013 Santo Ant\u00f4nio \u2013 Atendente Conventual.<\/td>\n<\/tr>\n<\/tbody>\n<\/table>\n<p>Foi exatamente em um desses retiros, quando tinha 18 anos, que sentiu o convite do Senhor: &#8220;Vem e segue-me&#8221;. &#8220;Fui animado por quatro sacerdotes com os quais conversava longamente e pedia orienta\u00e7\u00e3o. Senti o chamado porque amava muito a Cristo e as almas e via a falta de pastores dedicados, e tantas almas abandonadas, sobretudo as crian\u00e7as e os jovens. Senti-me chamado e obedeci \u00e0 voz do Senhor&#8221;, revelou Frei Nader. Essa voca\u00e7\u00e3o tamb\u00e9m, para ele, nasceu no seio de sua fam\u00edlia, que \u00e9 muita religiosa. &#8220;Vivi numa fam\u00edlia unida, equilibrada, onde havia muito amor, ternura, carinho. Tudo era comum: refei\u00e7\u00f5es, ora\u00e7\u00f5es, lazer, trabalho, pois t\u00ednhamos uma casa comercial que eu dirigia como titular&#8221;, contou Frei Nader, que era o quinto filho deAlexandre Jos\u00e9 Nader e Brigida Abdala Nader. Tinha tr\u00eas irm\u00e3s e quatro irm\u00e3os (o pai e tr\u00eas irm\u00e3os nasceram no L\u00edbano).<\/p>\n<p>Com o Ensino M\u00e9dio completo, Frei Ant\u00f4nio foi encaminhado ao Semin\u00e1rio de Agudos em 1953, e vestiu o h\u00e1bito franciscano em 1954. &#8220;Ingressei na vida religiosa para ser um frade menor, simples, pobre, desprendido de tudo e de todos e estar a servi\u00e7o dos irm\u00e3os. Ser alegria e esperan\u00e7a para todos&#8221;, revelou.<\/p>\n<p>Pr\u00e1tico, Frei Ant\u00f4nio dizia que tinha limita\u00e7\u00f5es intelectuais e que gostava de trabalhos administrativos. Assim ele se autodefinia: &#8220;\u00c9 dif\u00edcil falar de mim mesmo, mas julgo ser tranquilo, equilibrado. Controlo bem minhas emo\u00e7\u00f5es. Tento ser coerente e reto em minha vida, mas tenho minhas fraquezas. Tento ser organizado e disciplinado. Sou de car\u00e1ter forte e exigente comigo mesmo e com os outros. Gosto de causar alegria aos irm\u00e3os e dificilmente ofendo uma pessoa conscientemente&#8221;.<\/p>\n<p>Desde a sua ordena\u00e7\u00e3o sacerdotal, teve uma vida intensa nas Par\u00f3quias e na \u00e1rea educacional, sendo diretor do Col\u00e9gio Diocesano de Lages (SC) por 12 anos.<\/p>\n<p>Quando foi eleito Provincial, em 1973,\u00a0 procurou observar quatro pontos essenciais: vida fraterna, vida apost\u00f3lica, vida de ora\u00e7\u00e3o e promo\u00e7\u00e3o social em toda a Prov\u00edncia. At\u00e9 1979 exerceu seu mandato e depois, entre tantos trabalhos,\u00a0 dedicou-se \u00e0 Editora Vozes e ao Hospital da Vener\u00e1vel Ordem Terceira no Rio de Janeiro. &#8220;Julgo que o principal \u00e9 fazer tudo bem onde fomos colocados, onde a obedi\u00eancia nos mandou. Pregar sempre como Francisco, com entusiasmo, com alegria e esperan\u00e7a, mostrando como Cristo \u00e9 bom. Nunca esmorecer no trabalho apost\u00f3lico e sempre renovar nossa a\u00e7\u00e3o&#8221;. Assim Frei Ant\u00f4nio pautou sua vida.<\/p>\n<p><strong>R.I.P.<\/strong><strong>\u00a0\u00a0<\/strong><\/p>\n","protected":false},"excerpt":{"rendered":"<p>Falecimento<\/p>\n","protected":false},"author":1,"featured_media":201094,"comment_status":"open","ping_status":"open","sticky":false,"template":"","format":"standard","meta":[],"categories":[1],"tags":[1160,1139],"acf":[],"yoast_head":"<!-- This site is optimized with the Yoast SEO plugin v19.2 - https:\/\/yoast.com\/wordpress\/plugins\/seo\/ -->\n<title>Ex-provincial Frei Ant\u00f4nio Nader ser\u00e1 sepultado hoje - Not\u00edcias - Franciscanos<\/title>\n<meta name=\"robots\" content=\"index, follow, max-snippet:-1, max-image-preview:large, max-video-preview:-1\" \/>\n<link rel=\"canonical\" href=\"https:\/\/franciscanos.org.br\/noticias\/falece-o-ex-provincial-frei-antonio-nader.html\" \/>\n<meta property=\"og:locale\" content=\"pt_BR\" \/>\n<meta property=\"og:type\" content=\"article\" \/>\n<meta property=\"og:title\" content=\"Ex-provincial Frei Ant\u00f4nio Nader ser\u00e1 sepultado hoje - Not\u00edcias - Franciscanos\" \/>\n<meta property=\"og:description\" content=\"Falecimento\" \/>\n<meta property=\"og:url\" content=\"https:\/\/franciscanos.org.br\/noticias\/falece-o-ex-provincial-frei-antonio-nader.html\" \/>\n<meta property=\"og:site_name\" content=\"Not\u00edcias - Franciscanos\" \/>\n<meta property=\"article:published_time\" content=\"2017-07-13T13:26:30+00:00\" \/>\n<meta property=\"article:modified_time\" content=\"2019-03-07T14:18:09+00:00\" \/>\n<meta property=\"og:image\" content=\"https:\/\/franciscanos.org.br\/noticias\/wp-content\/uploads\/2017\/07\/nader_130717_1.jpg\" \/>\n\t<meta property=\"og:image:width\" content=\"273\" \/>\n\t<meta property=\"og:image:height\" content=\"181\" \/>\n\t<meta property=\"og:image:type\" content=\"image\/jpeg\" \/>\n<meta name=\"author\" content=\"admin\" \/>\n<meta name=\"twitter:card\" content=\"summary_large_image\" \/>\n<meta name=\"twitter:label1\" content=\"Escrito por\" \/>\n\t<meta name=\"twitter:data1\" content=\"admin\" \/>\n\t<meta name=\"twitter:label2\" content=\"Est. tempo de leitura\" \/>\n\t<meta name=\"twitter:data2\" content=\"4 minutos\" \/>\n<script type=\"application\/ld+json\" class=\"yoast-schema-graph\">{\"@context\":\"https:\/\/schema.org\",\"@graph\":[{\"@type\":\"WebSite\",\"@id\":\"https:\/\/franciscanos.org.br\/noticias\/#website\",\"url\":\"https:\/\/franciscanos.org.br\/noticias\/\",\"name\":\"Not\u00edcias - Franciscanos\",\"description\":\"Prov\u00edncia Franciscana da Imaculada Concei\u00e7\u00e3o do Brasil - Ordem dos Frades Menores - OFM\",\"potentialAction\":[{\"@type\":\"SearchAction\",\"target\":{\"@type\":\"EntryPoint\",\"urlTemplate\":\"https:\/\/franciscanos.org.br\/noticias\/?s={search_term_string}\"},\"query-input\":\"required name=search_term_string\"}],\"inLanguage\":\"pt-BR\"},{\"@type\":\"ImageObject\",\"inLanguage\":\"pt-BR\",\"@id\":\"https:\/\/franciscanos.org.br\/noticias\/falece-o-ex-provincial-frei-antonio-nader.html#primaryimage\",\"url\":\"https:\/\/franciscanos.org.br\/noticias\/wp-content\/uploads\/2017\/07\/nader_130717_1.jpg\",\"contentUrl\":\"https:\/\/franciscanos.org.br\/noticias\/wp-content\/uploads\/2017\/07\/nader_130717_1.jpg\",\"width\":273,\"height\":181},{\"@type\":\"WebPage\",\"@id\":\"https:\/\/franciscanos.org.br\/noticias\/falece-o-ex-provincial-frei-antonio-nader.html#webpage\",\"url\":\"https:\/\/franciscanos.org.br\/noticias\/falece-o-ex-provincial-frei-antonio-nader.html\",\"name\":\"Ex-provincial Frei Ant\u00f4nio Nader ser\u00e1 sepultado hoje - Not\u00edcias - Franciscanos\",\"isPartOf\":{\"@id\":\"https:\/\/franciscanos.org.br\/noticias\/#website\"},\"primaryImageOfPage\":{\"@id\":\"https:\/\/franciscanos.org.br\/noticias\/falece-o-ex-provincial-frei-antonio-nader.html#primaryimage\"},\"datePublished\":\"2017-07-13T13:26:30+00:00\",\"dateModified\":\"2019-03-07T14:18:09+00:00\",\"author\":{\"@id\":\"https:\/\/franciscanos.org.br\/noticias\/#\/schema\/person\/b38fbf43118f02820bd932f2e4b14ad3\"},\"breadcrumb\":{\"@id\":\"https:\/\/franciscanos.org.br\/noticias\/falece-o-ex-provincial-frei-antonio-nader.html#breadcrumb\"},\"inLanguage\":\"pt-BR\",\"potentialAction\":[{\"@type\":\"ReadAction\",\"target\":[\"https:\/\/franciscanos.org.br\/noticias\/falece-o-ex-provincial-frei-antonio-nader.html\"]}]},{\"@type\":\"BreadcrumbList\",\"@id\":\"https:\/\/franciscanos.org.br\/noticias\/falece-o-ex-provincial-frei-antonio-nader.html#breadcrumb\",\"itemListElement\":[{\"@type\":\"ListItem\",\"position\":1,\"name\":\"Home\",\"item\":\"https:\/\/franciscanos.org.br\/noticias\"},{\"@type\":\"ListItem\",\"position\":2,\"name\":\"Ex-provincial Frei Ant\u00f4nio Nader ser\u00e1 sepultado hoje\"}]},{\"@type\":\"Person\",\"@id\":\"https:\/\/franciscanos.org.br\/noticias\/#\/schema\/person\/b38fbf43118f02820bd932f2e4b14ad3\",\"name\":\"admin\",\"image\":{\"@type\":\"ImageObject\",\"inLanguage\":\"pt-BR\",\"@id\":\"https:\/\/franciscanos.org.br\/noticias\/#\/schema\/person\/image\/\",\"url\":\"https:\/\/secure.gravatar.com\/avatar\/e8495742d34d0ba6448ea1c628263b3e?s=96&d=mm&r=g\",\"contentUrl\":\"https:\/\/secure.gravatar.com\/avatar\/e8495742d34d0ba6448ea1c628263b3e?s=96&d=mm&r=g\",\"caption\":\"admin\"},\"url\":\"https:\/\/franciscanos.org.br\/noticias\/author\/admin\"}]}<\/script>\n<!-- \/ Yoast SEO plugin. -->","yoast_head_json":{"title":"Ex-provincial Frei Ant\u00f4nio Nader ser\u00e1 sepultado hoje - Not\u00edcias - Franciscanos","robots":{"index":"index","follow":"follow","max-snippet":"max-snippet:-1","max-image-preview":"max-image-preview:large","max-video-preview":"max-video-preview:-1"},"canonical":"https:\/\/franciscanos.org.br\/noticias\/falece-o-ex-provincial-frei-antonio-nader.html","og_locale":"pt_BR","og_type":"article","og_title":"Ex-provincial Frei Ant\u00f4nio Nader ser\u00e1 sepultado hoje - Not\u00edcias - Franciscanos","og_description":"Falecimento","og_url":"https:\/\/franciscanos.org.br\/noticias\/falece-o-ex-provincial-frei-antonio-nader.html","og_site_name":"Not\u00edcias - Franciscanos","article_published_time":"2017-07-13T13:26:30+00:00","article_modified_time":"2019-03-07T14:18:09+00:00","og_image":[{"width":273,"height":181,"url":"https:\/\/franciscanos.org.br\/noticias\/wp-content\/uploads\/2017\/07\/nader_130717_1.jpg","type":"image\/jpeg"}],"author":"admin","twitter_card":"summary_large_image","twitter_misc":{"Escrito por":"admin","Est. tempo de leitura":"4 minutos"},"schema":{"@context":"https:\/\/schema.org","@graph":[{"@type":"WebSite","@id":"https:\/\/franciscanos.org.br\/noticias\/#website","url":"https:\/\/franciscanos.org.br\/noticias\/","name":"Not\u00edcias - Franciscanos","description":"Prov\u00edncia Franciscana da Imaculada Concei\u00e7\u00e3o do Brasil - Ordem dos Frades Menores - OFM","potentialAction":[{"@type":"SearchAction","target":{"@type":"EntryPoint","urlTemplate":"https:\/\/franciscanos.org.br\/noticias\/?s={search_term_string}"},"query-input":"required name=search_term_string"}],"inLanguage":"pt-BR"},{"@type":"ImageObject","inLanguage":"pt-BR","@id":"https:\/\/franciscanos.org.br\/noticias\/falece-o-ex-provincial-frei-antonio-nader.html#primaryimage","url":"https:\/\/franciscanos.org.br\/noticias\/wp-content\/uploads\/2017\/07\/nader_130717_1.jpg","contentUrl":"https:\/\/franciscanos.org.br\/noticias\/wp-content\/uploads\/2017\/07\/nader_130717_1.jpg","width":273,"height":181},{"@type":"WebPage","@id":"https:\/\/franciscanos.org.br\/noticias\/falece-o-ex-provincial-frei-antonio-nader.html#webpage","url":"https:\/\/franciscanos.org.br\/noticias\/falece-o-ex-provincial-frei-antonio-nader.html","name":"Ex-provincial Frei Ant\u00f4nio Nader ser\u00e1 sepultado hoje - Not\u00edcias - Franciscanos","isPartOf":{"@id":"https:\/\/franciscanos.org.br\/noticias\/#website"},"primaryImageOfPage":{"@id":"https:\/\/franciscanos.org.br\/noticias\/falece-o-ex-provincial-frei-antonio-nader.html#primaryimage"},"datePublished":"2017-07-13T13:26:30+00:00","dateModified":"2019-03-07T14:18:09+00:00","author":{"@id":"https:\/\/franciscanos.org.br\/noticias\/#\/schema\/person\/b38fbf43118f02820bd932f2e4b14ad3"},"breadcrumb":{"@id":"https:\/\/franciscanos.org.br\/noticias\/falece-o-ex-provincial-frei-antonio-nader.html#breadcrumb"},"inLanguage":"pt-BR","potentialAction":[{"@type":"ReadAction","target":["https:\/\/franciscanos.org.br\/noticias\/falece-o-ex-provincial-frei-antonio-nader.html"]}]},{"@type":"BreadcrumbList","@id":"https:\/\/franciscanos.org.br\/noticias\/falece-o-ex-provincial-frei-antonio-nader.html#breadcrumb","itemListElement":[{"@type":"ListItem","position":1,"name":"Home","item":"https:\/\/franciscanos.org.br\/noticias"},{"@type":"ListItem","position":2,"name":"Ex-provincial Frei Ant\u00f4nio Nader ser\u00e1 sepultado hoje"}]},{"@type":"Person","@id":"https:\/\/franciscanos.org.br\/noticias\/#\/schema\/person\/b38fbf43118f02820bd932f2e4b14ad3","name":"admin","image":{"@type":"ImageObject","inLanguage":"pt-BR","@id":"https:\/\/franciscanos.org.br\/noticias\/#\/schema\/person\/image\/","url":"https:\/\/secure.gravatar.com\/avatar\/e8495742d34d0ba6448ea1c628263b3e?s=96&d=mm&r=g","contentUrl":"https:\/\/secure.gravatar.com\/avatar\/e8495742d34d0ba6448ea1c628263b3e?s=96&d=mm&r=g","caption":"admin"},"url":"https:\/\/franciscanos.org.br\/noticias\/author\/admin"}]}},"_links":{"self":[{"href":"https:\/\/franciscanos.org.br\/noticias\/wp-json\/wp\/v2\/posts\/137685"}],"collection":[{"href":"https:\/\/franciscanos.org.br\/noticias\/wp-json\/wp\/v2\/posts"}],"about":[{"href":"https:\/\/franciscanos.org.br\/noticias\/wp-json\/wp\/v2\/types\/post"}],"author":[{"embeddable":true,"href":"https:\/\/franciscanos.org.br\/noticias\/wp-json\/wp\/v2\/users\/1"}],"replies":[{"embeddable":true,"href":"https:\/\/franciscanos.org.br\/noticias\/wp-json\/wp\/v2\/comments?post=137685"}],"version-history":[{"count":0,"href":"https:\/\/franciscanos.org.br\/noticias\/wp-json\/wp\/v2\/posts\/137685\/revisions"}],"wp:featuredmedia":[{"embeddable":true,"href":"https:\/\/franciscanos.org.br\/noticias\/wp-json\/wp\/v2\/media\/201094"}],"wp:attachment":[{"href":"https:\/\/franciscanos.org.br\/noticias\/wp-json\/wp\/v2\/media?parent=137685"}],"wp:term":[{"taxonomy":"category","embeddable":true,"href":"https:\/\/franciscanos.org.br\/noticias\/wp-json\/wp\/v2\/categories?post=137685"},{"taxonomy":"post_tag","embeddable":true,"href":"https:\/\/franciscanos.org.br\/noticias\/wp-json\/wp\/v2\/tags?post=137685"}],"curies":[{"name":"wp","href":"https:\/\/api.w.org\/{rel}","templated":true}]}}