{"id":137677,"date":"2017-07-13T08:35:50","date_gmt":"2017-07-13T11:35:50","guid":{"rendered":"http:\/\/franciscanos.org.br\/?p=137677"},"modified":"2020-06-08T18:58:02","modified_gmt":"2020-06-08T21:58:02","slug":"papa-catequista-nao-e-profissao-mas-vocacao","status":"publish","type":"post","link":"https:\/\/franciscanos.org.br\/noticias\/papa-catequista-nao-e-profissao-mas-vocacao.html","title":{"rendered":"Papa: catequista n\u00e3o \u00e9 profiss\u00e3o, mas voca\u00e7\u00e3o"},"content":{"rendered":"<p>&nbsp;<\/p>\n<p><img loading=\"lazy\" class=\"alignnone wp-image-225292 size-full\" src=\"https:\/\/franciscanos.org.br\/noticias\/wp-content\/uploads\/2017\/07\/catequista_01.jpg\" alt=\"\" width=\"890\" height=\"501\" srcset=\"https:\/\/franciscanos.org.br\/noticias\/wp-content\/uploads\/2017\/07\/catequista_01.jpg 890w, https:\/\/franciscanos.org.br\/noticias\/wp-content\/uploads\/2017\/07\/catequista_01-450x253.jpg 450w, https:\/\/franciscanos.org.br\/noticias\/wp-content\/uploads\/2017\/07\/catequista_01-768x432.jpg 768w, https:\/\/franciscanos.org.br\/noticias\/wp-content\/uploads\/2017\/07\/catequista_01-150x84.jpg 150w\" sizes=\"(max-width: 890px) 100vw, 890px\" \/><\/p>\n<p><strong>Cidade do Vaticano<\/strong> \u2013 Ser catequista n\u00e3o \u00e9 uma profiss\u00e3o, mas uma voca\u00e7\u00e3o: \u00e9 o que afirma o Papa Francisco na mensagem enviada aos participantes do Simp\u00f3sio Internacional sobre Catequese, em andamento na Faculdade de Teologia da Pontif\u00edcia Universidade Cat\u00f3lica Argentina (UCA), em Buenos Aires.<\/p>\n<p>No texto, o Pont\u00edfice cita um di\u00e1logo de S\u00e3o Francisco de Assis com um de seus seguidores, que queria aprender a pregar. O santo lhe diz: Quando visitamos os enfermos, ajudamos as crian\u00e7as e damos de comer aos pobres j\u00e1 estamos pregando. \u201cNesta li\u00e7\u00e3o, est\u00e1 contida a voca\u00e7\u00e3o e a tarefa do catequista\u201d, escreve o Papa.<\/p>\n<p><strong>Ser catequista<\/strong><br \/>\nEm primeiro lugar, a catequese n\u00e3o \u00e9 um trabalho ou uma tarefa externa \u00e0 pessoa do catequista, mas se \u201c\u00e9\u201d catequista e toda a vida gira em torno desta miss\u00e3o. De fato, \u201cser\u201d catequista \u00e9 uma voca\u00e7\u00e3o de servi\u00e7o na Igreja, que se recebeu como dom do Senhor para ser transmitido aos demais. Por isso, o catequista deve constantemente regressar \u00e0quele primeiro an\u00fancio ou \u201ckerygma\u201d, que \u00e9 o dom que transformou a pr\u00f3pria vida. Para Francisco, este an\u00fancio deve acompanhar a f\u00e9 que j\u00e1 est\u00e1 presente na religiosidade do povo.<\/p>\n<p><strong>Com Cristo<\/strong><br \/>\nO catequista, acrescentou o Papa, caminha a partir de Cristo e com Ele, n\u00e3o \u00e9 uma pessoa que parte de suas pr\u00f3prias ideias e gostos, mas se deixa olhar por Ele, porque \u00e9 este olhar que faz arder o cora\u00e7\u00e3o. Quanto mais Jesus toma o centro da nossa vida, mais nos impulsiona a sair de n\u00f3s mesmos, nos descentraliza e nos faz mais pr\u00f3ximos dos outros.<\/p>\n<p><strong>Catequese \u201cmistag\u00f3gica\u201d<\/strong><br \/>\nO Papa compara este dinamismo do amor com os movimentos card\u00edacos: s\u00edstole e di\u00e1stole, se concentra para se encontrar com o Senhor e imediatamente se abre para pregar Jesus. O exemplo fez do pr\u00f3prio Jesus, que se retirava para rezar ao Pai e logo sa\u00eda ao encontro das pessoas sedentas de Deus. Daqui nasce a import\u00e2ncia da catequese \u201cmistag\u00f3gica\u201d, que \u00e9 o encontro constante com a Palavra e os sacramentos e n\u00e3o algo meramente ocasional.<\/p>\n<p><strong>Criatividade<\/strong><br \/>\nE na hora de pregar, Francisco pede que os catequistas sejam criativos, buscando diferentes meios e formas para anunciar a Cristo. \u201cOs meios podem ser diferentes, mas o importante \u00e9 ter presente o estilo de Jesus, que se adaptava \u00e0s pessoas que tinha a sua frente. \u00c9 preciso saber mudar, adaptar-se, para que a mensagem seja mais pr\u00f3xima, mesmo quando \u00e9 sempre a mesma, porque Deus n\u00e3o muda, mas renova todas as coisas Nele.<\/p>\n<p>O Papa conclui agradecendo a todos os catequistas pelo que fazem, mas sobretudo porque caminham com o Povo de Deus. \u201cEu os encorajo a serem alegres mensageiros, cust\u00f3dios do bem e da beleza que resplandecem na vida fiel do disc\u00edpulo mission\u00e1rio.\u201d<\/p>\n<p>O Simp\u00f3sio Internacional sobre Catequese teve in\u00edcio no dia 11 de julho e prossegue at\u00e9 o dia 14. O encontro tem como tema &#8220;Bem-aventurados os que creem\u201d, e entre os conferencistas est\u00e3o o Arcebispo Luis Francisco Ladaria sj, prefeito da Congrega\u00e7\u00e3o para a Doutrina da F\u00e9 e Mons. Jos\u00e9 Ruiz Arenas, Secret\u00e1rio do Pontif\u00edcio Conselho para a Promo\u00e7\u00e3o da Nova Evangeliza\u00e7\u00e3o.<\/p>\n","protected":false},"excerpt":{"rendered":"<p>Mensagem<\/p>\n","protected":false},"author":1,"featured_media":225293,"comment_status":"open","ping_status":"open","sticky":false,"template":"","format":"standard","meta":[],"categories":[1428],"tags":[1410,1395,104],"acf":[],"yoast_head":"<!-- This site is optimized with the Yoast SEO plugin v19.2 - https:\/\/yoast.com\/wordpress\/plugins\/seo\/ -->\n<title>Papa: catequista n\u00e3o \u00e9 profiss\u00e3o, mas voca\u00e7\u00e3o - Not\u00edcias - Franciscanos<\/title>\n<meta name=\"robots\" content=\"index, follow, max-snippet:-1, max-image-preview:large, max-video-preview:-1\" \/>\n<link rel=\"canonical\" href=\"https:\/\/franciscanos.org.br\/noticias\/papa-catequista-nao-e-profissao-mas-vocacao.html\" \/>\n<meta property=\"og:locale\" content=\"pt_BR\" \/>\n<meta property=\"og:type\" content=\"article\" \/>\n<meta property=\"og:title\" content=\"Papa: catequista n\u00e3o \u00e9 profiss\u00e3o, mas voca\u00e7\u00e3o - Not\u00edcias - Franciscanos\" \/>\n<meta property=\"og:description\" content=\"Mensagem\" \/>\n<meta property=\"og:url\" content=\"https:\/\/franciscanos.org.br\/noticias\/papa-catequista-nao-e-profissao-mas-vocacao.html\" \/>\n<meta property=\"og:site_name\" content=\"Not\u00edcias - Franciscanos\" \/>\n<meta property=\"article:published_time\" content=\"2017-07-13T11:35:50+00:00\" \/>\n<meta property=\"article:modified_time\" content=\"2020-06-08T21:58:02+00:00\" \/>\n<meta property=\"og:image\" content=\"https:\/\/franciscanos.org.br\/noticias\/wp-content\/uploads\/2017\/07\/catequista_01d.jpg\" \/>\n\t<meta property=\"og:image:width\" content=\"800\" \/>\n\t<meta property=\"og:image:height\" content=\"600\" \/>\n\t<meta property=\"og:image:type\" content=\"image\/jpeg\" \/>\n<meta name=\"author\" content=\"admin\" \/>\n<meta name=\"twitter:card\" content=\"summary_large_image\" \/>\n<meta name=\"twitter:label1\" content=\"Escrito por\" \/>\n\t<meta name=\"twitter:data1\" content=\"admin\" \/>\n\t<meta name=\"twitter:label2\" content=\"Est. tempo de leitura\" \/>\n\t<meta name=\"twitter:data2\" content=\"3 minutos\" \/>\n<script type=\"application\/ld+json\" class=\"yoast-schema-graph\">{\"@context\":\"https:\/\/schema.org\",\"@graph\":[{\"@type\":\"WebSite\",\"@id\":\"https:\/\/franciscanos.org.br\/noticias\/#website\",\"url\":\"https:\/\/franciscanos.org.br\/noticias\/\",\"name\":\"Not\u00edcias - Franciscanos\",\"description\":\"Prov\u00edncia Franciscana da Imaculada Concei\u00e7\u00e3o do Brasil - Ordem dos Frades Menores - OFM\",\"potentialAction\":[{\"@type\":\"SearchAction\",\"target\":{\"@type\":\"EntryPoint\",\"urlTemplate\":\"https:\/\/franciscanos.org.br\/noticias\/?s={search_term_string}\"},\"query-input\":\"required name=search_term_string\"}],\"inLanguage\":\"pt-BR\"},{\"@type\":\"ImageObject\",\"inLanguage\":\"pt-BR\",\"@id\":\"https:\/\/franciscanos.org.br\/noticias\/papa-catequista-nao-e-profissao-mas-vocacao.html#primaryimage\",\"url\":\"https:\/\/franciscanos.org.br\/noticias\/wp-content\/uploads\/2017\/07\/catequista_01d.jpg\",\"contentUrl\":\"https:\/\/franciscanos.org.br\/noticias\/wp-content\/uploads\/2017\/07\/catequista_01d.jpg\",\"width\":800,\"height\":600},{\"@type\":\"WebPage\",\"@id\":\"https:\/\/franciscanos.org.br\/noticias\/papa-catequista-nao-e-profissao-mas-vocacao.html#webpage\",\"url\":\"https:\/\/franciscanos.org.br\/noticias\/papa-catequista-nao-e-profissao-mas-vocacao.html\",\"name\":\"Papa: catequista n\u00e3o \u00e9 profiss\u00e3o, mas voca\u00e7\u00e3o - Not\u00edcias - Franciscanos\",\"isPartOf\":{\"@id\":\"https:\/\/franciscanos.org.br\/noticias\/#website\"},\"primaryImageOfPage\":{\"@id\":\"https:\/\/franciscanos.org.br\/noticias\/papa-catequista-nao-e-profissao-mas-vocacao.html#primaryimage\"},\"datePublished\":\"2017-07-13T11:35:50+00:00\",\"dateModified\":\"2020-06-08T21:58:02+00:00\",\"author\":{\"@id\":\"https:\/\/franciscanos.org.br\/noticias\/#\/schema\/person\/b38fbf43118f02820bd932f2e4b14ad3\"},\"breadcrumb\":{\"@id\":\"https:\/\/franciscanos.org.br\/noticias\/papa-catequista-nao-e-profissao-mas-vocacao.html#breadcrumb\"},\"inLanguage\":\"pt-BR\",\"potentialAction\":[{\"@type\":\"ReadAction\",\"target\":[\"https:\/\/franciscanos.org.br\/noticias\/papa-catequista-nao-e-profissao-mas-vocacao.html\"]}]},{\"@type\":\"BreadcrumbList\",\"@id\":\"https:\/\/franciscanos.org.br\/noticias\/papa-catequista-nao-e-profissao-mas-vocacao.html#breadcrumb\",\"itemListElement\":[{\"@type\":\"ListItem\",\"position\":1,\"name\":\"Home\",\"item\":\"https:\/\/franciscanos.org.br\/noticias\"},{\"@type\":\"ListItem\",\"position\":2,\"name\":\"Papa: catequista n\u00e3o \u00e9 profiss\u00e3o, mas voca\u00e7\u00e3o\"}]},{\"@type\":\"Person\",\"@id\":\"https:\/\/franciscanos.org.br\/noticias\/#\/schema\/person\/b38fbf43118f02820bd932f2e4b14ad3\",\"name\":\"admin\",\"image\":{\"@type\":\"ImageObject\",\"inLanguage\":\"pt-BR\",\"@id\":\"https:\/\/franciscanos.org.br\/noticias\/#\/schema\/person\/image\/\",\"url\":\"https:\/\/secure.gravatar.com\/avatar\/e8495742d34d0ba6448ea1c628263b3e?s=96&d=mm&r=g\",\"contentUrl\":\"https:\/\/secure.gravatar.com\/avatar\/e8495742d34d0ba6448ea1c628263b3e?s=96&d=mm&r=g\",\"caption\":\"admin\"},\"url\":\"https:\/\/franciscanos.org.br\/noticias\/author\/admin\"}]}<\/script>\n<!-- \/ Yoast SEO plugin. -->","yoast_head_json":{"title":"Papa: catequista n\u00e3o \u00e9 profiss\u00e3o, mas voca\u00e7\u00e3o - Not\u00edcias - Franciscanos","robots":{"index":"index","follow":"follow","max-snippet":"max-snippet:-1","max-image-preview":"max-image-preview:large","max-video-preview":"max-video-preview:-1"},"canonical":"https:\/\/franciscanos.org.br\/noticias\/papa-catequista-nao-e-profissao-mas-vocacao.html","og_locale":"pt_BR","og_type":"article","og_title":"Papa: catequista n\u00e3o \u00e9 profiss\u00e3o, mas voca\u00e7\u00e3o - Not\u00edcias - Franciscanos","og_description":"Mensagem","og_url":"https:\/\/franciscanos.org.br\/noticias\/papa-catequista-nao-e-profissao-mas-vocacao.html","og_site_name":"Not\u00edcias - Franciscanos","article_published_time":"2017-07-13T11:35:50+00:00","article_modified_time":"2020-06-08T21:58:02+00:00","og_image":[{"width":800,"height":600,"url":"https:\/\/franciscanos.org.br\/noticias\/wp-content\/uploads\/2017\/07\/catequista_01d.jpg","type":"image\/jpeg"}],"author":"admin","twitter_card":"summary_large_image","twitter_misc":{"Escrito por":"admin","Est. tempo de leitura":"3 minutos"},"schema":{"@context":"https:\/\/schema.org","@graph":[{"@type":"WebSite","@id":"https:\/\/franciscanos.org.br\/noticias\/#website","url":"https:\/\/franciscanos.org.br\/noticias\/","name":"Not\u00edcias - Franciscanos","description":"Prov\u00edncia Franciscana da Imaculada Concei\u00e7\u00e3o do Brasil - Ordem dos Frades Menores - OFM","potentialAction":[{"@type":"SearchAction","target":{"@type":"EntryPoint","urlTemplate":"https:\/\/franciscanos.org.br\/noticias\/?s={search_term_string}"},"query-input":"required name=search_term_string"}],"inLanguage":"pt-BR"},{"@type":"ImageObject","inLanguage":"pt-BR","@id":"https:\/\/franciscanos.org.br\/noticias\/papa-catequista-nao-e-profissao-mas-vocacao.html#primaryimage","url":"https:\/\/franciscanos.org.br\/noticias\/wp-content\/uploads\/2017\/07\/catequista_01d.jpg","contentUrl":"https:\/\/franciscanos.org.br\/noticias\/wp-content\/uploads\/2017\/07\/catequista_01d.jpg","width":800,"height":600},{"@type":"WebPage","@id":"https:\/\/franciscanos.org.br\/noticias\/papa-catequista-nao-e-profissao-mas-vocacao.html#webpage","url":"https:\/\/franciscanos.org.br\/noticias\/papa-catequista-nao-e-profissao-mas-vocacao.html","name":"Papa: catequista n\u00e3o \u00e9 profiss\u00e3o, mas voca\u00e7\u00e3o - Not\u00edcias - Franciscanos","isPartOf":{"@id":"https:\/\/franciscanos.org.br\/noticias\/#website"},"primaryImageOfPage":{"@id":"https:\/\/franciscanos.org.br\/noticias\/papa-catequista-nao-e-profissao-mas-vocacao.html#primaryimage"},"datePublished":"2017-07-13T11:35:50+00:00","dateModified":"2020-06-08T21:58:02+00:00","author":{"@id":"https:\/\/franciscanos.org.br\/noticias\/#\/schema\/person\/b38fbf43118f02820bd932f2e4b14ad3"},"breadcrumb":{"@id":"https:\/\/franciscanos.org.br\/noticias\/papa-catequista-nao-e-profissao-mas-vocacao.html#breadcrumb"},"inLanguage":"pt-BR","potentialAction":[{"@type":"ReadAction","target":["https:\/\/franciscanos.org.br\/noticias\/papa-catequista-nao-e-profissao-mas-vocacao.html"]}]},{"@type":"BreadcrumbList","@id":"https:\/\/franciscanos.org.br\/noticias\/papa-catequista-nao-e-profissao-mas-vocacao.html#breadcrumb","itemListElement":[{"@type":"ListItem","position":1,"name":"Home","item":"https:\/\/franciscanos.org.br\/noticias"},{"@type":"ListItem","position":2,"name":"Papa: catequista n\u00e3o \u00e9 profiss\u00e3o, mas voca\u00e7\u00e3o"}]},{"@type":"Person","@id":"https:\/\/franciscanos.org.br\/noticias\/#\/schema\/person\/b38fbf43118f02820bd932f2e4b14ad3","name":"admin","image":{"@type":"ImageObject","inLanguage":"pt-BR","@id":"https:\/\/franciscanos.org.br\/noticias\/#\/schema\/person\/image\/","url":"https:\/\/secure.gravatar.com\/avatar\/e8495742d34d0ba6448ea1c628263b3e?s=96&d=mm&r=g","contentUrl":"https:\/\/secure.gravatar.com\/avatar\/e8495742d34d0ba6448ea1c628263b3e?s=96&d=mm&r=g","caption":"admin"},"url":"https:\/\/franciscanos.org.br\/noticias\/author\/admin"}]}},"_links":{"self":[{"href":"https:\/\/franciscanos.org.br\/noticias\/wp-json\/wp\/v2\/posts\/137677"}],"collection":[{"href":"https:\/\/franciscanos.org.br\/noticias\/wp-json\/wp\/v2\/posts"}],"about":[{"href":"https:\/\/franciscanos.org.br\/noticias\/wp-json\/wp\/v2\/types\/post"}],"author":[{"embeddable":true,"href":"https:\/\/franciscanos.org.br\/noticias\/wp-json\/wp\/v2\/users\/1"}],"replies":[{"embeddable":true,"href":"https:\/\/franciscanos.org.br\/noticias\/wp-json\/wp\/v2\/comments?post=137677"}],"version-history":[{"count":2,"href":"https:\/\/franciscanos.org.br\/noticias\/wp-json\/wp\/v2\/posts\/137677\/revisions"}],"predecessor-version":[{"id":225294,"href":"https:\/\/franciscanos.org.br\/noticias\/wp-json\/wp\/v2\/posts\/137677\/revisions\/225294"}],"wp:featuredmedia":[{"embeddable":true,"href":"https:\/\/franciscanos.org.br\/noticias\/wp-json\/wp\/v2\/media\/225293"}],"wp:attachment":[{"href":"https:\/\/franciscanos.org.br\/noticias\/wp-json\/wp\/v2\/media?parent=137677"}],"wp:term":[{"taxonomy":"category","embeddable":true,"href":"https:\/\/franciscanos.org.br\/noticias\/wp-json\/wp\/v2\/categories?post=137677"},{"taxonomy":"post_tag","embeddable":true,"href":"https:\/\/franciscanos.org.br\/noticias\/wp-json\/wp\/v2\/tags?post=137677"}],"curies":[{"name":"wp","href":"https:\/\/api.w.org\/{rel}","templated":true}]}}