{"id":137639,"date":"2017-07-12T08:19:22","date_gmt":"2017-07-12T11:19:22","guid":{"rendered":"http:\/\/franciscanos.org.br\/?p=137639"},"modified":"2021-07-05T20:04:23","modified_gmt":"2021-07-05T23:04:23","slug":"coral-alemao-se-apresenta-com-canarinhos-em-petropolis","status":"publish","type":"post","link":"https:\/\/franciscanos.org.br\/noticias\/coral-alemao-se-apresenta-com-canarinhos-em-petropolis.html","title":{"rendered":"Petr\u00f3polis: Coral alem\u00e3o se apresenta com Canarinhos"},"content":{"rendered":"<p><img loading=\"lazy\" src=\"http:\/\/franciscanos.org.br\/wp-content\/uploads\/2017\/07\/canarinhos_120717.jpg\" alt=\"canarinhos_120717\" width=\"830\" height=\"553\" \/><\/p>\n<p>Petr\u00f3polis receber\u00e1 uma visita especial nesta semana. O coro Jugendchor der Dommusik, da cidade alem\u00e3 Speyer, estar\u00e1 no munic\u00edpio, onde far\u00e1 apresenta\u00e7\u00f5es ao lado de corais petropolitanos. Os eventos s\u00e3o gratuitos e abertos ao p\u00fablico.<br \/>\nO grupo vocal germ\u00e2nico chega \u00e0 cidade na sexta-feira (14), quando ser\u00e1 recepcionado pelos coralistas do Instituto dos Meninos Cantores de Petr\u00f3polis (IMCP). J\u00e1 no s\u00e1bado (15), \u00e0s 20h, o coro se apresenta com o Coral dos Canarinhos e das Meninas dos Canarinhos em um concerto na Igreja do Sagrado Cora\u00e7\u00e3o de Jesus.<\/p>\n<p>A programa\u00e7\u00e3o da visita continua no domingo (16), quando o coro alem\u00e3o cantar\u00e1 na missa das 9h30, na Catedral S\u00e3o Pedro de Alc\u00e2ntara. Na segunda (17), os coralistas ir\u00e3o \u00e0 Teres\u00f3polis conhecer o Parque Nacional da Serra dos \u00d3rg\u00e3os e se preparar para sua participa\u00e7\u00e3o no Congresso Internacional Pueri Cantores, que reunir\u00e1 corais de todo o mundo no Rio de Janeiro entre os dias 18 e 23 de julho.<\/p>\n<p>\u201cVivemos em um mundo globalizado, por isso, \u00e9 importante estarmos sempre atentos a outros costumes e culturas para que possamos estar em constante crescimento e evolu\u00e7\u00e3o, e esse interc\u00e2mbio permite a todos os envolvidos esse aprendizado. Receber corais de fora nos d\u00e1 a oportunidade de mostrar que o nosso trabalho tem n\u00edvel de primeiro mundo e toda a organiza\u00e7\u00e3o e excel\u00eancia que \u00e9 poss\u00edvel encontrar na Europa\u201d, declarou o maestro do Coral dos Canarinhos e diretor art\u00edstico do IMCP, Marco Aur\u00e9lio Lischt.<\/p>\n<p>A Igreja do Sagrado Cora\u00e7\u00e3o de Jesus fica na Rua Montecaseros, n\u00famero 95, no Centro. Mais informa\u00e7\u00f5es sobre as atividades do Instituto dos Meninos Cantores de Petr\u00f3polis podem ser consultadas pelo Facebook http:\/\/fb.com\/canarinhosdepetropolis ou pelo telefone: (24) 2104-4141.<\/p>\n","protected":false},"excerpt":{"rendered":"<p>Canarinhos<\/p>\n","protected":false},"author":1,"featured_media":201089,"comment_status":"open","ping_status":"open","sticky":false,"template":"","format":"standard","meta":[],"categories":[1],"tags":[1378,190],"acf":[],"yoast_head":"<!-- This site is optimized with the Yoast SEO plugin v19.2 - https:\/\/yoast.com\/wordpress\/plugins\/seo\/ -->\n<title>Petr\u00f3polis: Coral alem\u00e3o se apresenta com Canarinhos - Not\u00edcias - Franciscanos<\/title>\n<meta name=\"robots\" content=\"index, follow, max-snippet:-1, max-image-preview:large, max-video-preview:-1\" \/>\n<link rel=\"canonical\" href=\"https:\/\/franciscanos.org.br\/noticias\/coral-alemao-se-apresenta-com-canarinhos-em-petropolis.html\" \/>\n<meta property=\"og:locale\" content=\"pt_BR\" \/>\n<meta property=\"og:type\" content=\"article\" \/>\n<meta property=\"og:title\" content=\"Petr\u00f3polis: Coral alem\u00e3o se apresenta com Canarinhos - Not\u00edcias - Franciscanos\" \/>\n<meta property=\"og:description\" content=\"Canarinhos\" \/>\n<meta property=\"og:url\" content=\"https:\/\/franciscanos.org.br\/noticias\/coral-alemao-se-apresenta-com-canarinhos-em-petropolis.html\" \/>\n<meta property=\"og:site_name\" content=\"Not\u00edcias - Franciscanos\" \/>\n<meta property=\"article:published_time\" content=\"2017-07-12T11:19:22+00:00\" \/>\n<meta property=\"article:modified_time\" content=\"2021-07-05T23:04:23+00:00\" \/>\n<meta property=\"og:image\" content=\"https:\/\/franciscanos.org.br\/noticias\/wp-content\/uploads\/2017\/07\/canarinhos_120717.jpg\" \/>\n\t<meta property=\"og:image:width\" content=\"273\" \/>\n\t<meta property=\"og:image:height\" content=\"182\" \/>\n\t<meta property=\"og:image:type\" content=\"image\/jpeg\" \/>\n<meta name=\"author\" content=\"admin\" \/>\n<meta name=\"twitter:card\" content=\"summary_large_image\" \/>\n<meta name=\"twitter:label1\" content=\"Escrito por\" \/>\n\t<meta name=\"twitter:data1\" content=\"admin\" \/>\n\t<meta name=\"twitter:label2\" content=\"Est. tempo de leitura\" \/>\n\t<meta name=\"twitter:data2\" content=\"1 minuto\" \/>\n<script type=\"application\/ld+json\" class=\"yoast-schema-graph\">{\"@context\":\"https:\/\/schema.org\",\"@graph\":[{\"@type\":\"WebSite\",\"@id\":\"https:\/\/franciscanos.org.br\/noticias\/#website\",\"url\":\"https:\/\/franciscanos.org.br\/noticias\/\",\"name\":\"Not\u00edcias - Franciscanos\",\"description\":\"Prov\u00edncia Franciscana da Imaculada Concei\u00e7\u00e3o do Brasil - Ordem dos Frades Menores - OFM\",\"potentialAction\":[{\"@type\":\"SearchAction\",\"target\":{\"@type\":\"EntryPoint\",\"urlTemplate\":\"https:\/\/franciscanos.org.br\/noticias\/?s={search_term_string}\"},\"query-input\":\"required name=search_term_string\"}],\"inLanguage\":\"pt-BR\"},{\"@type\":\"ImageObject\",\"inLanguage\":\"pt-BR\",\"@id\":\"https:\/\/franciscanos.org.br\/noticias\/coral-alemao-se-apresenta-com-canarinhos-em-petropolis.html#primaryimage\",\"url\":\"https:\/\/franciscanos.org.br\/noticias\/wp-content\/uploads\/2017\/07\/canarinhos_120717.jpg\",\"contentUrl\":\"https:\/\/franciscanos.org.br\/noticias\/wp-content\/uploads\/2017\/07\/canarinhos_120717.jpg\",\"width\":273,\"height\":182},{\"@type\":\"WebPage\",\"@id\":\"https:\/\/franciscanos.org.br\/noticias\/coral-alemao-se-apresenta-com-canarinhos-em-petropolis.html#webpage\",\"url\":\"https:\/\/franciscanos.org.br\/noticias\/coral-alemao-se-apresenta-com-canarinhos-em-petropolis.html\",\"name\":\"Petr\u00f3polis: Coral alem\u00e3o se apresenta com Canarinhos - Not\u00edcias - Franciscanos\",\"isPartOf\":{\"@id\":\"https:\/\/franciscanos.org.br\/noticias\/#website\"},\"primaryImageOfPage\":{\"@id\":\"https:\/\/franciscanos.org.br\/noticias\/coral-alemao-se-apresenta-com-canarinhos-em-petropolis.html#primaryimage\"},\"datePublished\":\"2017-07-12T11:19:22+00:00\",\"dateModified\":\"2021-07-05T23:04:23+00:00\",\"author\":{\"@id\":\"https:\/\/franciscanos.org.br\/noticias\/#\/schema\/person\/b38fbf43118f02820bd932f2e4b14ad3\"},\"breadcrumb\":{\"@id\":\"https:\/\/franciscanos.org.br\/noticias\/coral-alemao-se-apresenta-com-canarinhos-em-petropolis.html#breadcrumb\"},\"inLanguage\":\"pt-BR\",\"potentialAction\":[{\"@type\":\"ReadAction\",\"target\":[\"https:\/\/franciscanos.org.br\/noticias\/coral-alemao-se-apresenta-com-canarinhos-em-petropolis.html\"]}]},{\"@type\":\"BreadcrumbList\",\"@id\":\"https:\/\/franciscanos.org.br\/noticias\/coral-alemao-se-apresenta-com-canarinhos-em-petropolis.html#breadcrumb\",\"itemListElement\":[{\"@type\":\"ListItem\",\"position\":1,\"name\":\"Home\",\"item\":\"https:\/\/franciscanos.org.br\/noticias\"},{\"@type\":\"ListItem\",\"position\":2,\"name\":\"Petr\u00f3polis: Coral alem\u00e3o se apresenta com Canarinhos\"}]},{\"@type\":\"Person\",\"@id\":\"https:\/\/franciscanos.org.br\/noticias\/#\/schema\/person\/b38fbf43118f02820bd932f2e4b14ad3\",\"name\":\"admin\",\"image\":{\"@type\":\"ImageObject\",\"inLanguage\":\"pt-BR\",\"@id\":\"https:\/\/franciscanos.org.br\/noticias\/#\/schema\/person\/image\/\",\"url\":\"https:\/\/secure.gravatar.com\/avatar\/e8495742d34d0ba6448ea1c628263b3e?s=96&d=mm&r=g\",\"contentUrl\":\"https:\/\/secure.gravatar.com\/avatar\/e8495742d34d0ba6448ea1c628263b3e?s=96&d=mm&r=g\",\"caption\":\"admin\"},\"url\":\"https:\/\/franciscanos.org.br\/noticias\/author\/admin\"}]}<\/script>\n<!-- \/ Yoast SEO plugin. -->","yoast_head_json":{"title":"Petr\u00f3polis: Coral alem\u00e3o se apresenta com Canarinhos - Not\u00edcias - Franciscanos","robots":{"index":"index","follow":"follow","max-snippet":"max-snippet:-1","max-image-preview":"max-image-preview:large","max-video-preview":"max-video-preview:-1"},"canonical":"https:\/\/franciscanos.org.br\/noticias\/coral-alemao-se-apresenta-com-canarinhos-em-petropolis.html","og_locale":"pt_BR","og_type":"article","og_title":"Petr\u00f3polis: Coral alem\u00e3o se apresenta com Canarinhos - Not\u00edcias - Franciscanos","og_description":"Canarinhos","og_url":"https:\/\/franciscanos.org.br\/noticias\/coral-alemao-se-apresenta-com-canarinhos-em-petropolis.html","og_site_name":"Not\u00edcias - Franciscanos","article_published_time":"2017-07-12T11:19:22+00:00","article_modified_time":"2021-07-05T23:04:23+00:00","og_image":[{"width":273,"height":182,"url":"https:\/\/franciscanos.org.br\/noticias\/wp-content\/uploads\/2017\/07\/canarinhos_120717.jpg","type":"image\/jpeg"}],"author":"admin","twitter_card":"summary_large_image","twitter_misc":{"Escrito por":"admin","Est. tempo de leitura":"1 minuto"},"schema":{"@context":"https:\/\/schema.org","@graph":[{"@type":"WebSite","@id":"https:\/\/franciscanos.org.br\/noticias\/#website","url":"https:\/\/franciscanos.org.br\/noticias\/","name":"Not\u00edcias - Franciscanos","description":"Prov\u00edncia Franciscana da Imaculada Concei\u00e7\u00e3o do Brasil - Ordem dos Frades Menores - OFM","potentialAction":[{"@type":"SearchAction","target":{"@type":"EntryPoint","urlTemplate":"https:\/\/franciscanos.org.br\/noticias\/?s={search_term_string}"},"query-input":"required name=search_term_string"}],"inLanguage":"pt-BR"},{"@type":"ImageObject","inLanguage":"pt-BR","@id":"https:\/\/franciscanos.org.br\/noticias\/coral-alemao-se-apresenta-com-canarinhos-em-petropolis.html#primaryimage","url":"https:\/\/franciscanos.org.br\/noticias\/wp-content\/uploads\/2017\/07\/canarinhos_120717.jpg","contentUrl":"https:\/\/franciscanos.org.br\/noticias\/wp-content\/uploads\/2017\/07\/canarinhos_120717.jpg","width":273,"height":182},{"@type":"WebPage","@id":"https:\/\/franciscanos.org.br\/noticias\/coral-alemao-se-apresenta-com-canarinhos-em-petropolis.html#webpage","url":"https:\/\/franciscanos.org.br\/noticias\/coral-alemao-se-apresenta-com-canarinhos-em-petropolis.html","name":"Petr\u00f3polis: Coral alem\u00e3o se apresenta com Canarinhos - Not\u00edcias - Franciscanos","isPartOf":{"@id":"https:\/\/franciscanos.org.br\/noticias\/#website"},"primaryImageOfPage":{"@id":"https:\/\/franciscanos.org.br\/noticias\/coral-alemao-se-apresenta-com-canarinhos-em-petropolis.html#primaryimage"},"datePublished":"2017-07-12T11:19:22+00:00","dateModified":"2021-07-05T23:04:23+00:00","author":{"@id":"https:\/\/franciscanos.org.br\/noticias\/#\/schema\/person\/b38fbf43118f02820bd932f2e4b14ad3"},"breadcrumb":{"@id":"https:\/\/franciscanos.org.br\/noticias\/coral-alemao-se-apresenta-com-canarinhos-em-petropolis.html#breadcrumb"},"inLanguage":"pt-BR","potentialAction":[{"@type":"ReadAction","target":["https:\/\/franciscanos.org.br\/noticias\/coral-alemao-se-apresenta-com-canarinhos-em-petropolis.html"]}]},{"@type":"BreadcrumbList","@id":"https:\/\/franciscanos.org.br\/noticias\/coral-alemao-se-apresenta-com-canarinhos-em-petropolis.html#breadcrumb","itemListElement":[{"@type":"ListItem","position":1,"name":"Home","item":"https:\/\/franciscanos.org.br\/noticias"},{"@type":"ListItem","position":2,"name":"Petr\u00f3polis: Coral alem\u00e3o se apresenta com Canarinhos"}]},{"@type":"Person","@id":"https:\/\/franciscanos.org.br\/noticias\/#\/schema\/person\/b38fbf43118f02820bd932f2e4b14ad3","name":"admin","image":{"@type":"ImageObject","inLanguage":"pt-BR","@id":"https:\/\/franciscanos.org.br\/noticias\/#\/schema\/person\/image\/","url":"https:\/\/secure.gravatar.com\/avatar\/e8495742d34d0ba6448ea1c628263b3e?s=96&d=mm&r=g","contentUrl":"https:\/\/secure.gravatar.com\/avatar\/e8495742d34d0ba6448ea1c628263b3e?s=96&d=mm&r=g","caption":"admin"},"url":"https:\/\/franciscanos.org.br\/noticias\/author\/admin"}]}},"_links":{"self":[{"href":"https:\/\/franciscanos.org.br\/noticias\/wp-json\/wp\/v2\/posts\/137639"}],"collection":[{"href":"https:\/\/franciscanos.org.br\/noticias\/wp-json\/wp\/v2\/posts"}],"about":[{"href":"https:\/\/franciscanos.org.br\/noticias\/wp-json\/wp\/v2\/types\/post"}],"author":[{"embeddable":true,"href":"https:\/\/franciscanos.org.br\/noticias\/wp-json\/wp\/v2\/users\/1"}],"replies":[{"embeddable":true,"href":"https:\/\/franciscanos.org.br\/noticias\/wp-json\/wp\/v2\/comments?post=137639"}],"version-history":[{"count":1,"href":"https:\/\/franciscanos.org.br\/noticias\/wp-json\/wp\/v2\/posts\/137639\/revisions"}],"predecessor-version":[{"id":232876,"href":"https:\/\/franciscanos.org.br\/noticias\/wp-json\/wp\/v2\/posts\/137639\/revisions\/232876"}],"wp:featuredmedia":[{"embeddable":true,"href":"https:\/\/franciscanos.org.br\/noticias\/wp-json\/wp\/v2\/media\/201089"}],"wp:attachment":[{"href":"https:\/\/franciscanos.org.br\/noticias\/wp-json\/wp\/v2\/media?parent=137639"}],"wp:term":[{"taxonomy":"category","embeddable":true,"href":"https:\/\/franciscanos.org.br\/noticias\/wp-json\/wp\/v2\/categories?post=137639"},{"taxonomy":"post_tag","embeddable":true,"href":"https:\/\/franciscanos.org.br\/noticias\/wp-json\/wp\/v2\/tags?post=137639"}],"curies":[{"name":"wp","href":"https:\/\/api.w.org\/{rel}","templated":true}]}}