{"id":137633,"date":"2017-07-12T08:06:46","date_gmt":"2017-07-12T11:06:46","guid":{"rendered":"http:\/\/franciscanos.org.br\/?p=137633"},"modified":"2021-07-05T19:50:48","modified_gmt":"2021-07-05T22:50:48","slug":"ex-jogador-do-manchester-united-e-ordenado-padre","status":"publish","type":"post","link":"https:\/\/franciscanos.org.br\/noticias\/ex-jogador-do-manchester-united-e-ordenado-padre.html","title":{"rendered":"Ex-jogador do Manchester United \u00e9 ordenado padre"},"content":{"rendered":"<p><img loading=\"lazy\" src=\"http:\/\/franciscanos.org.br\/wp-content\/uploads\/2017\/07\/jogador_120717.jpg\" alt=\"jogador_120717\" width=\"830\" height=\"512\" \/><\/p>\n<p>N\u00e3o faz muito tempo, a vida de Philip Mulryne era completamente diferente. Em vez da batina, seu uniforme de trabalho era composto de short, camisa, mei\u00e3o e chuteiras. Seu templo, o est\u00e1dio de Old Trafford, pertencente ao poderoso Manchester United, um dos clubes de futebol mais ricos do mundo. Em vez de colegas praticamente an\u00f4nimos, o norte-irland\u00eas esbarrava nos corredores em David Beckham.\u00a0O ex-jogador de futebol, por\u00e9m, hoje n\u00e3o poderia estar em um mundo mais diferente que o dos tempos em que chegou a ter um sal\u00e1rio anual de cerca de US$ 700 mil (o equivalente a quase R$ 2,3 milh\u00f5es) e namorou a modelo inglesa Nicola Chapman.<\/p>\n<p>O hoje frade atuou em 27 partidas pela sele\u00e7\u00e3o da Irlanda do Norte. Desde o \u00faltimo s\u00e1bado, ele \u00e9 conhecido como Frei Mulryne, depois de ter sido ordenado como mais novo representante dos Dominicanos, a Ordem de S\u00e3o Domingos, onde professou os votos de pobreza, obedi\u00eancia e castidade.<\/p>\n<p>Nascido em Belfast, Mulryne jogou 27 vezes pela sele\u00e7\u00e3o da Irlanda do Norte. Apesar do in\u00edcio promissor em Manchester, ele passou a maior parte de sua carreira no Norwich City, um clube oscilando entre a primeira e segunda divis\u00f5es.<br \/>\nEle ficou mais famoso pelo epis\u00f3dio em que foi cortado da sele\u00e7\u00e3o norte-irlandesa \u00e0s v\u00e9speras de uma partida contra a Inglaterra pelas eliminat\u00f3rias da Copa do Mundo de 2006, depois de fugir do hotel para passar a noite bebendo em um bar de Belfast. Ficou fora do grupo que obteve uma hist\u00f3rica e in\u00e9dita vit\u00f3ria.<\/p>\n<p>Mulryne se aposentou em 2009 e quase imediatamente come\u00e7ou sua carreira religiosa, ao entrar para um semin\u00e1rio da capital norte-irlandesa. Ele tamb\u00e9m cursou Filosofia na Queens University antes de, em 2012, juntar-se aos dominicanos. Philip Mulryne foi ordenado pelo arcebispo Di Noia, e na semana passada, Frei Mulryne celebrou sua primeira missa na Igreja de Santo Oliv\u00e9rio Plunkett, em Belfast &#8211; curiosamente, pr\u00f3xima ao est\u00e1dio de Windsor Park, a &#8220;casa&#8221; da sele\u00e7\u00e3o de futebol.<\/p>\n<p>&#8220;Este \u00e9 um novo cap\u00edtulo da minha vida&#8221;, declarou ele. \u00a0A sua ordena\u00e7\u00e3o contou com uma presen\u00e7a ilustre: o arcebispo americano D. Joseph Augustine Di Noia, integrante de Ordem Dominicana e um nome proeminente no Vaticano, que viajou especialmente a Dublin para coordenar a celebra\u00e7\u00e3o.<\/p>\n","protected":false},"excerpt":{"rendered":"<p>Vida religiosa<\/p>\n","protected":false},"author":1,"featured_media":201083,"comment_status":"open","ping_status":"open","sticky":false,"template":"","format":"standard","meta":[],"categories":[1],"tags":[157,1408],"acf":[],"yoast_head":"<!-- This site is optimized with the Yoast SEO plugin v19.2 - https:\/\/yoast.com\/wordpress\/plugins\/seo\/ -->\n<title>Ex-jogador do Manchester United \u00e9 ordenado padre - Not\u00edcias - Franciscanos<\/title>\n<meta name=\"robots\" content=\"index, follow, max-snippet:-1, max-image-preview:large, max-video-preview:-1\" \/>\n<link rel=\"canonical\" href=\"https:\/\/franciscanos.org.br\/noticias\/ex-jogador-do-manchester-united-e-ordenado-padre.html\" \/>\n<meta property=\"og:locale\" content=\"pt_BR\" \/>\n<meta property=\"og:type\" content=\"article\" \/>\n<meta property=\"og:title\" content=\"Ex-jogador do Manchester United \u00e9 ordenado padre - Not\u00edcias - Franciscanos\" \/>\n<meta property=\"og:description\" content=\"Vida religiosa\" \/>\n<meta property=\"og:url\" content=\"https:\/\/franciscanos.org.br\/noticias\/ex-jogador-do-manchester-united-e-ordenado-padre.html\" \/>\n<meta property=\"og:site_name\" content=\"Not\u00edcias - Franciscanos\" \/>\n<meta property=\"article:published_time\" content=\"2017-07-12T11:06:46+00:00\" \/>\n<meta property=\"article:modified_time\" content=\"2021-07-05T22:50:48+00:00\" \/>\n<meta property=\"og:image\" content=\"https:\/\/franciscanos.org.br\/noticias\/wp-content\/uploads\/2017\/07\/jogador_120717.jpg\" \/>\n\t<meta property=\"og:image:width\" content=\"273\" \/>\n\t<meta property=\"og:image:height\" content=\"181\" \/>\n\t<meta property=\"og:image:type\" content=\"image\/jpeg\" \/>\n<meta name=\"author\" content=\"admin\" \/>\n<meta name=\"twitter:card\" content=\"summary_large_image\" \/>\n<meta name=\"twitter:label1\" content=\"Escrito por\" \/>\n\t<meta name=\"twitter:data1\" content=\"admin\" \/>\n\t<meta name=\"twitter:label2\" content=\"Est. tempo de leitura\" \/>\n\t<meta name=\"twitter:data2\" content=\"2 minutos\" \/>\n<script type=\"application\/ld+json\" class=\"yoast-schema-graph\">{\"@context\":\"https:\/\/schema.org\",\"@graph\":[{\"@type\":\"WebSite\",\"@id\":\"https:\/\/franciscanos.org.br\/noticias\/#website\",\"url\":\"https:\/\/franciscanos.org.br\/noticias\/\",\"name\":\"Not\u00edcias - Franciscanos\",\"description\":\"Prov\u00edncia Franciscana da Imaculada Concei\u00e7\u00e3o do Brasil - Ordem dos Frades Menores - OFM\",\"potentialAction\":[{\"@type\":\"SearchAction\",\"target\":{\"@type\":\"EntryPoint\",\"urlTemplate\":\"https:\/\/franciscanos.org.br\/noticias\/?s={search_term_string}\"},\"query-input\":\"required name=search_term_string\"}],\"inLanguage\":\"pt-BR\"},{\"@type\":\"ImageObject\",\"inLanguage\":\"pt-BR\",\"@id\":\"https:\/\/franciscanos.org.br\/noticias\/ex-jogador-do-manchester-united-e-ordenado-padre.html#primaryimage\",\"url\":\"https:\/\/franciscanos.org.br\/noticias\/wp-content\/uploads\/2017\/07\/jogador_120717.jpg\",\"contentUrl\":\"https:\/\/franciscanos.org.br\/noticias\/wp-content\/uploads\/2017\/07\/jogador_120717.jpg\",\"width\":273,\"height\":181},{\"@type\":\"WebPage\",\"@id\":\"https:\/\/franciscanos.org.br\/noticias\/ex-jogador-do-manchester-united-e-ordenado-padre.html#webpage\",\"url\":\"https:\/\/franciscanos.org.br\/noticias\/ex-jogador-do-manchester-united-e-ordenado-padre.html\",\"name\":\"Ex-jogador do Manchester United \u00e9 ordenado padre - Not\u00edcias - Franciscanos\",\"isPartOf\":{\"@id\":\"https:\/\/franciscanos.org.br\/noticias\/#website\"},\"primaryImageOfPage\":{\"@id\":\"https:\/\/franciscanos.org.br\/noticias\/ex-jogador-do-manchester-united-e-ordenado-padre.html#primaryimage\"},\"datePublished\":\"2017-07-12T11:06:46+00:00\",\"dateModified\":\"2021-07-05T22:50:48+00:00\",\"author\":{\"@id\":\"https:\/\/franciscanos.org.br\/noticias\/#\/schema\/person\/b38fbf43118f02820bd932f2e4b14ad3\"},\"breadcrumb\":{\"@id\":\"https:\/\/franciscanos.org.br\/noticias\/ex-jogador-do-manchester-united-e-ordenado-padre.html#breadcrumb\"},\"inLanguage\":\"pt-BR\",\"potentialAction\":[{\"@type\":\"ReadAction\",\"target\":[\"https:\/\/franciscanos.org.br\/noticias\/ex-jogador-do-manchester-united-e-ordenado-padre.html\"]}]},{\"@type\":\"BreadcrumbList\",\"@id\":\"https:\/\/franciscanos.org.br\/noticias\/ex-jogador-do-manchester-united-e-ordenado-padre.html#breadcrumb\",\"itemListElement\":[{\"@type\":\"ListItem\",\"position\":1,\"name\":\"Home\",\"item\":\"https:\/\/franciscanos.org.br\/noticias\"},{\"@type\":\"ListItem\",\"position\":2,\"name\":\"Ex-jogador do Manchester United \u00e9 ordenado padre\"}]},{\"@type\":\"Person\",\"@id\":\"https:\/\/franciscanos.org.br\/noticias\/#\/schema\/person\/b38fbf43118f02820bd932f2e4b14ad3\",\"name\":\"admin\",\"image\":{\"@type\":\"ImageObject\",\"inLanguage\":\"pt-BR\",\"@id\":\"https:\/\/franciscanos.org.br\/noticias\/#\/schema\/person\/image\/\",\"url\":\"https:\/\/secure.gravatar.com\/avatar\/e8495742d34d0ba6448ea1c628263b3e?s=96&d=mm&r=g\",\"contentUrl\":\"https:\/\/secure.gravatar.com\/avatar\/e8495742d34d0ba6448ea1c628263b3e?s=96&d=mm&r=g\",\"caption\":\"admin\"},\"url\":\"https:\/\/franciscanos.org.br\/noticias\/author\/admin\"}]}<\/script>\n<!-- \/ Yoast SEO plugin. -->","yoast_head_json":{"title":"Ex-jogador do Manchester United \u00e9 ordenado padre - Not\u00edcias - Franciscanos","robots":{"index":"index","follow":"follow","max-snippet":"max-snippet:-1","max-image-preview":"max-image-preview:large","max-video-preview":"max-video-preview:-1"},"canonical":"https:\/\/franciscanos.org.br\/noticias\/ex-jogador-do-manchester-united-e-ordenado-padre.html","og_locale":"pt_BR","og_type":"article","og_title":"Ex-jogador do Manchester United \u00e9 ordenado padre - Not\u00edcias - Franciscanos","og_description":"Vida religiosa","og_url":"https:\/\/franciscanos.org.br\/noticias\/ex-jogador-do-manchester-united-e-ordenado-padre.html","og_site_name":"Not\u00edcias - Franciscanos","article_published_time":"2017-07-12T11:06:46+00:00","article_modified_time":"2021-07-05T22:50:48+00:00","og_image":[{"width":273,"height":181,"url":"https:\/\/franciscanos.org.br\/noticias\/wp-content\/uploads\/2017\/07\/jogador_120717.jpg","type":"image\/jpeg"}],"author":"admin","twitter_card":"summary_large_image","twitter_misc":{"Escrito por":"admin","Est. tempo de leitura":"2 minutos"},"schema":{"@context":"https:\/\/schema.org","@graph":[{"@type":"WebSite","@id":"https:\/\/franciscanos.org.br\/noticias\/#website","url":"https:\/\/franciscanos.org.br\/noticias\/","name":"Not\u00edcias - Franciscanos","description":"Prov\u00edncia Franciscana da Imaculada Concei\u00e7\u00e3o do Brasil - Ordem dos Frades Menores - OFM","potentialAction":[{"@type":"SearchAction","target":{"@type":"EntryPoint","urlTemplate":"https:\/\/franciscanos.org.br\/noticias\/?s={search_term_string}"},"query-input":"required name=search_term_string"}],"inLanguage":"pt-BR"},{"@type":"ImageObject","inLanguage":"pt-BR","@id":"https:\/\/franciscanos.org.br\/noticias\/ex-jogador-do-manchester-united-e-ordenado-padre.html#primaryimage","url":"https:\/\/franciscanos.org.br\/noticias\/wp-content\/uploads\/2017\/07\/jogador_120717.jpg","contentUrl":"https:\/\/franciscanos.org.br\/noticias\/wp-content\/uploads\/2017\/07\/jogador_120717.jpg","width":273,"height":181},{"@type":"WebPage","@id":"https:\/\/franciscanos.org.br\/noticias\/ex-jogador-do-manchester-united-e-ordenado-padre.html#webpage","url":"https:\/\/franciscanos.org.br\/noticias\/ex-jogador-do-manchester-united-e-ordenado-padre.html","name":"Ex-jogador do Manchester United \u00e9 ordenado padre - Not\u00edcias - Franciscanos","isPartOf":{"@id":"https:\/\/franciscanos.org.br\/noticias\/#website"},"primaryImageOfPage":{"@id":"https:\/\/franciscanos.org.br\/noticias\/ex-jogador-do-manchester-united-e-ordenado-padre.html#primaryimage"},"datePublished":"2017-07-12T11:06:46+00:00","dateModified":"2021-07-05T22:50:48+00:00","author":{"@id":"https:\/\/franciscanos.org.br\/noticias\/#\/schema\/person\/b38fbf43118f02820bd932f2e4b14ad3"},"breadcrumb":{"@id":"https:\/\/franciscanos.org.br\/noticias\/ex-jogador-do-manchester-united-e-ordenado-padre.html#breadcrumb"},"inLanguage":"pt-BR","potentialAction":[{"@type":"ReadAction","target":["https:\/\/franciscanos.org.br\/noticias\/ex-jogador-do-manchester-united-e-ordenado-padre.html"]}]},{"@type":"BreadcrumbList","@id":"https:\/\/franciscanos.org.br\/noticias\/ex-jogador-do-manchester-united-e-ordenado-padre.html#breadcrumb","itemListElement":[{"@type":"ListItem","position":1,"name":"Home","item":"https:\/\/franciscanos.org.br\/noticias"},{"@type":"ListItem","position":2,"name":"Ex-jogador do Manchester United \u00e9 ordenado padre"}]},{"@type":"Person","@id":"https:\/\/franciscanos.org.br\/noticias\/#\/schema\/person\/b38fbf43118f02820bd932f2e4b14ad3","name":"admin","image":{"@type":"ImageObject","inLanguage":"pt-BR","@id":"https:\/\/franciscanos.org.br\/noticias\/#\/schema\/person\/image\/","url":"https:\/\/secure.gravatar.com\/avatar\/e8495742d34d0ba6448ea1c628263b3e?s=96&d=mm&r=g","contentUrl":"https:\/\/secure.gravatar.com\/avatar\/e8495742d34d0ba6448ea1c628263b3e?s=96&d=mm&r=g","caption":"admin"},"url":"https:\/\/franciscanos.org.br\/noticias\/author\/admin"}]}},"_links":{"self":[{"href":"https:\/\/franciscanos.org.br\/noticias\/wp-json\/wp\/v2\/posts\/137633"}],"collection":[{"href":"https:\/\/franciscanos.org.br\/noticias\/wp-json\/wp\/v2\/posts"}],"about":[{"href":"https:\/\/franciscanos.org.br\/noticias\/wp-json\/wp\/v2\/types\/post"}],"author":[{"embeddable":true,"href":"https:\/\/franciscanos.org.br\/noticias\/wp-json\/wp\/v2\/users\/1"}],"replies":[{"embeddable":true,"href":"https:\/\/franciscanos.org.br\/noticias\/wp-json\/wp\/v2\/comments?post=137633"}],"version-history":[{"count":1,"href":"https:\/\/franciscanos.org.br\/noticias\/wp-json\/wp\/v2\/posts\/137633\/revisions"}],"predecessor-version":[{"id":232859,"href":"https:\/\/franciscanos.org.br\/noticias\/wp-json\/wp\/v2\/posts\/137633\/revisions\/232859"}],"wp:featuredmedia":[{"embeddable":true,"href":"https:\/\/franciscanos.org.br\/noticias\/wp-json\/wp\/v2\/media\/201083"}],"wp:attachment":[{"href":"https:\/\/franciscanos.org.br\/noticias\/wp-json\/wp\/v2\/media?parent=137633"}],"wp:term":[{"taxonomy":"category","embeddable":true,"href":"https:\/\/franciscanos.org.br\/noticias\/wp-json\/wp\/v2\/categories?post=137633"},{"taxonomy":"post_tag","embeddable":true,"href":"https:\/\/franciscanos.org.br\/noticias\/wp-json\/wp\/v2\/tags?post=137633"}],"curies":[{"name":"wp","href":"https:\/\/api.w.org\/{rel}","templated":true}]}}