{"id":137554,"date":"2017-07-09T08:34:22","date_gmt":"2017-07-09T11:34:22","guid":{"rendered":"http:\/\/franciscanos.org.br\/?p=137554"},"modified":"2020-06-08T18:59:40","modified_gmt":"2020-06-08T21:59:40","slug":"angelus-jesus-nao-tira-os-fardos-da-vida-mas-a-angustia-do-coracao","status":"publish","type":"post","link":"https:\/\/franciscanos.org.br\/noticias\/angelus-jesus-nao-tira-os-fardos-da-vida-mas-a-angustia-do-coracao.html","title":{"rendered":"Papa Francisco no Angelus: &#8220;Jesus n\u00e3o tira os fardos da vida, mas a ang\u00fastia do cora\u00e7\u00e3o&#8221;"},"content":{"rendered":"<p><img loading=\"lazy\" src=\"http:\/\/franciscanos.org.br\/wp-content\/uploads\/2017\/07\/papa_090717.jpg\" alt=\"papa_090717\" width=\"830\" height=\"349\" \/><\/p>\n<p>Cidade do Vaticano \u2013 Jesus n\u00e3o tira os fardos de nossa vida, mas a ang\u00fastia de nosso cora\u00e7\u00e3o: foi o que disse o Papa neste quente domingo de julho (09\/07), ao rezar o Angelus com os fi\u00e9is na Pra\u00e7a S\u00e3o Pedro. Na alocu\u00e7\u00e3o que precede a ora\u00e7\u00e3o mariana, Francisco comentou o Evangelho do dia, em que Jesus diz: \u201cVinde a mim todos v\u00f3s que estais cansados e fatigados, e eu vos darei descanso\u201d (Mt 11,28).<\/p>\n<p>\u201cJesus sabe quanto a vida pode ser dura: desilus\u00f5es e feridas do passado, fardos a carregar e incertezas e preocupa\u00e7\u00f5es pelo futuro\u201d, disse o Papa, acrescentando que diante disto, a primeira palavra de Jesus \u00e9 um convite a se mexer e a reagir: \u201cVinde\u201d.<\/p>\n<p><strong>Areias movedi\u00e7a<\/strong>s<br \/>\n\u201cO erro, quando as coisas n\u00e3o v\u00e3o bem, \u00e9 permanecer onde se est\u00e1. Parece evidente, mas quanto \u00e9 dif\u00edcil reagir e abrir-se!\u201d, afirmou Francisco. Jesus, disse ele, quer nos tirar das \u201careias movedi\u00e7as\u201d de ficar fechado em si mesmo, remoendo quanto a vida \u00e9 injusta, quanto os outros s\u00e3o ingratos e como o mundo \u00e9 malvado.<\/p>\n<p>\u201cO caminho para sair est\u00e1 na rela\u00e7\u00e3o, em estender a m\u00e3o e em levantar o olhar para quem realmente nos ama\u201d, afirmou o Pont\u00edfice. Todavia, advertiu, sair de si n\u00e3o basta, \u00e9 preciso saber para onde ir, porque muitas metas s\u00e3o ilus\u00f3rias, s\u00e3o \u201cfogos de artif\u00edcio\u201d.<\/p>\n<p><strong>Cristo caminha conosco<\/strong><br \/>\nPor isso, Jesus indica onde ir: \u201cVinde a mim\u201d. \u00c9 sempre v\u00e1lido buscar um amigo ou um especialista quando estamos com um problema, mas n\u00e3o se deve esquecer Jesus.<br \/>\n\u201cN\u00e3o nos esque\u00e7amos de nos abrir a Ele e de contar-lhe a nossa vida, confiar-lhe as pessoas e as situa\u00e7\u00f5es. Ele nos espera, n\u00e3o para resolver magicamente nossos problemas, mas para nos fortalecer neles. Jesus n\u00e3o tira os fardos da vida, mas a ang\u00fastia do cora\u00e7\u00e3o; n\u00e3o nos tira a cruz, mas a carrega conosco.\u201d<\/p>\n<p><strong>Com Jesus, a paz<\/strong><br \/>\nE com Ele, disse ainda o Papa, todo fardo se torna leve, porque Ele \u00e9 o descanso que buscamos. E concluiu: \u201cQuando Jesus entra na vida, chega a paz, aquela que permanece inclusive nas prova\u00e7\u00f5es. Vamos at\u00e9 Jesus, dediquemos o nosso tempo, vamos encontra-lo diariamente na ora\u00e7\u00e3o, num di\u00e1logo confiante e pessoal; vamos nos familiarizar com a sua Palavra, redescobrir sem medo o seu perd\u00e3o, matar a nossa fome com seu P\u00e3o de vida: nos sentiremos amados e consolados por Ele.\u201d<\/p>\n<p><strong>Fi\u00e9is polonses<\/strong><br \/>\nAo final do Angelus, Francisco saudou os grupos na Pra\u00e7a e os parabenizou pela &#8220;coragem&#8221; de estarem ali n\u00e3o obstante o calor. De modo especial, dirigiu uma sauda\u00e7\u00e3o aos poloneses da fam\u00edlia da R\u00e1dio Maria que realizam uma peregrin\u00e7\u00e3o aos santu\u00e1rio de Cazestochowa, rezando com os fi\u00e9is uma Ave-Maria para acompanh\u00e1-los nesta peregrina\u00e7\u00e3o.<\/p>\n<p><strong>Desabamento em N\u00e1poles<\/strong><br \/>\nNeste domingo, Francisco manifestou seu pesar pelo desabamento de um pr\u00e9dio na regi\u00e3o de N\u00e1poles, que matou oito pessoas, inclusive duas crian\u00e7as. Em telegrama, o Pont\u00edfice garante sua ora\u00e7\u00e3o pelos mortos e consola\u00e7\u00e3o aos familiares e feridos.<\/p>\n<hr \/>\n<p><em>Fonte: R\u00e1dio Vaticano<\/em><\/p>\n","protected":false},"excerpt":{"rendered":"<p>Angelus<\/p>\n","protected":false},"author":1,"featured_media":200985,"comment_status":"open","ping_status":"open","sticky":false,"template":"","format":"standard","meta":[],"categories":[1428],"tags":[403],"acf":[],"yoast_head":"<!-- This site is optimized with the Yoast SEO plugin v19.2 - https:\/\/yoast.com\/wordpress\/plugins\/seo\/ -->\n<title>Papa Francisco no Angelus: &quot;Jesus n\u00e3o tira os fardos da vida, mas a ang\u00fastia do cora\u00e7\u00e3o&quot; - Not\u00edcias - Franciscanos<\/title>\n<meta name=\"robots\" content=\"index, follow, max-snippet:-1, max-image-preview:large, max-video-preview:-1\" \/>\n<link rel=\"canonical\" href=\"https:\/\/franciscanos.org.br\/noticias\/angelus-jesus-nao-tira-os-fardos-da-vida-mas-a-angustia-do-coracao.html\" \/>\n<meta property=\"og:locale\" content=\"pt_BR\" \/>\n<meta property=\"og:type\" content=\"article\" \/>\n<meta property=\"og:title\" content=\"Papa Francisco no Angelus: &quot;Jesus n\u00e3o tira os fardos da vida, mas a ang\u00fastia do cora\u00e7\u00e3o&quot; - Not\u00edcias - Franciscanos\" \/>\n<meta property=\"og:description\" content=\"Angelus\" \/>\n<meta property=\"og:url\" content=\"https:\/\/franciscanos.org.br\/noticias\/angelus-jesus-nao-tira-os-fardos-da-vida-mas-a-angustia-do-coracao.html\" \/>\n<meta property=\"og:site_name\" content=\"Not\u00edcias - Franciscanos\" \/>\n<meta property=\"article:published_time\" content=\"2017-07-09T11:34:22+00:00\" \/>\n<meta property=\"article:modified_time\" content=\"2020-06-08T21:59:40+00:00\" \/>\n<meta property=\"og:image\" content=\"https:\/\/franciscanos.org.br\/noticias\/wp-content\/uploads\/2019\/03\/angelus_030319_4.jpg\" \/>\n\t<meta property=\"og:image:width\" content=\"273\" \/>\n\t<meta property=\"og:image:height\" content=\"181\" \/>\n\t<meta property=\"og:image:type\" content=\"image\/jpeg\" \/>\n<meta name=\"author\" content=\"admin\" \/>\n<meta name=\"twitter:card\" content=\"summary_large_image\" \/>\n<meta name=\"twitter:label1\" content=\"Escrito por\" \/>\n\t<meta name=\"twitter:data1\" content=\"admin\" \/>\n\t<meta name=\"twitter:label2\" content=\"Est. tempo de leitura\" \/>\n\t<meta name=\"twitter:data2\" content=\"3 minutos\" \/>\n<script type=\"application\/ld+json\" class=\"yoast-schema-graph\">{\"@context\":\"https:\/\/schema.org\",\"@graph\":[{\"@type\":\"WebSite\",\"@id\":\"https:\/\/franciscanos.org.br\/noticias\/#website\",\"url\":\"https:\/\/franciscanos.org.br\/noticias\/\",\"name\":\"Not\u00edcias - Franciscanos\",\"description\":\"Prov\u00edncia Franciscana da Imaculada Concei\u00e7\u00e3o do Brasil - Ordem dos Frades Menores - OFM\",\"potentialAction\":[{\"@type\":\"SearchAction\",\"target\":{\"@type\":\"EntryPoint\",\"urlTemplate\":\"https:\/\/franciscanos.org.br\/noticias\/?s={search_term_string}\"},\"query-input\":\"required name=search_term_string\"}],\"inLanguage\":\"pt-BR\"},{\"@type\":\"ImageObject\",\"inLanguage\":\"pt-BR\",\"@id\":\"https:\/\/franciscanos.org.br\/noticias\/angelus-jesus-nao-tira-os-fardos-da-vida-mas-a-angustia-do-coracao.html#primaryimage\",\"url\":\"https:\/\/franciscanos.org.br\/noticias\/wp-content\/uploads\/2019\/03\/angelus_030319_4.jpg\",\"contentUrl\":\"https:\/\/franciscanos.org.br\/noticias\/wp-content\/uploads\/2019\/03\/angelus_030319_4.jpg\",\"width\":273,\"height\":181},{\"@type\":\"WebPage\",\"@id\":\"https:\/\/franciscanos.org.br\/noticias\/angelus-jesus-nao-tira-os-fardos-da-vida-mas-a-angustia-do-coracao.html#webpage\",\"url\":\"https:\/\/franciscanos.org.br\/noticias\/angelus-jesus-nao-tira-os-fardos-da-vida-mas-a-angustia-do-coracao.html\",\"name\":\"Papa Francisco no Angelus: \\\"Jesus n\u00e3o tira os fardos da vida, mas a ang\u00fastia do cora\u00e7\u00e3o\\\" - Not\u00edcias - Franciscanos\",\"isPartOf\":{\"@id\":\"https:\/\/franciscanos.org.br\/noticias\/#website\"},\"primaryImageOfPage\":{\"@id\":\"https:\/\/franciscanos.org.br\/noticias\/angelus-jesus-nao-tira-os-fardos-da-vida-mas-a-angustia-do-coracao.html#primaryimage\"},\"datePublished\":\"2017-07-09T11:34:22+00:00\",\"dateModified\":\"2020-06-08T21:59:40+00:00\",\"author\":{\"@id\":\"https:\/\/franciscanos.org.br\/noticias\/#\/schema\/person\/b38fbf43118f02820bd932f2e4b14ad3\"},\"breadcrumb\":{\"@id\":\"https:\/\/franciscanos.org.br\/noticias\/angelus-jesus-nao-tira-os-fardos-da-vida-mas-a-angustia-do-coracao.html#breadcrumb\"},\"inLanguage\":\"pt-BR\",\"potentialAction\":[{\"@type\":\"ReadAction\",\"target\":[\"https:\/\/franciscanos.org.br\/noticias\/angelus-jesus-nao-tira-os-fardos-da-vida-mas-a-angustia-do-coracao.html\"]}]},{\"@type\":\"BreadcrumbList\",\"@id\":\"https:\/\/franciscanos.org.br\/noticias\/angelus-jesus-nao-tira-os-fardos-da-vida-mas-a-angustia-do-coracao.html#breadcrumb\",\"itemListElement\":[{\"@type\":\"ListItem\",\"position\":1,\"name\":\"Home\",\"item\":\"https:\/\/franciscanos.org.br\/noticias\"},{\"@type\":\"ListItem\",\"position\":2,\"name\":\"Papa Francisco no Angelus: &#8220;Jesus n\u00e3o tira os fardos da vida, mas a ang\u00fastia do cora\u00e7\u00e3o&#8221;\"}]},{\"@type\":\"Person\",\"@id\":\"https:\/\/franciscanos.org.br\/noticias\/#\/schema\/person\/b38fbf43118f02820bd932f2e4b14ad3\",\"name\":\"admin\",\"image\":{\"@type\":\"ImageObject\",\"inLanguage\":\"pt-BR\",\"@id\":\"https:\/\/franciscanos.org.br\/noticias\/#\/schema\/person\/image\/\",\"url\":\"https:\/\/secure.gravatar.com\/avatar\/e8495742d34d0ba6448ea1c628263b3e?s=96&d=mm&r=g\",\"contentUrl\":\"https:\/\/secure.gravatar.com\/avatar\/e8495742d34d0ba6448ea1c628263b3e?s=96&d=mm&r=g\",\"caption\":\"admin\"},\"url\":\"https:\/\/franciscanos.org.br\/noticias\/author\/admin\"}]}<\/script>\n<!-- \/ Yoast SEO plugin. -->","yoast_head_json":{"title":"Papa Francisco no Angelus: \"Jesus n\u00e3o tira os fardos da vida, mas a ang\u00fastia do cora\u00e7\u00e3o\" - Not\u00edcias - Franciscanos","robots":{"index":"index","follow":"follow","max-snippet":"max-snippet:-1","max-image-preview":"max-image-preview:large","max-video-preview":"max-video-preview:-1"},"canonical":"https:\/\/franciscanos.org.br\/noticias\/angelus-jesus-nao-tira-os-fardos-da-vida-mas-a-angustia-do-coracao.html","og_locale":"pt_BR","og_type":"article","og_title":"Papa Francisco no Angelus: \"Jesus n\u00e3o tira os fardos da vida, mas a ang\u00fastia do cora\u00e7\u00e3o\" - Not\u00edcias - Franciscanos","og_description":"Angelus","og_url":"https:\/\/franciscanos.org.br\/noticias\/angelus-jesus-nao-tira-os-fardos-da-vida-mas-a-angustia-do-coracao.html","og_site_name":"Not\u00edcias - Franciscanos","article_published_time":"2017-07-09T11:34:22+00:00","article_modified_time":"2020-06-08T21:59:40+00:00","og_image":[{"width":273,"height":181,"url":"https:\/\/franciscanos.org.br\/noticias\/wp-content\/uploads\/2019\/03\/angelus_030319_4.jpg","type":"image\/jpeg"}],"author":"admin","twitter_card":"summary_large_image","twitter_misc":{"Escrito por":"admin","Est. tempo de leitura":"3 minutos"},"schema":{"@context":"https:\/\/schema.org","@graph":[{"@type":"WebSite","@id":"https:\/\/franciscanos.org.br\/noticias\/#website","url":"https:\/\/franciscanos.org.br\/noticias\/","name":"Not\u00edcias - Franciscanos","description":"Prov\u00edncia Franciscana da Imaculada Concei\u00e7\u00e3o do Brasil - Ordem dos Frades Menores - OFM","potentialAction":[{"@type":"SearchAction","target":{"@type":"EntryPoint","urlTemplate":"https:\/\/franciscanos.org.br\/noticias\/?s={search_term_string}"},"query-input":"required name=search_term_string"}],"inLanguage":"pt-BR"},{"@type":"ImageObject","inLanguage":"pt-BR","@id":"https:\/\/franciscanos.org.br\/noticias\/angelus-jesus-nao-tira-os-fardos-da-vida-mas-a-angustia-do-coracao.html#primaryimage","url":"https:\/\/franciscanos.org.br\/noticias\/wp-content\/uploads\/2019\/03\/angelus_030319_4.jpg","contentUrl":"https:\/\/franciscanos.org.br\/noticias\/wp-content\/uploads\/2019\/03\/angelus_030319_4.jpg","width":273,"height":181},{"@type":"WebPage","@id":"https:\/\/franciscanos.org.br\/noticias\/angelus-jesus-nao-tira-os-fardos-da-vida-mas-a-angustia-do-coracao.html#webpage","url":"https:\/\/franciscanos.org.br\/noticias\/angelus-jesus-nao-tira-os-fardos-da-vida-mas-a-angustia-do-coracao.html","name":"Papa Francisco no Angelus: \"Jesus n\u00e3o tira os fardos da vida, mas a ang\u00fastia do cora\u00e7\u00e3o\" - Not\u00edcias - Franciscanos","isPartOf":{"@id":"https:\/\/franciscanos.org.br\/noticias\/#website"},"primaryImageOfPage":{"@id":"https:\/\/franciscanos.org.br\/noticias\/angelus-jesus-nao-tira-os-fardos-da-vida-mas-a-angustia-do-coracao.html#primaryimage"},"datePublished":"2017-07-09T11:34:22+00:00","dateModified":"2020-06-08T21:59:40+00:00","author":{"@id":"https:\/\/franciscanos.org.br\/noticias\/#\/schema\/person\/b38fbf43118f02820bd932f2e4b14ad3"},"breadcrumb":{"@id":"https:\/\/franciscanos.org.br\/noticias\/angelus-jesus-nao-tira-os-fardos-da-vida-mas-a-angustia-do-coracao.html#breadcrumb"},"inLanguage":"pt-BR","potentialAction":[{"@type":"ReadAction","target":["https:\/\/franciscanos.org.br\/noticias\/angelus-jesus-nao-tira-os-fardos-da-vida-mas-a-angustia-do-coracao.html"]}]},{"@type":"BreadcrumbList","@id":"https:\/\/franciscanos.org.br\/noticias\/angelus-jesus-nao-tira-os-fardos-da-vida-mas-a-angustia-do-coracao.html#breadcrumb","itemListElement":[{"@type":"ListItem","position":1,"name":"Home","item":"https:\/\/franciscanos.org.br\/noticias"},{"@type":"ListItem","position":2,"name":"Papa Francisco no Angelus: &#8220;Jesus n\u00e3o tira os fardos da vida, mas a ang\u00fastia do cora\u00e7\u00e3o&#8221;"}]},{"@type":"Person","@id":"https:\/\/franciscanos.org.br\/noticias\/#\/schema\/person\/b38fbf43118f02820bd932f2e4b14ad3","name":"admin","image":{"@type":"ImageObject","inLanguage":"pt-BR","@id":"https:\/\/franciscanos.org.br\/noticias\/#\/schema\/person\/image\/","url":"https:\/\/secure.gravatar.com\/avatar\/e8495742d34d0ba6448ea1c628263b3e?s=96&d=mm&r=g","contentUrl":"https:\/\/secure.gravatar.com\/avatar\/e8495742d34d0ba6448ea1c628263b3e?s=96&d=mm&r=g","caption":"admin"},"url":"https:\/\/franciscanos.org.br\/noticias\/author\/admin"}]}},"_links":{"self":[{"href":"https:\/\/franciscanos.org.br\/noticias\/wp-json\/wp\/v2\/posts\/137554"}],"collection":[{"href":"https:\/\/franciscanos.org.br\/noticias\/wp-json\/wp\/v2\/posts"}],"about":[{"href":"https:\/\/franciscanos.org.br\/noticias\/wp-json\/wp\/v2\/types\/post"}],"author":[{"embeddable":true,"href":"https:\/\/franciscanos.org.br\/noticias\/wp-json\/wp\/v2\/users\/1"}],"replies":[{"embeddable":true,"href":"https:\/\/franciscanos.org.br\/noticias\/wp-json\/wp\/v2\/comments?post=137554"}],"version-history":[{"count":1,"href":"https:\/\/franciscanos.org.br\/noticias\/wp-json\/wp\/v2\/posts\/137554\/revisions"}],"predecessor-version":[{"id":225297,"href":"https:\/\/franciscanos.org.br\/noticias\/wp-json\/wp\/v2\/posts\/137554\/revisions\/225297"}],"wp:featuredmedia":[{"embeddable":true,"href":"https:\/\/franciscanos.org.br\/noticias\/wp-json\/wp\/v2\/media\/200985"}],"wp:attachment":[{"href":"https:\/\/franciscanos.org.br\/noticias\/wp-json\/wp\/v2\/media?parent=137554"}],"wp:term":[{"taxonomy":"category","embeddable":true,"href":"https:\/\/franciscanos.org.br\/noticias\/wp-json\/wp\/v2\/categories?post=137554"},{"taxonomy":"post_tag","embeddable":true,"href":"https:\/\/franciscanos.org.br\/noticias\/wp-json\/wp\/v2\/tags?post=137554"}],"curies":[{"name":"wp","href":"https:\/\/api.w.org\/{rel}","templated":true}]}}