{"id":137510,"date":"2017-07-07T08:24:36","date_gmt":"2017-07-07T11:24:36","guid":{"rendered":"http:\/\/franciscanos.org.br\/?p=137510"},"modified":"2020-06-08T19:00:38","modified_gmt":"2020-06-08T22:00:38","slug":"papa-todos-temos-diploma-de-pecador","status":"publish","type":"post","link":"https:\/\/franciscanos.org.br\/noticias\/papa-todos-temos-diploma-de-pecador.html","title":{"rendered":"Papa Francisco: &#8220;Todos temos diploma de pecador&#8221;"},"content":{"rendered":"<p><img loading=\"lazy\" src=\"http:\/\/franciscanos.org.br\/wp-content\/uploads\/2017\/07\/papa_070717.jpg\" alt=\"papa_070717\" width=\"820\" height=\"447\" \/><\/p>\n<p><strong>Cidade do Vaticano<\/strong> \u2013 Nesta primeira sexta-feira do m\u00eas, o Papa celebrou uma missa para os oper\u00e1rios do centro industrial do Vaticano, atendendo a um pedido dos pr\u00f3prios trabalhadores. Antes de iniciar, Francisco fez uma ora\u00e7\u00e3o pelo pai do funcion\u00e1rio Sandro, falecido alguns dias atr\u00e1s.<\/p>\n<p>O centro da homilia foi o epis\u00f3dio narrado no Evangelho de Mateus em que se fala dos cobradores de impostos e pecadores: \u201cEles eram considerados os piores, porque cobravam, colocavam no bolso uma parte e mandavam o resto do dinheiro aos romanos: vendiam a liberdade da p\u00e1tria e por isso, eram malvistos, odiados. Eram traidores da p\u00e1tria. Jesus os viu e os chamou. Escolheu um ap\u00f3stolo, o pior, Mateus, e o convidou para o almo\u00e7o. Ele ficou feliz\u201d.<\/p>\n<p>Depois de citar este trecho, o Papa prop\u00f4s uma recorda\u00e7\u00e3o do passado: \u201cAntes, quando me hospedava na Via della Scrofa, (casa para o clero no centro de Roma), eu gostava de ir \u2013 e agora n\u00e3o posso mais \u2013 \u00e0 Igreja de S\u00e3o Lu\u00eds dos Franceses para admirar um quadro do Caravaggio, \u2018A convers\u00e3o de Mateus\u2019: ele grudado no dinheiro e Jesus indicando-o com o dedo. Jesus aponta para ele e convida todos os traidores, publicanos, para o almo\u00e7o. Ao ver isso, os fariseus, que se consideravam \u2018justos\u2019, julgavam todos e diziam: \u201cPor que seu mestre come com eles?\u201d. Jesus diz: \u201cEu n\u00e3o vim para chamar os justos, mas os pecadores\u201d.<\/p>\n<p><strong>Diploma de pecador<\/strong><br \/>\nO Papa comentou: \u201cIsto me consola muito, porque penso que Jesus veio para mim porque somos todos pecadores; todos temos este diploma. Cada um de n\u00f3s sabe bem onde peca mais, onde est\u00e1 a sua fraqueza. Antes de tudo temos que reconhecer isso: nenhum de n\u00f3s que estamos aqui pode dizer \u201cN\u00e3o sou pecador\u201d. Os fariseus diziam assim e Jesus os condena. Eram soberbos, vaidosos, se achavam superiores aos outros. Mas somos todos pecadores: \u00e9 a nossa l\u00e1urea e tamb\u00e9m a possibilidade de atrair Jesus a n\u00f3s. Jesus vem at\u00e9 n\u00f3s, vem a mim porque sou pecador\u201d.<\/p>\n<p>Para isso Ele veio, para os pecadores, n\u00e3o para os justos. Estes n\u00e3o precisam. Jesus disse: \u201cAqueles que t\u00eam sa\u00fade n\u00e3o precisam de m\u00e9dico, mas sim os doentes. Aprendei, pois, o que significa: `Quero miseric\u00f3rdia e n\u00e3o sacrif\u00edcio&#8217;. Eu n\u00e3o vim para chamar os justos, mas os pecadores&#8217;\u201d.<\/p>\n<p>\u201cQuando leio isso \u2013 prosseguiu o Papa \u2013 me sinto chamado por Jesus e todos podemos dizer o mesmo: \u2018Jesus veio para mim, para cada um de n\u00f3s\u2019\u201d.<\/p>\n<p><strong>Ele perdoa sempre<\/strong><br \/>\nEsta \u00e9 a nossa consola\u00e7\u00e3o e nossa confian\u00e7a: que Ele perdoa sempre, cura nossa alma sempre, sempre. \u201cSou fraco, tenho reca\u00eddas&#8230;\u201d: ser\u00e1 Jesus a reerguer-te e a curar-te, sempre. Jesus veio para me dar for\u00e7a, para me fazer feliz, para deixar minha consci\u00eancia tranquila. N\u00e3o tenhamos medo. Nos momentos piores, quando sentimos o peso por alguma coisa que fizemos, escorreg\u00f5es&#8230; Jesus me ama porque sou assim\u201d.<\/p>\n<p><strong>S\u00e3o Jer\u00f4nimo<\/strong><br \/>\nNa conclus\u00e3o, Francisco reevocou uma fase da vida do grande S\u00e3o Jer\u00f4nimo, que tinha um temperamento dif\u00edcil e tentava ser mais delicado, porque era um d\u00e1lmata (nascido na atual Cro\u00e1cia) e os d\u00e1lmatas t\u00eam \u00edndole forte&#8230; Conseguiu dominar o seu car\u00e1ter e oferecia ao Senhor muitas coisas, muito trabalho, e perguntava: \u201cSenhor, o que queres de mim?\u201d. O Senhor respondia: \u201cAinda n\u00e3o me destes tudo\u201d. E ele: \u201cMas Senhor, eu dei isso, isso e aquilo&#8230;\u201d. \u201cO que falta?\u201d. \u201cUma coisa: os teus pecados\u201d.<\/p>\n<p><strong>A beleza do cora\u00e7\u00e3o misericordioso de Jesus<\/strong><br \/>\nE bonito ouvir isso \u2013 concluiu Francisco. \u201cD\u00e1-me teus pecados e tuas fraquezas; eu os curo e tu prossegues\u201d. \u201cPensemos hoje no cora\u00e7\u00e3o de Jesus, para que nos fa\u00e7a entender esta beleza do cora\u00e7\u00e3o misericordioso, que me diz apenas: \u201cD\u00e1-me tuas fraquezas, teus pecados e eu perdoo tudo\u201d. \u201cE que esta alegria seja nossa\u201d.<\/p>\n<hr \/>\n<p><em>Fonte: R\u00e1dio Vaticano<\/em><\/p>\n","protected":false},"excerpt":{"rendered":"<p>Com os oper\u00e1rios<\/p>\n","protected":false},"author":1,"featured_media":201065,"comment_status":"open","ping_status":"open","sticky":false,"template":"","format":"standard","meta":[],"categories":[1428],"tags":[1395,55],"acf":[],"yoast_head":"<!-- This site is optimized with the Yoast SEO plugin v19.2 - https:\/\/yoast.com\/wordpress\/plugins\/seo\/ -->\n<title>Papa Francisco: &quot;Todos temos diploma de pecador&quot; - Not\u00edcias - Franciscanos<\/title>\n<meta name=\"robots\" content=\"index, follow, max-snippet:-1, max-image-preview:large, max-video-preview:-1\" \/>\n<link rel=\"canonical\" href=\"https:\/\/franciscanos.org.br\/noticias\/papa-todos-temos-diploma-de-pecador.html\" \/>\n<meta property=\"og:locale\" content=\"pt_BR\" \/>\n<meta property=\"og:type\" content=\"article\" \/>\n<meta property=\"og:title\" content=\"Papa Francisco: &quot;Todos temos diploma de pecador&quot; - Not\u00edcias - Franciscanos\" \/>\n<meta property=\"og:description\" content=\"Com os oper\u00e1rios\" \/>\n<meta property=\"og:url\" content=\"https:\/\/franciscanos.org.br\/noticias\/papa-todos-temos-diploma-de-pecador.html\" \/>\n<meta property=\"og:site_name\" content=\"Not\u00edcias - Franciscanos\" \/>\n<meta property=\"article:published_time\" content=\"2017-07-07T11:24:36+00:00\" \/>\n<meta property=\"article:modified_time\" content=\"2020-06-08T22:00:38+00:00\" \/>\n<meta property=\"og:image\" content=\"https:\/\/franciscanos.org.br\/noticias\/wp-content\/uploads\/2017\/07\/papa_070717.jpg\" \/>\n\t<meta property=\"og:image:width\" content=\"273\" \/>\n\t<meta property=\"og:image:height\" content=\"181\" \/>\n\t<meta property=\"og:image:type\" content=\"image\/jpeg\" \/>\n<meta name=\"author\" content=\"admin\" \/>\n<meta name=\"twitter:card\" content=\"summary_large_image\" \/>\n<meta name=\"twitter:label1\" content=\"Escrito por\" \/>\n\t<meta name=\"twitter:data1\" content=\"admin\" \/>\n\t<meta name=\"twitter:label2\" content=\"Est. tempo de leitura\" \/>\n\t<meta name=\"twitter:data2\" content=\"3 minutos\" \/>\n<script type=\"application\/ld+json\" class=\"yoast-schema-graph\">{\"@context\":\"https:\/\/schema.org\",\"@graph\":[{\"@type\":\"WebSite\",\"@id\":\"https:\/\/franciscanos.org.br\/noticias\/#website\",\"url\":\"https:\/\/franciscanos.org.br\/noticias\/\",\"name\":\"Not\u00edcias - Franciscanos\",\"description\":\"Prov\u00edncia Franciscana da Imaculada Concei\u00e7\u00e3o do Brasil - Ordem dos Frades Menores - OFM\",\"potentialAction\":[{\"@type\":\"SearchAction\",\"target\":{\"@type\":\"EntryPoint\",\"urlTemplate\":\"https:\/\/franciscanos.org.br\/noticias\/?s={search_term_string}\"},\"query-input\":\"required name=search_term_string\"}],\"inLanguage\":\"pt-BR\"},{\"@type\":\"ImageObject\",\"inLanguage\":\"pt-BR\",\"@id\":\"https:\/\/franciscanos.org.br\/noticias\/papa-todos-temos-diploma-de-pecador.html#primaryimage\",\"url\":\"https:\/\/franciscanos.org.br\/noticias\/wp-content\/uploads\/2017\/07\/papa_070717.jpg\",\"contentUrl\":\"https:\/\/franciscanos.org.br\/noticias\/wp-content\/uploads\/2017\/07\/papa_070717.jpg\",\"width\":273,\"height\":181},{\"@type\":\"WebPage\",\"@id\":\"https:\/\/franciscanos.org.br\/noticias\/papa-todos-temos-diploma-de-pecador.html#webpage\",\"url\":\"https:\/\/franciscanos.org.br\/noticias\/papa-todos-temos-diploma-de-pecador.html\",\"name\":\"Papa Francisco: \\\"Todos temos diploma de pecador\\\" - Not\u00edcias - Franciscanos\",\"isPartOf\":{\"@id\":\"https:\/\/franciscanos.org.br\/noticias\/#website\"},\"primaryImageOfPage\":{\"@id\":\"https:\/\/franciscanos.org.br\/noticias\/papa-todos-temos-diploma-de-pecador.html#primaryimage\"},\"datePublished\":\"2017-07-07T11:24:36+00:00\",\"dateModified\":\"2020-06-08T22:00:38+00:00\",\"author\":{\"@id\":\"https:\/\/franciscanos.org.br\/noticias\/#\/schema\/person\/b38fbf43118f02820bd932f2e4b14ad3\"},\"breadcrumb\":{\"@id\":\"https:\/\/franciscanos.org.br\/noticias\/papa-todos-temos-diploma-de-pecador.html#breadcrumb\"},\"inLanguage\":\"pt-BR\",\"potentialAction\":[{\"@type\":\"ReadAction\",\"target\":[\"https:\/\/franciscanos.org.br\/noticias\/papa-todos-temos-diploma-de-pecador.html\"]}]},{\"@type\":\"BreadcrumbList\",\"@id\":\"https:\/\/franciscanos.org.br\/noticias\/papa-todos-temos-diploma-de-pecador.html#breadcrumb\",\"itemListElement\":[{\"@type\":\"ListItem\",\"position\":1,\"name\":\"Home\",\"item\":\"https:\/\/franciscanos.org.br\/noticias\"},{\"@type\":\"ListItem\",\"position\":2,\"name\":\"Papa Francisco: &#8220;Todos temos diploma de pecador&#8221;\"}]},{\"@type\":\"Person\",\"@id\":\"https:\/\/franciscanos.org.br\/noticias\/#\/schema\/person\/b38fbf43118f02820bd932f2e4b14ad3\",\"name\":\"admin\",\"image\":{\"@type\":\"ImageObject\",\"inLanguage\":\"pt-BR\",\"@id\":\"https:\/\/franciscanos.org.br\/noticias\/#\/schema\/person\/image\/\",\"url\":\"https:\/\/secure.gravatar.com\/avatar\/e8495742d34d0ba6448ea1c628263b3e?s=96&d=mm&r=g\",\"contentUrl\":\"https:\/\/secure.gravatar.com\/avatar\/e8495742d34d0ba6448ea1c628263b3e?s=96&d=mm&r=g\",\"caption\":\"admin\"},\"url\":\"https:\/\/franciscanos.org.br\/noticias\/author\/admin\"}]}<\/script>\n<!-- \/ Yoast SEO plugin. -->","yoast_head_json":{"title":"Papa Francisco: \"Todos temos diploma de pecador\" - Not\u00edcias - Franciscanos","robots":{"index":"index","follow":"follow","max-snippet":"max-snippet:-1","max-image-preview":"max-image-preview:large","max-video-preview":"max-video-preview:-1"},"canonical":"https:\/\/franciscanos.org.br\/noticias\/papa-todos-temos-diploma-de-pecador.html","og_locale":"pt_BR","og_type":"article","og_title":"Papa Francisco: \"Todos temos diploma de pecador\" - Not\u00edcias - Franciscanos","og_description":"Com os oper\u00e1rios","og_url":"https:\/\/franciscanos.org.br\/noticias\/papa-todos-temos-diploma-de-pecador.html","og_site_name":"Not\u00edcias - Franciscanos","article_published_time":"2017-07-07T11:24:36+00:00","article_modified_time":"2020-06-08T22:00:38+00:00","og_image":[{"width":273,"height":181,"url":"https:\/\/franciscanos.org.br\/noticias\/wp-content\/uploads\/2017\/07\/papa_070717.jpg","type":"image\/jpeg"}],"author":"admin","twitter_card":"summary_large_image","twitter_misc":{"Escrito por":"admin","Est. tempo de leitura":"3 minutos"},"schema":{"@context":"https:\/\/schema.org","@graph":[{"@type":"WebSite","@id":"https:\/\/franciscanos.org.br\/noticias\/#website","url":"https:\/\/franciscanos.org.br\/noticias\/","name":"Not\u00edcias - Franciscanos","description":"Prov\u00edncia Franciscana da Imaculada Concei\u00e7\u00e3o do Brasil - Ordem dos Frades Menores - OFM","potentialAction":[{"@type":"SearchAction","target":{"@type":"EntryPoint","urlTemplate":"https:\/\/franciscanos.org.br\/noticias\/?s={search_term_string}"},"query-input":"required name=search_term_string"}],"inLanguage":"pt-BR"},{"@type":"ImageObject","inLanguage":"pt-BR","@id":"https:\/\/franciscanos.org.br\/noticias\/papa-todos-temos-diploma-de-pecador.html#primaryimage","url":"https:\/\/franciscanos.org.br\/noticias\/wp-content\/uploads\/2017\/07\/papa_070717.jpg","contentUrl":"https:\/\/franciscanos.org.br\/noticias\/wp-content\/uploads\/2017\/07\/papa_070717.jpg","width":273,"height":181},{"@type":"WebPage","@id":"https:\/\/franciscanos.org.br\/noticias\/papa-todos-temos-diploma-de-pecador.html#webpage","url":"https:\/\/franciscanos.org.br\/noticias\/papa-todos-temos-diploma-de-pecador.html","name":"Papa Francisco: \"Todos temos diploma de pecador\" - Not\u00edcias - Franciscanos","isPartOf":{"@id":"https:\/\/franciscanos.org.br\/noticias\/#website"},"primaryImageOfPage":{"@id":"https:\/\/franciscanos.org.br\/noticias\/papa-todos-temos-diploma-de-pecador.html#primaryimage"},"datePublished":"2017-07-07T11:24:36+00:00","dateModified":"2020-06-08T22:00:38+00:00","author":{"@id":"https:\/\/franciscanos.org.br\/noticias\/#\/schema\/person\/b38fbf43118f02820bd932f2e4b14ad3"},"breadcrumb":{"@id":"https:\/\/franciscanos.org.br\/noticias\/papa-todos-temos-diploma-de-pecador.html#breadcrumb"},"inLanguage":"pt-BR","potentialAction":[{"@type":"ReadAction","target":["https:\/\/franciscanos.org.br\/noticias\/papa-todos-temos-diploma-de-pecador.html"]}]},{"@type":"BreadcrumbList","@id":"https:\/\/franciscanos.org.br\/noticias\/papa-todos-temos-diploma-de-pecador.html#breadcrumb","itemListElement":[{"@type":"ListItem","position":1,"name":"Home","item":"https:\/\/franciscanos.org.br\/noticias"},{"@type":"ListItem","position":2,"name":"Papa Francisco: &#8220;Todos temos diploma de pecador&#8221;"}]},{"@type":"Person","@id":"https:\/\/franciscanos.org.br\/noticias\/#\/schema\/person\/b38fbf43118f02820bd932f2e4b14ad3","name":"admin","image":{"@type":"ImageObject","inLanguage":"pt-BR","@id":"https:\/\/franciscanos.org.br\/noticias\/#\/schema\/person\/image\/","url":"https:\/\/secure.gravatar.com\/avatar\/e8495742d34d0ba6448ea1c628263b3e?s=96&d=mm&r=g","contentUrl":"https:\/\/secure.gravatar.com\/avatar\/e8495742d34d0ba6448ea1c628263b3e?s=96&d=mm&r=g","caption":"admin"},"url":"https:\/\/franciscanos.org.br\/noticias\/author\/admin"}]}},"_links":{"self":[{"href":"https:\/\/franciscanos.org.br\/noticias\/wp-json\/wp\/v2\/posts\/137510"}],"collection":[{"href":"https:\/\/franciscanos.org.br\/noticias\/wp-json\/wp\/v2\/posts"}],"about":[{"href":"https:\/\/franciscanos.org.br\/noticias\/wp-json\/wp\/v2\/types\/post"}],"author":[{"embeddable":true,"href":"https:\/\/franciscanos.org.br\/noticias\/wp-json\/wp\/v2\/users\/1"}],"replies":[{"embeddable":true,"href":"https:\/\/franciscanos.org.br\/noticias\/wp-json\/wp\/v2\/comments?post=137510"}],"version-history":[{"count":1,"href":"https:\/\/franciscanos.org.br\/noticias\/wp-json\/wp\/v2\/posts\/137510\/revisions"}],"predecessor-version":[{"id":225298,"href":"https:\/\/franciscanos.org.br\/noticias\/wp-json\/wp\/v2\/posts\/137510\/revisions\/225298"}],"wp:featuredmedia":[{"embeddable":true,"href":"https:\/\/franciscanos.org.br\/noticias\/wp-json\/wp\/v2\/media\/201065"}],"wp:attachment":[{"href":"https:\/\/franciscanos.org.br\/noticias\/wp-json\/wp\/v2\/media?parent=137510"}],"wp:term":[{"taxonomy":"category","embeddable":true,"href":"https:\/\/franciscanos.org.br\/noticias\/wp-json\/wp\/v2\/categories?post=137510"},{"taxonomy":"post_tag","embeddable":true,"href":"https:\/\/franciscanos.org.br\/noticias\/wp-json\/wp\/v2\/tags?post=137510"}],"curies":[{"name":"wp","href":"https:\/\/api.w.org\/{rel}","templated":true}]}}