{"id":137474,"date":"2017-07-06T08:57:54","date_gmt":"2017-07-06T11:57:54","guid":{"rendered":"http:\/\/franciscanos.org.br\/?p=137474"},"modified":"2020-09-03T14:52:29","modified_gmt":"2020-09-03T17:52:29","slug":"nao-tirar-das-criancas-e-jovens-a-capacidade-de-sonhar","status":"publish","type":"post","link":"https:\/\/franciscanos.org.br\/noticias\/nao-tirar-das-criancas-e-jovens-a-capacidade-de-sonhar.html","title":{"rendered":"N\u00e3o tirar das crian\u00e7as a capacidade de sonhar"},"content":{"rendered":"<p><img loading=\"lazy\" src=\"http:\/\/franciscanos.org.br\/wp-content\/uploads\/2017\/07\/escola_060717.jpg\" alt=\"escola_060717\" width=\"820\" height=\"455\" \/><\/p>\n<p><strong>Cidade do Vaticano<\/strong> \u2013 Quanta necessidade da \u201ccultura do encontro\u201d tem o mundo de hoje, que \u00e0s vezes constr\u00f3i muros, transformando a realidade em um pesadelo ainda pior: \u201cviver como inimigos\u201d. Assim se expressa o Papa Francisco na v\u00eddeo-mensagem em espanhol, apresentada na tarde de quarta-feira na conclus\u00e3o do encontro \u201cEntre a Universidade e a escola, construindo a paz com a cultura do encontro\u201d, realizado na Universidade Hebraica de Jerusal\u00e9m, numa promo\u00e7\u00e3o da Funda\u00e7\u00e3o pontif\u00edcia \u2018Scholas Ocurrentes\u2019.<\/p>\n<p>\u201cQuero celebrar estes dias vividos a\u00ed em Jerusal\u00e9m, porque voc\u00eas mesmos, a partir das vossas diferen\u00e7as, viveram a unidade\u201d, disse o Papa na mensagem. Ningu\u00e9m ensinou isto a voc\u00eas. Voc\u00eas viveram isto. Voc\u00eas se esfor\u00e7aram para se olharem nos olhos, voc\u00eas se esfor\u00e7aram para ter um olhar transparente e isto \u00e9 imprescind\u00edvel para que ocorra um encontro.<\/p>\n<p><img loading=\"lazy\" src=\"http:\/\/franciscanos.org.br\/wp-content\/uploads\/2017\/07\/escola_060717_1.jpg\" alt=\"escola_060717_1\" width=\"820\" height=\"547\" \/><\/p>\n<p><strong>Experi\u00eancia concreta<\/strong><br \/>\nAssim, em suas palavras, Francisco sublinha a import\u00e2ncia da experi\u00eancia concreta: \u201cNa transpar\u00eancia do olhar n\u00e3o existem respostas, h\u00e1 abertura\u201d a \u201ctudo aquilo que eu n\u00e3o sou\u201d, assim, uma vez abertos aos outros, realiza-se o encontro e a este encontro se d\u00e1 um sentido.<\/p>\n<p>\u201cTodos temos um sentido na vida\u201d, afirma. \u201cNenhum de n\u00f3s \u00e9 um &#8216;n\u00e3o&#8217;. Todos somos &#8216;sim&#8217;. Por isto, quando encontramos o sentido, \u00e9 como se a alma se engrandecesse.Temos portanto necessidade da festa como express\u00e3o humana de uma celebra\u00e7\u00e3o do sentido&#8221;, prossegue o Papa na mensagem. \u201cAssim encontramos o sentido mais profundo que se pode ter\u201d: um sentimento que existe entre n\u00f3s, \u201cpara tudo e apesar de tudo\u201d. E \u201ceste sentimento \u00e9 a gratid\u00e3o\u201d, enfatiza.<\/p>\n<p>N\u00e3o tirar das crian\u00e7as e jovens a capacidade de sonhar<br \/>\nAs \u201cScholas, portanto, intuem que se trata de educar e ser livres de preconceitos que levantam barreiras, para poder sonhar e \u201cencontrar novos caminhos\u201d. \u201cN\u00f3s adultos\u201d \u2013 prossegue \u2013 n\u00e3o podemos tirar das crian\u00e7as e dos jovens a capacidade de sonhar, nem de brincar.<\/p>\n<p>Neste contexto, o encontro da Scholas ensinou que \u00e9 preciso \u201cgerar um contexto de esperan\u00e7a para que aqueles sonhos cres\u00e7am e sejam compartilhados\u201d. \u201cUm sonho, quando \u00e9 partilhado, torna-se utopia de um povo, a possibilidade de criar um novo modo de viver\u201d, sublinha Francisco.<\/p>\n<p><img loading=\"lazy\" src=\"http:\/\/franciscanos.org.br\/wp-content\/uploads\/2017\/07\/escola_060717_3.jpg\" alt=\"escola_060717_3\" width=\"830\" height=\"268\" \/><\/p>\n<p><strong>Educar para a cultura do encontro<\/strong><br \/>\n\u201cA nossa utopia, aquela de todos n\u00f3s que, de uma maneira ou outra formamos as Scholas, \u00e9 criar com esta educa\u00e7\u00e3o uma cultura do encontro\u201d. Assim, se pode valorizar a diversidade de culturas para alcan\u00e7ar n\u00e3o a uniformidade, mas a harmonia.\u201c\u00c9 disto que tem necessidade este mundo t\u00e3o \u2018atomizado\u2019!\u201d, exclama o Papa. \u201cEste mundo que tem medo do diferente, que a partir deste temor \u00e0s vezes constr\u00f3i muros que acabam por transformar em realidade o pesadelo pior, ou seja, viver como inimigos\u201d. E como este mundo tem necessidade de sair e encontrar-se!<\/p>\n<p>E o Papa conclui com um agradecimento a todos aqueles que tomaram parte neste encontro em Jerusal\u00e9m por terem se comprometido em sonhar, em buscar o sentido, em colocar a mente, as m\u00e3os e o cora\u00e7\u00e3o para transformar em realidade a cultura do encontro.<\/p>\n<p><iframe loading=\"lazy\" title=\"2017.07.06 Videomensaje del Santo Padre para el  Congreso de Scholas\" width=\"500\" height=\"281\" src=\"https:\/\/www.youtube.com\/embed\/18PinHS7ndc?feature=oembed\" frameborder=\"0\" allow=\"accelerometer; autoplay; encrypted-media; gyroscope; picture-in-picture\" allowfullscreen><\/iframe><\/p>\n<p><strong>Plantio de oliveira<\/strong><br \/>\nEste evento, marcado pelo di\u00e1logo entre cristianismo, juda\u00edsmo e islamismo, foi caracterizado por muitos gestos simb\u00f3licos: o \u00faltimo, que concluiu o evento, foi o plantio de uma oliveira como s\u00edmbolo do encontro entre as religi\u00f5es.<\/p>\n<p>Este terceiro congresso \u201cCattedre Scholas\u201d reuniu nos dias 2 a 3 de julho 70 jovens israelenses, palestinos e de outros pa\u00edses, ao lado de acad\u00eamicos de 41 universidades.<br \/>\nPresentes, entre outros, o Secret\u00e1rio da Congrega\u00e7\u00e3o para a Educa\u00e7\u00e3o cat\u00f3lica, Dom Antonio Vincenzo Zai, o Reitor da Universidade Judaica de Jerusal\u00e9m, Prof. Menahem Bem Sasson e o Presidente Mundial da Scholas Occurrentes, Jos\u00e9 Maria del Corral.<\/p>\n<p><img loading=\"lazy\" src=\"http:\/\/franciscanos.org.br\/wp-content\/uploads\/2017\/07\/escola_060717_5.jpg\" alt=\"escola_060717_5\" width=\"830\" height=\"553\" \/><\/p>\n<p><strong>O PROJETO<\/strong><\/p>\n<p>Scholas Ocurrentes \u00e9 um projeto impulsionado pelo Papa Francisco desde que era Arcebispo de Buenos Aires, para enfrentar o efeito da crise social que afetava os jovens. No projeto, jovens provenientes de escolas p\u00fablicas e privadas, de distintas Confiss\u00f5es religiosas e estratos sociais, \u201csaem das salas de aula\u201d para utilizar seu tempo baseado em tr\u00eas pilares: tecnologia, arte e esporte.<\/p>\n<p>Scholas Ocurrentes est\u00e1 presente em 190 pa\u00edses, com a ades\u00e3o de mais de 430 mil escolas, universidades e redes educativas, p\u00fablicas, privadas, crist\u00e3s, judaicas e mu\u00e7ulmanas.<\/p>\n<p><img loading=\"lazy\" src=\"http:\/\/franciscanos.org.br\/wp-content\/uploads\/2017\/07\/escola_060717_4.jpg\" alt=\"escola_060717_4\" width=\"830\" height=\"529\" \/><\/p>\n","protected":false},"excerpt":{"rendered":"<p>Papa Francisco<\/p>\n","protected":false},"author":1,"featured_media":201058,"comment_status":"open","ping_status":"open","sticky":false,"template":"","format":"standard","meta":[],"categories":[1428],"tags":[1395],"acf":[],"yoast_head":"<!-- This site is optimized with the Yoast SEO plugin v19.2 - https:\/\/yoast.com\/wordpress\/plugins\/seo\/ -->\n<title>N\u00e3o tirar das crian\u00e7as a capacidade de sonhar - Not\u00edcias - Franciscanos<\/title>\n<meta name=\"robots\" content=\"index, follow, max-snippet:-1, max-image-preview:large, max-video-preview:-1\" \/>\n<link rel=\"canonical\" href=\"https:\/\/franciscanos.org.br\/noticias\/nao-tirar-das-criancas-e-jovens-a-capacidade-de-sonhar.html\" \/>\n<meta property=\"og:locale\" content=\"pt_BR\" \/>\n<meta property=\"og:type\" content=\"article\" \/>\n<meta property=\"og:title\" content=\"N\u00e3o tirar das crian\u00e7as a capacidade de sonhar - Not\u00edcias - Franciscanos\" \/>\n<meta property=\"og:description\" content=\"Papa Francisco\" \/>\n<meta property=\"og:url\" content=\"https:\/\/franciscanos.org.br\/noticias\/nao-tirar-das-criancas-e-jovens-a-capacidade-de-sonhar.html\" \/>\n<meta property=\"og:site_name\" content=\"Not\u00edcias - Franciscanos\" \/>\n<meta property=\"article:published_time\" content=\"2017-07-06T11:57:54+00:00\" \/>\n<meta property=\"article:modified_time\" content=\"2020-09-03T17:52:29+00:00\" \/>\n<meta property=\"og:image\" content=\"https:\/\/franciscanos.org.br\/noticias\/wp-content\/uploads\/2017\/07\/escola_060717.jpg\" \/>\n\t<meta property=\"og:image:width\" content=\"273\" \/>\n\t<meta property=\"og:image:height\" content=\"181\" \/>\n\t<meta property=\"og:image:type\" content=\"image\/jpeg\" \/>\n<meta name=\"author\" content=\"admin\" \/>\n<meta name=\"twitter:card\" content=\"summary_large_image\" \/>\n<meta name=\"twitter:label1\" content=\"Escrito por\" \/>\n\t<meta name=\"twitter:data1\" content=\"admin\" \/>\n\t<meta name=\"twitter:label2\" content=\"Est. tempo de leitura\" \/>\n\t<meta name=\"twitter:data2\" content=\"4 minutos\" \/>\n<script type=\"application\/ld+json\" class=\"yoast-schema-graph\">{\"@context\":\"https:\/\/schema.org\",\"@graph\":[{\"@type\":\"WebSite\",\"@id\":\"https:\/\/franciscanos.org.br\/noticias\/#website\",\"url\":\"https:\/\/franciscanos.org.br\/noticias\/\",\"name\":\"Not\u00edcias - Franciscanos\",\"description\":\"Prov\u00edncia Franciscana da Imaculada Concei\u00e7\u00e3o do Brasil - Ordem dos Frades Menores - OFM\",\"potentialAction\":[{\"@type\":\"SearchAction\",\"target\":{\"@type\":\"EntryPoint\",\"urlTemplate\":\"https:\/\/franciscanos.org.br\/noticias\/?s={search_term_string}\"},\"query-input\":\"required name=search_term_string\"}],\"inLanguage\":\"pt-BR\"},{\"@type\":\"ImageObject\",\"inLanguage\":\"pt-BR\",\"@id\":\"https:\/\/franciscanos.org.br\/noticias\/nao-tirar-das-criancas-e-jovens-a-capacidade-de-sonhar.html#primaryimage\",\"url\":\"https:\/\/franciscanos.org.br\/noticias\/wp-content\/uploads\/2017\/07\/escola_060717.jpg\",\"contentUrl\":\"https:\/\/franciscanos.org.br\/noticias\/wp-content\/uploads\/2017\/07\/escola_060717.jpg\",\"width\":273,\"height\":181},{\"@type\":\"WebPage\",\"@id\":\"https:\/\/franciscanos.org.br\/noticias\/nao-tirar-das-criancas-e-jovens-a-capacidade-de-sonhar.html#webpage\",\"url\":\"https:\/\/franciscanos.org.br\/noticias\/nao-tirar-das-criancas-e-jovens-a-capacidade-de-sonhar.html\",\"name\":\"N\u00e3o tirar das crian\u00e7as a capacidade de sonhar - Not\u00edcias - Franciscanos\",\"isPartOf\":{\"@id\":\"https:\/\/franciscanos.org.br\/noticias\/#website\"},\"primaryImageOfPage\":{\"@id\":\"https:\/\/franciscanos.org.br\/noticias\/nao-tirar-das-criancas-e-jovens-a-capacidade-de-sonhar.html#primaryimage\"},\"datePublished\":\"2017-07-06T11:57:54+00:00\",\"dateModified\":\"2020-09-03T17:52:29+00:00\",\"author\":{\"@id\":\"https:\/\/franciscanos.org.br\/noticias\/#\/schema\/person\/b38fbf43118f02820bd932f2e4b14ad3\"},\"breadcrumb\":{\"@id\":\"https:\/\/franciscanos.org.br\/noticias\/nao-tirar-das-criancas-e-jovens-a-capacidade-de-sonhar.html#breadcrumb\"},\"inLanguage\":\"pt-BR\",\"potentialAction\":[{\"@type\":\"ReadAction\",\"target\":[\"https:\/\/franciscanos.org.br\/noticias\/nao-tirar-das-criancas-e-jovens-a-capacidade-de-sonhar.html\"]}]},{\"@type\":\"BreadcrumbList\",\"@id\":\"https:\/\/franciscanos.org.br\/noticias\/nao-tirar-das-criancas-e-jovens-a-capacidade-de-sonhar.html#breadcrumb\",\"itemListElement\":[{\"@type\":\"ListItem\",\"position\":1,\"name\":\"Home\",\"item\":\"https:\/\/franciscanos.org.br\/noticias\"},{\"@type\":\"ListItem\",\"position\":2,\"name\":\"N\u00e3o tirar das crian\u00e7as a capacidade de sonhar\"}]},{\"@type\":\"Person\",\"@id\":\"https:\/\/franciscanos.org.br\/noticias\/#\/schema\/person\/b38fbf43118f02820bd932f2e4b14ad3\",\"name\":\"admin\",\"image\":{\"@type\":\"ImageObject\",\"inLanguage\":\"pt-BR\",\"@id\":\"https:\/\/franciscanos.org.br\/noticias\/#\/schema\/person\/image\/\",\"url\":\"https:\/\/secure.gravatar.com\/avatar\/e8495742d34d0ba6448ea1c628263b3e?s=96&d=mm&r=g\",\"contentUrl\":\"https:\/\/secure.gravatar.com\/avatar\/e8495742d34d0ba6448ea1c628263b3e?s=96&d=mm&r=g\",\"caption\":\"admin\"},\"url\":\"https:\/\/franciscanos.org.br\/noticias\/author\/admin\"}]}<\/script>\n<!-- \/ Yoast SEO plugin. -->","yoast_head_json":{"title":"N\u00e3o tirar das crian\u00e7as a capacidade de sonhar - Not\u00edcias - Franciscanos","robots":{"index":"index","follow":"follow","max-snippet":"max-snippet:-1","max-image-preview":"max-image-preview:large","max-video-preview":"max-video-preview:-1"},"canonical":"https:\/\/franciscanos.org.br\/noticias\/nao-tirar-das-criancas-e-jovens-a-capacidade-de-sonhar.html","og_locale":"pt_BR","og_type":"article","og_title":"N\u00e3o tirar das crian\u00e7as a capacidade de sonhar - Not\u00edcias - Franciscanos","og_description":"Papa Francisco","og_url":"https:\/\/franciscanos.org.br\/noticias\/nao-tirar-das-criancas-e-jovens-a-capacidade-de-sonhar.html","og_site_name":"Not\u00edcias - Franciscanos","article_published_time":"2017-07-06T11:57:54+00:00","article_modified_time":"2020-09-03T17:52:29+00:00","og_image":[{"width":273,"height":181,"url":"https:\/\/franciscanos.org.br\/noticias\/wp-content\/uploads\/2017\/07\/escola_060717.jpg","type":"image\/jpeg"}],"author":"admin","twitter_card":"summary_large_image","twitter_misc":{"Escrito por":"admin","Est. tempo de leitura":"4 minutos"},"schema":{"@context":"https:\/\/schema.org","@graph":[{"@type":"WebSite","@id":"https:\/\/franciscanos.org.br\/noticias\/#website","url":"https:\/\/franciscanos.org.br\/noticias\/","name":"Not\u00edcias - Franciscanos","description":"Prov\u00edncia Franciscana da Imaculada Concei\u00e7\u00e3o do Brasil - Ordem dos Frades Menores - OFM","potentialAction":[{"@type":"SearchAction","target":{"@type":"EntryPoint","urlTemplate":"https:\/\/franciscanos.org.br\/noticias\/?s={search_term_string}"},"query-input":"required name=search_term_string"}],"inLanguage":"pt-BR"},{"@type":"ImageObject","inLanguage":"pt-BR","@id":"https:\/\/franciscanos.org.br\/noticias\/nao-tirar-das-criancas-e-jovens-a-capacidade-de-sonhar.html#primaryimage","url":"https:\/\/franciscanos.org.br\/noticias\/wp-content\/uploads\/2017\/07\/escola_060717.jpg","contentUrl":"https:\/\/franciscanos.org.br\/noticias\/wp-content\/uploads\/2017\/07\/escola_060717.jpg","width":273,"height":181},{"@type":"WebPage","@id":"https:\/\/franciscanos.org.br\/noticias\/nao-tirar-das-criancas-e-jovens-a-capacidade-de-sonhar.html#webpage","url":"https:\/\/franciscanos.org.br\/noticias\/nao-tirar-das-criancas-e-jovens-a-capacidade-de-sonhar.html","name":"N\u00e3o tirar das crian\u00e7as a capacidade de sonhar - Not\u00edcias - Franciscanos","isPartOf":{"@id":"https:\/\/franciscanos.org.br\/noticias\/#website"},"primaryImageOfPage":{"@id":"https:\/\/franciscanos.org.br\/noticias\/nao-tirar-das-criancas-e-jovens-a-capacidade-de-sonhar.html#primaryimage"},"datePublished":"2017-07-06T11:57:54+00:00","dateModified":"2020-09-03T17:52:29+00:00","author":{"@id":"https:\/\/franciscanos.org.br\/noticias\/#\/schema\/person\/b38fbf43118f02820bd932f2e4b14ad3"},"breadcrumb":{"@id":"https:\/\/franciscanos.org.br\/noticias\/nao-tirar-das-criancas-e-jovens-a-capacidade-de-sonhar.html#breadcrumb"},"inLanguage":"pt-BR","potentialAction":[{"@type":"ReadAction","target":["https:\/\/franciscanos.org.br\/noticias\/nao-tirar-das-criancas-e-jovens-a-capacidade-de-sonhar.html"]}]},{"@type":"BreadcrumbList","@id":"https:\/\/franciscanos.org.br\/noticias\/nao-tirar-das-criancas-e-jovens-a-capacidade-de-sonhar.html#breadcrumb","itemListElement":[{"@type":"ListItem","position":1,"name":"Home","item":"https:\/\/franciscanos.org.br\/noticias"},{"@type":"ListItem","position":2,"name":"N\u00e3o tirar das crian\u00e7as a capacidade de sonhar"}]},{"@type":"Person","@id":"https:\/\/franciscanos.org.br\/noticias\/#\/schema\/person\/b38fbf43118f02820bd932f2e4b14ad3","name":"admin","image":{"@type":"ImageObject","inLanguage":"pt-BR","@id":"https:\/\/franciscanos.org.br\/noticias\/#\/schema\/person\/image\/","url":"https:\/\/secure.gravatar.com\/avatar\/e8495742d34d0ba6448ea1c628263b3e?s=96&d=mm&r=g","contentUrl":"https:\/\/secure.gravatar.com\/avatar\/e8495742d34d0ba6448ea1c628263b3e?s=96&d=mm&r=g","caption":"admin"},"url":"https:\/\/franciscanos.org.br\/noticias\/author\/admin"}]}},"_links":{"self":[{"href":"https:\/\/franciscanos.org.br\/noticias\/wp-json\/wp\/v2\/posts\/137474"}],"collection":[{"href":"https:\/\/franciscanos.org.br\/noticias\/wp-json\/wp\/v2\/posts"}],"about":[{"href":"https:\/\/franciscanos.org.br\/noticias\/wp-json\/wp\/v2\/types\/post"}],"author":[{"embeddable":true,"href":"https:\/\/franciscanos.org.br\/noticias\/wp-json\/wp\/v2\/users\/1"}],"replies":[{"embeddable":true,"href":"https:\/\/franciscanos.org.br\/noticias\/wp-json\/wp\/v2\/comments?post=137474"}],"version-history":[{"count":1,"href":"https:\/\/franciscanos.org.br\/noticias\/wp-json\/wp\/v2\/posts\/137474\/revisions"}],"predecessor-version":[{"id":228165,"href":"https:\/\/franciscanos.org.br\/noticias\/wp-json\/wp\/v2\/posts\/137474\/revisions\/228165"}],"wp:featuredmedia":[{"embeddable":true,"href":"https:\/\/franciscanos.org.br\/noticias\/wp-json\/wp\/v2\/media\/201058"}],"wp:attachment":[{"href":"https:\/\/franciscanos.org.br\/noticias\/wp-json\/wp\/v2\/media?parent=137474"}],"wp:term":[{"taxonomy":"category","embeddable":true,"href":"https:\/\/franciscanos.org.br\/noticias\/wp-json\/wp\/v2\/categories?post=137474"},{"taxonomy":"post_tag","embeddable":true,"href":"https:\/\/franciscanos.org.br\/noticias\/wp-json\/wp\/v2\/tags?post=137474"}],"curies":[{"name":"wp","href":"https:\/\/api.w.org\/{rel}","templated":true}]}}