{"id":137387,"date":"2017-07-04T14:56:41","date_gmt":"2017-07-04T17:56:41","guid":{"rendered":"http:\/\/franciscanos.org.br\/?p=137387"},"modified":"2019-09-11T13:35:54","modified_gmt":"2019-09-11T16:35:54","slug":"divulgado-o-hino-oficial-da-jornada-mundial-da-juventude","status":"publish","type":"post","link":"https:\/\/franciscanos.org.br\/noticias\/divulgado-o-hino-oficial-da-jornada-mundial-da-juventude.html","title":{"rendered":"Divulgado o hino oficial da Jornada Mundial da Juventude"},"content":{"rendered":"<p><strong><img loading=\"lazy\" class=\"alignright size-full wp-image-137394\" src=\"http:\/\/franciscanos.org.br\/wp-content\/uploads\/2017\/07\/jmj2_040717-e1499191865734.jpg\" alt=\"jmj2_040717\" width=\"450\" height=\"354\" \/>Cidade do Panam\u00e1<\/strong> \u00a0\u2013 \u201cEis-me aqui, sou a serva do Senhor: fa\u00e7a-se em mim segundo a tua palavra\u201d: este vers\u00edculo do Evangelho de Lucas (1,38) \u00e9 o refr\u00e3o do hino oficial da 34\u00aa Jornada Mundial da Juventude, programada no Panam\u00e1 em 2019.<br \/>\nA m\u00fasica foi apresentada no dia 3 de julho, na capital do pa\u00eds, na presen\u00e7a de milhares de jovens, leigos e religiosos.<br \/>\n<strong>Um chamado \u00e0 miss\u00e3o<\/strong><br \/>\n\u201cEste hino \u2013 explicou o Arcebispo de Cidade do Panam\u00e1, Dom Jos\u00e9 Domingo Ulloa Mendieta \u2013 expressa a miss\u00e3o \u00e0 qual somos chamados como disc\u00edpulos e mission\u00e1rios, a exemplo de Maria\u201d. \u201cEstamos entusiasmados de coloc\u00e1-lo \u00e0 disposi\u00e7\u00e3o dos jovens de todo o mundo, para que, cantando, se preparem com alegria e predisposi\u00e7\u00e3o para se deixar transformar por Deus\u201d.<br \/>\n<strong>O autor<\/strong><br \/>\nO hino foi escrito e composto por Abdiel Jim\u00e9nez, catequista e salmista da Par\u00f3quia de Cristo Ressuscitado, em San Miguelito, autor de v\u00e1rios cantos lit\u00fargicos, membro de corais e formado na Faculdade de Ci\u00eancias Religiosas da Universidade cat\u00f3lica de Santa Maria La Antigua.<br \/>\n<strong>A exemplo Maria<\/strong><br \/>\nO texto exorta os jovens a viverem seguindo o exemplo de Maria e venceu em meio a 50 propostas, analisado tamb\u00e9m pelo Dicast\u00e9rio vaticano para os Leigos, a Fam\u00edlia e a Vida.<br \/>\nA JMJ Panam\u00e1 2019 foi anunciada pelo Papa Francisco na conclus\u00e3o da edi\u00e7\u00e3o polonesa, em Crac\u00f3via, em 2016. O evento ser\u00e1 realizado de 22 a 27 de janeiro, sobre o tema \u201cEu sou a serva do Senhor: fa\u00e7a-se em mim segundo a tua palavra\u201d.<br \/>\nOu\u00e7a:<br \/>\n<iframe loading=\"lazy\" src=\"https:\/\/w.soundcloud.com\/player\/?url=https%3A\/\/api.soundcloud.com\/tracks\/331539172&amp;auto_play=false&amp;hide_related=false&amp;show_comments=true&amp;show_user=true&amp;show_reposts=false&amp;visual=true\" width=\"100%\" height=\"450\" frameborder=\"no\" scrolling=\"no\"><\/iframe><\/p>\n","protected":false},"excerpt":{"rendered":"<p>JMJ 2019<\/p>\n","protected":false},"author":1,"featured_media":201048,"comment_status":"open","ping_status":"open","sticky":false,"template":"","format":"standard","meta":[],"categories":[1],"tags":[97],"acf":[],"yoast_head":"<!-- This site is optimized with the Yoast SEO plugin v19.2 - https:\/\/yoast.com\/wordpress\/plugins\/seo\/ -->\n<title>Divulgado o hino oficial da Jornada Mundial da Juventude - Not\u00edcias - Franciscanos<\/title>\n<meta name=\"robots\" content=\"index, follow, max-snippet:-1, max-image-preview:large, max-video-preview:-1\" \/>\n<link rel=\"canonical\" href=\"https:\/\/franciscanos.org.br\/noticias\/divulgado-o-hino-oficial-da-jornada-mundial-da-juventude.html\" \/>\n<meta property=\"og:locale\" content=\"pt_BR\" \/>\n<meta property=\"og:type\" content=\"article\" \/>\n<meta property=\"og:title\" content=\"Divulgado o hino oficial da Jornada Mundial da Juventude - Not\u00edcias - Franciscanos\" \/>\n<meta property=\"og:description\" content=\"JMJ 2019\" \/>\n<meta property=\"og:url\" content=\"https:\/\/franciscanos.org.br\/noticias\/divulgado-o-hino-oficial-da-jornada-mundial-da-juventude.html\" \/>\n<meta property=\"og:site_name\" content=\"Not\u00edcias - Franciscanos\" \/>\n<meta property=\"article:published_time\" content=\"2017-07-04T17:56:41+00:00\" \/>\n<meta property=\"article:modified_time\" content=\"2019-09-11T16:35:54+00:00\" \/>\n<meta property=\"og:image\" content=\"https:\/\/franciscanos.org.br\/noticias\/wp-content\/uploads\/2017\/07\/jmj2_040717-e1499191865734.jpg\" \/>\n\t<meta property=\"og:image:width\" content=\"273\" \/>\n\t<meta property=\"og:image:height\" content=\"181\" \/>\n\t<meta property=\"og:image:type\" content=\"image\/jpeg\" \/>\n<meta name=\"author\" content=\"admin\" \/>\n<meta name=\"twitter:card\" content=\"summary_large_image\" \/>\n<meta name=\"twitter:label1\" content=\"Escrito por\" \/>\n\t<meta name=\"twitter:data1\" content=\"admin\" \/>\n\t<meta name=\"twitter:label2\" content=\"Est. tempo de leitura\" \/>\n\t<meta name=\"twitter:data2\" content=\"1 minuto\" \/>\n<script type=\"application\/ld+json\" class=\"yoast-schema-graph\">{\"@context\":\"https:\/\/schema.org\",\"@graph\":[{\"@type\":\"WebSite\",\"@id\":\"https:\/\/franciscanos.org.br\/noticias\/#website\",\"url\":\"https:\/\/franciscanos.org.br\/noticias\/\",\"name\":\"Not\u00edcias - Franciscanos\",\"description\":\"Prov\u00edncia Franciscana da Imaculada Concei\u00e7\u00e3o do Brasil - Ordem dos Frades Menores - OFM\",\"potentialAction\":[{\"@type\":\"SearchAction\",\"target\":{\"@type\":\"EntryPoint\",\"urlTemplate\":\"https:\/\/franciscanos.org.br\/noticias\/?s={search_term_string}\"},\"query-input\":\"required name=search_term_string\"}],\"inLanguage\":\"pt-BR\"},{\"@type\":\"ImageObject\",\"inLanguage\":\"pt-BR\",\"@id\":\"https:\/\/franciscanos.org.br\/noticias\/divulgado-o-hino-oficial-da-jornada-mundial-da-juventude.html#primaryimage\",\"url\":\"https:\/\/franciscanos.org.br\/noticias\/wp-content\/uploads\/2017\/07\/jmj2_040717-e1499191865734.jpg\",\"contentUrl\":\"https:\/\/franciscanos.org.br\/noticias\/wp-content\/uploads\/2017\/07\/jmj2_040717-e1499191865734.jpg\",\"width\":273,\"height\":181},{\"@type\":\"WebPage\",\"@id\":\"https:\/\/franciscanos.org.br\/noticias\/divulgado-o-hino-oficial-da-jornada-mundial-da-juventude.html#webpage\",\"url\":\"https:\/\/franciscanos.org.br\/noticias\/divulgado-o-hino-oficial-da-jornada-mundial-da-juventude.html\",\"name\":\"Divulgado o hino oficial da Jornada Mundial da Juventude - Not\u00edcias - Franciscanos\",\"isPartOf\":{\"@id\":\"https:\/\/franciscanos.org.br\/noticias\/#website\"},\"primaryImageOfPage\":{\"@id\":\"https:\/\/franciscanos.org.br\/noticias\/divulgado-o-hino-oficial-da-jornada-mundial-da-juventude.html#primaryimage\"},\"datePublished\":\"2017-07-04T17:56:41+00:00\",\"dateModified\":\"2019-09-11T16:35:54+00:00\",\"author\":{\"@id\":\"https:\/\/franciscanos.org.br\/noticias\/#\/schema\/person\/b38fbf43118f02820bd932f2e4b14ad3\"},\"breadcrumb\":{\"@id\":\"https:\/\/franciscanos.org.br\/noticias\/divulgado-o-hino-oficial-da-jornada-mundial-da-juventude.html#breadcrumb\"},\"inLanguage\":\"pt-BR\",\"potentialAction\":[{\"@type\":\"ReadAction\",\"target\":[\"https:\/\/franciscanos.org.br\/noticias\/divulgado-o-hino-oficial-da-jornada-mundial-da-juventude.html\"]}]},{\"@type\":\"BreadcrumbList\",\"@id\":\"https:\/\/franciscanos.org.br\/noticias\/divulgado-o-hino-oficial-da-jornada-mundial-da-juventude.html#breadcrumb\",\"itemListElement\":[{\"@type\":\"ListItem\",\"position\":1,\"name\":\"Home\",\"item\":\"https:\/\/franciscanos.org.br\/noticias\"},{\"@type\":\"ListItem\",\"position\":2,\"name\":\"Divulgado o hino oficial da Jornada Mundial da Juventude\"}]},{\"@type\":\"Person\",\"@id\":\"https:\/\/franciscanos.org.br\/noticias\/#\/schema\/person\/b38fbf43118f02820bd932f2e4b14ad3\",\"name\":\"admin\",\"image\":{\"@type\":\"ImageObject\",\"inLanguage\":\"pt-BR\",\"@id\":\"https:\/\/franciscanos.org.br\/noticias\/#\/schema\/person\/image\/\",\"url\":\"https:\/\/secure.gravatar.com\/avatar\/e8495742d34d0ba6448ea1c628263b3e?s=96&d=mm&r=g\",\"contentUrl\":\"https:\/\/secure.gravatar.com\/avatar\/e8495742d34d0ba6448ea1c628263b3e?s=96&d=mm&r=g\",\"caption\":\"admin\"},\"url\":\"https:\/\/franciscanos.org.br\/noticias\/author\/admin\"}]}<\/script>\n<!-- \/ Yoast SEO plugin. -->","yoast_head_json":{"title":"Divulgado o hino oficial da Jornada Mundial da Juventude - Not\u00edcias - Franciscanos","robots":{"index":"index","follow":"follow","max-snippet":"max-snippet:-1","max-image-preview":"max-image-preview:large","max-video-preview":"max-video-preview:-1"},"canonical":"https:\/\/franciscanos.org.br\/noticias\/divulgado-o-hino-oficial-da-jornada-mundial-da-juventude.html","og_locale":"pt_BR","og_type":"article","og_title":"Divulgado o hino oficial da Jornada Mundial da Juventude - Not\u00edcias - Franciscanos","og_description":"JMJ 2019","og_url":"https:\/\/franciscanos.org.br\/noticias\/divulgado-o-hino-oficial-da-jornada-mundial-da-juventude.html","og_site_name":"Not\u00edcias - Franciscanos","article_published_time":"2017-07-04T17:56:41+00:00","article_modified_time":"2019-09-11T16:35:54+00:00","og_image":[{"width":273,"height":181,"url":"https:\/\/franciscanos.org.br\/noticias\/wp-content\/uploads\/2017\/07\/jmj2_040717-e1499191865734.jpg","type":"image\/jpeg"}],"author":"admin","twitter_card":"summary_large_image","twitter_misc":{"Escrito por":"admin","Est. tempo de leitura":"1 minuto"},"schema":{"@context":"https:\/\/schema.org","@graph":[{"@type":"WebSite","@id":"https:\/\/franciscanos.org.br\/noticias\/#website","url":"https:\/\/franciscanos.org.br\/noticias\/","name":"Not\u00edcias - Franciscanos","description":"Prov\u00edncia Franciscana da Imaculada Concei\u00e7\u00e3o do Brasil - Ordem dos Frades Menores - OFM","potentialAction":[{"@type":"SearchAction","target":{"@type":"EntryPoint","urlTemplate":"https:\/\/franciscanos.org.br\/noticias\/?s={search_term_string}"},"query-input":"required name=search_term_string"}],"inLanguage":"pt-BR"},{"@type":"ImageObject","inLanguage":"pt-BR","@id":"https:\/\/franciscanos.org.br\/noticias\/divulgado-o-hino-oficial-da-jornada-mundial-da-juventude.html#primaryimage","url":"https:\/\/franciscanos.org.br\/noticias\/wp-content\/uploads\/2017\/07\/jmj2_040717-e1499191865734.jpg","contentUrl":"https:\/\/franciscanos.org.br\/noticias\/wp-content\/uploads\/2017\/07\/jmj2_040717-e1499191865734.jpg","width":273,"height":181},{"@type":"WebPage","@id":"https:\/\/franciscanos.org.br\/noticias\/divulgado-o-hino-oficial-da-jornada-mundial-da-juventude.html#webpage","url":"https:\/\/franciscanos.org.br\/noticias\/divulgado-o-hino-oficial-da-jornada-mundial-da-juventude.html","name":"Divulgado o hino oficial da Jornada Mundial da Juventude - Not\u00edcias - Franciscanos","isPartOf":{"@id":"https:\/\/franciscanos.org.br\/noticias\/#website"},"primaryImageOfPage":{"@id":"https:\/\/franciscanos.org.br\/noticias\/divulgado-o-hino-oficial-da-jornada-mundial-da-juventude.html#primaryimage"},"datePublished":"2017-07-04T17:56:41+00:00","dateModified":"2019-09-11T16:35:54+00:00","author":{"@id":"https:\/\/franciscanos.org.br\/noticias\/#\/schema\/person\/b38fbf43118f02820bd932f2e4b14ad3"},"breadcrumb":{"@id":"https:\/\/franciscanos.org.br\/noticias\/divulgado-o-hino-oficial-da-jornada-mundial-da-juventude.html#breadcrumb"},"inLanguage":"pt-BR","potentialAction":[{"@type":"ReadAction","target":["https:\/\/franciscanos.org.br\/noticias\/divulgado-o-hino-oficial-da-jornada-mundial-da-juventude.html"]}]},{"@type":"BreadcrumbList","@id":"https:\/\/franciscanos.org.br\/noticias\/divulgado-o-hino-oficial-da-jornada-mundial-da-juventude.html#breadcrumb","itemListElement":[{"@type":"ListItem","position":1,"name":"Home","item":"https:\/\/franciscanos.org.br\/noticias"},{"@type":"ListItem","position":2,"name":"Divulgado o hino oficial da Jornada Mundial da Juventude"}]},{"@type":"Person","@id":"https:\/\/franciscanos.org.br\/noticias\/#\/schema\/person\/b38fbf43118f02820bd932f2e4b14ad3","name":"admin","image":{"@type":"ImageObject","inLanguage":"pt-BR","@id":"https:\/\/franciscanos.org.br\/noticias\/#\/schema\/person\/image\/","url":"https:\/\/secure.gravatar.com\/avatar\/e8495742d34d0ba6448ea1c628263b3e?s=96&d=mm&r=g","contentUrl":"https:\/\/secure.gravatar.com\/avatar\/e8495742d34d0ba6448ea1c628263b3e?s=96&d=mm&r=g","caption":"admin"},"url":"https:\/\/franciscanos.org.br\/noticias\/author\/admin"}]}},"_links":{"self":[{"href":"https:\/\/franciscanos.org.br\/noticias\/wp-json\/wp\/v2\/posts\/137387"}],"collection":[{"href":"https:\/\/franciscanos.org.br\/noticias\/wp-json\/wp\/v2\/posts"}],"about":[{"href":"https:\/\/franciscanos.org.br\/noticias\/wp-json\/wp\/v2\/types\/post"}],"author":[{"embeddable":true,"href":"https:\/\/franciscanos.org.br\/noticias\/wp-json\/wp\/v2\/users\/1"}],"replies":[{"embeddable":true,"href":"https:\/\/franciscanos.org.br\/noticias\/wp-json\/wp\/v2\/comments?post=137387"}],"version-history":[{"count":0,"href":"https:\/\/franciscanos.org.br\/noticias\/wp-json\/wp\/v2\/posts\/137387\/revisions"}],"wp:featuredmedia":[{"embeddable":true,"href":"https:\/\/franciscanos.org.br\/noticias\/wp-json\/wp\/v2\/media\/201048"}],"wp:attachment":[{"href":"https:\/\/franciscanos.org.br\/noticias\/wp-json\/wp\/v2\/media?parent=137387"}],"wp:term":[{"taxonomy":"category","embeddable":true,"href":"https:\/\/franciscanos.org.br\/noticias\/wp-json\/wp\/v2\/categories?post=137387"},{"taxonomy":"post_tag","embeddable":true,"href":"https:\/\/franciscanos.org.br\/noticias\/wp-json\/wp\/v2\/tags?post=137387"}],"curies":[{"name":"wp","href":"https:\/\/api.w.org\/{rel}","templated":true}]}}