{"id":137349,"date":"2017-07-04T10:00:27","date_gmt":"2017-07-04T13:00:27","guid":{"rendered":"http:\/\/franciscanos.org.br\/?p=137349"},"modified":"2019-02-27T12:57:30","modified_gmt":"2019-02-27T15:57:30","slug":"custodia-celebra-a-profissao-solene-de-tres-frades","status":"publish","type":"post","link":"https:\/\/franciscanos.org.br\/noticias\/custodia-celebra-a-profissao-solene-de-tres-frades.html","title":{"rendered":"Cust\u00f3dia do Sagrado celebra a profiss\u00e3o solene de tr\u00eas frades"},"content":{"rendered":"<p><img loading=\"lazy\" src=\"http:\/\/franciscanos.org.br\/wp-content\/uploads\/2017\/07\/custodia_040717.jpg\" alt=\"custodia_040717\" width=\"830\" height=\"297\" \/><\/p>\n<p>Celebrando 70 anos da chegada dos primeiros frades italianos, a Cust\u00f3dia Franciscana do Sagrado Cora\u00e7\u00e3o de Jesus, com sede em S\u00e3o Jos\u00e9 do Rio Preto (SP), celebrar\u00e1 nesta sexta-feira, 7 de julho, o ingresso definitivo na Ordem dos Frades Menores de tr\u00eas jovens frades: Frei Eduardo Augusto Schiehl, Frei Jos\u00e9 A\u00e9cio de Oliveira Filho e Frei Patrick Roberto de Souza. Eles far\u00e3o a profiss\u00e3o solene nas m\u00e3os do Cust\u00f3dio Frei Flaerdi Silvestre Valvassori durante a Celebra\u00e7\u00e3o Eucar\u00edstica, \u00e0s 19 horas, na Igreja S\u00e3o Judas Tadeu, em Franca (SP).<\/p>\n<p>A profiss\u00e3o solene \u00e9 o \u00faltimo degrau para um frade ingressar definitivamente na vida religiosa e cada um deles se compromete a seguir Jesus Cristo observando os conselhos evang\u00e9licos. Para isso, diante do Cust\u00f3dio, v\u00e3o professar da seguinte forma: \u201cPara louvor e gl\u00f3ria da Sant\u00edssima Trindade, eu, frei\u2026 tendo o Senhor me dado a gra\u00e7a de seguir mais de perto o Evangelho e os passos de Nosso Senhor Jesus Cristo, em tuas m\u00e3os, Frei Flaerdi Silvestre Valvassori, com firme f\u00e9 e vontade, fa\u00e7o voto a Deus, Pai santo e todo-poderoso, de viver por todo o tempo de minha vida, em obedi\u00eancia, sem nada de pr\u00f3prio e em castidade. Ao mesmo tempo, professo a vida e a Regra dos Frades Menores, confirmada pelo Papa Hon\u00f3rio, e prometo observ\u00e1-la fielmente segundo as Constitui\u00e7\u00f5es da Ordem dos Frades Menores. Entrego-me, pois, de todo o cora\u00e7\u00e3o a esta Fraternidade, para que, pela a\u00e7\u00e3o eficaz do Esp\u00edrito Santo, guiado pelo exemplo de Maria Imaculada, por intercess\u00e3o de nosso Pai S\u00e3o Francisco e de todos os santos, e com a ajuda fraterna de todos, eu possa tender constantemente para a perfeita caridade, no servi\u00e7o a Deus, \u00e0 Igreja e aos homens\u201d.<\/p>\n<p><strong>Frei Eduardo Augusto Schiehl<\/strong> <strong>( \u00e0 esq. na foto)<\/strong> \u00e9 natural de S\u00e3o Bento do Sul (SC). Filho de Edivan Jos\u00e9 Schiehl e Maria In\u00eas Mickus Schiehl, ingressou no Aspirantado de Ituporanga (SC) em fevereiro de 2010, iniciando seu processo formativo na Ordem Franciscana. Em 2011 fez o Postulantado em Guaratinguet\u00e1 e, no dia 12 de janeiro de 2012, foi admitido ao Noviciado, recebendo o h\u00e1bito da penit\u00eancia. No dia 3 de Janeiro de 2013 professou os votos tempor\u00e1rios, em Rodeio (SC) e, como professo tempor\u00e1rio, cursou Filosofia at\u00e9 2015. No ano seguinte, pediu para ser transferido da Prov\u00edncia da Imaculada Concei\u00e7\u00e3o para a Cust\u00f3dia do Sagrado Cora\u00e7\u00e3o de Jesus. Foi morar em Uberl\u00e2ndia, onde fez a experi\u00eancia do Ano Mission\u00e1rio, trabalhando com movimentos sociais. Atualmente, Frei Eduardo reside em Gar\u00e7a (SP) e cursa o primeiro ano de Teologia em Marilia (SP).<\/p>\n<p><strong>Frei Jos\u00e9 A\u00e9cio de Oliveira Filho (no centro da foto)<\/strong> \u00a0\u00e9 natural de Capin\u00f3polis (MG). Filho de Jos\u00e9 A\u00e9cio de Oliveira (in memorian) e Resilda Maria de Ara\u00fajo Oliveira, iniciou seu processo formativo na Ordem Franciscana em 2006 pela Prov\u00edncia Santa Cruz. Interrompeu-o por um ano e meio, retornando em 2010 no Aspirantado, em Araguari (MG). Em 2011 fez o Postulantado em Guaratinguet\u00e1 e, no dia em 12 de janeiro de 2012, foi admitido ao Noviciado, em Rodeio-SC, recebendo o h\u00e1bito da penit\u00eancia. No dia 06 de Janeiro de 2013 professou os votos tempor\u00e1rio, em Uberl\u00e2ndia-MG, pela Funda\u00e7\u00e3o Nossa Senhora de F\u00e1tima. Continuou o processo formativo na Prov\u00edncia da Imaculada Concei\u00e7\u00e3o do Brasil, em Rondinha, onde concluiu o curso de Filosofia em 2015. Dando continuidade ao processo formativo, fez o Ano Mission\u00e1rio durante seis meses na Cust\u00f3dia S\u00e3o Benedito da Amaz\u00f4nia, na cidade de Monte Alegre (PA) e em Uberaba (MG). Atualmente, Frei Jos\u00e9 A\u00e9cio reside em Gar\u00e7a (SP) e cursa o primeiro ano de Teologia em Mar\u00edlia (SP).<\/p>\n<p><strong>Frei Patrick Roberto de Souza<\/strong> \u00e9 natural de Uberl\u00e2ndia-MG. Filho de Paulo Roberto de Souza e Maria da Gl\u00f3ria Pereira de Souza, ingressou no Aspirantado de Ituporanga (SC) em 2005. Interrompeu o processo formativo na Ordem Franciscana e estudou Filosofia na Diocese de Uberl\u00e2ndia. Em 2010 retornou \u00e0 Ordem Franciscana, fazendo o Aspirantado em Araguari (MG). Fez o Postulantado em Guaratinguet\u00e1 (SP) em 2011 e, em janeiro de 2012, foi admitido ao Noviciado, em Rodeio. No dia 6 de Janeiro de 2013 professou os votos tempor\u00e1rios em Uberl\u00e2ndia (MG) e iniciou os estudos teol\u00f3gicos tamb\u00e9m nessa cidade como frade da Funda\u00e7\u00e3o Nossa Senhora de F\u00e1tima. Interrompeu o curso de Teologia para a experi\u00eancia mission\u00e1ria, ficando seis meses junto \u00e0 Cust\u00f3dia S\u00e3o Benedito da Amaz\u00f4nia, na cidade de Itaituba (PA) e, posteriormente, retornou \u00e0 sua Cust\u00f3dia, morando um semestre em Ol\u00edmpia, na casa de Aspirantado. Atualmente, Frei Patrick, reside em Uberl\u00e2ndia (MG), concluindo o curso de Teologia.<\/p>\n<p><img loading=\"lazy\" src=\"http:\/\/franciscanos.org.br\/wp-content\/uploads\/2017\/07\/solene_040717.jpg\" alt=\"solene_040717\" width=\"830\" height=\"553\" \/><\/p>\n","protected":false},"excerpt":{"rendered":"<p>CFMB<\/p>\n","protected":false},"author":1,"featured_media":200742,"comment_status":"open","ping_status":"open","sticky":false,"template":"","format":"standard","meta":[],"categories":[1],"tags":[240],"acf":[],"yoast_head":"<!-- This site is optimized with the Yoast SEO plugin v19.2 - https:\/\/yoast.com\/wordpress\/plugins\/seo\/ -->\n<title>Cust\u00f3dia do Sagrado celebra a profiss\u00e3o solene de tr\u00eas frades - Not\u00edcias - Franciscanos<\/title>\n<meta name=\"robots\" content=\"index, follow, max-snippet:-1, max-image-preview:large, max-video-preview:-1\" \/>\n<link rel=\"canonical\" href=\"https:\/\/franciscanos.org.br\/noticias\/custodia-celebra-a-profissao-solene-de-tres-frades.html\" \/>\n<meta property=\"og:locale\" content=\"pt_BR\" \/>\n<meta property=\"og:type\" content=\"article\" \/>\n<meta property=\"og:title\" content=\"Cust\u00f3dia do Sagrado celebra a profiss\u00e3o solene de tr\u00eas frades - Not\u00edcias - Franciscanos\" \/>\n<meta property=\"og:description\" content=\"CFMB\" \/>\n<meta property=\"og:url\" content=\"https:\/\/franciscanos.org.br\/noticias\/custodia-celebra-a-profissao-solene-de-tres-frades.html\" \/>\n<meta property=\"og:site_name\" content=\"Not\u00edcias - Franciscanos\" \/>\n<meta property=\"article:published_time\" content=\"2017-07-04T13:00:27+00:00\" \/>\n<meta property=\"article:modified_time\" content=\"2019-02-27T15:57:30+00:00\" \/>\n<meta property=\"og:image\" content=\"https:\/\/franciscanos.org.br\/noticias\/wp-content\/uploads\/2017\/07\/custodia_040717.jpg\" \/>\n\t<meta property=\"og:image:width\" content=\"273\" \/>\n\t<meta property=\"og:image:height\" content=\"181\" \/>\n\t<meta property=\"og:image:type\" content=\"image\/jpeg\" \/>\n<meta name=\"author\" content=\"admin\" \/>\n<meta name=\"twitter:card\" content=\"summary_large_image\" \/>\n<meta name=\"twitter:label1\" content=\"Escrito por\" \/>\n\t<meta name=\"twitter:data1\" content=\"admin\" \/>\n\t<meta name=\"twitter:label2\" content=\"Est. tempo de leitura\" \/>\n\t<meta name=\"twitter:data2\" content=\"4 minutos\" \/>\n<script type=\"application\/ld+json\" class=\"yoast-schema-graph\">{\"@context\":\"https:\/\/schema.org\",\"@graph\":[{\"@type\":\"WebSite\",\"@id\":\"https:\/\/franciscanos.org.br\/noticias\/#website\",\"url\":\"https:\/\/franciscanos.org.br\/noticias\/\",\"name\":\"Not\u00edcias - Franciscanos\",\"description\":\"Prov\u00edncia Franciscana da Imaculada Concei\u00e7\u00e3o do Brasil - Ordem dos Frades Menores - OFM\",\"potentialAction\":[{\"@type\":\"SearchAction\",\"target\":{\"@type\":\"EntryPoint\",\"urlTemplate\":\"https:\/\/franciscanos.org.br\/noticias\/?s={search_term_string}\"},\"query-input\":\"required name=search_term_string\"}],\"inLanguage\":\"pt-BR\"},{\"@type\":\"ImageObject\",\"inLanguage\":\"pt-BR\",\"@id\":\"https:\/\/franciscanos.org.br\/noticias\/custodia-celebra-a-profissao-solene-de-tres-frades.html#primaryimage\",\"url\":\"https:\/\/franciscanos.org.br\/noticias\/wp-content\/uploads\/2017\/07\/custodia_040717.jpg\",\"contentUrl\":\"https:\/\/franciscanos.org.br\/noticias\/wp-content\/uploads\/2017\/07\/custodia_040717.jpg\",\"width\":273,\"height\":181},{\"@type\":\"WebPage\",\"@id\":\"https:\/\/franciscanos.org.br\/noticias\/custodia-celebra-a-profissao-solene-de-tres-frades.html#webpage\",\"url\":\"https:\/\/franciscanos.org.br\/noticias\/custodia-celebra-a-profissao-solene-de-tres-frades.html\",\"name\":\"Cust\u00f3dia do Sagrado celebra a profiss\u00e3o solene de tr\u00eas frades - Not\u00edcias - Franciscanos\",\"isPartOf\":{\"@id\":\"https:\/\/franciscanos.org.br\/noticias\/#website\"},\"primaryImageOfPage\":{\"@id\":\"https:\/\/franciscanos.org.br\/noticias\/custodia-celebra-a-profissao-solene-de-tres-frades.html#primaryimage\"},\"datePublished\":\"2017-07-04T13:00:27+00:00\",\"dateModified\":\"2019-02-27T15:57:30+00:00\",\"author\":{\"@id\":\"https:\/\/franciscanos.org.br\/noticias\/#\/schema\/person\/b38fbf43118f02820bd932f2e4b14ad3\"},\"breadcrumb\":{\"@id\":\"https:\/\/franciscanos.org.br\/noticias\/custodia-celebra-a-profissao-solene-de-tres-frades.html#breadcrumb\"},\"inLanguage\":\"pt-BR\",\"potentialAction\":[{\"@type\":\"ReadAction\",\"target\":[\"https:\/\/franciscanos.org.br\/noticias\/custodia-celebra-a-profissao-solene-de-tres-frades.html\"]}]},{\"@type\":\"BreadcrumbList\",\"@id\":\"https:\/\/franciscanos.org.br\/noticias\/custodia-celebra-a-profissao-solene-de-tres-frades.html#breadcrumb\",\"itemListElement\":[{\"@type\":\"ListItem\",\"position\":1,\"name\":\"Home\",\"item\":\"https:\/\/franciscanos.org.br\/noticias\"},{\"@type\":\"ListItem\",\"position\":2,\"name\":\"Cust\u00f3dia do Sagrado celebra a profiss\u00e3o solene de tr\u00eas frades\"}]},{\"@type\":\"Person\",\"@id\":\"https:\/\/franciscanos.org.br\/noticias\/#\/schema\/person\/b38fbf43118f02820bd932f2e4b14ad3\",\"name\":\"admin\",\"image\":{\"@type\":\"ImageObject\",\"inLanguage\":\"pt-BR\",\"@id\":\"https:\/\/franciscanos.org.br\/noticias\/#\/schema\/person\/image\/\",\"url\":\"https:\/\/secure.gravatar.com\/avatar\/e8495742d34d0ba6448ea1c628263b3e?s=96&d=mm&r=g\",\"contentUrl\":\"https:\/\/secure.gravatar.com\/avatar\/e8495742d34d0ba6448ea1c628263b3e?s=96&d=mm&r=g\",\"caption\":\"admin\"},\"url\":\"https:\/\/franciscanos.org.br\/noticias\/author\/admin\"}]}<\/script>\n<!-- \/ Yoast SEO plugin. -->","yoast_head_json":{"title":"Cust\u00f3dia do Sagrado celebra a profiss\u00e3o solene de tr\u00eas frades - Not\u00edcias - Franciscanos","robots":{"index":"index","follow":"follow","max-snippet":"max-snippet:-1","max-image-preview":"max-image-preview:large","max-video-preview":"max-video-preview:-1"},"canonical":"https:\/\/franciscanos.org.br\/noticias\/custodia-celebra-a-profissao-solene-de-tres-frades.html","og_locale":"pt_BR","og_type":"article","og_title":"Cust\u00f3dia do Sagrado celebra a profiss\u00e3o solene de tr\u00eas frades - Not\u00edcias - Franciscanos","og_description":"CFMB","og_url":"https:\/\/franciscanos.org.br\/noticias\/custodia-celebra-a-profissao-solene-de-tres-frades.html","og_site_name":"Not\u00edcias - Franciscanos","article_published_time":"2017-07-04T13:00:27+00:00","article_modified_time":"2019-02-27T15:57:30+00:00","og_image":[{"width":273,"height":181,"url":"https:\/\/franciscanos.org.br\/noticias\/wp-content\/uploads\/2017\/07\/custodia_040717.jpg","type":"image\/jpeg"}],"author":"admin","twitter_card":"summary_large_image","twitter_misc":{"Escrito por":"admin","Est. tempo de leitura":"4 minutos"},"schema":{"@context":"https:\/\/schema.org","@graph":[{"@type":"WebSite","@id":"https:\/\/franciscanos.org.br\/noticias\/#website","url":"https:\/\/franciscanos.org.br\/noticias\/","name":"Not\u00edcias - Franciscanos","description":"Prov\u00edncia Franciscana da Imaculada Concei\u00e7\u00e3o do Brasil - Ordem dos Frades Menores - OFM","potentialAction":[{"@type":"SearchAction","target":{"@type":"EntryPoint","urlTemplate":"https:\/\/franciscanos.org.br\/noticias\/?s={search_term_string}"},"query-input":"required name=search_term_string"}],"inLanguage":"pt-BR"},{"@type":"ImageObject","inLanguage":"pt-BR","@id":"https:\/\/franciscanos.org.br\/noticias\/custodia-celebra-a-profissao-solene-de-tres-frades.html#primaryimage","url":"https:\/\/franciscanos.org.br\/noticias\/wp-content\/uploads\/2017\/07\/custodia_040717.jpg","contentUrl":"https:\/\/franciscanos.org.br\/noticias\/wp-content\/uploads\/2017\/07\/custodia_040717.jpg","width":273,"height":181},{"@type":"WebPage","@id":"https:\/\/franciscanos.org.br\/noticias\/custodia-celebra-a-profissao-solene-de-tres-frades.html#webpage","url":"https:\/\/franciscanos.org.br\/noticias\/custodia-celebra-a-profissao-solene-de-tres-frades.html","name":"Cust\u00f3dia do Sagrado celebra a profiss\u00e3o solene de tr\u00eas frades - Not\u00edcias - Franciscanos","isPartOf":{"@id":"https:\/\/franciscanos.org.br\/noticias\/#website"},"primaryImageOfPage":{"@id":"https:\/\/franciscanos.org.br\/noticias\/custodia-celebra-a-profissao-solene-de-tres-frades.html#primaryimage"},"datePublished":"2017-07-04T13:00:27+00:00","dateModified":"2019-02-27T15:57:30+00:00","author":{"@id":"https:\/\/franciscanos.org.br\/noticias\/#\/schema\/person\/b38fbf43118f02820bd932f2e4b14ad3"},"breadcrumb":{"@id":"https:\/\/franciscanos.org.br\/noticias\/custodia-celebra-a-profissao-solene-de-tres-frades.html#breadcrumb"},"inLanguage":"pt-BR","potentialAction":[{"@type":"ReadAction","target":["https:\/\/franciscanos.org.br\/noticias\/custodia-celebra-a-profissao-solene-de-tres-frades.html"]}]},{"@type":"BreadcrumbList","@id":"https:\/\/franciscanos.org.br\/noticias\/custodia-celebra-a-profissao-solene-de-tres-frades.html#breadcrumb","itemListElement":[{"@type":"ListItem","position":1,"name":"Home","item":"https:\/\/franciscanos.org.br\/noticias"},{"@type":"ListItem","position":2,"name":"Cust\u00f3dia do Sagrado celebra a profiss\u00e3o solene de tr\u00eas frades"}]},{"@type":"Person","@id":"https:\/\/franciscanos.org.br\/noticias\/#\/schema\/person\/b38fbf43118f02820bd932f2e4b14ad3","name":"admin","image":{"@type":"ImageObject","inLanguage":"pt-BR","@id":"https:\/\/franciscanos.org.br\/noticias\/#\/schema\/person\/image\/","url":"https:\/\/secure.gravatar.com\/avatar\/e8495742d34d0ba6448ea1c628263b3e?s=96&d=mm&r=g","contentUrl":"https:\/\/secure.gravatar.com\/avatar\/e8495742d34d0ba6448ea1c628263b3e?s=96&d=mm&r=g","caption":"admin"},"url":"https:\/\/franciscanos.org.br\/noticias\/author\/admin"}]}},"_links":{"self":[{"href":"https:\/\/franciscanos.org.br\/noticias\/wp-json\/wp\/v2\/posts\/137349"}],"collection":[{"href":"https:\/\/franciscanos.org.br\/noticias\/wp-json\/wp\/v2\/posts"}],"about":[{"href":"https:\/\/franciscanos.org.br\/noticias\/wp-json\/wp\/v2\/types\/post"}],"author":[{"embeddable":true,"href":"https:\/\/franciscanos.org.br\/noticias\/wp-json\/wp\/v2\/users\/1"}],"replies":[{"embeddable":true,"href":"https:\/\/franciscanos.org.br\/noticias\/wp-json\/wp\/v2\/comments?post=137349"}],"version-history":[{"count":0,"href":"https:\/\/franciscanos.org.br\/noticias\/wp-json\/wp\/v2\/posts\/137349\/revisions"}],"wp:featuredmedia":[{"embeddable":true,"href":"https:\/\/franciscanos.org.br\/noticias\/wp-json\/wp\/v2\/media\/200742"}],"wp:attachment":[{"href":"https:\/\/franciscanos.org.br\/noticias\/wp-json\/wp\/v2\/media?parent=137349"}],"wp:term":[{"taxonomy":"category","embeddable":true,"href":"https:\/\/franciscanos.org.br\/noticias\/wp-json\/wp\/v2\/categories?post=137349"},{"taxonomy":"post_tag","embeddable":true,"href":"https:\/\/franciscanos.org.br\/noticias\/wp-json\/wp\/v2\/tags?post=137349"}],"curies":[{"name":"wp","href":"https:\/\/api.w.org\/{rel}","templated":true}]}}