{"id":137220,"date":"2017-07-03T13:14:00","date_gmt":"2017-07-03T16:14:00","guid":{"rendered":"http:\/\/franciscanos.org.br\/?p=137220"},"modified":"2019-02-27T12:56:12","modified_gmt":"2019-02-27T15:56:12","slug":"universidade-cria-o-cantinho-do-patrono","status":"publish","type":"post","link":"https:\/\/franciscanos.org.br\/noticias\/universidade-cria-o-cantinho-do-patrono.html","title":{"rendered":"Universidade cria o \u201cCantinho do Patrono\u201d"},"content":{"rendered":"<p><img loading=\"lazy\" src=\"http:\/\/franciscanos.org.br\/wp-content\/uploads\/2017\/07\/cantinho_030717.jpg\" alt=\"cantinho_030717\" width=\"830\" height=\"445\" \/><\/p>\n<p>O Curso de Engenharia de Produ\u00e7\u00e3o da Universidade S\u00e3o Francisco (USF) \u2013 Campus Bragan\u00e7a Paulista, visando o trip\u00e9 \u201censino-pesquisa-extens\u00e3o\u201d, iniciou em fevereiro do ano passado os Projetos Integradores com a finalidade de incorporar as disciplinas de cada semestre nas quais os alunos estejam matriculados.<\/p>\n<p><img loading=\"lazy\" class=\"alignright wp-image-137222 size-full\" src=\"http:\/\/franciscanos.org.br\/wp-content\/uploads\/2017\/07\/cantinho_030717_2.jpg\" alt=\"cantinho_030717_2\" width=\"400\" height=\"247\" \/>Al\u00e9m delas, \u00e9 levado em conta as dez grandes \u00e1reas de atua\u00e7\u00e3o do engenheiro de produ\u00e7\u00e3o, incentivando com isso os alunos a desenvolverem projetos onde coloquem a teoria na pr\u00e1tica. Mas, como todo profissional, al\u00e9m de ter conhecimentos t\u00e9cnicos \u00e9 necess\u00e1rio ter forma\u00e7\u00e3o humana, ser um indiv\u00edduo que cultive a solidariedade, a humildade e, principalmente, busque ser uma pessoa cada vez melhor.<\/p>\n<p>Levando-se em conta a miss\u00e3o da Universidade &#8211; Produzir e difundir o conhecimento, libertar o ser humano pelo di\u00e1logo entre a ci\u00eancia e a f\u00e9 e promover fraternidade e solidariedade, mediante a pr\u00e1tica do bem e consequentemente constru\u00e7\u00e3o da paz &#8211; surgiu a ideia, em conversa com a Pastoral Universit\u00e1ria, de fazer um projeto no qual a institui\u00e7\u00e3o pudesse ter um \u00edcone. Como sugest\u00e3o foi apresentado aos alunos criar um espa\u00e7o com imagens de S\u00e3o Francisco de Assis, o Patrono da Universidade.<\/p>\n<p>O projeto foi inserido na \u00e1rea de Engenharia de Sustentabilidade, tendo como proposta somente utilizar materiais recicl\u00e1veis, al\u00e9m de levar os alunos \u00e0 pesquisa sobre a vida de S\u00e3o Francisco de Assis, para que pudessem melhor entender como deveria ser esse espa\u00e7o.<\/p>\n<p>A Universidade ganhou neste semestre o Cantinho do Patrono e j\u00e1 pode ser visitado em Bragan\u00e7a Paulista.<\/p>\n<p><strong>Suzana A.G. P\u00e1dua Lima, coordenadora do Curso de Engenharia de Produ\u00e7\u00e3o<\/strong><\/p>\n<p><img loading=\"lazy\" src=\"http:\/\/franciscanos.org.br\/wp-content\/uploads\/2017\/07\/cantinho_030717_3.jpg\" alt=\"cantinho_030717_3\" width=\"830\" height=\"425\" \/><\/p>\n","protected":false},"excerpt":{"rendered":"<p>USF<\/p>\n","protected":false},"author":1,"featured_media":200740,"comment_status":"open","ping_status":"open","sticky":false,"template":"","format":"standard","meta":[],"categories":[1],"tags":[354],"acf":[],"yoast_head":"<!-- This site is optimized with the Yoast SEO plugin v19.2 - https:\/\/yoast.com\/wordpress\/plugins\/seo\/ -->\n<title>Universidade cria o \u201cCantinho do Patrono\u201d - Not\u00edcias - Franciscanos<\/title>\n<meta name=\"robots\" content=\"index, follow, max-snippet:-1, max-image-preview:large, max-video-preview:-1\" \/>\n<link rel=\"canonical\" href=\"https:\/\/franciscanos.org.br\/noticias\/universidade-cria-o-cantinho-do-patrono.html\" \/>\n<meta property=\"og:locale\" content=\"pt_BR\" \/>\n<meta property=\"og:type\" content=\"article\" \/>\n<meta property=\"og:title\" content=\"Universidade cria o \u201cCantinho do Patrono\u201d - Not\u00edcias - Franciscanos\" \/>\n<meta property=\"og:description\" content=\"USF\" \/>\n<meta property=\"og:url\" content=\"https:\/\/franciscanos.org.br\/noticias\/universidade-cria-o-cantinho-do-patrono.html\" \/>\n<meta property=\"og:site_name\" content=\"Not\u00edcias - Franciscanos\" \/>\n<meta property=\"article:published_time\" content=\"2017-07-03T16:14:00+00:00\" \/>\n<meta property=\"article:modified_time\" content=\"2019-02-27T15:56:12+00:00\" \/>\n<meta property=\"og:image\" content=\"https:\/\/franciscanos.org.br\/noticias\/wp-content\/uploads\/2017\/07\/cantinho_030717.jpg\" \/>\n\t<meta property=\"og:image:width\" content=\"273\" \/>\n\t<meta property=\"og:image:height\" content=\"181\" \/>\n\t<meta property=\"og:image:type\" content=\"image\/jpeg\" \/>\n<meta name=\"author\" content=\"admin\" \/>\n<meta name=\"twitter:card\" content=\"summary_large_image\" \/>\n<meta name=\"twitter:label1\" content=\"Escrito por\" \/>\n\t<meta name=\"twitter:data1\" content=\"admin\" \/>\n\t<meta name=\"twitter:label2\" content=\"Est. tempo de leitura\" \/>\n\t<meta name=\"twitter:data2\" content=\"1 minuto\" \/>\n<script type=\"application\/ld+json\" class=\"yoast-schema-graph\">{\"@context\":\"https:\/\/schema.org\",\"@graph\":[{\"@type\":\"WebSite\",\"@id\":\"https:\/\/franciscanos.org.br\/noticias\/#website\",\"url\":\"https:\/\/franciscanos.org.br\/noticias\/\",\"name\":\"Not\u00edcias - Franciscanos\",\"description\":\"Prov\u00edncia Franciscana da Imaculada Concei\u00e7\u00e3o do Brasil - Ordem dos Frades Menores - OFM\",\"potentialAction\":[{\"@type\":\"SearchAction\",\"target\":{\"@type\":\"EntryPoint\",\"urlTemplate\":\"https:\/\/franciscanos.org.br\/noticias\/?s={search_term_string}\"},\"query-input\":\"required name=search_term_string\"}],\"inLanguage\":\"pt-BR\"},{\"@type\":\"ImageObject\",\"inLanguage\":\"pt-BR\",\"@id\":\"https:\/\/franciscanos.org.br\/noticias\/universidade-cria-o-cantinho-do-patrono.html#primaryimage\",\"url\":\"https:\/\/franciscanos.org.br\/noticias\/wp-content\/uploads\/2017\/07\/cantinho_030717.jpg\",\"contentUrl\":\"https:\/\/franciscanos.org.br\/noticias\/wp-content\/uploads\/2017\/07\/cantinho_030717.jpg\",\"width\":273,\"height\":181},{\"@type\":\"WebPage\",\"@id\":\"https:\/\/franciscanos.org.br\/noticias\/universidade-cria-o-cantinho-do-patrono.html#webpage\",\"url\":\"https:\/\/franciscanos.org.br\/noticias\/universidade-cria-o-cantinho-do-patrono.html\",\"name\":\"Universidade cria o \u201cCantinho do Patrono\u201d - Not\u00edcias - Franciscanos\",\"isPartOf\":{\"@id\":\"https:\/\/franciscanos.org.br\/noticias\/#website\"},\"primaryImageOfPage\":{\"@id\":\"https:\/\/franciscanos.org.br\/noticias\/universidade-cria-o-cantinho-do-patrono.html#primaryimage\"},\"datePublished\":\"2017-07-03T16:14:00+00:00\",\"dateModified\":\"2019-02-27T15:56:12+00:00\",\"author\":{\"@id\":\"https:\/\/franciscanos.org.br\/noticias\/#\/schema\/person\/b38fbf43118f02820bd932f2e4b14ad3\"},\"breadcrumb\":{\"@id\":\"https:\/\/franciscanos.org.br\/noticias\/universidade-cria-o-cantinho-do-patrono.html#breadcrumb\"},\"inLanguage\":\"pt-BR\",\"potentialAction\":[{\"@type\":\"ReadAction\",\"target\":[\"https:\/\/franciscanos.org.br\/noticias\/universidade-cria-o-cantinho-do-patrono.html\"]}]},{\"@type\":\"BreadcrumbList\",\"@id\":\"https:\/\/franciscanos.org.br\/noticias\/universidade-cria-o-cantinho-do-patrono.html#breadcrumb\",\"itemListElement\":[{\"@type\":\"ListItem\",\"position\":1,\"name\":\"Home\",\"item\":\"https:\/\/franciscanos.org.br\/noticias\"},{\"@type\":\"ListItem\",\"position\":2,\"name\":\"Universidade cria o \u201cCantinho do Patrono\u201d\"}]},{\"@type\":\"Person\",\"@id\":\"https:\/\/franciscanos.org.br\/noticias\/#\/schema\/person\/b38fbf43118f02820bd932f2e4b14ad3\",\"name\":\"admin\",\"image\":{\"@type\":\"ImageObject\",\"inLanguage\":\"pt-BR\",\"@id\":\"https:\/\/franciscanos.org.br\/noticias\/#\/schema\/person\/image\/\",\"url\":\"https:\/\/secure.gravatar.com\/avatar\/e8495742d34d0ba6448ea1c628263b3e?s=96&d=mm&r=g\",\"contentUrl\":\"https:\/\/secure.gravatar.com\/avatar\/e8495742d34d0ba6448ea1c628263b3e?s=96&d=mm&r=g\",\"caption\":\"admin\"},\"url\":\"https:\/\/franciscanos.org.br\/noticias\/author\/admin\"}]}<\/script>\n<!-- \/ Yoast SEO plugin. -->","yoast_head_json":{"title":"Universidade cria o \u201cCantinho do Patrono\u201d - Not\u00edcias - Franciscanos","robots":{"index":"index","follow":"follow","max-snippet":"max-snippet:-1","max-image-preview":"max-image-preview:large","max-video-preview":"max-video-preview:-1"},"canonical":"https:\/\/franciscanos.org.br\/noticias\/universidade-cria-o-cantinho-do-patrono.html","og_locale":"pt_BR","og_type":"article","og_title":"Universidade cria o \u201cCantinho do Patrono\u201d - Not\u00edcias - Franciscanos","og_description":"USF","og_url":"https:\/\/franciscanos.org.br\/noticias\/universidade-cria-o-cantinho-do-patrono.html","og_site_name":"Not\u00edcias - Franciscanos","article_published_time":"2017-07-03T16:14:00+00:00","article_modified_time":"2019-02-27T15:56:12+00:00","og_image":[{"width":273,"height":181,"url":"https:\/\/franciscanos.org.br\/noticias\/wp-content\/uploads\/2017\/07\/cantinho_030717.jpg","type":"image\/jpeg"}],"author":"admin","twitter_card":"summary_large_image","twitter_misc":{"Escrito por":"admin","Est. tempo de leitura":"1 minuto"},"schema":{"@context":"https:\/\/schema.org","@graph":[{"@type":"WebSite","@id":"https:\/\/franciscanos.org.br\/noticias\/#website","url":"https:\/\/franciscanos.org.br\/noticias\/","name":"Not\u00edcias - Franciscanos","description":"Prov\u00edncia Franciscana da Imaculada Concei\u00e7\u00e3o do Brasil - Ordem dos Frades Menores - OFM","potentialAction":[{"@type":"SearchAction","target":{"@type":"EntryPoint","urlTemplate":"https:\/\/franciscanos.org.br\/noticias\/?s={search_term_string}"},"query-input":"required name=search_term_string"}],"inLanguage":"pt-BR"},{"@type":"ImageObject","inLanguage":"pt-BR","@id":"https:\/\/franciscanos.org.br\/noticias\/universidade-cria-o-cantinho-do-patrono.html#primaryimage","url":"https:\/\/franciscanos.org.br\/noticias\/wp-content\/uploads\/2017\/07\/cantinho_030717.jpg","contentUrl":"https:\/\/franciscanos.org.br\/noticias\/wp-content\/uploads\/2017\/07\/cantinho_030717.jpg","width":273,"height":181},{"@type":"WebPage","@id":"https:\/\/franciscanos.org.br\/noticias\/universidade-cria-o-cantinho-do-patrono.html#webpage","url":"https:\/\/franciscanos.org.br\/noticias\/universidade-cria-o-cantinho-do-patrono.html","name":"Universidade cria o \u201cCantinho do Patrono\u201d - Not\u00edcias - Franciscanos","isPartOf":{"@id":"https:\/\/franciscanos.org.br\/noticias\/#website"},"primaryImageOfPage":{"@id":"https:\/\/franciscanos.org.br\/noticias\/universidade-cria-o-cantinho-do-patrono.html#primaryimage"},"datePublished":"2017-07-03T16:14:00+00:00","dateModified":"2019-02-27T15:56:12+00:00","author":{"@id":"https:\/\/franciscanos.org.br\/noticias\/#\/schema\/person\/b38fbf43118f02820bd932f2e4b14ad3"},"breadcrumb":{"@id":"https:\/\/franciscanos.org.br\/noticias\/universidade-cria-o-cantinho-do-patrono.html#breadcrumb"},"inLanguage":"pt-BR","potentialAction":[{"@type":"ReadAction","target":["https:\/\/franciscanos.org.br\/noticias\/universidade-cria-o-cantinho-do-patrono.html"]}]},{"@type":"BreadcrumbList","@id":"https:\/\/franciscanos.org.br\/noticias\/universidade-cria-o-cantinho-do-patrono.html#breadcrumb","itemListElement":[{"@type":"ListItem","position":1,"name":"Home","item":"https:\/\/franciscanos.org.br\/noticias"},{"@type":"ListItem","position":2,"name":"Universidade cria o \u201cCantinho do Patrono\u201d"}]},{"@type":"Person","@id":"https:\/\/franciscanos.org.br\/noticias\/#\/schema\/person\/b38fbf43118f02820bd932f2e4b14ad3","name":"admin","image":{"@type":"ImageObject","inLanguage":"pt-BR","@id":"https:\/\/franciscanos.org.br\/noticias\/#\/schema\/person\/image\/","url":"https:\/\/secure.gravatar.com\/avatar\/e8495742d34d0ba6448ea1c628263b3e?s=96&d=mm&r=g","contentUrl":"https:\/\/secure.gravatar.com\/avatar\/e8495742d34d0ba6448ea1c628263b3e?s=96&d=mm&r=g","caption":"admin"},"url":"https:\/\/franciscanos.org.br\/noticias\/author\/admin"}]}},"_links":{"self":[{"href":"https:\/\/franciscanos.org.br\/noticias\/wp-json\/wp\/v2\/posts\/137220"}],"collection":[{"href":"https:\/\/franciscanos.org.br\/noticias\/wp-json\/wp\/v2\/posts"}],"about":[{"href":"https:\/\/franciscanos.org.br\/noticias\/wp-json\/wp\/v2\/types\/post"}],"author":[{"embeddable":true,"href":"https:\/\/franciscanos.org.br\/noticias\/wp-json\/wp\/v2\/users\/1"}],"replies":[{"embeddable":true,"href":"https:\/\/franciscanos.org.br\/noticias\/wp-json\/wp\/v2\/comments?post=137220"}],"version-history":[{"count":0,"href":"https:\/\/franciscanos.org.br\/noticias\/wp-json\/wp\/v2\/posts\/137220\/revisions"}],"wp:featuredmedia":[{"embeddable":true,"href":"https:\/\/franciscanos.org.br\/noticias\/wp-json\/wp\/v2\/media\/200740"}],"wp:attachment":[{"href":"https:\/\/franciscanos.org.br\/noticias\/wp-json\/wp\/v2\/media?parent=137220"}],"wp:term":[{"taxonomy":"category","embeddable":true,"href":"https:\/\/franciscanos.org.br\/noticias\/wp-json\/wp\/v2\/categories?post=137220"},{"taxonomy":"post_tag","embeddable":true,"href":"https:\/\/franciscanos.org.br\/noticias\/wp-json\/wp\/v2\/tags?post=137220"}],"curies":[{"name":"wp","href":"https:\/\/api.w.org\/{rel}","templated":true}]}}