{"id":137189,"date":"2017-07-03T10:46:03","date_gmt":"2017-07-03T13:46:03","guid":{"rendered":"http:\/\/franciscanos.org.br\/?p=137189"},"modified":"2019-02-27T12:54:18","modified_gmt":"2019-02-27T15:54:18","slug":"reuniao-prepara-encontro-nacional-franciscano-de-juventudes","status":"publish","type":"post","link":"https:\/\/franciscanos.org.br\/noticias\/reuniao-prepara-encontro-nacional-franciscano-de-juventudes.html","title":{"rendered":"Reuni\u00e3o prepara Encontro Nacional  de Juventudes"},"content":{"rendered":"<p><img loading=\"lazy\" src=\"http:\/\/franciscanos.org.br\/wp-content\/uploads\/2017\/07\/sifem_030717.jpg\" alt=\"sifem_030717\" width=\"830\" height=\"336\" \/><br \/>\nEscolhida para sediar o III Encontro Nacional Franciscano de Juventudes, a Par\u00f3quia Nossa Senhora do Ros\u00e1rio, de Vila Velha &#8211; ES, j\u00e1 est\u00e1 se preparando para acolher os quase 500 jovens que participar\u00e3o desse evento, que acontecer\u00e1 de 19 a 22 de julho de 2018.<\/p>\n<p>Promovido pelo SIFEM \u2013 Servi\u00e7o Interprovincial Franciscano de Evangeliza\u00e7\u00e3o e Miss\u00e3o, da Confer\u00eancia dos Frades Menores do Brasil, o encontro tem os seguintes objetivos:<\/p>\n<p>\u2713 Fortalecer a presen\u00e7a da OFM entre os jovens;<br \/>\n\u2713 Sensibilizar a juventude para a m\u00edstica franciscana;<br \/>\n\u2713 Promover o discipulado mission\u00e1rio da juventude;<br \/>\n\u2713 Possibilitar o interc\u00e2mbio entre as juventudes em \u00e2mbito de Brasil.<\/p>\n<p>Assim, a equipe de coordena\u00e7\u00e3o geral do encontro esteve reunida nesse \u00faltimo final de semana, nos dias 1 e 2, em Vila Velha &#8211; ES, para mais uma reuni\u00e3o de planejamento, partilha, discuss\u00e3o e encaminhamentos. Foi um final de semana muito intenso e produtivo, pois a coordena\u00e7\u00e3o paroquial da Juventude e a equipe que cuidar\u00e1 das finan\u00e7as do encontro tamb\u00e9m fizeram parte de alguns momentos da reuni\u00e3o e deram passos significativos nos encaminhamentos a serem dados.<\/p>\n<p>Um dos diferenciais dessa edi\u00e7\u00e3o do Encontro Nacional ser\u00e1 a realiza\u00e7\u00e3o de uma miss\u00e3o nas comunidades da Par\u00f3quia Nossa Senhora do Ros\u00e1rio, que estar\u00e1 sediando o encontro. Atendendo \u00e0 proposta do Papa Francisco de uma igreja em sa\u00edda, que v\u00e1 \u00e0s periferias existenciais e geogr\u00e1ficas, os jovens tamb\u00e9m poder\u00e3o partilhar concretamente todo o seu entusiasmo e alegria, tornando-se, assim, protagonistas da Evangeliza\u00e7\u00e3o.<\/p>\n<p>Antes de chegarem a Vila Velha, os participantes dever\u00e3o realizar encontros provinciais ou custodiais, de modo que j\u00e1 venham mais amadurecidos e conscientes do que ser\u00e1 celebrado e vivido durante o encontro nacional. Para essa etapa do pr\u00e9-encontro, est\u00e3o sendo preparados subs\u00eddios que ser\u00e3o enviados a todas as uProv\u00edncias e Cust\u00f3dias do Brasil.<\/p>\n<p>Em breve tamb\u00e9m ser\u00e1 disponibilizado um aplicativo com todas as informa\u00e7\u00f5es e material de apoio para esse grande evento nacional que promete motivar ainda mais aos tantos grupos Juvenis franciscanos de nosso imenso Brasil.<\/p>\n<p>Da parte da Coordena\u00e7\u00e3o do Encontro, fica registrada a nossa gratid\u00e3o \u00e0s fraternidades do Convento da Penha e do Santu\u00e1rio do Divino Esp\u00edrito Santo pela acolhida fraterna e por todo o suporte log\u00edstico e estrutural para que essa reuni\u00e3o se realizasse.<\/p>\n<p>Frei Diego Atalino de Melo<\/p>\n","protected":false},"excerpt":{"rendered":"<p>CFMB-SIFEM<\/p>\n","protected":false},"author":1,"featured_media":200738,"comment_status":"open","ping_status":"open","sticky":false,"template":"","format":"standard","meta":[],"categories":[1],"tags":[240,1389],"acf":[],"yoast_head":"<!-- This site is optimized with the Yoast SEO plugin v19.2 - https:\/\/yoast.com\/wordpress\/plugins\/seo\/ -->\n<title>Reuni\u00e3o prepara Encontro Nacional de Juventudes - Not\u00edcias - Franciscanos<\/title>\n<meta name=\"robots\" content=\"index, follow, max-snippet:-1, max-image-preview:large, max-video-preview:-1\" \/>\n<link rel=\"canonical\" href=\"https:\/\/franciscanos.org.br\/noticias\/reuniao-prepara-encontro-nacional-franciscano-de-juventudes.html\" \/>\n<meta property=\"og:locale\" content=\"pt_BR\" \/>\n<meta property=\"og:type\" content=\"article\" \/>\n<meta property=\"og:title\" content=\"Reuni\u00e3o prepara Encontro Nacional de Juventudes - Not\u00edcias - Franciscanos\" \/>\n<meta property=\"og:description\" content=\"CFMB-SIFEM\" \/>\n<meta property=\"og:url\" content=\"https:\/\/franciscanos.org.br\/noticias\/reuniao-prepara-encontro-nacional-franciscano-de-juventudes.html\" \/>\n<meta property=\"og:site_name\" content=\"Not\u00edcias - Franciscanos\" \/>\n<meta property=\"article:published_time\" content=\"2017-07-03T13:46:03+00:00\" \/>\n<meta property=\"article:modified_time\" content=\"2019-02-27T15:54:18+00:00\" \/>\n<meta property=\"og:image\" content=\"https:\/\/franciscanos.org.br\/noticias\/wp-content\/uploads\/2017\/07\/sifem_030717.jpg\" \/>\n\t<meta property=\"og:image:width\" content=\"273\" \/>\n\t<meta property=\"og:image:height\" content=\"181\" \/>\n\t<meta property=\"og:image:type\" content=\"image\/jpeg\" \/>\n<meta name=\"author\" content=\"admin\" \/>\n<meta name=\"twitter:card\" content=\"summary_large_image\" \/>\n<meta name=\"twitter:label1\" content=\"Escrito por\" \/>\n\t<meta name=\"twitter:data1\" content=\"admin\" \/>\n\t<meta name=\"twitter:label2\" content=\"Est. tempo de leitura\" \/>\n\t<meta name=\"twitter:data2\" content=\"2 minutos\" \/>\n<script type=\"application\/ld+json\" class=\"yoast-schema-graph\">{\"@context\":\"https:\/\/schema.org\",\"@graph\":[{\"@type\":\"WebSite\",\"@id\":\"https:\/\/franciscanos.org.br\/noticias\/#website\",\"url\":\"https:\/\/franciscanos.org.br\/noticias\/\",\"name\":\"Not\u00edcias - Franciscanos\",\"description\":\"Prov\u00edncia Franciscana da Imaculada Concei\u00e7\u00e3o do Brasil - Ordem dos Frades Menores - OFM\",\"potentialAction\":[{\"@type\":\"SearchAction\",\"target\":{\"@type\":\"EntryPoint\",\"urlTemplate\":\"https:\/\/franciscanos.org.br\/noticias\/?s={search_term_string}\"},\"query-input\":\"required name=search_term_string\"}],\"inLanguage\":\"pt-BR\"},{\"@type\":\"ImageObject\",\"inLanguage\":\"pt-BR\",\"@id\":\"https:\/\/franciscanos.org.br\/noticias\/reuniao-prepara-encontro-nacional-franciscano-de-juventudes.html#primaryimage\",\"url\":\"https:\/\/franciscanos.org.br\/noticias\/wp-content\/uploads\/2017\/07\/sifem_030717.jpg\",\"contentUrl\":\"https:\/\/franciscanos.org.br\/noticias\/wp-content\/uploads\/2017\/07\/sifem_030717.jpg\",\"width\":273,\"height\":181},{\"@type\":\"WebPage\",\"@id\":\"https:\/\/franciscanos.org.br\/noticias\/reuniao-prepara-encontro-nacional-franciscano-de-juventudes.html#webpage\",\"url\":\"https:\/\/franciscanos.org.br\/noticias\/reuniao-prepara-encontro-nacional-franciscano-de-juventudes.html\",\"name\":\"Reuni\u00e3o prepara Encontro Nacional de Juventudes - Not\u00edcias - Franciscanos\",\"isPartOf\":{\"@id\":\"https:\/\/franciscanos.org.br\/noticias\/#website\"},\"primaryImageOfPage\":{\"@id\":\"https:\/\/franciscanos.org.br\/noticias\/reuniao-prepara-encontro-nacional-franciscano-de-juventudes.html#primaryimage\"},\"datePublished\":\"2017-07-03T13:46:03+00:00\",\"dateModified\":\"2019-02-27T15:54:18+00:00\",\"author\":{\"@id\":\"https:\/\/franciscanos.org.br\/noticias\/#\/schema\/person\/b38fbf43118f02820bd932f2e4b14ad3\"},\"breadcrumb\":{\"@id\":\"https:\/\/franciscanos.org.br\/noticias\/reuniao-prepara-encontro-nacional-franciscano-de-juventudes.html#breadcrumb\"},\"inLanguage\":\"pt-BR\",\"potentialAction\":[{\"@type\":\"ReadAction\",\"target\":[\"https:\/\/franciscanos.org.br\/noticias\/reuniao-prepara-encontro-nacional-franciscano-de-juventudes.html\"]}]},{\"@type\":\"BreadcrumbList\",\"@id\":\"https:\/\/franciscanos.org.br\/noticias\/reuniao-prepara-encontro-nacional-franciscano-de-juventudes.html#breadcrumb\",\"itemListElement\":[{\"@type\":\"ListItem\",\"position\":1,\"name\":\"Home\",\"item\":\"https:\/\/franciscanos.org.br\/noticias\"},{\"@type\":\"ListItem\",\"position\":2,\"name\":\"Reuni\u00e3o prepara Encontro Nacional de Juventudes\"}]},{\"@type\":\"Person\",\"@id\":\"https:\/\/franciscanos.org.br\/noticias\/#\/schema\/person\/b38fbf43118f02820bd932f2e4b14ad3\",\"name\":\"admin\",\"image\":{\"@type\":\"ImageObject\",\"inLanguage\":\"pt-BR\",\"@id\":\"https:\/\/franciscanos.org.br\/noticias\/#\/schema\/person\/image\/\",\"url\":\"https:\/\/secure.gravatar.com\/avatar\/e8495742d34d0ba6448ea1c628263b3e?s=96&d=mm&r=g\",\"contentUrl\":\"https:\/\/secure.gravatar.com\/avatar\/e8495742d34d0ba6448ea1c628263b3e?s=96&d=mm&r=g\",\"caption\":\"admin\"},\"url\":\"https:\/\/franciscanos.org.br\/noticias\/author\/admin\"}]}<\/script>\n<!-- \/ Yoast SEO plugin. -->","yoast_head_json":{"title":"Reuni\u00e3o prepara Encontro Nacional de Juventudes - Not\u00edcias - Franciscanos","robots":{"index":"index","follow":"follow","max-snippet":"max-snippet:-1","max-image-preview":"max-image-preview:large","max-video-preview":"max-video-preview:-1"},"canonical":"https:\/\/franciscanos.org.br\/noticias\/reuniao-prepara-encontro-nacional-franciscano-de-juventudes.html","og_locale":"pt_BR","og_type":"article","og_title":"Reuni\u00e3o prepara Encontro Nacional de Juventudes - Not\u00edcias - Franciscanos","og_description":"CFMB-SIFEM","og_url":"https:\/\/franciscanos.org.br\/noticias\/reuniao-prepara-encontro-nacional-franciscano-de-juventudes.html","og_site_name":"Not\u00edcias - Franciscanos","article_published_time":"2017-07-03T13:46:03+00:00","article_modified_time":"2019-02-27T15:54:18+00:00","og_image":[{"width":273,"height":181,"url":"https:\/\/franciscanos.org.br\/noticias\/wp-content\/uploads\/2017\/07\/sifem_030717.jpg","type":"image\/jpeg"}],"author":"admin","twitter_card":"summary_large_image","twitter_misc":{"Escrito por":"admin","Est. tempo de leitura":"2 minutos"},"schema":{"@context":"https:\/\/schema.org","@graph":[{"@type":"WebSite","@id":"https:\/\/franciscanos.org.br\/noticias\/#website","url":"https:\/\/franciscanos.org.br\/noticias\/","name":"Not\u00edcias - Franciscanos","description":"Prov\u00edncia Franciscana da Imaculada Concei\u00e7\u00e3o do Brasil - Ordem dos Frades Menores - OFM","potentialAction":[{"@type":"SearchAction","target":{"@type":"EntryPoint","urlTemplate":"https:\/\/franciscanos.org.br\/noticias\/?s={search_term_string}"},"query-input":"required name=search_term_string"}],"inLanguage":"pt-BR"},{"@type":"ImageObject","inLanguage":"pt-BR","@id":"https:\/\/franciscanos.org.br\/noticias\/reuniao-prepara-encontro-nacional-franciscano-de-juventudes.html#primaryimage","url":"https:\/\/franciscanos.org.br\/noticias\/wp-content\/uploads\/2017\/07\/sifem_030717.jpg","contentUrl":"https:\/\/franciscanos.org.br\/noticias\/wp-content\/uploads\/2017\/07\/sifem_030717.jpg","width":273,"height":181},{"@type":"WebPage","@id":"https:\/\/franciscanos.org.br\/noticias\/reuniao-prepara-encontro-nacional-franciscano-de-juventudes.html#webpage","url":"https:\/\/franciscanos.org.br\/noticias\/reuniao-prepara-encontro-nacional-franciscano-de-juventudes.html","name":"Reuni\u00e3o prepara Encontro Nacional de Juventudes - Not\u00edcias - Franciscanos","isPartOf":{"@id":"https:\/\/franciscanos.org.br\/noticias\/#website"},"primaryImageOfPage":{"@id":"https:\/\/franciscanos.org.br\/noticias\/reuniao-prepara-encontro-nacional-franciscano-de-juventudes.html#primaryimage"},"datePublished":"2017-07-03T13:46:03+00:00","dateModified":"2019-02-27T15:54:18+00:00","author":{"@id":"https:\/\/franciscanos.org.br\/noticias\/#\/schema\/person\/b38fbf43118f02820bd932f2e4b14ad3"},"breadcrumb":{"@id":"https:\/\/franciscanos.org.br\/noticias\/reuniao-prepara-encontro-nacional-franciscano-de-juventudes.html#breadcrumb"},"inLanguage":"pt-BR","potentialAction":[{"@type":"ReadAction","target":["https:\/\/franciscanos.org.br\/noticias\/reuniao-prepara-encontro-nacional-franciscano-de-juventudes.html"]}]},{"@type":"BreadcrumbList","@id":"https:\/\/franciscanos.org.br\/noticias\/reuniao-prepara-encontro-nacional-franciscano-de-juventudes.html#breadcrumb","itemListElement":[{"@type":"ListItem","position":1,"name":"Home","item":"https:\/\/franciscanos.org.br\/noticias"},{"@type":"ListItem","position":2,"name":"Reuni\u00e3o prepara Encontro Nacional de Juventudes"}]},{"@type":"Person","@id":"https:\/\/franciscanos.org.br\/noticias\/#\/schema\/person\/b38fbf43118f02820bd932f2e4b14ad3","name":"admin","image":{"@type":"ImageObject","inLanguage":"pt-BR","@id":"https:\/\/franciscanos.org.br\/noticias\/#\/schema\/person\/image\/","url":"https:\/\/secure.gravatar.com\/avatar\/e8495742d34d0ba6448ea1c628263b3e?s=96&d=mm&r=g","contentUrl":"https:\/\/secure.gravatar.com\/avatar\/e8495742d34d0ba6448ea1c628263b3e?s=96&d=mm&r=g","caption":"admin"},"url":"https:\/\/franciscanos.org.br\/noticias\/author\/admin"}]}},"_links":{"self":[{"href":"https:\/\/franciscanos.org.br\/noticias\/wp-json\/wp\/v2\/posts\/137189"}],"collection":[{"href":"https:\/\/franciscanos.org.br\/noticias\/wp-json\/wp\/v2\/posts"}],"about":[{"href":"https:\/\/franciscanos.org.br\/noticias\/wp-json\/wp\/v2\/types\/post"}],"author":[{"embeddable":true,"href":"https:\/\/franciscanos.org.br\/noticias\/wp-json\/wp\/v2\/users\/1"}],"replies":[{"embeddable":true,"href":"https:\/\/franciscanos.org.br\/noticias\/wp-json\/wp\/v2\/comments?post=137189"}],"version-history":[{"count":0,"href":"https:\/\/franciscanos.org.br\/noticias\/wp-json\/wp\/v2\/posts\/137189\/revisions"}],"wp:featuredmedia":[{"embeddable":true,"href":"https:\/\/franciscanos.org.br\/noticias\/wp-json\/wp\/v2\/media\/200738"}],"wp:attachment":[{"href":"https:\/\/franciscanos.org.br\/noticias\/wp-json\/wp\/v2\/media?parent=137189"}],"wp:term":[{"taxonomy":"category","embeddable":true,"href":"https:\/\/franciscanos.org.br\/noticias\/wp-json\/wp\/v2\/categories?post=137189"},{"taxonomy":"post_tag","embeddable":true,"href":"https:\/\/franciscanos.org.br\/noticias\/wp-json\/wp\/v2\/tags?post=137189"}],"curies":[{"name":"wp","href":"https:\/\/api.w.org\/{rel}","templated":true}]}}