{"id":137054,"date":"2017-06-30T07:53:24","date_gmt":"2017-06-30T10:53:24","guid":{"rendered":"http:\/\/franciscanos.org.br\/?p=137054"},"modified":"2019-12-06T17:25:29","modified_gmt":"2019-12-06T20:25:29","slug":"d-sergio-da-rocha-nunca-vi-um-jubileu-tao-simples-como-o-do-papa","status":"publish","type":"post","link":"https:\/\/franciscanos.org.br\/noticias\/d-sergio-da-rocha-nunca-vi-um-jubileu-tao-simples-como-o-do-papa.html","title":{"rendered":"D. S\u00e9rgio: &#8220;Nunca vi Jubileu t\u00e3o simples como o do Papa&#8221;"},"content":{"rendered":"<p><img loading=\"lazy\" src=\"http:\/\/franciscanos.org.br\/wp-content\/uploads\/2017\/06\/sergio_300617.jpg\" alt=\"sergio_300617\" width=\"820\" height=\"362\" \/><\/p>\n<p>&#8220;O Papa ensina atrav\u00e9s do testemunho de vida, ensina atrav\u00e9s de suas palavras, mas ensina tamb\u00e9m atrav\u00e9s de seus gestos, que s\u00e3o sempre muito significativos. S\u00e3o simb\u00f3licos. Por exemplo, a pr\u00f3pria forma dele celebrar o seu Jubileu Episcopal, com a simplicidade que n\u00f3s vimos, ensina muito. O fato dele sempre ressaltar Jesus Cristo como centro&#8230; a centralidade de Cristo na vida da Igreja&#8230; ele expressou isto na celebra\u00e7\u00e3o&#8221;, afirma o Cardeal S\u00e9rgio da Rocha, arcebispo de Bras\u00edlia e Presidente da Confer\u00eancia dos Bispos do Brasil, depois de ter participado da celebra\u00e7\u00e3o do jubileu do Papa Francisco e da celebra\u00e7\u00e3o que cinco novos arcebispos metropolitanos receberam o P\u00e1lio aben\u00e7oado pelo Papa Francisco na manh\u00e3 desta quinta-feira (29\/06).<\/p>\n<p>Para ele, o Papa Francisco tem dado uma imensa contribui\u00e7\u00e3o para a renova\u00e7\u00e3o da vida e miss\u00e3o da Igreja no mundo de hoje. &#8220;Penso que podemos resumir muito seu ensinamento na simplicidade, na miseric\u00f3rdia e na miss\u00e3o: tem grandes refer\u00eancias, dentre tantas outras que s\u00e3o derivadas destas, n\u00e3o s\u00f3 nos seus ensinamentos&#8221;.<\/p>\n<p><strong>Simplicidade<\/strong><br \/>\nD. S\u00e9rgio confessou que a maneira de o Papa celebrar o seu Jubileu foi toda voltada para Cristo, para a Eucaristia, para a Palavra de Deus.&#8221;Ele n\u00e3o falou de si, mas falou de Jesus, da Palavra, de um modo muito simples. Ent\u00e3o, o Papa ensina, falando sobre a simplicidade na vida da Igreja, mas ele testemunha a simplicidade nos seus gestos. Isso \u00e9 muito importante. O mundo de hoje est\u00e1 precisando de testemunhas, de gente que seja coerente com aquilo que fala. Por isso, a autoridade dele, n\u00e3o s\u00f3 dentro da Igreja, mas tamb\u00e9m no mundo&#8230; isto \u00e9, sua lideran\u00e7a \u00e9 reconhecida hoje. Ele tem sido visto realmente como algu\u00e9m que tem contribu\u00eddo para a causa da paz no mundo, para a supera\u00e7\u00e3o da viol\u00eancia, de tantas situa\u00e7\u00f5es que est\u00e3o a\u00ed de sofrimento\u201d.<\/p>\n<p><strong>Agradecer a Deus por nos ter dado este Papa<\/strong><br \/>\nE D. S\u00e9rgio disse que temos muito para agradecer: \u201cO Papa Francisco tem dado esta grande contribui\u00e7\u00e3o para a vida da Igreja, isto \u00e9, de ensinar, ajudar a Igreja a ser fiel a Jesus Cristo e ao Evangelho, fazendo isto atrav\u00e9s de seus gestos muito concretos de viv\u00eancia dos valores que ele prop\u00f5e para o mundo. Temos muito o que agradecer a Deus. O Jubileu dele \u00e9 ocasi\u00e3o para louvar a Deus pela presen\u00e7a e o testemunho dele na Igreja hoje\u201d.<\/p>\n<p><strong>Renova\u00e7\u00e3o na Igreja do Brasil<\/strong><\/p>\n<p>Referindo-se cinco novos arcebispos metropolitanos que receberam o P\u00e1lio aben\u00e7oado pelo Papa Francisco na manh\u00e3 desta quinta-feira (29\/06), disse: \u201cH\u00e1 um ritmo normal de renova\u00e7\u00e3o da Igreja no Brasil e isto n\u00e3o termina nunca, pelo n\u00famero de bispos que o Brasil tem&#8230; Gra\u00e7as a Deus, porque nosso episcopado \u00e9 t\u00e3o grande&#8230; Eu acho que n\u00f3s damos muito trabalho para o Papa, que est\u00e1 sempre necessitando nomear novos bispos. A Nunciatura do Brasil tem certamente um trabalho muito grande tamb\u00e9m. Mas gra\u00e7as a Deus que \u00e9 um santo trabalho, porque n\u00f3s nesta hora fazemos aquilo que \u00e9 previsto pela Igreja, isto \u00e9, a substitui\u00e7\u00e3o dos bispos de acordo com sua idade ou situa\u00e7\u00f5es de transfer\u00eancia de um bispo de uma diocese para outra. Isto ocorre numa certa normalidade e num episcopado grande, sempre vamos ter\u201d, acrescentou D. S\u00e9rgio.<\/p>\n<p>Segundo o Cardeal, esses novos arcebispos representam sempre o novo que de uma certa maneira chega para as dioceses e para o episcopado brasileiro. &#8220;Ao assumir estas arquidioceses, dioceses grandes, que t\u00eam um papel muito decisivo na vida local, ao fazer isso, est\u00e3o trazendo n\u00e3o s\u00f3 oportunidade da vida eclesial local, mas tamb\u00e9m nacional, porque passam a contribuir ainda mais com a Confer\u00eancia Episcopal, com a prov\u00edncia eclesi\u00e1stica. Ent\u00e3o, \u00e9 motivo sempre de esperan\u00e7a e de gratid\u00e3o, porque s\u00e3o irm\u00e3os nossos que aceitaram a miss\u00e3o que n\u00e3o \u00e9 f\u00e1cil ser arcebispo, geralmente pela natureza das arquidioceses&#8230; s\u00e3o grandes cidades ou grandes dioceses e, portanto, t\u00eam um grande trabalho a ser feito. S\u00e3o irm\u00e3os nossos que se disp\u00f5em a ser servidores da Igreja. \u00c9 o que se espera, que sejam servidores da Igreja, trazendo esperan\u00e7a e paz para nossa gente\u201d.<\/p>\n","protected":false},"excerpt":{"rendered":"<p>CNBB<\/p>\n","protected":false},"author":1,"featured_media":200940,"comment_status":"open","ping_status":"open","sticky":false,"template":"","format":"standard","meta":[],"categories":[1],"tags":[29,85],"acf":[],"yoast_head":"<!-- This site is optimized with the Yoast SEO plugin v19.2 - https:\/\/yoast.com\/wordpress\/plugins\/seo\/ -->\n<title>D. S\u00e9rgio: &quot;Nunca vi Jubileu t\u00e3o simples como o do Papa&quot; - Not\u00edcias - Franciscanos<\/title>\n<meta name=\"robots\" content=\"index, follow, max-snippet:-1, max-image-preview:large, max-video-preview:-1\" \/>\n<link rel=\"canonical\" href=\"https:\/\/franciscanos.org.br\/noticias\/d-sergio-da-rocha-nunca-vi-um-jubileu-tao-simples-como-o-do-papa.html\" \/>\n<meta property=\"og:locale\" content=\"pt_BR\" \/>\n<meta property=\"og:type\" content=\"article\" \/>\n<meta property=\"og:title\" content=\"D. S\u00e9rgio: &quot;Nunca vi Jubileu t\u00e3o simples como o do Papa&quot; - Not\u00edcias - Franciscanos\" \/>\n<meta property=\"og:description\" content=\"CNBB\" \/>\n<meta property=\"og:url\" content=\"https:\/\/franciscanos.org.br\/noticias\/d-sergio-da-rocha-nunca-vi-um-jubileu-tao-simples-como-o-do-papa.html\" \/>\n<meta property=\"og:site_name\" content=\"Not\u00edcias - Franciscanos\" \/>\n<meta property=\"article:published_time\" content=\"2017-06-30T10:53:24+00:00\" \/>\n<meta property=\"article:modified_time\" content=\"2019-12-06T20:25:29+00:00\" \/>\n<meta property=\"og:image\" content=\"https:\/\/franciscanos.org.br\/noticias\/wp-content\/uploads\/2017\/06\/sergio_300617-1.jpg\" \/>\n\t<meta property=\"og:image:width\" content=\"273\" \/>\n\t<meta property=\"og:image:height\" content=\"181\" \/>\n\t<meta property=\"og:image:type\" content=\"image\/jpeg\" \/>\n<meta name=\"author\" content=\"admin\" \/>\n<meta name=\"twitter:card\" content=\"summary_large_image\" \/>\n<meta name=\"twitter:label1\" content=\"Escrito por\" \/>\n\t<meta name=\"twitter:data1\" content=\"admin\" \/>\n\t<meta name=\"twitter:label2\" content=\"Est. tempo de leitura\" \/>\n\t<meta name=\"twitter:data2\" content=\"4 minutos\" \/>\n<script type=\"application\/ld+json\" class=\"yoast-schema-graph\">{\"@context\":\"https:\/\/schema.org\",\"@graph\":[{\"@type\":\"WebSite\",\"@id\":\"https:\/\/franciscanos.org.br\/noticias\/#website\",\"url\":\"https:\/\/franciscanos.org.br\/noticias\/\",\"name\":\"Not\u00edcias - Franciscanos\",\"description\":\"Prov\u00edncia Franciscana da Imaculada Concei\u00e7\u00e3o do Brasil - Ordem dos Frades Menores - OFM\",\"potentialAction\":[{\"@type\":\"SearchAction\",\"target\":{\"@type\":\"EntryPoint\",\"urlTemplate\":\"https:\/\/franciscanos.org.br\/noticias\/?s={search_term_string}\"},\"query-input\":\"required name=search_term_string\"}],\"inLanguage\":\"pt-BR\"},{\"@type\":\"ImageObject\",\"inLanguage\":\"pt-BR\",\"@id\":\"https:\/\/franciscanos.org.br\/noticias\/d-sergio-da-rocha-nunca-vi-um-jubileu-tao-simples-como-o-do-papa.html#primaryimage\",\"url\":\"https:\/\/franciscanos.org.br\/noticias\/wp-content\/uploads\/2017\/06\/sergio_300617-1.jpg\",\"contentUrl\":\"https:\/\/franciscanos.org.br\/noticias\/wp-content\/uploads\/2017\/06\/sergio_300617-1.jpg\",\"width\":273,\"height\":181},{\"@type\":\"WebPage\",\"@id\":\"https:\/\/franciscanos.org.br\/noticias\/d-sergio-da-rocha-nunca-vi-um-jubileu-tao-simples-como-o-do-papa.html#webpage\",\"url\":\"https:\/\/franciscanos.org.br\/noticias\/d-sergio-da-rocha-nunca-vi-um-jubileu-tao-simples-como-o-do-papa.html\",\"name\":\"D. S\u00e9rgio: \\\"Nunca vi Jubileu t\u00e3o simples como o do Papa\\\" - Not\u00edcias - Franciscanos\",\"isPartOf\":{\"@id\":\"https:\/\/franciscanos.org.br\/noticias\/#website\"},\"primaryImageOfPage\":{\"@id\":\"https:\/\/franciscanos.org.br\/noticias\/d-sergio-da-rocha-nunca-vi-um-jubileu-tao-simples-como-o-do-papa.html#primaryimage\"},\"datePublished\":\"2017-06-30T10:53:24+00:00\",\"dateModified\":\"2019-12-06T20:25:29+00:00\",\"author\":{\"@id\":\"https:\/\/franciscanos.org.br\/noticias\/#\/schema\/person\/b38fbf43118f02820bd932f2e4b14ad3\"},\"breadcrumb\":{\"@id\":\"https:\/\/franciscanos.org.br\/noticias\/d-sergio-da-rocha-nunca-vi-um-jubileu-tao-simples-como-o-do-papa.html#breadcrumb\"},\"inLanguage\":\"pt-BR\",\"potentialAction\":[{\"@type\":\"ReadAction\",\"target\":[\"https:\/\/franciscanos.org.br\/noticias\/d-sergio-da-rocha-nunca-vi-um-jubileu-tao-simples-como-o-do-papa.html\"]}]},{\"@type\":\"BreadcrumbList\",\"@id\":\"https:\/\/franciscanos.org.br\/noticias\/d-sergio-da-rocha-nunca-vi-um-jubileu-tao-simples-como-o-do-papa.html#breadcrumb\",\"itemListElement\":[{\"@type\":\"ListItem\",\"position\":1,\"name\":\"Home\",\"item\":\"https:\/\/franciscanos.org.br\/noticias\"},{\"@type\":\"ListItem\",\"position\":2,\"name\":\"D. S\u00e9rgio: &#8220;Nunca vi Jubileu t\u00e3o simples como o do Papa&#8221;\"}]},{\"@type\":\"Person\",\"@id\":\"https:\/\/franciscanos.org.br\/noticias\/#\/schema\/person\/b38fbf43118f02820bd932f2e4b14ad3\",\"name\":\"admin\",\"image\":{\"@type\":\"ImageObject\",\"inLanguage\":\"pt-BR\",\"@id\":\"https:\/\/franciscanos.org.br\/noticias\/#\/schema\/person\/image\/\",\"url\":\"https:\/\/secure.gravatar.com\/avatar\/e8495742d34d0ba6448ea1c628263b3e?s=96&d=mm&r=g\",\"contentUrl\":\"https:\/\/secure.gravatar.com\/avatar\/e8495742d34d0ba6448ea1c628263b3e?s=96&d=mm&r=g\",\"caption\":\"admin\"},\"url\":\"https:\/\/franciscanos.org.br\/noticias\/author\/admin\"}]}<\/script>\n<!-- \/ Yoast SEO plugin. -->","yoast_head_json":{"title":"D. S\u00e9rgio: \"Nunca vi Jubileu t\u00e3o simples como o do Papa\" - Not\u00edcias - Franciscanos","robots":{"index":"index","follow":"follow","max-snippet":"max-snippet:-1","max-image-preview":"max-image-preview:large","max-video-preview":"max-video-preview:-1"},"canonical":"https:\/\/franciscanos.org.br\/noticias\/d-sergio-da-rocha-nunca-vi-um-jubileu-tao-simples-como-o-do-papa.html","og_locale":"pt_BR","og_type":"article","og_title":"D. S\u00e9rgio: \"Nunca vi Jubileu t\u00e3o simples como o do Papa\" - Not\u00edcias - Franciscanos","og_description":"CNBB","og_url":"https:\/\/franciscanos.org.br\/noticias\/d-sergio-da-rocha-nunca-vi-um-jubileu-tao-simples-como-o-do-papa.html","og_site_name":"Not\u00edcias - Franciscanos","article_published_time":"2017-06-30T10:53:24+00:00","article_modified_time":"2019-12-06T20:25:29+00:00","og_image":[{"width":273,"height":181,"url":"https:\/\/franciscanos.org.br\/noticias\/wp-content\/uploads\/2017\/06\/sergio_300617-1.jpg","type":"image\/jpeg"}],"author":"admin","twitter_card":"summary_large_image","twitter_misc":{"Escrito por":"admin","Est. tempo de leitura":"4 minutos"},"schema":{"@context":"https:\/\/schema.org","@graph":[{"@type":"WebSite","@id":"https:\/\/franciscanos.org.br\/noticias\/#website","url":"https:\/\/franciscanos.org.br\/noticias\/","name":"Not\u00edcias - Franciscanos","description":"Prov\u00edncia Franciscana da Imaculada Concei\u00e7\u00e3o do Brasil - Ordem dos Frades Menores - OFM","potentialAction":[{"@type":"SearchAction","target":{"@type":"EntryPoint","urlTemplate":"https:\/\/franciscanos.org.br\/noticias\/?s={search_term_string}"},"query-input":"required name=search_term_string"}],"inLanguage":"pt-BR"},{"@type":"ImageObject","inLanguage":"pt-BR","@id":"https:\/\/franciscanos.org.br\/noticias\/d-sergio-da-rocha-nunca-vi-um-jubileu-tao-simples-como-o-do-papa.html#primaryimage","url":"https:\/\/franciscanos.org.br\/noticias\/wp-content\/uploads\/2017\/06\/sergio_300617-1.jpg","contentUrl":"https:\/\/franciscanos.org.br\/noticias\/wp-content\/uploads\/2017\/06\/sergio_300617-1.jpg","width":273,"height":181},{"@type":"WebPage","@id":"https:\/\/franciscanos.org.br\/noticias\/d-sergio-da-rocha-nunca-vi-um-jubileu-tao-simples-como-o-do-papa.html#webpage","url":"https:\/\/franciscanos.org.br\/noticias\/d-sergio-da-rocha-nunca-vi-um-jubileu-tao-simples-como-o-do-papa.html","name":"D. S\u00e9rgio: \"Nunca vi Jubileu t\u00e3o simples como o do Papa\" - Not\u00edcias - Franciscanos","isPartOf":{"@id":"https:\/\/franciscanos.org.br\/noticias\/#website"},"primaryImageOfPage":{"@id":"https:\/\/franciscanos.org.br\/noticias\/d-sergio-da-rocha-nunca-vi-um-jubileu-tao-simples-como-o-do-papa.html#primaryimage"},"datePublished":"2017-06-30T10:53:24+00:00","dateModified":"2019-12-06T20:25:29+00:00","author":{"@id":"https:\/\/franciscanos.org.br\/noticias\/#\/schema\/person\/b38fbf43118f02820bd932f2e4b14ad3"},"breadcrumb":{"@id":"https:\/\/franciscanos.org.br\/noticias\/d-sergio-da-rocha-nunca-vi-um-jubileu-tao-simples-como-o-do-papa.html#breadcrumb"},"inLanguage":"pt-BR","potentialAction":[{"@type":"ReadAction","target":["https:\/\/franciscanos.org.br\/noticias\/d-sergio-da-rocha-nunca-vi-um-jubileu-tao-simples-como-o-do-papa.html"]}]},{"@type":"BreadcrumbList","@id":"https:\/\/franciscanos.org.br\/noticias\/d-sergio-da-rocha-nunca-vi-um-jubileu-tao-simples-como-o-do-papa.html#breadcrumb","itemListElement":[{"@type":"ListItem","position":1,"name":"Home","item":"https:\/\/franciscanos.org.br\/noticias"},{"@type":"ListItem","position":2,"name":"D. S\u00e9rgio: &#8220;Nunca vi Jubileu t\u00e3o simples como o do Papa&#8221;"}]},{"@type":"Person","@id":"https:\/\/franciscanos.org.br\/noticias\/#\/schema\/person\/b38fbf43118f02820bd932f2e4b14ad3","name":"admin","image":{"@type":"ImageObject","inLanguage":"pt-BR","@id":"https:\/\/franciscanos.org.br\/noticias\/#\/schema\/person\/image\/","url":"https:\/\/secure.gravatar.com\/avatar\/e8495742d34d0ba6448ea1c628263b3e?s=96&d=mm&r=g","contentUrl":"https:\/\/secure.gravatar.com\/avatar\/e8495742d34d0ba6448ea1c628263b3e?s=96&d=mm&r=g","caption":"admin"},"url":"https:\/\/franciscanos.org.br\/noticias\/author\/admin"}]}},"_links":{"self":[{"href":"https:\/\/franciscanos.org.br\/noticias\/wp-json\/wp\/v2\/posts\/137054"}],"collection":[{"href":"https:\/\/franciscanos.org.br\/noticias\/wp-json\/wp\/v2\/posts"}],"about":[{"href":"https:\/\/franciscanos.org.br\/noticias\/wp-json\/wp\/v2\/types\/post"}],"author":[{"embeddable":true,"href":"https:\/\/franciscanos.org.br\/noticias\/wp-json\/wp\/v2\/users\/1"}],"replies":[{"embeddable":true,"href":"https:\/\/franciscanos.org.br\/noticias\/wp-json\/wp\/v2\/comments?post=137054"}],"version-history":[{"count":0,"href":"https:\/\/franciscanos.org.br\/noticias\/wp-json\/wp\/v2\/posts\/137054\/revisions"}],"wp:featuredmedia":[{"embeddable":true,"href":"https:\/\/franciscanos.org.br\/noticias\/wp-json\/wp\/v2\/media\/200940"}],"wp:attachment":[{"href":"https:\/\/franciscanos.org.br\/noticias\/wp-json\/wp\/v2\/media?parent=137054"}],"wp:term":[{"taxonomy":"category","embeddable":true,"href":"https:\/\/franciscanos.org.br\/noticias\/wp-json\/wp\/v2\/categories?post=137054"},{"taxonomy":"post_tag","embeddable":true,"href":"https:\/\/franciscanos.org.br\/noticias\/wp-json\/wp\/v2\/tags?post=137054"}],"curies":[{"name":"wp","href":"https:\/\/api.w.org\/{rel}","templated":true}]}}