{"id":136983,"date":"2017-06-29T08:05:34","date_gmt":"2017-06-29T11:05:34","guid":{"rendered":"http:\/\/franciscanos.org.br\/?p=136983"},"modified":"2019-02-27T11:35:35","modified_gmt":"2019-02-27T14:35:35","slug":"aberta-a-167a-festa-de-sao-pedro-apostolo","status":"publish","type":"post","link":"https:\/\/franciscanos.org.br\/noticias\/aberta-a-167a-festa-de-sao-pedro-apostolo.html","title":{"rendered":"Veja como foi a 167\u00aa Festa de S\u00e3o Pedro Ap\u00f3stolo"},"content":{"rendered":"<p><img loading=\"lazy\" src=\"http:\/\/franciscanos.org.br\/wp-content\/uploads\/2017\/06\/gaspar_290617.jpg\" alt=\"gaspar_290617\" width=\"820\" height=\"403\" \/><\/p>\n<p>Em sintonia com o Ano Nacional Mariano, escolheu-se o tema: \u201cCom S\u00e3o Pedro, Celebrar o Ano Mariano e a M\u00e3e Aparecida\u201d e o lema: \u201cEis a\u00ed a tua m\u00e3e\u201d (Jo 19,27). A Festa acontecer\u00e1 do dia 29 de junho a 2 de julho.<\/p>\n<p>Al\u00e9m da intensa e extensa Programa\u00e7\u00e3o Religiosa prevista h\u00e1 os famosos e esperados Festejos Populares. A deliciosa macarronada ser\u00e1 servida nesta quarta-feira. Na quinta-feira, o rod\u00edzio de sopa e outras comidas t\u00edpicas. Sexta-feira, haver\u00e1 churrasco, pastel, bolo, sonho, etc. Assim como no s\u00e1bado e domingo ter\u00e1 servi\u00e7o completo de bar e cozinha.<\/p>\n<p>Acompanhe nas m\u00eddias sociais da Par\u00f3quia: <span style=\"color: #0000ff;\"><strong><a style=\"color: #0000ff;\" href=\"http:\/\/paroquiagaspar.com.br\/\">www.paroquiagaspar.com.br<\/a><\/strong><\/span><\/p>\n<hr \/>\n<h3><strong><a href=\"http:\/\/franciscanos.org.br\/wp-content\/uploads\/2017\/06\/cartaz.jpg\"><img loading=\"lazy\" class=\"alignright wp-image-136994 size-full\" src=\"http:\/\/franciscanos.org.br\/wp-content\/uploads\/2017\/06\/cartaz.jpg\" alt=\"cartaz\" width=\"350\" height=\"496\" \/><\/a>PROGRAMA\u00c7\u00c3O RELIGIOSA<\/strong><\/h3>\n<h3><strong>25\/06 &#8211; DOMINGO<\/strong><\/h3>\n<p style=\"padding-left: 30px;\"><strong>19h<\/strong> &#8211; Missa com Festeiros e Volunt\u00e1rios da Festa<br \/>\n<strong>Presidente:<\/strong> Frei Paulo Moura<br \/>\nLogo ap\u00f3s a missa, prociss\u00e3o luminosa com S\u00e3o Pedro pelas ruas da cidade.<\/p>\n<h3><strong>29\/06 &#8211; QUINTA-FEIRA<\/strong><\/h3>\n<p><strong>1\u00ba DIA DO TR\u00cdDUO<\/strong><\/p>\n<p style=\"padding-left: 30px;\"><strong>16h<\/strong> &#8211; Missa dos Enfermos, da Cura e da Sa\u00fade<br \/>\n<strong>Presidente:<\/strong> Padre Jo\u00e3o Bachmann<br \/>\n<strong>18h<\/strong> &#8211; Carreata de S\u00e3o Pedro com sa\u00edda da Comunidade S\u00e3o Br\u00e1s, N\u00aa Sra. Aparecida, S\u00e3o Judas, S\u00e3o Sebasti\u00e3o e Santa Isabel.<br \/>\n<strong>19h<\/strong> &#8211; Missa<br \/>\n<strong>Tema:<\/strong> \u201cFazei tudo o que Ele vos disser\u201d (Jo 2,5).<br \/>\n<strong>Pregador:<\/strong> Frei C\u00e9sar K\u00fclkamp<br \/>\n<strong>Convidados:<\/strong> As Comunidades acima e Pastoral da Sobriedade, Noivos, Batismo, Sa\u00fade, Crian\u00e7a, Confer\u00eancia Vicentina, Cursilho, Equipes de Nossa Senhora, Grupo N\u00aa Sra. Aparecida e Ministros da Par\u00f3quia.<\/p>\n<h3><strong>30\/06 &#8211; SEXTA FEIRA <\/strong><\/h3>\n<p><strong>2\u00ba DIA DO TR\u00cdDUO<\/strong><\/p>\n<p style=\"padding-left: 30px;\"><strong>18h<\/strong> &#8211; Carreata com sa\u00edda da Comunidade Santo Ant\u00f4nio, Virgem de Nazar\u00e9, N\u00aa Sra. de F\u00e1tima, Santa Paulina, S\u00e3o Crist\u00f3v\u00e3o e S\u00e3o Jo\u00e3o Batista.<br \/>\n<strong>19h<\/strong> &#8211; Missa<br \/>\n<strong>Tema:<\/strong> Na Fam\u00edlia crist\u00e3, aprender o Sim a Deus e a gerar Cristo para o mundo.<br \/>\n<strong>Pregador:<\/strong> Frei C\u00e9sar K\u00fclkamp<br \/>\n<strong>Convidados:<\/strong> As Comunidades acima e RCC, Novena Nossa Senhora das Gra\u00e7as, Servas com Maria, Apostolado da Miseric\u00f3rdia, Apostolado da Ora\u00e7\u00e3o, Lareira, Irm\u00e3os e Grupos de Reflex\u00e3o da Par\u00f3quia.<\/p>\n<h3><strong>01\/07 &#8211; S\u00c1BADO <\/strong><\/h3>\n<p><strong>3\u00ba DIA DO TR\u00cdDUO<\/strong><\/p>\n<p style=\"padding-left: 30px;\"><strong>15h<\/strong> &#8211; Missa da Catequese Paroquial e logo ap\u00f3s, prociss\u00e3o<br \/>\n<strong>Presidente:<\/strong> Frei C\u00e9sar K\u00fclkamp<br \/>\n<strong>18h<\/strong> &#8211; Carreata com sa\u00edda da Comunidade Jesus Cristo Libertador, Santa Clara, Bom Jesus, Santa Terezinha e Santa Rita.<br \/>\n<strong>19h<\/strong> &#8211; Missa<br \/>\n<strong>Tema:<\/strong> Com Maria e S\u00e3o Pedro, ser Igreja disc\u00edpula e mission\u00e1ria.<br \/>\n<strong>Pregador:<\/strong> Frei C\u00e9sar K\u00fclkamp<br \/>\n<strong>Convidados:<\/strong> As Comunidades acima e Ordem Franciscana Secular, Irm\u00e3s Franciscanas, Coroinhas da Par\u00f3quia, Pastoral do Surdo, Pastoral Vocacional e Grupos de Jovens da Par\u00f3quia.<\/p>\n<h3><strong>02\/07 &#8211; DOMINGO<\/strong><\/h3>\n<p><strong>SOLENIDADE DE S\u00c3O PEDRO E S\u00c3O PAULO<\/strong><\/p>\n<p style=\"padding-left: 30px;\"><strong>7h<\/strong> &#8211; Prociss\u00e3o pelo Rio Itaja\u00ed-A\u00e7u: Sa\u00edda do Porto de Areia Deschamps &#8211; Po\u00e7o Grande.<br \/>\n<strong>9h30<\/strong> &#8211; Missa Solene do Padroeiro &#8211;<br \/>\n<strong>Presidente:<\/strong> Dom Rafael Biernaski<br \/>\n<strong>Convidados:<\/strong> Festeiros e todas as Comunidades.<br \/>\n<strong>19h<\/strong> &#8211; Missa &#8211; Presidente: Frei Carlos Ignacia<\/p>\n<h3><strong>03\/07 &#8211; SEGUNDA-FEIRA<\/strong><\/h3>\n<p style=\"padding-left: 30px;\">19h &#8211; Missa em A\u00e7\u00e3o de Gra\u00e7as pela Festa e seus Volunt\u00e1rios<br \/>\nPresidente: Frei Paulo Moura<\/p>\n<p style=\"padding-left: 30px;\">TODAS AS COMUNIDADES DEVER\u00c3O TRAZER A IMAGEM DE SEUS PADROEIROS NO BARCO E AS PASTORAIS E MOVIMENTOS SEUS BANNERS. NA PROCISS\u00c3O DE ENTRADA DAS MISSAS, CADA UM SER\u00c1 CHAMADO PARA ENTRAR CANTANDO O REFR\u00c3O DO HINO DO SEU PADROEIRO OU DO SEU GRUPO.<\/p>\n<hr \/>\n<h3><strong>FESTEJOS POPULARES<\/strong><\/h3>\n<p><strong>28\/06 &#8211; quarta-feira<\/strong><\/p>\n<p style=\"padding-left: 30px;\">18h30 &#8211; Macarronada e bolo<\/p>\n<p><strong>29\/06 &#8211; quinta-feira<\/strong><\/p>\n<p style=\"padding-left: 30px;\">18h30 &#8211; rod\u00edzio de sopa, churrasco, pastel, bolo, cuca, sonho, pinh\u00e3o, quent\u00e3o, cachorro quente, fogueira, quadrilha, porquinho da \u00cdndia, roda dos festeiros (bicicletas, toalhas, etc.), roda dos brinquedos (bonecas, carrinhos, etc.), sacola surpresa, pescaria, bazar das bordadeiras.<\/p>\n<p><strong>30\/06 &#8211; sexta-feira<\/strong><\/p>\n<p style=\"padding-left: 30px;\">20h &#8211; churrasco, pastel, bolo, cuca, sonho, caf\u00e9, pinh\u00e3o, quent\u00e3o, cachorro quente, porquinho da \u00cdndia, roda dos festeiros (bicicletas, toalhas, etc.), roda dos brinquedos (bonecas, carrinhos, etc.), sacola surpresa, pescaria, Bazar das Bordadeiras.<\/p>\n<p><strong>01\/07 &#8211; s\u00e1bado<\/strong><\/p>\n<p style=\"padding-left: 30px;\">10h30 &#8211; churrasco, pastel, bolo, cuca, sonho, caf\u00e9, pinh\u00e3o, quent\u00e3o, cachorro quente.<br \/>\n20h &#8211; churrasco, pastel, bolo, cuca, sonho, caf\u00e9, pinh\u00e3o, quent\u00e3o, cachorro quente, porquinho da \u00cdndia, roda dos festeiros (bicicletas, toalhas, etc.), roda dos brinquedos (bonecas, carrinhos, etc.), sacola surpresa, pescaria, bazar das bordadeiras.<\/p>\n<p><strong>02\/07 &#8211; domingo<\/strong><\/p>\n<p style=\"padding-left: 30px;\">Durante o dia &#8211; buffet, churrasco, pastel, bolo, cuca, sonho, caf\u00e9, pinh\u00e3o, quent\u00e3o, cachorro quente, leil\u00e3o de gado, porquinho da \u00cdndia, roda dos festeiros (bicicletas, toalhas, etc.), roda dos brinquedos (bonecas, carrinhos, etc.), sacola surpresa, pescaria, bazar das bordadeiras.<\/p>\n<p>&nbsp;<\/p>\n","protected":false},"excerpt":{"rendered":"<p>Gaspar<\/p>\n","protected":false},"author":1,"featured_media":200710,"comment_status":"open","ping_status":"open","sticky":false,"template":"","format":"standard","meta":[],"categories":[1],"tags":[1209],"acf":[],"yoast_head":"<!-- This site is optimized with the Yoast SEO plugin v19.2 - https:\/\/yoast.com\/wordpress\/plugins\/seo\/ -->\n<title>Veja como foi a 167\u00aa Festa de S\u00e3o Pedro Ap\u00f3stolo - Not\u00edcias - Franciscanos<\/title>\n<meta name=\"robots\" content=\"index, follow, max-snippet:-1, max-image-preview:large, max-video-preview:-1\" \/>\n<link rel=\"canonical\" href=\"https:\/\/franciscanos.org.br\/noticias\/aberta-a-167a-festa-de-sao-pedro-apostolo.html\" \/>\n<meta property=\"og:locale\" content=\"pt_BR\" \/>\n<meta property=\"og:type\" content=\"article\" \/>\n<meta property=\"og:title\" content=\"Veja como foi a 167\u00aa Festa de S\u00e3o Pedro Ap\u00f3stolo - Not\u00edcias - Franciscanos\" \/>\n<meta property=\"og:description\" content=\"Gaspar\" \/>\n<meta property=\"og:url\" content=\"https:\/\/franciscanos.org.br\/noticias\/aberta-a-167a-festa-de-sao-pedro-apostolo.html\" \/>\n<meta property=\"og:site_name\" content=\"Not\u00edcias - Franciscanos\" \/>\n<meta property=\"article:published_time\" content=\"2017-06-29T11:05:34+00:00\" \/>\n<meta property=\"article:modified_time\" content=\"2019-02-27T14:35:35+00:00\" \/>\n<meta property=\"og:image\" content=\"https:\/\/franciscanos.org.br\/noticias\/wp-content\/uploads\/2017\/06\/cartaz.jpg\" \/>\n\t<meta property=\"og:image:width\" content=\"273\" \/>\n\t<meta property=\"og:image:height\" content=\"181\" \/>\n\t<meta property=\"og:image:type\" content=\"image\/jpeg\" \/>\n<meta name=\"author\" content=\"admin\" \/>\n<meta name=\"twitter:card\" content=\"summary_large_image\" \/>\n<meta name=\"twitter:label1\" content=\"Escrito por\" \/>\n\t<meta name=\"twitter:data1\" content=\"admin\" \/>\n\t<meta name=\"twitter:label2\" content=\"Est. tempo de leitura\" \/>\n\t<meta name=\"twitter:data2\" content=\"4 minutos\" \/>\n<script type=\"application\/ld+json\" class=\"yoast-schema-graph\">{\"@context\":\"https:\/\/schema.org\",\"@graph\":[{\"@type\":\"WebSite\",\"@id\":\"https:\/\/franciscanos.org.br\/noticias\/#website\",\"url\":\"https:\/\/franciscanos.org.br\/noticias\/\",\"name\":\"Not\u00edcias - Franciscanos\",\"description\":\"Prov\u00edncia Franciscana da Imaculada Concei\u00e7\u00e3o do Brasil - Ordem dos Frades Menores - OFM\",\"potentialAction\":[{\"@type\":\"SearchAction\",\"target\":{\"@type\":\"EntryPoint\",\"urlTemplate\":\"https:\/\/franciscanos.org.br\/noticias\/?s={search_term_string}\"},\"query-input\":\"required name=search_term_string\"}],\"inLanguage\":\"pt-BR\"},{\"@type\":\"ImageObject\",\"inLanguage\":\"pt-BR\",\"@id\":\"https:\/\/franciscanos.org.br\/noticias\/aberta-a-167a-festa-de-sao-pedro-apostolo.html#primaryimage\",\"url\":\"https:\/\/franciscanos.org.br\/noticias\/wp-content\/uploads\/2017\/06\/cartaz.jpg\",\"contentUrl\":\"https:\/\/franciscanos.org.br\/noticias\/wp-content\/uploads\/2017\/06\/cartaz.jpg\",\"width\":273,\"height\":181},{\"@type\":\"WebPage\",\"@id\":\"https:\/\/franciscanos.org.br\/noticias\/aberta-a-167a-festa-de-sao-pedro-apostolo.html#webpage\",\"url\":\"https:\/\/franciscanos.org.br\/noticias\/aberta-a-167a-festa-de-sao-pedro-apostolo.html\",\"name\":\"Veja como foi a 167\u00aa Festa de S\u00e3o Pedro Ap\u00f3stolo - Not\u00edcias - Franciscanos\",\"isPartOf\":{\"@id\":\"https:\/\/franciscanos.org.br\/noticias\/#website\"},\"primaryImageOfPage\":{\"@id\":\"https:\/\/franciscanos.org.br\/noticias\/aberta-a-167a-festa-de-sao-pedro-apostolo.html#primaryimage\"},\"datePublished\":\"2017-06-29T11:05:34+00:00\",\"dateModified\":\"2019-02-27T14:35:35+00:00\",\"author\":{\"@id\":\"https:\/\/franciscanos.org.br\/noticias\/#\/schema\/person\/b38fbf43118f02820bd932f2e4b14ad3\"},\"breadcrumb\":{\"@id\":\"https:\/\/franciscanos.org.br\/noticias\/aberta-a-167a-festa-de-sao-pedro-apostolo.html#breadcrumb\"},\"inLanguage\":\"pt-BR\",\"potentialAction\":[{\"@type\":\"ReadAction\",\"target\":[\"https:\/\/franciscanos.org.br\/noticias\/aberta-a-167a-festa-de-sao-pedro-apostolo.html\"]}]},{\"@type\":\"BreadcrumbList\",\"@id\":\"https:\/\/franciscanos.org.br\/noticias\/aberta-a-167a-festa-de-sao-pedro-apostolo.html#breadcrumb\",\"itemListElement\":[{\"@type\":\"ListItem\",\"position\":1,\"name\":\"Home\",\"item\":\"https:\/\/franciscanos.org.br\/noticias\"},{\"@type\":\"ListItem\",\"position\":2,\"name\":\"Veja como foi a 167\u00aa Festa de S\u00e3o Pedro Ap\u00f3stolo\"}]},{\"@type\":\"Person\",\"@id\":\"https:\/\/franciscanos.org.br\/noticias\/#\/schema\/person\/b38fbf43118f02820bd932f2e4b14ad3\",\"name\":\"admin\",\"image\":{\"@type\":\"ImageObject\",\"inLanguage\":\"pt-BR\",\"@id\":\"https:\/\/franciscanos.org.br\/noticias\/#\/schema\/person\/image\/\",\"url\":\"https:\/\/secure.gravatar.com\/avatar\/e8495742d34d0ba6448ea1c628263b3e?s=96&d=mm&r=g\",\"contentUrl\":\"https:\/\/secure.gravatar.com\/avatar\/e8495742d34d0ba6448ea1c628263b3e?s=96&d=mm&r=g\",\"caption\":\"admin\"},\"url\":\"https:\/\/franciscanos.org.br\/noticias\/author\/admin\"}]}<\/script>\n<!-- \/ Yoast SEO plugin. -->","yoast_head_json":{"title":"Veja como foi a 167\u00aa Festa de S\u00e3o Pedro Ap\u00f3stolo - Not\u00edcias - Franciscanos","robots":{"index":"index","follow":"follow","max-snippet":"max-snippet:-1","max-image-preview":"max-image-preview:large","max-video-preview":"max-video-preview:-1"},"canonical":"https:\/\/franciscanos.org.br\/noticias\/aberta-a-167a-festa-de-sao-pedro-apostolo.html","og_locale":"pt_BR","og_type":"article","og_title":"Veja como foi a 167\u00aa Festa de S\u00e3o Pedro Ap\u00f3stolo - Not\u00edcias - Franciscanos","og_description":"Gaspar","og_url":"https:\/\/franciscanos.org.br\/noticias\/aberta-a-167a-festa-de-sao-pedro-apostolo.html","og_site_name":"Not\u00edcias - Franciscanos","article_published_time":"2017-06-29T11:05:34+00:00","article_modified_time":"2019-02-27T14:35:35+00:00","og_image":[{"width":273,"height":181,"url":"https:\/\/franciscanos.org.br\/noticias\/wp-content\/uploads\/2017\/06\/cartaz.jpg","type":"image\/jpeg"}],"author":"admin","twitter_card":"summary_large_image","twitter_misc":{"Escrito por":"admin","Est. tempo de leitura":"4 minutos"},"schema":{"@context":"https:\/\/schema.org","@graph":[{"@type":"WebSite","@id":"https:\/\/franciscanos.org.br\/noticias\/#website","url":"https:\/\/franciscanos.org.br\/noticias\/","name":"Not\u00edcias - Franciscanos","description":"Prov\u00edncia Franciscana da Imaculada Concei\u00e7\u00e3o do Brasil - Ordem dos Frades Menores - OFM","potentialAction":[{"@type":"SearchAction","target":{"@type":"EntryPoint","urlTemplate":"https:\/\/franciscanos.org.br\/noticias\/?s={search_term_string}"},"query-input":"required name=search_term_string"}],"inLanguage":"pt-BR"},{"@type":"ImageObject","inLanguage":"pt-BR","@id":"https:\/\/franciscanos.org.br\/noticias\/aberta-a-167a-festa-de-sao-pedro-apostolo.html#primaryimage","url":"https:\/\/franciscanos.org.br\/noticias\/wp-content\/uploads\/2017\/06\/cartaz.jpg","contentUrl":"https:\/\/franciscanos.org.br\/noticias\/wp-content\/uploads\/2017\/06\/cartaz.jpg","width":273,"height":181},{"@type":"WebPage","@id":"https:\/\/franciscanos.org.br\/noticias\/aberta-a-167a-festa-de-sao-pedro-apostolo.html#webpage","url":"https:\/\/franciscanos.org.br\/noticias\/aberta-a-167a-festa-de-sao-pedro-apostolo.html","name":"Veja como foi a 167\u00aa Festa de S\u00e3o Pedro Ap\u00f3stolo - Not\u00edcias - Franciscanos","isPartOf":{"@id":"https:\/\/franciscanos.org.br\/noticias\/#website"},"primaryImageOfPage":{"@id":"https:\/\/franciscanos.org.br\/noticias\/aberta-a-167a-festa-de-sao-pedro-apostolo.html#primaryimage"},"datePublished":"2017-06-29T11:05:34+00:00","dateModified":"2019-02-27T14:35:35+00:00","author":{"@id":"https:\/\/franciscanos.org.br\/noticias\/#\/schema\/person\/b38fbf43118f02820bd932f2e4b14ad3"},"breadcrumb":{"@id":"https:\/\/franciscanos.org.br\/noticias\/aberta-a-167a-festa-de-sao-pedro-apostolo.html#breadcrumb"},"inLanguage":"pt-BR","potentialAction":[{"@type":"ReadAction","target":["https:\/\/franciscanos.org.br\/noticias\/aberta-a-167a-festa-de-sao-pedro-apostolo.html"]}]},{"@type":"BreadcrumbList","@id":"https:\/\/franciscanos.org.br\/noticias\/aberta-a-167a-festa-de-sao-pedro-apostolo.html#breadcrumb","itemListElement":[{"@type":"ListItem","position":1,"name":"Home","item":"https:\/\/franciscanos.org.br\/noticias"},{"@type":"ListItem","position":2,"name":"Veja como foi a 167\u00aa Festa de S\u00e3o Pedro Ap\u00f3stolo"}]},{"@type":"Person","@id":"https:\/\/franciscanos.org.br\/noticias\/#\/schema\/person\/b38fbf43118f02820bd932f2e4b14ad3","name":"admin","image":{"@type":"ImageObject","inLanguage":"pt-BR","@id":"https:\/\/franciscanos.org.br\/noticias\/#\/schema\/person\/image\/","url":"https:\/\/secure.gravatar.com\/avatar\/e8495742d34d0ba6448ea1c628263b3e?s=96&d=mm&r=g","contentUrl":"https:\/\/secure.gravatar.com\/avatar\/e8495742d34d0ba6448ea1c628263b3e?s=96&d=mm&r=g","caption":"admin"},"url":"https:\/\/franciscanos.org.br\/noticias\/author\/admin"}]}},"_links":{"self":[{"href":"https:\/\/franciscanos.org.br\/noticias\/wp-json\/wp\/v2\/posts\/136983"}],"collection":[{"href":"https:\/\/franciscanos.org.br\/noticias\/wp-json\/wp\/v2\/posts"}],"about":[{"href":"https:\/\/franciscanos.org.br\/noticias\/wp-json\/wp\/v2\/types\/post"}],"author":[{"embeddable":true,"href":"https:\/\/franciscanos.org.br\/noticias\/wp-json\/wp\/v2\/users\/1"}],"replies":[{"embeddable":true,"href":"https:\/\/franciscanos.org.br\/noticias\/wp-json\/wp\/v2\/comments?post=136983"}],"version-history":[{"count":0,"href":"https:\/\/franciscanos.org.br\/noticias\/wp-json\/wp\/v2\/posts\/136983\/revisions"}],"wp:featuredmedia":[{"embeddable":true,"href":"https:\/\/franciscanos.org.br\/noticias\/wp-json\/wp\/v2\/media\/200710"}],"wp:attachment":[{"href":"https:\/\/franciscanos.org.br\/noticias\/wp-json\/wp\/v2\/media?parent=136983"}],"wp:term":[{"taxonomy":"category","embeddable":true,"href":"https:\/\/franciscanos.org.br\/noticias\/wp-json\/wp\/v2\/categories?post=136983"},{"taxonomy":"post_tag","embeddable":true,"href":"https:\/\/franciscanos.org.br\/noticias\/wp-json\/wp\/v2\/tags?post=136983"}],"curies":[{"name":"wp","href":"https:\/\/api.w.org\/{rel}","templated":true}]}}