{"id":136902,"date":"2017-06-28T07:28:27","date_gmt":"2017-06-28T10:28:27","guid":{"rendered":"http:\/\/franciscanos.org.br\/?p=136902"},"modified":"2020-06-08T19:04:46","modified_gmt":"2020-06-08T22:04:46","slug":"o-cristao-jamais-deve-perder-a-esperanca","status":"publish","type":"post","link":"https:\/\/franciscanos.org.br\/noticias\/o-cristao-jamais-deve-perder-a-esperanca.html","title":{"rendered":"O crist\u00e3o jamais deve perder a esperan\u00e7a"},"content":{"rendered":"<p><img loading=\"lazy\" src=\"http:\/\/franciscanos.org.br\/wp-content\/uploads\/2017\/06\/papa_280617.jpg\" alt=\"papa_280617\" width=\"830\" height=\"429\" \/><\/p>\n<p><strong>Cidade do Vaticano<\/strong> \u2013 Cerca de 20 mil pessoas participaram da Audi\u00eancia Geral com o Papa Francisco na Pra\u00e7a S\u00e3o Pedro nesta quarta-feira, 28 de junho, a \u00faltima antes da pausa de ver\u00e3o, j\u00e1 que as audi\u00eancias ser\u00e3o retomadas em agosto. O Papa dedicou a sua catequese \u00e0 esperan\u00e7a como for\u00e7a dos m\u00e1rtires.<\/p>\n<p>Ao enviar os disc\u00edpulos em miss\u00e3o, explicou Francisco, Jesus adverte que o an\u00fancio do Reino comporta sempre uma oposi\u00e7\u00e3o: \u201cVoc\u00eas ser\u00e3o odiados por causa do meu nome. Os crist\u00e3os amam, mas nem sempre s\u00e3o amados\u201d, disse o Papa. Portanto, os crist\u00e3os s\u00e3o homens e mulheres contra a corrente, que vivem seguindo um estilo de vida indicado por Jesus \u2013 um estilo que Francisco definiu \u201cestilo de esperan\u00e7a\u201d.<\/p>\n<p><strong>A \u00fanica for\u00e7a \u00e9 o Evangelho<\/strong><br \/>\nPara se parecer com Cristo, \u00e9 preciso ser desapegado das riquezas e do poder. O crist\u00e3o percorre o seu caminho com o essencial, mas com o cora\u00e7\u00e3o repleto de amor. De fato, jamais deve usar a viol\u00eancia. A \u00fanica for\u00e7a \u00e9 o Evangelho. A persegui\u00e7\u00e3o, portanto, n\u00e3o \u00e9 uma contradi\u00e7\u00e3o. Se perseguiram o Mestre, porque ser\u00edamos poupados da luta? Por\u00e9m, em meio \u00e0 batalha, o crist\u00e3o jamais deve perder a esperan\u00e7a. H\u00e1 Algu\u00e9m que \u00e9 mais forte do que o mal: mais forte do que as m\u00e1fias, de quem lucra sobre a pele dos desesperados, de quem espezinha os outros com prepot\u00eancia.<\/p>\n<p>Os crist\u00e3os, portanto, devem sempre estar na outra margem do mundo, aquela escolhida por Deus: n\u00e3o perseguidores, mas perseguidos; n\u00e3o arrogantes, mas mansos; n\u00e3o impostores, mas honestos.<\/p>\n<p><img loading=\"lazy\" src=\"http:\/\/franciscanos.org.br\/wp-content\/uploads\/2017\/06\/papa_280617_2.jpg\" alt=\"papa_280617_2\" width=\"830\" height=\"464\" \/><\/p>\n<p><strong>Perfume de discipulado<\/strong><br \/>\nEsta fidelidade ao estilo de Jesus foi chamada pelos primeiros crist\u00e3os com o nome de \u201cmart\u00edrio\u201d, que significa \u201ctestemunho\u201d. O vocabul\u00e1rio oferecia muitas outras possibilidades: hero\u00edsmo, abnega\u00e7\u00e3o, sacrif\u00edcio de si. Mas os primeiros crist\u00e3os escolheram um nome \u201ccom perfume de discipulado\u201d.<\/p>\n<p>\u201cOs m\u00e1rtires n\u00e3o vivem para si, n\u00e3o combatem para afirmar as pr\u00f3prias ideais, e aceitam morrer somente por fidelidade ao evangelho. O mart\u00edrio n\u00e3o \u00e9 nem mesmo o ideal supremo da vida crist\u00e3, porque acima dele est\u00e1 a caridade, isto \u00e9, o amor a Deus e ao pr\u00f3ximo. A ideia de que quem comete atentados suicidas seja chamado m\u00e1rtir repugna os crist\u00e3os: neste ato, n\u00e3o h\u00e1 nada que possa se aproximar da atitude de filhos de Deus.<\/p>\n<p>\u201cQue Deus nos doe sempre a for\u00e7a de ser suas testemunhas. Que Ele nos doe viver a esperan\u00e7a crist\u00e3 sobretudo no mart\u00edrio confidencial de fazer o bem e com amor os nossos deveres de todos os dias\u201d, encerrou o Papa. Ao final da Audi\u00eancia, ele concedeu a sua b\u00ean\u00e7\u00e3o apost\u00f3lica.<\/p>\n<p><img loading=\"lazy\" src=\"http:\/\/franciscanos.org.br\/wp-content\/uploads\/2017\/06\/papa_280617_1.jpg\" alt=\"papa_280617_1\" width=\"830\" height=\"453\" \/><\/p>\n<h3><strong>N\u00c3O EXISTE UMA BOA SOCIEDADE SEM UM BOM SINDICATO<\/strong><\/h3>\n<p>N\u00e3o existe uma boa sociedade sem um bom sindicato: antes da Audi\u00eancia Geral, o Papa Francisco recebeu os delegados da Confedera\u00e7\u00e3o Italiana dos Sindicatos dos Trabalhadores (Cisl), que est\u00e3o reunidos em Congresso.<\/p>\n<p>O discurso do Pont\u00edfice partiu do tema em debate: \u201cPela pessoa, pelo trabalho\u201d. De fato, afirmou, pessoa e trabalho s\u00e3o duas palavras que podem e devem estar juntas. \u201cO trabalho \u00e9 a forma mais comum de coopera\u00e7\u00e3o que a humanidade gerou na sua hist\u00f3ria, \u00e9 uma forma de amor civil\u201d.<\/p>\n<p><strong>Cultura do \u00f3cio<\/strong><br \/>\nCertamente, a pessoa n\u00e3o \u00e9 s\u00f3 trabalho, tamb\u00e9m \u00e9 preciso repousar, recuperar a \u201ccultura do \u00f3cio\u201d, \u201c\u00e9 desumano\u201d os pais que n\u00e3o brincam com os filhos, disse Francisco. Crian\u00e7as e jovens devem ter o trabalho de estudar e os idosos deveriam receber uma aposentadoria justa. \u201cAs aposentadorias de ouro s\u00e3o uma ofensa ao trabalho, assim como as de baixa renda, porque fazem com que as desigualdades do tempo de trabalho se tornem perenes.\u201d<\/p>\n<p><img loading=\"lazy\" src=\"http:\/\/franciscanos.org.br\/wp-content\/uploads\/2017\/06\/papa_280617_3.jpg\" alt=\"papa_280617_3\" width=\"830\" height=\"453\" \/><\/p>\n<p><strong>Novo pacto social<\/strong><br \/>\nFrancisco definiu como \u201cm\u00edope\u201d uma sociedade que obriga os idosos a trabalharem por muitos anos e uma inteira gera\u00e7\u00e3o de jovens sem trabalho. Para isso, \u00e9 urgente um novo pacto social para o trabalho e indicou dois desafios que o movimento sindical deve enfrentar hoje: a profecia e a inova\u00e7\u00e3o.<\/p>\n<p><strong>Profecia<\/strong><br \/>\nA profecia \u00e9 a voca\u00e7\u00e3o mais verdadeira do sindicato, \u00e9 \u201cexpress\u00e3o do perfil prof\u00e9tico da sociedade\u201d. Mas nas sociedades capitalistas avan\u00e7adas, o sindicato corre o risco de perder esta natureza prof\u00e9tica e se tornar demasiado semelhante \u00e0s institui\u00e7\u00f5es e aos poderes que, ao inv\u00e9s, deveria criticar. Com o passar do tempo, o sindicato acabou por se parecer com a pol\u00edtica, ou melhor, com os partidos pol\u00edticos. Ao inv\u00e9s, se falta esta t\u00edpica dimens\u00e3o, a sua a\u00e7\u00e3o perde for\u00e7a e efic\u00e1cia.<\/p>\n<p><strong>Inova\u00e7\u00e3o<\/strong><br \/>\nO segundo desafio \u00e8 a inova\u00e7\u00e3o. Isto \u00e9, proteger n\u00e3o s\u00f3 quem est\u00e1 dentro do mercado de trabalho, mas quem est\u00e1 fora dele, descartado ou exclu\u00eddo. \u201cO capitalismo do nosso tempo n\u00e3o compreende o valor do sindicato, porque esqueceu a natureza social da economia. Este \u00e9 um dos maiores pecados. Economia de mercato: n\u00e3o. Dizemos economia social de mercado, como nos ensinou S\u00e3o Jo\u00e3o Paulo II.<\/p>\n<p><img loading=\"lazy\" src=\"http:\/\/franciscanos.org.br\/wp-content\/uploads\/2017\/06\/papa_280617_4.jpg\" alt=\"papa_280617_4\" width=\"830\" height=\"428\" \/><\/p>\n<p><strong>Mulheres e jovens<\/strong><br \/>\nPara Francisco, talvez a nossa sociedade n\u00e3o entenda o sindicato porque n\u00e3o o v\u00ea lutar suficientemente nos lugares onde n\u00e3o h\u00e1 direitos: nas periferias existenciais, entre os imigrantes, os pobres, ou n\u00e3o entende simplesmente porque, \u00e0s vezes, a corrup\u00e7\u00e3o entrou no cora\u00e7\u00e3o de alguns sindicalistas. N\u00e3o se deixem bloquear. Francisco pediu mais empenho em prol dos jovens, cujo desemprego na It\u00e1lia \u00e9 de 40%, e das mulheres, que ainda s\u00e3o consideradas de segunda classe no mercado de trabalho.<\/p>\n<p><strong>Renascer das periferias<\/strong><br \/>\nHabitar as periferias pode se tornar uma estrat\u00e9gia de a\u00e7\u00e3o, uma prioridade do sindicato de hoje e de amanh\u00e3, indicou o Papa. \u201cN\u00e3o existe uma boa sociedade sem um bom sindicato. E n\u00e3o h\u00e1 um bom sindicato que n\u00e3o renas\u00e7a todos os dias nas periferias, que n\u00e3o transforme as pedras descartadas da economia em pedras angulares. Sindicato \u00e9 uma bela palavra que prov\u00e9m do grego <em><strong>syn-dike<\/strong><\/em>, isto \u00e9, <strong>\u201cjusti\u00e7a juntos\u201d.<\/strong> N\u00e3o h\u00e1 justi\u00e7a se n\u00e3o se est\u00e1 com os exclu\u00eddos.\u201d<\/p>\n<hr \/>\n<p><em>Fonte: R\u00e1dio Vaticano<\/em><\/p>\n","protected":false},"excerpt":{"rendered":"<p>Audi\u00eancia Geral<\/p>\n","protected":false},"author":1,"featured_media":200704,"comment_status":"open","ping_status":"open","sticky":false,"template":"","format":"standard","meta":[],"categories":[1428],"tags":[487,55],"acf":[],"yoast_head":"<!-- This site is optimized with the Yoast SEO plugin v19.2 - https:\/\/yoast.com\/wordpress\/plugins\/seo\/ -->\n<title>O crist\u00e3o jamais deve perder a esperan\u00e7a - Not\u00edcias - Franciscanos<\/title>\n<meta name=\"robots\" content=\"index, follow, max-snippet:-1, max-image-preview:large, max-video-preview:-1\" \/>\n<link rel=\"canonical\" href=\"https:\/\/franciscanos.org.br\/noticias\/o-cristao-jamais-deve-perder-a-esperanca.html\" \/>\n<meta property=\"og:locale\" content=\"pt_BR\" \/>\n<meta property=\"og:type\" content=\"article\" \/>\n<meta property=\"og:title\" content=\"O crist\u00e3o jamais deve perder a esperan\u00e7a - Not\u00edcias - Franciscanos\" \/>\n<meta property=\"og:description\" content=\"Audi\u00eancia Geral\" \/>\n<meta property=\"og:url\" content=\"https:\/\/franciscanos.org.br\/noticias\/o-cristao-jamais-deve-perder-a-esperanca.html\" \/>\n<meta property=\"og:site_name\" content=\"Not\u00edcias - Franciscanos\" \/>\n<meta property=\"article:published_time\" content=\"2017-06-28T10:28:27+00:00\" \/>\n<meta property=\"article:modified_time\" content=\"2020-06-08T22:04:46+00:00\" \/>\n<meta property=\"og:image\" content=\"https:\/\/franciscanos.org.br\/noticias\/wp-content\/uploads\/2017\/06\/papa_280617.jpg\" \/>\n\t<meta property=\"og:image:width\" content=\"273\" \/>\n\t<meta property=\"og:image:height\" content=\"181\" \/>\n\t<meta property=\"og:image:type\" content=\"image\/jpeg\" \/>\n<meta name=\"author\" content=\"admin\" \/>\n<meta name=\"twitter:card\" content=\"summary_large_image\" \/>\n<meta name=\"twitter:label1\" content=\"Escrito por\" \/>\n\t<meta name=\"twitter:data1\" content=\"admin\" \/>\n\t<meta name=\"twitter:label2\" content=\"Est. tempo de leitura\" \/>\n\t<meta name=\"twitter:data2\" content=\"5 minutos\" \/>\n<script type=\"application\/ld+json\" class=\"yoast-schema-graph\">{\"@context\":\"https:\/\/schema.org\",\"@graph\":[{\"@type\":\"WebSite\",\"@id\":\"https:\/\/franciscanos.org.br\/noticias\/#website\",\"url\":\"https:\/\/franciscanos.org.br\/noticias\/\",\"name\":\"Not\u00edcias - Franciscanos\",\"description\":\"Prov\u00edncia Franciscana da Imaculada Concei\u00e7\u00e3o do Brasil - Ordem dos Frades Menores - OFM\",\"potentialAction\":[{\"@type\":\"SearchAction\",\"target\":{\"@type\":\"EntryPoint\",\"urlTemplate\":\"https:\/\/franciscanos.org.br\/noticias\/?s={search_term_string}\"},\"query-input\":\"required name=search_term_string\"}],\"inLanguage\":\"pt-BR\"},{\"@type\":\"ImageObject\",\"inLanguage\":\"pt-BR\",\"@id\":\"https:\/\/franciscanos.org.br\/noticias\/o-cristao-jamais-deve-perder-a-esperanca.html#primaryimage\",\"url\":\"https:\/\/franciscanos.org.br\/noticias\/wp-content\/uploads\/2017\/06\/papa_280617.jpg\",\"contentUrl\":\"https:\/\/franciscanos.org.br\/noticias\/wp-content\/uploads\/2017\/06\/papa_280617.jpg\",\"width\":273,\"height\":181},{\"@type\":\"WebPage\",\"@id\":\"https:\/\/franciscanos.org.br\/noticias\/o-cristao-jamais-deve-perder-a-esperanca.html#webpage\",\"url\":\"https:\/\/franciscanos.org.br\/noticias\/o-cristao-jamais-deve-perder-a-esperanca.html\",\"name\":\"O crist\u00e3o jamais deve perder a esperan\u00e7a - Not\u00edcias - Franciscanos\",\"isPartOf\":{\"@id\":\"https:\/\/franciscanos.org.br\/noticias\/#website\"},\"primaryImageOfPage\":{\"@id\":\"https:\/\/franciscanos.org.br\/noticias\/o-cristao-jamais-deve-perder-a-esperanca.html#primaryimage\"},\"datePublished\":\"2017-06-28T10:28:27+00:00\",\"dateModified\":\"2020-06-08T22:04:46+00:00\",\"author\":{\"@id\":\"https:\/\/franciscanos.org.br\/noticias\/#\/schema\/person\/b38fbf43118f02820bd932f2e4b14ad3\"},\"breadcrumb\":{\"@id\":\"https:\/\/franciscanos.org.br\/noticias\/o-cristao-jamais-deve-perder-a-esperanca.html#breadcrumb\"},\"inLanguage\":\"pt-BR\",\"potentialAction\":[{\"@type\":\"ReadAction\",\"target\":[\"https:\/\/franciscanos.org.br\/noticias\/o-cristao-jamais-deve-perder-a-esperanca.html\"]}]},{\"@type\":\"BreadcrumbList\",\"@id\":\"https:\/\/franciscanos.org.br\/noticias\/o-cristao-jamais-deve-perder-a-esperanca.html#breadcrumb\",\"itemListElement\":[{\"@type\":\"ListItem\",\"position\":1,\"name\":\"Home\",\"item\":\"https:\/\/franciscanos.org.br\/noticias\"},{\"@type\":\"ListItem\",\"position\":2,\"name\":\"O crist\u00e3o jamais deve perder a esperan\u00e7a\"}]},{\"@type\":\"Person\",\"@id\":\"https:\/\/franciscanos.org.br\/noticias\/#\/schema\/person\/b38fbf43118f02820bd932f2e4b14ad3\",\"name\":\"admin\",\"image\":{\"@type\":\"ImageObject\",\"inLanguage\":\"pt-BR\",\"@id\":\"https:\/\/franciscanos.org.br\/noticias\/#\/schema\/person\/image\/\",\"url\":\"https:\/\/secure.gravatar.com\/avatar\/e8495742d34d0ba6448ea1c628263b3e?s=96&d=mm&r=g\",\"contentUrl\":\"https:\/\/secure.gravatar.com\/avatar\/e8495742d34d0ba6448ea1c628263b3e?s=96&d=mm&r=g\",\"caption\":\"admin\"},\"url\":\"https:\/\/franciscanos.org.br\/noticias\/author\/admin\"}]}<\/script>\n<!-- \/ Yoast SEO plugin. -->","yoast_head_json":{"title":"O crist\u00e3o jamais deve perder a esperan\u00e7a - Not\u00edcias - Franciscanos","robots":{"index":"index","follow":"follow","max-snippet":"max-snippet:-1","max-image-preview":"max-image-preview:large","max-video-preview":"max-video-preview:-1"},"canonical":"https:\/\/franciscanos.org.br\/noticias\/o-cristao-jamais-deve-perder-a-esperanca.html","og_locale":"pt_BR","og_type":"article","og_title":"O crist\u00e3o jamais deve perder a esperan\u00e7a - Not\u00edcias - Franciscanos","og_description":"Audi\u00eancia Geral","og_url":"https:\/\/franciscanos.org.br\/noticias\/o-cristao-jamais-deve-perder-a-esperanca.html","og_site_name":"Not\u00edcias - Franciscanos","article_published_time":"2017-06-28T10:28:27+00:00","article_modified_time":"2020-06-08T22:04:46+00:00","og_image":[{"width":273,"height":181,"url":"https:\/\/franciscanos.org.br\/noticias\/wp-content\/uploads\/2017\/06\/papa_280617.jpg","type":"image\/jpeg"}],"author":"admin","twitter_card":"summary_large_image","twitter_misc":{"Escrito por":"admin","Est. tempo de leitura":"5 minutos"},"schema":{"@context":"https:\/\/schema.org","@graph":[{"@type":"WebSite","@id":"https:\/\/franciscanos.org.br\/noticias\/#website","url":"https:\/\/franciscanos.org.br\/noticias\/","name":"Not\u00edcias - Franciscanos","description":"Prov\u00edncia Franciscana da Imaculada Concei\u00e7\u00e3o do Brasil - Ordem dos Frades Menores - OFM","potentialAction":[{"@type":"SearchAction","target":{"@type":"EntryPoint","urlTemplate":"https:\/\/franciscanos.org.br\/noticias\/?s={search_term_string}"},"query-input":"required name=search_term_string"}],"inLanguage":"pt-BR"},{"@type":"ImageObject","inLanguage":"pt-BR","@id":"https:\/\/franciscanos.org.br\/noticias\/o-cristao-jamais-deve-perder-a-esperanca.html#primaryimage","url":"https:\/\/franciscanos.org.br\/noticias\/wp-content\/uploads\/2017\/06\/papa_280617.jpg","contentUrl":"https:\/\/franciscanos.org.br\/noticias\/wp-content\/uploads\/2017\/06\/papa_280617.jpg","width":273,"height":181},{"@type":"WebPage","@id":"https:\/\/franciscanos.org.br\/noticias\/o-cristao-jamais-deve-perder-a-esperanca.html#webpage","url":"https:\/\/franciscanos.org.br\/noticias\/o-cristao-jamais-deve-perder-a-esperanca.html","name":"O crist\u00e3o jamais deve perder a esperan\u00e7a - Not\u00edcias - Franciscanos","isPartOf":{"@id":"https:\/\/franciscanos.org.br\/noticias\/#website"},"primaryImageOfPage":{"@id":"https:\/\/franciscanos.org.br\/noticias\/o-cristao-jamais-deve-perder-a-esperanca.html#primaryimage"},"datePublished":"2017-06-28T10:28:27+00:00","dateModified":"2020-06-08T22:04:46+00:00","author":{"@id":"https:\/\/franciscanos.org.br\/noticias\/#\/schema\/person\/b38fbf43118f02820bd932f2e4b14ad3"},"breadcrumb":{"@id":"https:\/\/franciscanos.org.br\/noticias\/o-cristao-jamais-deve-perder-a-esperanca.html#breadcrumb"},"inLanguage":"pt-BR","potentialAction":[{"@type":"ReadAction","target":["https:\/\/franciscanos.org.br\/noticias\/o-cristao-jamais-deve-perder-a-esperanca.html"]}]},{"@type":"BreadcrumbList","@id":"https:\/\/franciscanos.org.br\/noticias\/o-cristao-jamais-deve-perder-a-esperanca.html#breadcrumb","itemListElement":[{"@type":"ListItem","position":1,"name":"Home","item":"https:\/\/franciscanos.org.br\/noticias"},{"@type":"ListItem","position":2,"name":"O crist\u00e3o jamais deve perder a esperan\u00e7a"}]},{"@type":"Person","@id":"https:\/\/franciscanos.org.br\/noticias\/#\/schema\/person\/b38fbf43118f02820bd932f2e4b14ad3","name":"admin","image":{"@type":"ImageObject","inLanguage":"pt-BR","@id":"https:\/\/franciscanos.org.br\/noticias\/#\/schema\/person\/image\/","url":"https:\/\/secure.gravatar.com\/avatar\/e8495742d34d0ba6448ea1c628263b3e?s=96&d=mm&r=g","contentUrl":"https:\/\/secure.gravatar.com\/avatar\/e8495742d34d0ba6448ea1c628263b3e?s=96&d=mm&r=g","caption":"admin"},"url":"https:\/\/franciscanos.org.br\/noticias\/author\/admin"}]}},"_links":{"self":[{"href":"https:\/\/franciscanos.org.br\/noticias\/wp-json\/wp\/v2\/posts\/136902"}],"collection":[{"href":"https:\/\/franciscanos.org.br\/noticias\/wp-json\/wp\/v2\/posts"}],"about":[{"href":"https:\/\/franciscanos.org.br\/noticias\/wp-json\/wp\/v2\/types\/post"}],"author":[{"embeddable":true,"href":"https:\/\/franciscanos.org.br\/noticias\/wp-json\/wp\/v2\/users\/1"}],"replies":[{"embeddable":true,"href":"https:\/\/franciscanos.org.br\/noticias\/wp-json\/wp\/v2\/comments?post=136902"}],"version-history":[{"count":1,"href":"https:\/\/franciscanos.org.br\/noticias\/wp-json\/wp\/v2\/posts\/136902\/revisions"}],"predecessor-version":[{"id":225304,"href":"https:\/\/franciscanos.org.br\/noticias\/wp-json\/wp\/v2\/posts\/136902\/revisions\/225304"}],"wp:featuredmedia":[{"embeddable":true,"href":"https:\/\/franciscanos.org.br\/noticias\/wp-json\/wp\/v2\/media\/200704"}],"wp:attachment":[{"href":"https:\/\/franciscanos.org.br\/noticias\/wp-json\/wp\/v2\/media?parent=136902"}],"wp:term":[{"taxonomy":"category","embeddable":true,"href":"https:\/\/franciscanos.org.br\/noticias\/wp-json\/wp\/v2\/categories?post=136902"},{"taxonomy":"post_tag","embeddable":true,"href":"https:\/\/franciscanos.org.br\/noticias\/wp-json\/wp\/v2\/tags?post=136902"}],"curies":[{"name":"wp","href":"https:\/\/api.w.org\/{rel}","templated":true}]}}