{"id":13684,"date":"2012-03-26T08:03:27","date_gmt":"2012-03-26T11:03:27","guid":{"rendered":"http:\/\/new.franciscanos.org.br\/?p=13684"},"modified":"2019-09-13T13:43:42","modified_gmt":"2019-09-13T16:43:42","slug":"debate-fortalece-a-luta-emergente-por-justica-ambiental","status":"publish","type":"post","link":"https:\/\/franciscanos.org.br\/noticias\/debate-fortalece-a-luta-emergente-por-justica-ambiental.html","title":{"rendered":"Debate fortalece a luta emergente por justi\u00e7a ambiental"},"content":{"rendered":"<p><strong><a href=\"http:\/\/franciscanos.org.br\/wp-content\/uploads\/2012\/03\/sefras_01_g26.jpg\"><img loading=\"lazy\" class=\"alignright size-full wp-image-13685\" title=\"Semin\u00e1rio Justi\u00e7a Ambiental\" src=\"http:\/\/franciscanos.org.br\/wp-content\/uploads\/2012\/03\/sefras_01_g26.jpg\" alt=\"\" width=\"500\" height=\"332\" \/><\/a>S\u00e3o Paulo (SP)<\/strong> &#8211; Em contribui\u00e7\u00e3o ao debate internacional sobre uma emergente mudan\u00e7a de paradigma em nossa civiliza\u00e7\u00e3o e ainda, em apoio \u00e0s lutas sociais por um mundo mais equitativamente justo entre pessoa e natureza, o Servi\u00e7o Franciscano de Solidariedade (Sefras) e o Servi\u00e7o Interfranciscano de Justi\u00e7a, Paz e Ecologia (Sinfrajupe) realizaram no dia 24 de mar\u00e7o, em S\u00e3o Paulo, um semin\u00e1rio sobre Justi\u00e7a Ambiental: Contra a Mercantiliza\u00e7\u00e3o da Vida.\u00a0 O evento, que reuniu representantes de ONGs, movimentos sociais, estudantes, religiosos e cidad\u00e3os em geral, contou com participa\u00e7\u00e3o de cerca de 100 pessoas. O objetivo foi promover um debate sobre o conceito de Justi\u00e7a Ambiental a partir da \u00f3tica franciscana que compreende que os problemas sociais e ambientais n\u00e3o devem ser resolvidos separadamente e as diversas crises que se enfrenta, nada mais s\u00e3o do que uma crise de civiliza\u00e7\u00e3o e se faz necess\u00e1rio a luta por justi\u00e7a ambiental \u2013 quando compreendida que somos parte de um mesmo ambiente.<\/p>\n<p>O Semin\u00e1rio Justi\u00e7a Ambiental teve a participa\u00e7\u00e3o da antrop\u00f3loga e diretora do Instituto Brasileiro de An\u00e1lise Sociais e Econ\u00f4micas \u2013 Ibase , Moema Miranda, do Frei Rodrigo Peret, da Ordem dos Frades Menores do Tri\u00e2ngulo Mineiro e membro da Comiss\u00e3o Pastoral da Terra \u2013 CPT, e ainda, de Frei Orestes Serra, da Ordem dos Frades Menores do Rio Grande do Sul e Assessor Parlamentar na \u00e1rea de Direitos Humanos e rela\u00e7\u00e3o com os movimentos sociais de Porto Alegre e do bacharel em Direito e coordenador do setor de sustentabilidade do Sefras, Hugo Paix\u00e3o.\u00a0 O Diretor do Sefras, Frei Jos\u00e9 Francisco de C\u00e1ssia dos Santos, da Ordem dos Frades Menores da Prov\u00edncia da Imaculada Concei\u00e7\u00e3o do Brasil, foi o mediador do debate.<\/p>\n<p>Ap\u00f3s uma an\u00e1lise do cen\u00e1rio dos movimentos sociais, feito pelo Frei Orestes Serra e uma apresenta\u00e7\u00e3o realizada por Hugo Paix\u00e3o, que fez uma mem\u00f3ria hist\u00f3rica das Confer\u00eancias e Conven\u00e7\u00f5es Mundiais sobre meio ambiente e o atual evento mundial da ONU \u2013 Rio+20, o debate transcorreu com o aprofundamento sobre a Economia Verde e as emergentes mudan\u00e7as que devem ser tomadas para a continuidade da vida no planeta.<\/p>\n<p><strong>A concep\u00e7\u00e3o de desenvolvimento desvinculou sociedade e natureza <\/strong><\/p>\n<p><a href=\"http:\/\/franciscanos.org.br\/wp-content\/uploads\/2012\/03\/sefras_02_g26.jpg\"><img loading=\"lazy\" class=\"alignleft size-full wp-image-13686\" title=\"Semin\u00e1rio Justi\u00e7a Ambiental\" src=\"http:\/\/franciscanos.org.br\/wp-content\/uploads\/2012\/03\/sefras_02_g26.jpg\" alt=\"\" width=\"400\" height=\"266\" \/><\/a>Moema Miranda apresentou uma an\u00e1lise cr\u00edtica sobre o documento que as Na\u00e7\u00f5es Unidas prepara para apresentar oficialmente na Rio+20, em junho deste ano, no Rio de Janeiro. De acordo com ela, a ideia inicial da Confer\u00eancia, foi a de realizar uma avalia\u00e7\u00e3o dos 20 anos p\u00f3s-Confer\u00eancia da Eco 92, referente aos compromissos assumidos pelos governos naquela ocasi\u00e3o para o desenvolvimento sustent\u00e1vel. Mas, ela contou que esta pauta n\u00e3o esta sendo levado em considera\u00e7\u00e3o na programa\u00e7\u00e3o do evento. Os governos t\u00eam se voltado para resolver a crise capitalista que se alastra, principalmente no continente europeu e procuram trazer este tema para o debate da Rio+20. Entretanto, Moema destacou a import\u00e2ncia do processo paralelo \u00e0 Rio+20 que ser\u00e1 a C\u00fapula dos Povos, que tem a pretens\u00e3o de dar uma resposta aos problemas, sejam eles sociais e ambientais, porque as consequ\u00eancias de um interfere no outro. Vale lembrar que este mesmo processo paralelo aconteceu durante a Eco92, com a C\u00fapula da Terra, quando se consolidou a Carta da Terra e Agenda 21 entre outros documentos.<\/p>\n<p>Moema ainda explicou que o primeiro rascunho do documento que ser\u00e1 apresentando oficialmente aos governos na Rio+20, chamado de \u201cRascunho Zero\u201d, enviado aos pa\u00edses, j\u00e1 t\u00eam diversas altera\u00e7\u00f5es e atingem o n\u00famero de 200 p\u00e1ginas, sobretudo, quando tange em mudan\u00e7as de paradigmas de consumo e produ\u00e7\u00e3o. Durante a sua fala no semin\u00e1rio, ela fez uma an\u00e1lise hist\u00f3rica da concep\u00e7\u00e3o que a 500 anos de entendimento sobre \u201cdesenvolvimento\u201d e que se consolidou com a revolu\u00e7\u00e3o industrial e cient\u00edfica. \u201cNossa concep\u00e7\u00e3o foi que n\u00f3s seres humanos somos uma coisa e a natureza \u00e9 outra e, devemos investigar essa natureza e nos apropriar dos recursos naturais para enfrentar a escassez, a pen\u00faria e a pobreza. A natureza \u00e9 vista como recurso natural para n\u00f3s e, a partir da\u00ed, a gente come\u00e7a uma ruptura entre a sociedade e o ambiente\u201d. Ela considerou que, pela primeira vez, a humanidade tem condi\u00e7\u00f5es reais de garantir para todas as pessoas, mesmo com a nossa diversidade e multiplicidade, condi\u00e7\u00f5es de vida digna e o acesso \u00e0 moradia e \u00e0 alimenta\u00e7\u00e3o e por isso, a pobreza hoje, n\u00e3o se explica mais pela car\u00eancia de recursos, como aconteceu antigamente na Europa, quando morria grande parte da popula\u00e7\u00e3o. \u201cHoje, a fome e a mis\u00e9ria existem pela concentra\u00e7\u00e3o, por causa da possiblidade de acumula\u00e7\u00e3o absurda de poucos. N\u00e3o se tem nenhum mecanismo para frear a riqueza extrema. \u00c9 imposs\u00edvel combater a pobreza sem enfrentar a desigualdade\u201d, considerou Moema. \u00a0Para ela, \u00e9 o acumulo da riqueza e os recursos nas m\u00e3os de poucos que o mant\u00eam e produz os problemas socioambientais.<\/p>\n<p><strong>Economia Verde: uma perspectiva econ\u00f4mica sob os recursos da natureza<\/strong><\/p>\n<p>Frei Rodrigo Peret, ao falar das reais inten\u00e7\u00f5es sobre \u201cEconomia Verde\u201d explicou \u00a0a din\u00e2mica da natureza, que ao contr\u00e1rio dos seres humanos, as florestas, por exemplo, em seu processo de desenvolvimento, se expandem sem empobrecer o meio ambiente. \u201cEla nunca vai produzir res\u00edduos mais do que o meio ambiente \u00e9 capaz de absorver e de gerar nova vida\u201d.<\/p>\n<p>Peret fez a constata\u00e7\u00e3o de que a \u201cEconomia Verde\u201d, que ser\u00e1 pautada na Confer\u00eancia da ONU na Rio+20, considera que os ciclos naturais que geram e permitem a vida, s\u00e3o chamados de \u201cservi\u00e7os\u201d prestados aos seres humanos e estes \u00a0se servem dela para sobreviver. Ao respirarmos o ar puro e tomamos \u00e1gua limpa, por exemplo, n\u00f3s nos servimos desses recursos da natureza. \u201cSegundo a \u2018Economia Verde\u2019, estes servi\u00e7os deveriam ser revestidos de um valor econ\u00f4mico como forma de garantir o gerenciamento da sustentabilidade\u201d, esclareceu.<\/p>\n<p><strong>O Mercado ser\u00e1 o regulador dos \u201cservi\u00e7os\u201d prestados pela natureza<\/strong><\/p>\n<p>A \u201cEconomia Verde\u201d, da forma que est\u00e1 sendo posta, \u00e9 resultado da economia da biodiversidade e dos ecossistemas. Ela foi implantada pelo programa da ONU, a partir de uma solicita\u00e7\u00e3o em 2007 do G20, quando pediram para que se estudassem os fluxos da vida e os impactos que sofridos com a degrada\u00e7\u00e3o ambiental, mas considerando-a numa perspectiva econ\u00f4mica. \u201cQuerem fazer com que esses sistemas extremamente complexos \u2013 que formam os ciclos naturais que \u00e9 a integra\u00e7\u00e3o entre os organismos vivos (plantas e animais) e os organismos n\u00e3o vivos (o ar, a \u00e1gua e o solo) que se interagem sejam considerados como ativos econ\u00f4micos. \u00c9 o capital se apossando da din\u00e2mica da vida\u201d, explanou Frei Rodrigo Peret.<\/p>\n<p>A partir da proposta da \u201cEconomia Verde, para se preservar e continuar se desenvolvendo, \u00e9 necess\u00e1rio valorar os servi\u00e7os que a natureza presta. \u201cNeste sentido, a natureza \u00e9 vista como capital natural e os ecossistemas um estoque desse capital e que vai gerar lucro regulado pelo mercado\u201d! Peret chamou a aten\u00e7\u00e3o dos participantes ao falar que os debates promovidos pela ONU s\u00e3o das grandes corpora\u00e7\u00f5es capitalistas, que ganham espa\u00e7os e definem os rumos do mundo\u201d.<\/p>\n<p><strong>A atua\u00e7\u00e3o dos movimentos sociais e ONGs,<\/strong><\/p>\n<p><a href=\"http:\/\/franciscanos.org.br\/wp-content\/uploads\/2012\/03\/sefras_04_g26.jpg\"><img loading=\"lazy\" class=\"alignright size-full wp-image-13690\" title=\"sefras_04_g26\" src=\"http:\/\/franciscanos.org.br\/wp-content\/uploads\/2012\/03\/sefras_04_g26.jpg\" alt=\"\" width=\"400\" height=\"266\" \/><\/a>Frei Orestes Serra fez uma an\u00e1lise hist\u00f3rica do florescer dos movimentos sociais no Brasil e deu destaque para o \u201cesfriamento\u201d das lutas sociais durante o governo Lula.\u00a0 \u201cOs movimentos sociais no Governo Lula entraram numa grande contra\u00e7\u00e3o entre ser movimento social, ser movimento de mobiliza\u00e7\u00e3o e fazer parte e parceiro do governo\u201d.\u00a0 Orestes destacou ainda que \u00e9 importante considerar a fragmenta\u00e7\u00e3o das lutas sociais. \u201cN\u00e3o conseguimos mais unificar as bandeiras de luta como acontecia na d\u00e9cada de 80. Muitas ONGs, sindicatos e movimentos come\u00e7aram a viver do dinheiro p\u00fablico e isso tirou um pouco o poder de luta e enfrentamento\u201d, enfatizou Serra. E diante dos problemas ambientais, afirma que \u00e9 preciso haver a uni\u00e3o da sociedade civil organizada. \u201cNosso desafio \u00e9 buscarmos um caminho que nos edifique como movimento social. Que nos unifique a partir da mesma luta para todos. N\u00e3o podemos continuar como estamos porque estamos fadados a um grande des\u00e2nimo coletivo\u201d, considerou.<\/p>\n<p>\u201cTodos n\u00f3s sabemos que a terra pode viver sem os seres humanos. N\u00f3s \u00e9 que n\u00e3o podemos viver sem a nossa casa comum. Somos dependentes da terra. Temos que escolher entre o caminho da vida e o caminho da morte\u201d, concluiu Moema Miranda.<\/p>\n<p><strong>Atividade da Campanha N\u00e3o \u00e0 \u201cEconomia Verde\u201d <\/strong><\/p>\n<p>O Semin\u00e1rio Justi\u00e7a Ambiental, foi uma atividade da Campanha Mundial: N\u00e3o \u00e0 \u201cEconomia Verde\u201d, assumida pelo Sefras e o Sinfrajupe ao final do F\u00f3rum Social Tem\u00e1tico deste ano, em Porto Alegre, RS. A Campanha, surgiu quando representante\u00a0 de entidades e movimentos sociais de diversos pa\u00edses, participantes das oficinas cujos temas foram sobre a crise capitalista e a economia verde, tiveram a iniciativa em organizar uma campanha contra essa economia da forma que ser\u00e1 posta pelos governos na Confer\u00eancia da Rio+20, ou seja, com a inten\u00e7\u00e3o de intensificar a mercantiliza\u00e7\u00e3o da vida no planeta, ou seja, apenas resolver as crises capitalistas.<\/p>\n<p><strong>Fabiano Viana, jornalista do Sefras<\/strong><\/p>\n<p>Mais informa\u00e7\u00f5es, acesse: <a href=\"http:\/\/www.sefras.org.br\" target=\"_blank\" rel=\"noopener noreferrer\">www.sefras.org.br\u00a0<\/a><\/p>\n","protected":false},"excerpt":{"rendered":"<p>Sefras<\/p>\n","protected":false},"author":1,"featured_media":210928,"comment_status":"closed","ping_status":"closed","sticky":false,"template":"","format":"standard","meta":[],"categories":[1],"tags":[227,228],"acf":[],"yoast_head":"<!-- This site is optimized with the Yoast SEO plugin v19.2 - https:\/\/yoast.com\/wordpress\/plugins\/seo\/ -->\n<title>Debate fortalece a luta emergente por justi\u00e7a ambiental - Not\u00edcias - Franciscanos<\/title>\n<meta name=\"robots\" content=\"index, follow, max-snippet:-1, max-image-preview:large, max-video-preview:-1\" \/>\n<link rel=\"canonical\" href=\"https:\/\/franciscanos.org.br\/noticias\/debate-fortalece-a-luta-emergente-por-justica-ambiental.html\" \/>\n<meta property=\"og:locale\" content=\"pt_BR\" \/>\n<meta property=\"og:type\" content=\"article\" \/>\n<meta property=\"og:title\" content=\"Debate fortalece a luta emergente por justi\u00e7a ambiental - Not\u00edcias - Franciscanos\" \/>\n<meta property=\"og:description\" content=\"Sefras\" \/>\n<meta property=\"og:url\" content=\"https:\/\/franciscanos.org.br\/noticias\/debate-fortalece-a-luta-emergente-por-justica-ambiental.html\" \/>\n<meta property=\"og:site_name\" content=\"Not\u00edcias - Franciscanos\" \/>\n<meta property=\"article:published_time\" content=\"2012-03-26T11:03:27+00:00\" \/>\n<meta property=\"article:modified_time\" content=\"2019-09-13T16:43:42+00:00\" \/>\n<meta property=\"og:image\" content=\"https:\/\/franciscanos.org.br\/noticias\/wp-content\/uploads\/2012\/03\/sefras_01_g26.jpg\" \/>\n\t<meta property=\"og:image:width\" content=\"273\" \/>\n\t<meta property=\"og:image:height\" content=\"181\" \/>\n\t<meta property=\"og:image:type\" content=\"image\/jpeg\" \/>\n<meta name=\"author\" content=\"admin\" \/>\n<meta name=\"twitter:card\" content=\"summary_large_image\" \/>\n<meta name=\"twitter:label1\" content=\"Escrito por\" \/>\n\t<meta name=\"twitter:data1\" content=\"admin\" \/>\n\t<meta name=\"twitter:label2\" content=\"Est. tempo de leitura\" \/>\n\t<meta name=\"twitter:data2\" content=\"8 minutos\" \/>\n<script type=\"application\/ld+json\" class=\"yoast-schema-graph\">{\"@context\":\"https:\/\/schema.org\",\"@graph\":[{\"@type\":\"WebSite\",\"@id\":\"https:\/\/franciscanos.org.br\/noticias\/#website\",\"url\":\"https:\/\/franciscanos.org.br\/noticias\/\",\"name\":\"Not\u00edcias - Franciscanos\",\"description\":\"Prov\u00edncia Franciscana da Imaculada Concei\u00e7\u00e3o do Brasil - Ordem dos Frades Menores - OFM\",\"potentialAction\":[{\"@type\":\"SearchAction\",\"target\":{\"@type\":\"EntryPoint\",\"urlTemplate\":\"https:\/\/franciscanos.org.br\/noticias\/?s={search_term_string}\"},\"query-input\":\"required name=search_term_string\"}],\"inLanguage\":\"pt-BR\"},{\"@type\":\"ImageObject\",\"inLanguage\":\"pt-BR\",\"@id\":\"https:\/\/franciscanos.org.br\/noticias\/debate-fortalece-a-luta-emergente-por-justica-ambiental.html#primaryimage\",\"url\":\"https:\/\/franciscanos.org.br\/noticias\/wp-content\/uploads\/2012\/03\/sefras_01_g26.jpg\",\"contentUrl\":\"https:\/\/franciscanos.org.br\/noticias\/wp-content\/uploads\/2012\/03\/sefras_01_g26.jpg\",\"width\":273,\"height\":181},{\"@type\":\"WebPage\",\"@id\":\"https:\/\/franciscanos.org.br\/noticias\/debate-fortalece-a-luta-emergente-por-justica-ambiental.html#webpage\",\"url\":\"https:\/\/franciscanos.org.br\/noticias\/debate-fortalece-a-luta-emergente-por-justica-ambiental.html\",\"name\":\"Debate fortalece a luta emergente por justi\u00e7a ambiental - Not\u00edcias - Franciscanos\",\"isPartOf\":{\"@id\":\"https:\/\/franciscanos.org.br\/noticias\/#website\"},\"primaryImageOfPage\":{\"@id\":\"https:\/\/franciscanos.org.br\/noticias\/debate-fortalece-a-luta-emergente-por-justica-ambiental.html#primaryimage\"},\"datePublished\":\"2012-03-26T11:03:27+00:00\",\"dateModified\":\"2019-09-13T16:43:42+00:00\",\"author\":{\"@id\":\"https:\/\/franciscanos.org.br\/noticias\/#\/schema\/person\/b38fbf43118f02820bd932f2e4b14ad3\"},\"breadcrumb\":{\"@id\":\"https:\/\/franciscanos.org.br\/noticias\/debate-fortalece-a-luta-emergente-por-justica-ambiental.html#breadcrumb\"},\"inLanguage\":\"pt-BR\",\"potentialAction\":[{\"@type\":\"ReadAction\",\"target\":[\"https:\/\/franciscanos.org.br\/noticias\/debate-fortalece-a-luta-emergente-por-justica-ambiental.html\"]}]},{\"@type\":\"BreadcrumbList\",\"@id\":\"https:\/\/franciscanos.org.br\/noticias\/debate-fortalece-a-luta-emergente-por-justica-ambiental.html#breadcrumb\",\"itemListElement\":[{\"@type\":\"ListItem\",\"position\":1,\"name\":\"Home\",\"item\":\"https:\/\/franciscanos.org.br\/noticias\"},{\"@type\":\"ListItem\",\"position\":2,\"name\":\"Debate fortalece a luta emergente por justi\u00e7a ambiental\"}]},{\"@type\":\"Person\",\"@id\":\"https:\/\/franciscanos.org.br\/noticias\/#\/schema\/person\/b38fbf43118f02820bd932f2e4b14ad3\",\"name\":\"admin\",\"image\":{\"@type\":\"ImageObject\",\"inLanguage\":\"pt-BR\",\"@id\":\"https:\/\/franciscanos.org.br\/noticias\/#\/schema\/person\/image\/\",\"url\":\"https:\/\/secure.gravatar.com\/avatar\/e8495742d34d0ba6448ea1c628263b3e?s=96&d=mm&r=g\",\"contentUrl\":\"https:\/\/secure.gravatar.com\/avatar\/e8495742d34d0ba6448ea1c628263b3e?s=96&d=mm&r=g\",\"caption\":\"admin\"},\"url\":\"https:\/\/franciscanos.org.br\/noticias\/author\/admin\"}]}<\/script>\n<!-- \/ Yoast SEO plugin. -->","yoast_head_json":{"title":"Debate fortalece a luta emergente por justi\u00e7a ambiental - Not\u00edcias - Franciscanos","robots":{"index":"index","follow":"follow","max-snippet":"max-snippet:-1","max-image-preview":"max-image-preview:large","max-video-preview":"max-video-preview:-1"},"canonical":"https:\/\/franciscanos.org.br\/noticias\/debate-fortalece-a-luta-emergente-por-justica-ambiental.html","og_locale":"pt_BR","og_type":"article","og_title":"Debate fortalece a luta emergente por justi\u00e7a ambiental - Not\u00edcias - Franciscanos","og_description":"Sefras","og_url":"https:\/\/franciscanos.org.br\/noticias\/debate-fortalece-a-luta-emergente-por-justica-ambiental.html","og_site_name":"Not\u00edcias - Franciscanos","article_published_time":"2012-03-26T11:03:27+00:00","article_modified_time":"2019-09-13T16:43:42+00:00","og_image":[{"width":273,"height":181,"url":"https:\/\/franciscanos.org.br\/noticias\/wp-content\/uploads\/2012\/03\/sefras_01_g26.jpg","type":"image\/jpeg"}],"author":"admin","twitter_card":"summary_large_image","twitter_misc":{"Escrito por":"admin","Est. tempo de leitura":"8 minutos"},"schema":{"@context":"https:\/\/schema.org","@graph":[{"@type":"WebSite","@id":"https:\/\/franciscanos.org.br\/noticias\/#website","url":"https:\/\/franciscanos.org.br\/noticias\/","name":"Not\u00edcias - Franciscanos","description":"Prov\u00edncia Franciscana da Imaculada Concei\u00e7\u00e3o do Brasil - Ordem dos Frades Menores - OFM","potentialAction":[{"@type":"SearchAction","target":{"@type":"EntryPoint","urlTemplate":"https:\/\/franciscanos.org.br\/noticias\/?s={search_term_string}"},"query-input":"required name=search_term_string"}],"inLanguage":"pt-BR"},{"@type":"ImageObject","inLanguage":"pt-BR","@id":"https:\/\/franciscanos.org.br\/noticias\/debate-fortalece-a-luta-emergente-por-justica-ambiental.html#primaryimage","url":"https:\/\/franciscanos.org.br\/noticias\/wp-content\/uploads\/2012\/03\/sefras_01_g26.jpg","contentUrl":"https:\/\/franciscanos.org.br\/noticias\/wp-content\/uploads\/2012\/03\/sefras_01_g26.jpg","width":273,"height":181},{"@type":"WebPage","@id":"https:\/\/franciscanos.org.br\/noticias\/debate-fortalece-a-luta-emergente-por-justica-ambiental.html#webpage","url":"https:\/\/franciscanos.org.br\/noticias\/debate-fortalece-a-luta-emergente-por-justica-ambiental.html","name":"Debate fortalece a luta emergente por justi\u00e7a ambiental - Not\u00edcias - Franciscanos","isPartOf":{"@id":"https:\/\/franciscanos.org.br\/noticias\/#website"},"primaryImageOfPage":{"@id":"https:\/\/franciscanos.org.br\/noticias\/debate-fortalece-a-luta-emergente-por-justica-ambiental.html#primaryimage"},"datePublished":"2012-03-26T11:03:27+00:00","dateModified":"2019-09-13T16:43:42+00:00","author":{"@id":"https:\/\/franciscanos.org.br\/noticias\/#\/schema\/person\/b38fbf43118f02820bd932f2e4b14ad3"},"breadcrumb":{"@id":"https:\/\/franciscanos.org.br\/noticias\/debate-fortalece-a-luta-emergente-por-justica-ambiental.html#breadcrumb"},"inLanguage":"pt-BR","potentialAction":[{"@type":"ReadAction","target":["https:\/\/franciscanos.org.br\/noticias\/debate-fortalece-a-luta-emergente-por-justica-ambiental.html"]}]},{"@type":"BreadcrumbList","@id":"https:\/\/franciscanos.org.br\/noticias\/debate-fortalece-a-luta-emergente-por-justica-ambiental.html#breadcrumb","itemListElement":[{"@type":"ListItem","position":1,"name":"Home","item":"https:\/\/franciscanos.org.br\/noticias"},{"@type":"ListItem","position":2,"name":"Debate fortalece a luta emergente por justi\u00e7a ambiental"}]},{"@type":"Person","@id":"https:\/\/franciscanos.org.br\/noticias\/#\/schema\/person\/b38fbf43118f02820bd932f2e4b14ad3","name":"admin","image":{"@type":"ImageObject","inLanguage":"pt-BR","@id":"https:\/\/franciscanos.org.br\/noticias\/#\/schema\/person\/image\/","url":"https:\/\/secure.gravatar.com\/avatar\/e8495742d34d0ba6448ea1c628263b3e?s=96&d=mm&r=g","contentUrl":"https:\/\/secure.gravatar.com\/avatar\/e8495742d34d0ba6448ea1c628263b3e?s=96&d=mm&r=g","caption":"admin"},"url":"https:\/\/franciscanos.org.br\/noticias\/author\/admin"}]}},"_links":{"self":[{"href":"https:\/\/franciscanos.org.br\/noticias\/wp-json\/wp\/v2\/posts\/13684"}],"collection":[{"href":"https:\/\/franciscanos.org.br\/noticias\/wp-json\/wp\/v2\/posts"}],"about":[{"href":"https:\/\/franciscanos.org.br\/noticias\/wp-json\/wp\/v2\/types\/post"}],"author":[{"embeddable":true,"href":"https:\/\/franciscanos.org.br\/noticias\/wp-json\/wp\/v2\/users\/1"}],"replies":[{"embeddable":true,"href":"https:\/\/franciscanos.org.br\/noticias\/wp-json\/wp\/v2\/comments?post=13684"}],"version-history":[{"count":0,"href":"https:\/\/franciscanos.org.br\/noticias\/wp-json\/wp\/v2\/posts\/13684\/revisions"}],"wp:featuredmedia":[{"embeddable":true,"href":"https:\/\/franciscanos.org.br\/noticias\/wp-json\/wp\/v2\/media\/210928"}],"wp:attachment":[{"href":"https:\/\/franciscanos.org.br\/noticias\/wp-json\/wp\/v2\/media?parent=13684"}],"wp:term":[{"taxonomy":"category","embeddable":true,"href":"https:\/\/franciscanos.org.br\/noticias\/wp-json\/wp\/v2\/categories?post=13684"},{"taxonomy":"post_tag","embeddable":true,"href":"https:\/\/franciscanos.org.br\/noticias\/wp-json\/wp\/v2\/tags?post=13684"}],"curies":[{"name":"wp","href":"https:\/\/api.w.org\/{rel}","templated":true}]}}