{"id":136836,"date":"2017-06-27T08:18:03","date_gmt":"2017-06-27T11:18:03","guid":{"rendered":"http:\/\/franciscanos.org.br\/?p=136836"},"modified":"2019-02-04T10:57:17","modified_gmt":"2019-02-04T12:57:17","slug":"franciscanos-seculares-se-encontram-em-viana","status":"publish","type":"post","link":"https:\/\/franciscanos.org.br\/noticias\/franciscanos-seculares-se-encontram-em-viana.html","title":{"rendered":"Franciscanos seculares se encontram em Viana"},"content":{"rendered":"<p><img loading=\"lazy\" src=\"http:\/\/franciscanos.org.br\/wp-content\/uploads\/2017\/06\/angola_270617.jpg\" alt=\"angola_270617\" width=\"830\" height=\"393\" \/><\/p>\n<p><strong>Luanda (Angola)<\/strong> &#8211; No \u00faltimo dia 25 de junho, na Fraternidade Nossa Senhora dos Anjos, em Viana, Angola, foi realizado o encontro dos franciscanos da Ordem Franciscana Secular (OFS) e da Juventude Franciscana (Jufra). O ponto alto foi a Celebra\u00e7\u00e3o Eucar\u00edstica, presidida por Frei Jos\u00e9 Ant\u00f4nio dos Santos, presidente da Funda\u00e7\u00e3o Imaculada M\u00e3e de Deus de Angola. O mesmo encontro foi testemunhado pelos Frades Menores daquela Fratenidade, pelos religiosos os que ajudam nas atividades pastorais e tamb\u00e9m pelas Irm\u00e3s Catequistas Franciscanas. A confraterniza\u00e7\u00e3o reuniu vinte fraternidades da Jufra e sete fraternidades da OFS para celebrar a f\u00e9 e o carisma franciscano.<\/p>\n<p>Na sua homilia, Frei Jos\u00e9 Ant\u00f4nio esclareceu que as leituras do dia (<em>N\u00e3o tenhais medo daqueles que matam o corpo, mas n\u00e3o podem matar a alma!<\/em>) n\u00e3o s\u00f3 falavam do medo, mas da coragem, principalmente para anunciar a Boa Nova. \u201cE n\u00f3s, Franciscanos, temos uma maneira espec\u00edfica de anunciar com nossa vida, nosso jeito de ser\u201d, disse.<\/p>\n<p>Ainda sobre as leituras do dia (<em>Jeremias disse: Eu ouvi as inj\u00farias de tantos homens e os vi espalhando o medo em redor<\/em>), o sacerdote explicou que a persegui\u00e7\u00e3o, a solid\u00e3o ou o abandono podem levar \u00e0s lamenta\u00e7\u00f5es e desabafos, como o profeta Jeremias, todavia n\u00e3o devem abalar a nossa confian\u00e7a e f\u00e9 em Deus.<\/p>\n<p><img loading=\"lazy\" src=\"http:\/\/franciscanos.org.br\/wp-content\/uploads\/2017\/06\/angola_270617_2.jpg\" alt=\"angola_270617_2\" width=\"830\" height=\"421\" \/><\/p>\n<p>E fez saber ainda que n\u00e3o s\u00e3o poucos os que t\u00eam medo. Por isso, refletiu sobre tr\u00eas tipos de medo com todos os presentes. O primeiro medo foi o do fracasso: \u201cQuantos padres, religiosos, ministros, irm\u00e3os, pais de fam\u00edlias t\u00eam medo do fracasso ou da vergonha? Jesus, por\u00e9m, garante que apesar das provoca\u00e7\u00f5es e dificuldades, a sua mensagem difundir-se-\u00e1 e transfomar\u00e1 o mundo\u201d.<\/p>\n<p>O segundo medo \u00e9 dos maus-tratos e at\u00e9 da morte. Disso fez saber que Jesus Cristo afirma que decisiva n\u00e3o \u00e9 a morte f\u00edsica, mas perder a vida definitiva (Pelo contr\u00e1rio, temei aquele que pode destruir a alma e o corpo no inferno).<\/p>\n<p>Por \u00faltimo, evocou o medo da peresgui\u00e7\u00e3o. \u201cCom medo, a pessoa tranca-se dentro de seu pequeno mundo e cada vez mais se isola da sociedade. Por medo, leventa muros protetores cada vez mais altos. Criam-se condom\u00ednios mais fechados, como se isso resolvesse o problema do medo. Temos de ter claro de quem realmente nos protege \u00e9 o pr\u00f3prio Deus\u201d, completou.<\/p>\n<p>Frei Jos\u00e9 pediu \u00e0 Jufra para a ser mais forte e estar mais ativa nas Par\u00f3quias franciscanas e em outras par\u00f3quias. E para tal manifestou sua disposi\u00e7\u00e3o em ajudar e tamb\u00e9m pediu o apoio da OFS. No final da Missa foi feita uma apresenta\u00e7\u00e3o das fraternidades e a nova divis\u00e3o dos Regionais. Tamb\u00e9m apresentou a fraternidade emergente criada na Catedral de Viana. Depois da Missa, seguiu-se o almo\u00e7o de confraterniza\u00e7\u00e3o e uma tarde recreativa.<\/p>\n<p><strong>Frei Cris\u00f3stomo Pinto \u00d1gala<\/strong><\/p>\n<p><img loading=\"lazy\" src=\"http:\/\/franciscanos.org.br\/wp-content\/uploads\/2017\/06\/angola_270617_3.jpg\" alt=\"angola_270617_3\" width=\"830\" height=\"623\" \/><\/p>\n","protected":false},"excerpt":{"rendered":"<p>Miss\u00e3o em Angola<\/p>\n","protected":false},"author":1,"featured_media":199350,"comment_status":"open","ping_status":"open","sticky":false,"template":"","format":"standard","meta":[],"categories":[1],"tags":[360,60],"acf":[],"yoast_head":"<!-- This site is optimized with the Yoast SEO plugin v19.2 - https:\/\/yoast.com\/wordpress\/plugins\/seo\/ -->\n<title>Franciscanos seculares se encontram em Viana - Not\u00edcias - Franciscanos<\/title>\n<meta name=\"robots\" content=\"index, follow, max-snippet:-1, max-image-preview:large, max-video-preview:-1\" \/>\n<link rel=\"canonical\" href=\"https:\/\/franciscanos.org.br\/noticias\/franciscanos-seculares-se-encontram-em-viana.html\" \/>\n<meta property=\"og:locale\" content=\"pt_BR\" \/>\n<meta property=\"og:type\" content=\"article\" \/>\n<meta property=\"og:title\" content=\"Franciscanos seculares se encontram em Viana - Not\u00edcias - Franciscanos\" \/>\n<meta property=\"og:description\" content=\"Miss\u00e3o em Angola\" \/>\n<meta property=\"og:url\" content=\"https:\/\/franciscanos.org.br\/noticias\/franciscanos-seculares-se-encontram-em-viana.html\" \/>\n<meta property=\"og:site_name\" content=\"Not\u00edcias - Franciscanos\" \/>\n<meta property=\"article:published_time\" content=\"2017-06-27T11:18:03+00:00\" \/>\n<meta property=\"article:modified_time\" content=\"2019-02-04T12:57:17+00:00\" \/>\n<meta property=\"og:image\" content=\"https:\/\/franciscanos.org.br\/noticias\/wp-content\/uploads\/2017\/06\/angola_270617.jpg\" \/>\n\t<meta property=\"og:image:width\" content=\"273\" \/>\n\t<meta property=\"og:image:height\" content=\"181\" \/>\n\t<meta property=\"og:image:type\" content=\"image\/jpeg\" \/>\n<meta name=\"author\" content=\"admin\" \/>\n<meta name=\"twitter:card\" content=\"summary_large_image\" \/>\n<meta name=\"twitter:label1\" content=\"Escrito por\" \/>\n\t<meta name=\"twitter:data1\" content=\"admin\" \/>\n\t<meta name=\"twitter:label2\" content=\"Est. tempo de leitura\" \/>\n\t<meta name=\"twitter:data2\" content=\"2 minutos\" \/>\n<script type=\"application\/ld+json\" class=\"yoast-schema-graph\">{\"@context\":\"https:\/\/schema.org\",\"@graph\":[{\"@type\":\"WebSite\",\"@id\":\"https:\/\/franciscanos.org.br\/noticias\/#website\",\"url\":\"https:\/\/franciscanos.org.br\/noticias\/\",\"name\":\"Not\u00edcias - Franciscanos\",\"description\":\"Prov\u00edncia Franciscana da Imaculada Concei\u00e7\u00e3o do Brasil - Ordem dos Frades Menores - OFM\",\"potentialAction\":[{\"@type\":\"SearchAction\",\"target\":{\"@type\":\"EntryPoint\",\"urlTemplate\":\"https:\/\/franciscanos.org.br\/noticias\/?s={search_term_string}\"},\"query-input\":\"required name=search_term_string\"}],\"inLanguage\":\"pt-BR\"},{\"@type\":\"ImageObject\",\"inLanguage\":\"pt-BR\",\"@id\":\"https:\/\/franciscanos.org.br\/noticias\/franciscanos-seculares-se-encontram-em-viana.html#primaryimage\",\"url\":\"https:\/\/franciscanos.org.br\/noticias\/wp-content\/uploads\/2017\/06\/angola_270617.jpg\",\"contentUrl\":\"https:\/\/franciscanos.org.br\/noticias\/wp-content\/uploads\/2017\/06\/angola_270617.jpg\",\"width\":273,\"height\":181},{\"@type\":\"WebPage\",\"@id\":\"https:\/\/franciscanos.org.br\/noticias\/franciscanos-seculares-se-encontram-em-viana.html#webpage\",\"url\":\"https:\/\/franciscanos.org.br\/noticias\/franciscanos-seculares-se-encontram-em-viana.html\",\"name\":\"Franciscanos seculares se encontram em Viana - Not\u00edcias - Franciscanos\",\"isPartOf\":{\"@id\":\"https:\/\/franciscanos.org.br\/noticias\/#website\"},\"primaryImageOfPage\":{\"@id\":\"https:\/\/franciscanos.org.br\/noticias\/franciscanos-seculares-se-encontram-em-viana.html#primaryimage\"},\"datePublished\":\"2017-06-27T11:18:03+00:00\",\"dateModified\":\"2019-02-04T12:57:17+00:00\",\"author\":{\"@id\":\"https:\/\/franciscanos.org.br\/noticias\/#\/schema\/person\/b38fbf43118f02820bd932f2e4b14ad3\"},\"breadcrumb\":{\"@id\":\"https:\/\/franciscanos.org.br\/noticias\/franciscanos-seculares-se-encontram-em-viana.html#breadcrumb\"},\"inLanguage\":\"pt-BR\",\"potentialAction\":[{\"@type\":\"ReadAction\",\"target\":[\"https:\/\/franciscanos.org.br\/noticias\/franciscanos-seculares-se-encontram-em-viana.html\"]}]},{\"@type\":\"BreadcrumbList\",\"@id\":\"https:\/\/franciscanos.org.br\/noticias\/franciscanos-seculares-se-encontram-em-viana.html#breadcrumb\",\"itemListElement\":[{\"@type\":\"ListItem\",\"position\":1,\"name\":\"Home\",\"item\":\"https:\/\/franciscanos.org.br\/noticias\"},{\"@type\":\"ListItem\",\"position\":2,\"name\":\"Franciscanos seculares se encontram em Viana\"}]},{\"@type\":\"Person\",\"@id\":\"https:\/\/franciscanos.org.br\/noticias\/#\/schema\/person\/b38fbf43118f02820bd932f2e4b14ad3\",\"name\":\"admin\",\"image\":{\"@type\":\"ImageObject\",\"inLanguage\":\"pt-BR\",\"@id\":\"https:\/\/franciscanos.org.br\/noticias\/#\/schema\/person\/image\/\",\"url\":\"https:\/\/secure.gravatar.com\/avatar\/e8495742d34d0ba6448ea1c628263b3e?s=96&d=mm&r=g\",\"contentUrl\":\"https:\/\/secure.gravatar.com\/avatar\/e8495742d34d0ba6448ea1c628263b3e?s=96&d=mm&r=g\",\"caption\":\"admin\"},\"url\":\"https:\/\/franciscanos.org.br\/noticias\/author\/admin\"}]}<\/script>\n<!-- \/ Yoast SEO plugin. -->","yoast_head_json":{"title":"Franciscanos seculares se encontram em Viana - Not\u00edcias - Franciscanos","robots":{"index":"index","follow":"follow","max-snippet":"max-snippet:-1","max-image-preview":"max-image-preview:large","max-video-preview":"max-video-preview:-1"},"canonical":"https:\/\/franciscanos.org.br\/noticias\/franciscanos-seculares-se-encontram-em-viana.html","og_locale":"pt_BR","og_type":"article","og_title":"Franciscanos seculares se encontram em Viana - Not\u00edcias - Franciscanos","og_description":"Miss\u00e3o em Angola","og_url":"https:\/\/franciscanos.org.br\/noticias\/franciscanos-seculares-se-encontram-em-viana.html","og_site_name":"Not\u00edcias - Franciscanos","article_published_time":"2017-06-27T11:18:03+00:00","article_modified_time":"2019-02-04T12:57:17+00:00","og_image":[{"width":273,"height":181,"url":"https:\/\/franciscanos.org.br\/noticias\/wp-content\/uploads\/2017\/06\/angola_270617.jpg","type":"image\/jpeg"}],"author":"admin","twitter_card":"summary_large_image","twitter_misc":{"Escrito por":"admin","Est. tempo de leitura":"2 minutos"},"schema":{"@context":"https:\/\/schema.org","@graph":[{"@type":"WebSite","@id":"https:\/\/franciscanos.org.br\/noticias\/#website","url":"https:\/\/franciscanos.org.br\/noticias\/","name":"Not\u00edcias - Franciscanos","description":"Prov\u00edncia Franciscana da Imaculada Concei\u00e7\u00e3o do Brasil - Ordem dos Frades Menores - OFM","potentialAction":[{"@type":"SearchAction","target":{"@type":"EntryPoint","urlTemplate":"https:\/\/franciscanos.org.br\/noticias\/?s={search_term_string}"},"query-input":"required name=search_term_string"}],"inLanguage":"pt-BR"},{"@type":"ImageObject","inLanguage":"pt-BR","@id":"https:\/\/franciscanos.org.br\/noticias\/franciscanos-seculares-se-encontram-em-viana.html#primaryimage","url":"https:\/\/franciscanos.org.br\/noticias\/wp-content\/uploads\/2017\/06\/angola_270617.jpg","contentUrl":"https:\/\/franciscanos.org.br\/noticias\/wp-content\/uploads\/2017\/06\/angola_270617.jpg","width":273,"height":181},{"@type":"WebPage","@id":"https:\/\/franciscanos.org.br\/noticias\/franciscanos-seculares-se-encontram-em-viana.html#webpage","url":"https:\/\/franciscanos.org.br\/noticias\/franciscanos-seculares-se-encontram-em-viana.html","name":"Franciscanos seculares se encontram em Viana - Not\u00edcias - Franciscanos","isPartOf":{"@id":"https:\/\/franciscanos.org.br\/noticias\/#website"},"primaryImageOfPage":{"@id":"https:\/\/franciscanos.org.br\/noticias\/franciscanos-seculares-se-encontram-em-viana.html#primaryimage"},"datePublished":"2017-06-27T11:18:03+00:00","dateModified":"2019-02-04T12:57:17+00:00","author":{"@id":"https:\/\/franciscanos.org.br\/noticias\/#\/schema\/person\/b38fbf43118f02820bd932f2e4b14ad3"},"breadcrumb":{"@id":"https:\/\/franciscanos.org.br\/noticias\/franciscanos-seculares-se-encontram-em-viana.html#breadcrumb"},"inLanguage":"pt-BR","potentialAction":[{"@type":"ReadAction","target":["https:\/\/franciscanos.org.br\/noticias\/franciscanos-seculares-se-encontram-em-viana.html"]}]},{"@type":"BreadcrumbList","@id":"https:\/\/franciscanos.org.br\/noticias\/franciscanos-seculares-se-encontram-em-viana.html#breadcrumb","itemListElement":[{"@type":"ListItem","position":1,"name":"Home","item":"https:\/\/franciscanos.org.br\/noticias"},{"@type":"ListItem","position":2,"name":"Franciscanos seculares se encontram em Viana"}]},{"@type":"Person","@id":"https:\/\/franciscanos.org.br\/noticias\/#\/schema\/person\/b38fbf43118f02820bd932f2e4b14ad3","name":"admin","image":{"@type":"ImageObject","inLanguage":"pt-BR","@id":"https:\/\/franciscanos.org.br\/noticias\/#\/schema\/person\/image\/","url":"https:\/\/secure.gravatar.com\/avatar\/e8495742d34d0ba6448ea1c628263b3e?s=96&d=mm&r=g","contentUrl":"https:\/\/secure.gravatar.com\/avatar\/e8495742d34d0ba6448ea1c628263b3e?s=96&d=mm&r=g","caption":"admin"},"url":"https:\/\/franciscanos.org.br\/noticias\/author\/admin"}]}},"_links":{"self":[{"href":"https:\/\/franciscanos.org.br\/noticias\/wp-json\/wp\/v2\/posts\/136836"}],"collection":[{"href":"https:\/\/franciscanos.org.br\/noticias\/wp-json\/wp\/v2\/posts"}],"about":[{"href":"https:\/\/franciscanos.org.br\/noticias\/wp-json\/wp\/v2\/types\/post"}],"author":[{"embeddable":true,"href":"https:\/\/franciscanos.org.br\/noticias\/wp-json\/wp\/v2\/users\/1"}],"replies":[{"embeddable":true,"href":"https:\/\/franciscanos.org.br\/noticias\/wp-json\/wp\/v2\/comments?post=136836"}],"version-history":[{"count":0,"href":"https:\/\/franciscanos.org.br\/noticias\/wp-json\/wp\/v2\/posts\/136836\/revisions"}],"wp:featuredmedia":[{"embeddable":true,"href":"https:\/\/franciscanos.org.br\/noticias\/wp-json\/wp\/v2\/media\/199350"}],"wp:attachment":[{"href":"https:\/\/franciscanos.org.br\/noticias\/wp-json\/wp\/v2\/media?parent=136836"}],"wp:term":[{"taxonomy":"category","embeddable":true,"href":"https:\/\/franciscanos.org.br\/noticias\/wp-json\/wp\/v2\/categories?post=136836"},{"taxonomy":"post_tag","embeddable":true,"href":"https:\/\/franciscanos.org.br\/noticias\/wp-json\/wp\/v2\/tags?post=136836"}],"curies":[{"name":"wp","href":"https:\/\/api.w.org\/{rel}","templated":true}]}}