{"id":136829,"date":"2017-06-27T07:22:17","date_gmt":"2017-06-27T10:22:17","guid":{"rendered":"http:\/\/franciscanos.org.br\/?p=136829"},"modified":"2020-06-08T19:05:40","modified_gmt":"2020-06-08T22:05:40","slug":"papa-festeja-25-anos-de-ordenacao-episcopal-nao-somos-gerontes-somos-avos","status":"publish","type":"post","link":"https:\/\/franciscanos.org.br\/noticias\/papa-festeja-25-anos-de-ordenacao-episcopal-nao-somos-gerontes-somos-avos.html","title":{"rendered":"Papa Francisco festeja 25 anos de ordena\u00e7\u00e3o episcopal: &#8220;N\u00e3o somos gerontes, somos av\u00f4s&#8221;"},"content":{"rendered":"<p><img loading=\"lazy\" src=\"http:\/\/franciscanos.org.br\/wp-content\/uploads\/2017\/06\/papa_270617.jpg\" alt=\"papa_270617\" width=\"820\" height=\"427\" \/><\/p>\n<p><strong>Cidade do Vaticano \u00a0<\/strong>\u2013 O Papa Francisco celebrou seus 25 anos de ordena\u00e7\u00e3o episcopal com uma Missa concelebrada com os Cardeais na Capela Paulina, no Vaticano (27\/06). De brasileiros, estavam presentes os Cardeais Jo\u00e3o Braz de Aviz, Cl\u00e1udio Hummes, Raymundo Damasceno Assis e S\u00e9rgio da Rocha.<\/p>\n<p>Em sua homilia, comentando a primeira leitura, o Pont\u00edfice falou de tr\u00eas imperativos inseridos no di\u00e1logo entre Deus e Abra\u00e3o: levantar-se, olhar e esperar. Express\u00f5es que marcam n\u00e3o s\u00f3 o caminho que Abra\u00e3o deve percorrer, mas tamb\u00e9m a sua atitude interior.<\/p>\n<p>Levantar-se significa n\u00e3o ficar parado, realizar a miss\u00e3o em caminho e o s\u00edmbolo \u00e9 a tenda. Olhar \u00e9 fixar o horizonte, cuja m\u00edstica consiste em estar cada vez mais distante enquanto se avan\u00e7a. Esperar \u00e9 a for\u00e7a de ir avante, com o \u00e2nimo de um \u201cescoteiro\u201d. \u201cA esperan\u00e7a n\u00e3o tem muros\u201d, disse o Papa.<\/p>\n<p>\u201cO Senhor hoje nos diz o mesmo: levante-se, olhe e espere. Essa palavra de Deus vale tamb\u00e9m para n\u00f3s, que temos quase a mesma a idade de Abra\u00e3o\u201d, brincou. Francisco pediu aos Cardeais que n\u00e3o fechem a sua vida e a sua hist\u00f3ria:<br \/>\n\u201cQuem n\u00e3o nos quer bem, diz: \u2018somos a gerontocracia da Igreja\u2019. \u00c9 uma zombaria, n\u00e3o sabe o que diz. N\u00e3o somos gerontes (*), somos av\u00f4s. E se n\u00e3o sentimos isso, devemos pedir a gra\u00e7a de senti-lo. Av\u00f4s para quais os netos olham e esperam de n\u00f3s a experi\u00eancia sobre o sentido da vida. Av\u00f4s n\u00e3o fechados. Para n\u00f3s, \u2018levante-se, olhe e espere\u2019 se chama sonhar. Somos av\u00f4s chamados a sonhar e dar o nosso sonho \u00e0 juventude de hoje, que necessita disso, porque tirar\u00e3o dos nossos sonhos a for\u00e7a para profetizar e levar avante a sua miss\u00e3o\u201d.<br \/>\n<img loading=\"lazy\" src=\"http:\/\/franciscanos.org.br\/wp-content\/uploads\/2017\/06\/papa_270617_3.jpg\" alt=\"papa_270617_3\" width=\"820\" height=\"432\" \/><\/p>\n<p>O Senhor, acrescentou o Papa, pede aos av\u00f4s da Igreja que tenham a vitalidade para dar aos jovens, sem se fechar, para oferecer \u00e0 juventude o melhor, para levar avante a profecia e o trabalho. \u201cPe\u00e7o ao Senhor que d\u00ea a todos n\u00f3s esta gra\u00e7a, tamb\u00e9m para quem ainda n\u00e3o \u00e9 av\u00f4, como o presidente do Brasil (referindo-se ao presidente da CNBB, Dom S\u00e9rgio da Rocha), que \u00e9 um jovenzinho, mas voc\u00ea chegar\u00e1 l\u00e1. A gra\u00e7a de ser av\u00f4s, a gra\u00e7a de sonhar e dar esse sonho aos nossos jovens, eles precisam disso\u201d.<\/p>\n<p>Antes da b\u00ean\u00e7\u00e3o final, o Papa Francisco agradeceu aos Cardeais \u201cpor esta ora\u00e7\u00e3o comum neste anivers\u00e1rio\u201d, pedindo o perd\u00e3o pelos seus pecados e a perseveran\u00e7a na f\u00e9, na esperan\u00e7a e na caridade.<\/p>\n<p>Ordena\u00e7\u00e3o em Buenos Aires<br \/>\nO Padre Jorge Mario Bergoglio soube que seria Bispo Auxiliar de Buenos Aires no 13 de maio de 1992, not\u00edcia que foi aprovada oficialmente por Jo\u00e3o Paulo II uma semana depois, no dia 20. No dia 27 de junho daquele mesmo ano, 1992, recebeu a ordena\u00e7\u00e3o episcopal na Catedral de Buenos Aires das m\u00e3os do Cardeal Antonio Quarracino, ent\u00e3o Arcebispo da capital argentina.<\/p>\n<blockquote><p>* GERONTE (em grego Ger\u00f3n) &#8220;anci\u00e3o&#8221;. Na antiga Gr\u00e9cia, especialmente nas cidades dorias, era o membro do conselho de anci\u00e3os que assessorava ao rei em quest\u00f5es pol\u00edticas. O Conselho de Gerontes de Esparta, a ger\u00fasia, era um \u00f3rg\u00e3o governativo composto por um conselho de 28 gerontes com mais de 60 anos e presidido por dois reis.<\/p>\n<p><img loading=\"lazy\" src=\"http:\/\/franciscanos.org.br\/wp-content\/uploads\/2017\/06\/papa_270617_2.jpg\" alt=\"papa_270617_2\" width=\"820\" height=\"547\" \/><\/p><\/blockquote>\n<h2>&#8220;IRM\u00c3OS ORTODOXOS&#8221;<\/h2>\n<p>O Papa Francisco recebeu em audi\u00eancia na manh\u00e3 desta ter\u00e7a-feira a delega\u00e7\u00e3o do Patriarcado Ecum\u00eanico de Constantinopla, presente em Roma por ocasi\u00e3o da Festa dos Santos Pedro e Paulo. O Papa agradeceu Sua Santidade o Patriarca Bartolomeu e o Santo S\u00ednodo, por terem \u201cenviado\u201d os \u201cqueridos irm\u00e3os\u201d como seus representantes para compartilhar \u201ca nossa alegria desta festa\u201d.<\/p>\n<p>Pedro e Paulo, disse o Papa, disc\u00edpulos e ap\u00f3stolos de Jesus serviram o Senhor com estilos diferentes e de modos diferentes. Todavia, mesmo na diversidade, ambos testemunharam o amor misericordioso de Deus Pai, do qual, ao seu modo, cada um fez uma profunda experi\u00eancia, chegando a oferecer em sacrif\u00edcio a pr\u00f3pria vida.<\/p>\n<p>Francisco recordou em seguida que por isso, desde os tempos antigos, a Igreja no Oriente e no Ocidente re\u00fane em uma s\u00f3 celebra\u00e7\u00e3o a mem\u00f3ria do mart\u00edrio de Pedro e de Paulo. Em seguida falando da presen\u00e7a da delega\u00e7\u00e3o de Constantinopla em Roma o Papa acrescentou: \u201cO interc\u00e2mbio de delega\u00e7\u00f5es entre a Igreja de Roma e a Igreja de Constantinopla, por ocasi\u00e3o das respectivas festividades patronais, aumenta em n\u00f3s o desejo de restabelecer a plena comunh\u00e3o entre cat\u00f3licos e ortodoxos, que j\u00e1 antecipam no encontro fraterno, na ora\u00e7\u00e3o partilhada e no comum servi\u00e7o ao Evangelho\u201d.<\/p>\n<p>A experi\u00eancia do primeiro mil\u00eanio, &#8211; continuou o Papa &#8211; em que os crist\u00e3os do Oriente e do Ocidente participavam da mesma mesa eucar\u00edstica, de um lado preservando juntos as mesmas verdades de f\u00e9, e do outro, cultivando v\u00e1rias tradi\u00e7\u00f5es teol\u00f3gicas, espirituais e can\u00f4nicas compat\u00edveis com o ensinamento dos Ap\u00f3stolos e dos Conc\u00edlios ecum\u00eanicos, \u00e9 ponto de refer\u00eancia necess\u00e1rio e fonte de inspira\u00e7\u00e3o para a busca do restabelecimento da plena comunh\u00e3o nas atuais condi\u00e7\u00f5es, comunh\u00e3o que n\u00e3o seja uniformidade homologada.<\/p>\n<p>O Santo Padre disse ainda que a presen\u00e7a da Delega\u00e7\u00e3o de Constantinopla oferece a oportunidade para recordar que este ano se celebram os 50 anos da visita do Beato Paulo VI ao Fanar, em julho de 1967, e da visita do Patriarca Athen\u00e1goras a Roma, em outubro daquele mesmo ano.<\/p>\n<p>\u201cO exemplo desses corajosos pastores, movidos unicamente pelo amor a Cristo e sua Igreja, nos encoraja a prosseguir no nosso caminho em dire\u00e7\u00e3o \u00e0 plena unidade\u201d. Francisco recordou ainda o recente encontro no Cairo com o Patriarca Bartolomeu, onde \u2013 disse -, \u201cpude constatar mais uma vez a profunda conson\u00e2ncia de vis\u00e3o sobre alguns desafios que tocam a vida da Igreja e do mundo contempor\u00e2neo\u201d.<\/p>\n<p>No pr\u00f3ximo m\u00eas de setembro em Leros, na Gr\u00e9cia, ir\u00e1 se reunir o Comit\u00ea de Coordena\u00e7\u00e3o da Comiss\u00e3o mista internacional para o di\u00e1logo teol\u00f3gico entre a Igreja Cat\u00f3lica e a Igreja Ortodoxa. \u201cFa\u00e7o votos que esta reuni\u00e3o, disse Francisco, em um clima espiritual de escuta da vontade do Senhor e na viva consci\u00eancia do caminho que muitos fi\u00e9is cat\u00f3licos e ortodoxos em v\u00e1rias partes do mundo j\u00e1 realizam juntos, seja rica de bons resultados para o futuro do di\u00e1logo teol\u00f3gico&#8221;.<\/p>\n<p>O Papa concluiu pedindo que se rezem uns pelos outros para que o Senhor \u201cnos conceda de sermos instrumentos de comunh\u00e3o e de paz, confiando na intercess\u00e3o dos Santos Pedro e Paulo e de Santo Andr\u00e9\u201d. Pediu ainda que continuem a rezar por ele.<\/p>\n<p>A delega\u00e7\u00e3o presente no Vaticano nestes dias \u00e9 guiada pelo Arcebispo de Telmessos, metropolita Job, nomeado ano passado copresidente da Comiss\u00e3o mista internacional para o di\u00e1logo entre as Igrejas ortodoxas e a Igreja cat\u00f3lica.<\/p>\n<hr \/>\n<p><em>Fonte: R\u00e1dio Vaticano<\/em><\/p>\n","protected":false},"excerpt":{"rendered":"<p>Papa Francisco<\/p>\n","protected":false},"author":1,"featured_media":200698,"comment_status":"open","ping_status":"open","sticky":false,"template":"","format":"standard","meta":[],"categories":[1428],"tags":[85,55],"acf":[],"yoast_head":"<!-- This site is optimized with the Yoast SEO plugin v19.2 - https:\/\/yoast.com\/wordpress\/plugins\/seo\/ -->\n<title>Papa Francisco festeja 25 anos de ordena\u00e7\u00e3o episcopal: &quot;N\u00e3o somos gerontes, somos av\u00f4s&quot; - Not\u00edcias - Franciscanos<\/title>\n<meta name=\"robots\" content=\"index, follow, max-snippet:-1, max-image-preview:large, max-video-preview:-1\" \/>\n<link rel=\"canonical\" href=\"https:\/\/franciscanos.org.br\/noticias\/papa-festeja-25-anos-de-ordenacao-episcopal-nao-somos-gerontes-somos-avos.html\" \/>\n<meta property=\"og:locale\" content=\"pt_BR\" \/>\n<meta property=\"og:type\" content=\"article\" \/>\n<meta property=\"og:title\" content=\"Papa Francisco festeja 25 anos de ordena\u00e7\u00e3o episcopal: &quot;N\u00e3o somos gerontes, somos av\u00f4s&quot; - Not\u00edcias - Franciscanos\" \/>\n<meta property=\"og:description\" content=\"Papa Francisco\" \/>\n<meta property=\"og:url\" content=\"https:\/\/franciscanos.org.br\/noticias\/papa-festeja-25-anos-de-ordenacao-episcopal-nao-somos-gerontes-somos-avos.html\" \/>\n<meta property=\"og:site_name\" content=\"Not\u00edcias - Franciscanos\" \/>\n<meta property=\"article:published_time\" content=\"2017-06-27T10:22:17+00:00\" \/>\n<meta property=\"article:modified_time\" content=\"2020-06-08T22:05:40+00:00\" \/>\n<meta property=\"og:image\" content=\"https:\/\/franciscanos.org.br\/noticias\/wp-content\/uploads\/2017\/06\/papa_270617.jpg\" \/>\n\t<meta property=\"og:image:width\" content=\"273\" \/>\n\t<meta property=\"og:image:height\" content=\"181\" \/>\n\t<meta property=\"og:image:type\" content=\"image\/jpeg\" \/>\n<meta name=\"author\" content=\"admin\" \/>\n<meta name=\"twitter:card\" content=\"summary_large_image\" \/>\n<meta name=\"twitter:label1\" content=\"Escrito por\" \/>\n\t<meta name=\"twitter:data1\" content=\"admin\" \/>\n\t<meta name=\"twitter:label2\" content=\"Est. tempo de leitura\" \/>\n\t<meta name=\"twitter:data2\" content=\"6 minutos\" \/>\n<script type=\"application\/ld+json\" class=\"yoast-schema-graph\">{\"@context\":\"https:\/\/schema.org\",\"@graph\":[{\"@type\":\"WebSite\",\"@id\":\"https:\/\/franciscanos.org.br\/noticias\/#website\",\"url\":\"https:\/\/franciscanos.org.br\/noticias\/\",\"name\":\"Not\u00edcias - Franciscanos\",\"description\":\"Prov\u00edncia Franciscana da Imaculada Concei\u00e7\u00e3o do Brasil - Ordem dos Frades Menores - OFM\",\"potentialAction\":[{\"@type\":\"SearchAction\",\"target\":{\"@type\":\"EntryPoint\",\"urlTemplate\":\"https:\/\/franciscanos.org.br\/noticias\/?s={search_term_string}\"},\"query-input\":\"required name=search_term_string\"}],\"inLanguage\":\"pt-BR\"},{\"@type\":\"ImageObject\",\"inLanguage\":\"pt-BR\",\"@id\":\"https:\/\/franciscanos.org.br\/noticias\/papa-festeja-25-anos-de-ordenacao-episcopal-nao-somos-gerontes-somos-avos.html#primaryimage\",\"url\":\"https:\/\/franciscanos.org.br\/noticias\/wp-content\/uploads\/2017\/06\/papa_270617.jpg\",\"contentUrl\":\"https:\/\/franciscanos.org.br\/noticias\/wp-content\/uploads\/2017\/06\/papa_270617.jpg\",\"width\":273,\"height\":181},{\"@type\":\"WebPage\",\"@id\":\"https:\/\/franciscanos.org.br\/noticias\/papa-festeja-25-anos-de-ordenacao-episcopal-nao-somos-gerontes-somos-avos.html#webpage\",\"url\":\"https:\/\/franciscanos.org.br\/noticias\/papa-festeja-25-anos-de-ordenacao-episcopal-nao-somos-gerontes-somos-avos.html\",\"name\":\"Papa Francisco festeja 25 anos de ordena\u00e7\u00e3o episcopal: \\\"N\u00e3o somos gerontes, somos av\u00f4s\\\" - Not\u00edcias - Franciscanos\",\"isPartOf\":{\"@id\":\"https:\/\/franciscanos.org.br\/noticias\/#website\"},\"primaryImageOfPage\":{\"@id\":\"https:\/\/franciscanos.org.br\/noticias\/papa-festeja-25-anos-de-ordenacao-episcopal-nao-somos-gerontes-somos-avos.html#primaryimage\"},\"datePublished\":\"2017-06-27T10:22:17+00:00\",\"dateModified\":\"2020-06-08T22:05:40+00:00\",\"author\":{\"@id\":\"https:\/\/franciscanos.org.br\/noticias\/#\/schema\/person\/b38fbf43118f02820bd932f2e4b14ad3\"},\"breadcrumb\":{\"@id\":\"https:\/\/franciscanos.org.br\/noticias\/papa-festeja-25-anos-de-ordenacao-episcopal-nao-somos-gerontes-somos-avos.html#breadcrumb\"},\"inLanguage\":\"pt-BR\",\"potentialAction\":[{\"@type\":\"ReadAction\",\"target\":[\"https:\/\/franciscanos.org.br\/noticias\/papa-festeja-25-anos-de-ordenacao-episcopal-nao-somos-gerontes-somos-avos.html\"]}]},{\"@type\":\"BreadcrumbList\",\"@id\":\"https:\/\/franciscanos.org.br\/noticias\/papa-festeja-25-anos-de-ordenacao-episcopal-nao-somos-gerontes-somos-avos.html#breadcrumb\",\"itemListElement\":[{\"@type\":\"ListItem\",\"position\":1,\"name\":\"Home\",\"item\":\"https:\/\/franciscanos.org.br\/noticias\"},{\"@type\":\"ListItem\",\"position\":2,\"name\":\"Papa Francisco festeja 25 anos de ordena\u00e7\u00e3o episcopal: &#8220;N\u00e3o somos gerontes, somos av\u00f4s&#8221;\"}]},{\"@type\":\"Person\",\"@id\":\"https:\/\/franciscanos.org.br\/noticias\/#\/schema\/person\/b38fbf43118f02820bd932f2e4b14ad3\",\"name\":\"admin\",\"image\":{\"@type\":\"ImageObject\",\"inLanguage\":\"pt-BR\",\"@id\":\"https:\/\/franciscanos.org.br\/noticias\/#\/schema\/person\/image\/\",\"url\":\"https:\/\/secure.gravatar.com\/avatar\/e8495742d34d0ba6448ea1c628263b3e?s=96&d=mm&r=g\",\"contentUrl\":\"https:\/\/secure.gravatar.com\/avatar\/e8495742d34d0ba6448ea1c628263b3e?s=96&d=mm&r=g\",\"caption\":\"admin\"},\"url\":\"https:\/\/franciscanos.org.br\/noticias\/author\/admin\"}]}<\/script>\n<!-- \/ Yoast SEO plugin. -->","yoast_head_json":{"title":"Papa Francisco festeja 25 anos de ordena\u00e7\u00e3o episcopal: \"N\u00e3o somos gerontes, somos av\u00f4s\" - Not\u00edcias - Franciscanos","robots":{"index":"index","follow":"follow","max-snippet":"max-snippet:-1","max-image-preview":"max-image-preview:large","max-video-preview":"max-video-preview:-1"},"canonical":"https:\/\/franciscanos.org.br\/noticias\/papa-festeja-25-anos-de-ordenacao-episcopal-nao-somos-gerontes-somos-avos.html","og_locale":"pt_BR","og_type":"article","og_title":"Papa Francisco festeja 25 anos de ordena\u00e7\u00e3o episcopal: \"N\u00e3o somos gerontes, somos av\u00f4s\" - Not\u00edcias - Franciscanos","og_description":"Papa Francisco","og_url":"https:\/\/franciscanos.org.br\/noticias\/papa-festeja-25-anos-de-ordenacao-episcopal-nao-somos-gerontes-somos-avos.html","og_site_name":"Not\u00edcias - Franciscanos","article_published_time":"2017-06-27T10:22:17+00:00","article_modified_time":"2020-06-08T22:05:40+00:00","og_image":[{"width":273,"height":181,"url":"https:\/\/franciscanos.org.br\/noticias\/wp-content\/uploads\/2017\/06\/papa_270617.jpg","type":"image\/jpeg"}],"author":"admin","twitter_card":"summary_large_image","twitter_misc":{"Escrito por":"admin","Est. tempo de leitura":"6 minutos"},"schema":{"@context":"https:\/\/schema.org","@graph":[{"@type":"WebSite","@id":"https:\/\/franciscanos.org.br\/noticias\/#website","url":"https:\/\/franciscanos.org.br\/noticias\/","name":"Not\u00edcias - Franciscanos","description":"Prov\u00edncia Franciscana da Imaculada Concei\u00e7\u00e3o do Brasil - Ordem dos Frades Menores - OFM","potentialAction":[{"@type":"SearchAction","target":{"@type":"EntryPoint","urlTemplate":"https:\/\/franciscanos.org.br\/noticias\/?s={search_term_string}"},"query-input":"required name=search_term_string"}],"inLanguage":"pt-BR"},{"@type":"ImageObject","inLanguage":"pt-BR","@id":"https:\/\/franciscanos.org.br\/noticias\/papa-festeja-25-anos-de-ordenacao-episcopal-nao-somos-gerontes-somos-avos.html#primaryimage","url":"https:\/\/franciscanos.org.br\/noticias\/wp-content\/uploads\/2017\/06\/papa_270617.jpg","contentUrl":"https:\/\/franciscanos.org.br\/noticias\/wp-content\/uploads\/2017\/06\/papa_270617.jpg","width":273,"height":181},{"@type":"WebPage","@id":"https:\/\/franciscanos.org.br\/noticias\/papa-festeja-25-anos-de-ordenacao-episcopal-nao-somos-gerontes-somos-avos.html#webpage","url":"https:\/\/franciscanos.org.br\/noticias\/papa-festeja-25-anos-de-ordenacao-episcopal-nao-somos-gerontes-somos-avos.html","name":"Papa Francisco festeja 25 anos de ordena\u00e7\u00e3o episcopal: \"N\u00e3o somos gerontes, somos av\u00f4s\" - Not\u00edcias - Franciscanos","isPartOf":{"@id":"https:\/\/franciscanos.org.br\/noticias\/#website"},"primaryImageOfPage":{"@id":"https:\/\/franciscanos.org.br\/noticias\/papa-festeja-25-anos-de-ordenacao-episcopal-nao-somos-gerontes-somos-avos.html#primaryimage"},"datePublished":"2017-06-27T10:22:17+00:00","dateModified":"2020-06-08T22:05:40+00:00","author":{"@id":"https:\/\/franciscanos.org.br\/noticias\/#\/schema\/person\/b38fbf43118f02820bd932f2e4b14ad3"},"breadcrumb":{"@id":"https:\/\/franciscanos.org.br\/noticias\/papa-festeja-25-anos-de-ordenacao-episcopal-nao-somos-gerontes-somos-avos.html#breadcrumb"},"inLanguage":"pt-BR","potentialAction":[{"@type":"ReadAction","target":["https:\/\/franciscanos.org.br\/noticias\/papa-festeja-25-anos-de-ordenacao-episcopal-nao-somos-gerontes-somos-avos.html"]}]},{"@type":"BreadcrumbList","@id":"https:\/\/franciscanos.org.br\/noticias\/papa-festeja-25-anos-de-ordenacao-episcopal-nao-somos-gerontes-somos-avos.html#breadcrumb","itemListElement":[{"@type":"ListItem","position":1,"name":"Home","item":"https:\/\/franciscanos.org.br\/noticias"},{"@type":"ListItem","position":2,"name":"Papa Francisco festeja 25 anos de ordena\u00e7\u00e3o episcopal: &#8220;N\u00e3o somos gerontes, somos av\u00f4s&#8221;"}]},{"@type":"Person","@id":"https:\/\/franciscanos.org.br\/noticias\/#\/schema\/person\/b38fbf43118f02820bd932f2e4b14ad3","name":"admin","image":{"@type":"ImageObject","inLanguage":"pt-BR","@id":"https:\/\/franciscanos.org.br\/noticias\/#\/schema\/person\/image\/","url":"https:\/\/secure.gravatar.com\/avatar\/e8495742d34d0ba6448ea1c628263b3e?s=96&d=mm&r=g","contentUrl":"https:\/\/secure.gravatar.com\/avatar\/e8495742d34d0ba6448ea1c628263b3e?s=96&d=mm&r=g","caption":"admin"},"url":"https:\/\/franciscanos.org.br\/noticias\/author\/admin"}]}},"_links":{"self":[{"href":"https:\/\/franciscanos.org.br\/noticias\/wp-json\/wp\/v2\/posts\/136829"}],"collection":[{"href":"https:\/\/franciscanos.org.br\/noticias\/wp-json\/wp\/v2\/posts"}],"about":[{"href":"https:\/\/franciscanos.org.br\/noticias\/wp-json\/wp\/v2\/types\/post"}],"author":[{"embeddable":true,"href":"https:\/\/franciscanos.org.br\/noticias\/wp-json\/wp\/v2\/users\/1"}],"replies":[{"embeddable":true,"href":"https:\/\/franciscanos.org.br\/noticias\/wp-json\/wp\/v2\/comments?post=136829"}],"version-history":[{"count":1,"href":"https:\/\/franciscanos.org.br\/noticias\/wp-json\/wp\/v2\/posts\/136829\/revisions"}],"predecessor-version":[{"id":225305,"href":"https:\/\/franciscanos.org.br\/noticias\/wp-json\/wp\/v2\/posts\/136829\/revisions\/225305"}],"wp:featuredmedia":[{"embeddable":true,"href":"https:\/\/franciscanos.org.br\/noticias\/wp-json\/wp\/v2\/media\/200698"}],"wp:attachment":[{"href":"https:\/\/franciscanos.org.br\/noticias\/wp-json\/wp\/v2\/media?parent=136829"}],"wp:term":[{"taxonomy":"category","embeddable":true,"href":"https:\/\/franciscanos.org.br\/noticias\/wp-json\/wp\/v2\/categories?post=136829"},{"taxonomy":"post_tag","embeddable":true,"href":"https:\/\/franciscanos.org.br\/noticias\/wp-json\/wp\/v2\/tags?post=136829"}],"curies":[{"name":"wp","href":"https:\/\/api.w.org\/{rel}","templated":true}]}}