{"id":136815,"date":"2017-06-26T08:24:57","date_gmt":"2017-06-26T11:24:57","guid":{"rendered":"http:\/\/franciscanos.org.br\/?p=136815"},"modified":"2020-06-08T19:06:18","modified_gmt":"2020-06-08T22:06:18","slug":"deixar-se-guiar-num-caminho-aberto-as-surpresas-do-senhor","status":"publish","type":"post","link":"https:\/\/franciscanos.org.br\/noticias\/deixar-se-guiar-num-caminho-aberto-as-surpresas-do-senhor.html","title":{"rendered":"Deixar-se guiar num caminho aberto \u00e0s surpresas do Senhor"},"content":{"rendered":"<p><img loading=\"lazy\" src=\"http:\/\/franciscanos.org.br\/wp-content\/uploads\/2017\/06\/marta_260617.jpg\" alt=\"marta_260617\" width=\"830\" height=\"401\" \/><br \/>\n<strong>Cidade do Vaticano<\/strong> &#8211; O Papa Francisco celebrou a missa, nesta segunda-feira (26\/06), na capela da Casa Santa Marta. \u201cO crist\u00e3o verdadeiro n\u00e3o \u00e9 aquele que se instala e fica parado, mas aquele que confia em Deus e se deixa guiar num caminho aberto \u00e0s surpresas do Senhor\u201d, frisou o Pont\u00edfice em sua homilia. Citando a Primeira Leitura, extra\u00edda do Livro do G\u00eaneses, Francisco refletiu sobre Abra\u00e3o, pois nele \u201ch\u00e1 o estilo da vida crist\u00e3, o estilo nosso como povo\u201d, baseado em tr\u00eas dimens\u00f5es: o despojamento, a promessa e a b\u00ean\u00e7\u00e3o. \u201cO Senhor exorta Abra\u00e3o a sair de seu pa\u00eds, de sua p\u00e1tria, da casa de seu pai\u201d, recordou o Papa: \u201cO ser crist\u00e3o tem sempre esta dimens\u00e3o do despojamento que encontra a sua plenitude no despojamento de Jesus na Cruz. Sempre h\u00e1 um vai, um deixa, para dar o primeiro passo: \u2018Sai da tua terra, da tua fam\u00edlia e da casa do teu pai\u2019. Se fizermos mem\u00f3ria veremos que nos Evangelhos a voca\u00e7\u00e3o dos disc\u00edpulos \u00e9 um \u2018vai\u2019, \u2018deixa\u2019 e \u2018vem\u2019. Tamb\u00e9m nos profetas, n\u00e3o \u00e9? Pensemos a Eliseu, trabalhando a terra: \u2018Deixa e vem\u2019.\u201d<\/p>\n<p>\u201cOs crist\u00e3os\u201d, acrescentou o Papa, \u201cdevem ter a capacidade de serem despojados, caso contr\u00e1rio n\u00e3o s\u00e3o crist\u00e3os aut\u00eanticos, como n\u00e3o s\u00e3o aqueles que n\u00e3o se deixam despojar e crucificar com Jesus. \u201cAbra\u00e3o \u201cobedeceu pela f\u00e9\u201d, partindo para a terra a ser recebida como heran\u00e7a, mas sem saber o destino preciso: \u201cO crist\u00e3o n\u00e3o tem um hor\u00f3scopo para ver o futuro. N\u00e3o procura a necromante que tem a bola de cristal, para que leia a sua m\u00e3o. N\u00e3o, n\u00e3o. N\u00e3o sabe aonde vai. Deve ser guiado. Esta \u00e9 a primeira dimens\u00e3o de nossa vida crist\u00e3: o despojamento. Mas, por que o despojamento? Para uma ascese parada? N\u00e3o, n\u00e3o! Para ir em dire\u00e7\u00e3o a uma promessa. Esta \u00e9 a segunda. Somos homens e mulheres que caminham para uma promessa, para um encontro, para algo, uma terra, diz a Abra\u00e3o, que devemos receber como heran\u00e7a.\u201d<\/p>\n<p>No entanto, enfatizou Francisco, Abra\u00e3o n\u00e3o edifica uma casa, mas \u201clevanta uma tenda\u201d, indicando que \u201cest\u00e1 a caminho e confia em Deus\u201d, portanto, constr\u00f3i um altar \u201cpara adorar ao Senhor\u201d. Ent\u00e3o, \u201ccontinuar a caminhar\u201d \u00e9 estar \u201csempre em caminho\u201d: \u201cO caminho come\u00e7a todos os dias na parte da manh\u00e3; o caminho de confiar no Senhor, o caminho aberto \u00e0s surpresas do Senhor, muitas vezes n\u00e3o boas, muitas vezes feias \u2013 pensemos em uma doen\u00e7a, uma morte &#8211; mas aberto, pois eu sei que Tu me ir\u00e1s conduzir a um lugar seguro, a um terra que preparaste para mim; isto \u00e9, o homem em caminho, o homem que vive em uma tenda, uma tenda espiritual. Nossa alma, quando se ajeita muito, se ajeita demais, perde essa dimens\u00e3o de ir em dire\u00e7\u00e3o da promessa e em vez de caminhar em dire\u00e7\u00e3o da promessa, carrega a promessa e possui a promessa. E n\u00e3o deve ser assim, isso n\u00e3o \u00e9 realmente crist\u00e3o\u201d.<\/p>\n<p>\u201cNesta semente de in\u00edcio da nossa fam\u00edlia\u201d crist\u00e3, observou o Papa, aparece outra caracter\u00edstica, a da b\u00ean\u00e7\u00e3o: isto \u00e9, o crist\u00e3o \u00e9 um homem, uma mulher que \u201caben\u00e7oa\u201d, que \u201cfala bem de Deus e fala bem dos outros\u201d e que \u201c\u00e9 aben\u00e7oado por Deus e pelos outros\u201d para ir para frente. Este \u00e9 o esquema da \u201cnossa vida crist\u00e3\u201d, porque todo mundo, \u201ctamb\u00e9m\u201d os leigos, devemos \u201caben\u00e7oar os outros, falar bem dos outros e falar bem a Deus dos outros\u201d. Muitas vezes, acrescenta o Pont\u00edfice, estamos acostumados \u201ca n\u00e3o falar bem\u201d do pr\u00f3ximo, quando &#8211; explica \u2013 \u201ca l\u00edngua se move um pouco como quer\u201d, em vez de seguir o mandamento que Deus confia ao nosso pai\u201d Abra\u00e3o, como \u201cs\u00edntese da vida\u201d: de caminhar, deixando-se \u201cdespojar\u201d pelo Senhor e confiando em suas promessas, para sermos irrepreens\u00edveis. Enfim, concluiu Francisco, a vida crist\u00e3 \u00e9 \u201ct\u00e3o simples\u201d.<\/p>\n<hr \/>\n<p><em>Fonte: R\u00e1dio Vaticano<\/em><\/p>\n","protected":false},"excerpt":{"rendered":"<p>Missa em Santa Marta<\/p>\n","protected":false},"author":1,"featured_media":200696,"comment_status":"open","ping_status":"open","sticky":false,"template":"","format":"standard","meta":[],"categories":[1428],"tags":[1586],"acf":[],"yoast_head":"<!-- This site is optimized with the Yoast SEO plugin v19.2 - https:\/\/yoast.com\/wordpress\/plugins\/seo\/ -->\n<title>Deixar-se guiar num caminho aberto \u00e0s surpresas do Senhor - Not\u00edcias - Franciscanos<\/title>\n<meta name=\"robots\" content=\"index, follow, max-snippet:-1, max-image-preview:large, max-video-preview:-1\" \/>\n<link rel=\"canonical\" href=\"https:\/\/franciscanos.org.br\/noticias\/deixar-se-guiar-num-caminho-aberto-as-surpresas-do-senhor.html\" \/>\n<meta property=\"og:locale\" content=\"pt_BR\" \/>\n<meta property=\"og:type\" content=\"article\" \/>\n<meta property=\"og:title\" content=\"Deixar-se guiar num caminho aberto \u00e0s surpresas do Senhor - Not\u00edcias - Franciscanos\" \/>\n<meta property=\"og:description\" content=\"Missa em Santa Marta\" \/>\n<meta property=\"og:url\" content=\"https:\/\/franciscanos.org.br\/noticias\/deixar-se-guiar-num-caminho-aberto-as-surpresas-do-senhor.html\" \/>\n<meta property=\"og:site_name\" content=\"Not\u00edcias - Franciscanos\" \/>\n<meta property=\"article:published_time\" content=\"2017-06-26T11:24:57+00:00\" \/>\n<meta property=\"article:modified_time\" content=\"2020-06-08T22:06:18+00:00\" \/>\n<meta property=\"og:image\" content=\"https:\/\/franciscanos.org.br\/noticias\/wp-content\/uploads\/2017\/06\/marta_260617.jpg\" \/>\n\t<meta property=\"og:image:width\" content=\"273\" \/>\n\t<meta property=\"og:image:height\" content=\"181\" \/>\n\t<meta property=\"og:image:type\" content=\"image\/jpeg\" \/>\n<meta name=\"author\" content=\"admin\" \/>\n<meta name=\"twitter:card\" content=\"summary_large_image\" \/>\n<meta name=\"twitter:label1\" content=\"Escrito por\" \/>\n\t<meta name=\"twitter:data1\" content=\"admin\" \/>\n\t<meta name=\"twitter:label2\" content=\"Est. tempo de leitura\" \/>\n\t<meta name=\"twitter:data2\" content=\"3 minutos\" \/>\n<script type=\"application\/ld+json\" class=\"yoast-schema-graph\">{\"@context\":\"https:\/\/schema.org\",\"@graph\":[{\"@type\":\"WebSite\",\"@id\":\"https:\/\/franciscanos.org.br\/noticias\/#website\",\"url\":\"https:\/\/franciscanos.org.br\/noticias\/\",\"name\":\"Not\u00edcias - Franciscanos\",\"description\":\"Prov\u00edncia Franciscana da Imaculada Concei\u00e7\u00e3o do Brasil - Ordem dos Frades Menores - OFM\",\"potentialAction\":[{\"@type\":\"SearchAction\",\"target\":{\"@type\":\"EntryPoint\",\"urlTemplate\":\"https:\/\/franciscanos.org.br\/noticias\/?s={search_term_string}\"},\"query-input\":\"required name=search_term_string\"}],\"inLanguage\":\"pt-BR\"},{\"@type\":\"ImageObject\",\"inLanguage\":\"pt-BR\",\"@id\":\"https:\/\/franciscanos.org.br\/noticias\/deixar-se-guiar-num-caminho-aberto-as-surpresas-do-senhor.html#primaryimage\",\"url\":\"https:\/\/franciscanos.org.br\/noticias\/wp-content\/uploads\/2017\/06\/marta_260617.jpg\",\"contentUrl\":\"https:\/\/franciscanos.org.br\/noticias\/wp-content\/uploads\/2017\/06\/marta_260617.jpg\",\"width\":273,\"height\":181},{\"@type\":\"WebPage\",\"@id\":\"https:\/\/franciscanos.org.br\/noticias\/deixar-se-guiar-num-caminho-aberto-as-surpresas-do-senhor.html#webpage\",\"url\":\"https:\/\/franciscanos.org.br\/noticias\/deixar-se-guiar-num-caminho-aberto-as-surpresas-do-senhor.html\",\"name\":\"Deixar-se guiar num caminho aberto \u00e0s surpresas do Senhor - Not\u00edcias - Franciscanos\",\"isPartOf\":{\"@id\":\"https:\/\/franciscanos.org.br\/noticias\/#website\"},\"primaryImageOfPage\":{\"@id\":\"https:\/\/franciscanos.org.br\/noticias\/deixar-se-guiar-num-caminho-aberto-as-surpresas-do-senhor.html#primaryimage\"},\"datePublished\":\"2017-06-26T11:24:57+00:00\",\"dateModified\":\"2020-06-08T22:06:18+00:00\",\"author\":{\"@id\":\"https:\/\/franciscanos.org.br\/noticias\/#\/schema\/person\/b38fbf43118f02820bd932f2e4b14ad3\"},\"breadcrumb\":{\"@id\":\"https:\/\/franciscanos.org.br\/noticias\/deixar-se-guiar-num-caminho-aberto-as-surpresas-do-senhor.html#breadcrumb\"},\"inLanguage\":\"pt-BR\",\"potentialAction\":[{\"@type\":\"ReadAction\",\"target\":[\"https:\/\/franciscanos.org.br\/noticias\/deixar-se-guiar-num-caminho-aberto-as-surpresas-do-senhor.html\"]}]},{\"@type\":\"BreadcrumbList\",\"@id\":\"https:\/\/franciscanos.org.br\/noticias\/deixar-se-guiar-num-caminho-aberto-as-surpresas-do-senhor.html#breadcrumb\",\"itemListElement\":[{\"@type\":\"ListItem\",\"position\":1,\"name\":\"Home\",\"item\":\"https:\/\/franciscanos.org.br\/noticias\"},{\"@type\":\"ListItem\",\"position\":2,\"name\":\"Deixar-se guiar num caminho aberto \u00e0s surpresas do Senhor\"}]},{\"@type\":\"Person\",\"@id\":\"https:\/\/franciscanos.org.br\/noticias\/#\/schema\/person\/b38fbf43118f02820bd932f2e4b14ad3\",\"name\":\"admin\",\"image\":{\"@type\":\"ImageObject\",\"inLanguage\":\"pt-BR\",\"@id\":\"https:\/\/franciscanos.org.br\/noticias\/#\/schema\/person\/image\/\",\"url\":\"https:\/\/secure.gravatar.com\/avatar\/e8495742d34d0ba6448ea1c628263b3e?s=96&d=mm&r=g\",\"contentUrl\":\"https:\/\/secure.gravatar.com\/avatar\/e8495742d34d0ba6448ea1c628263b3e?s=96&d=mm&r=g\",\"caption\":\"admin\"},\"url\":\"https:\/\/franciscanos.org.br\/noticias\/author\/admin\"}]}<\/script>\n<!-- \/ Yoast SEO plugin. -->","yoast_head_json":{"title":"Deixar-se guiar num caminho aberto \u00e0s surpresas do Senhor - Not\u00edcias - Franciscanos","robots":{"index":"index","follow":"follow","max-snippet":"max-snippet:-1","max-image-preview":"max-image-preview:large","max-video-preview":"max-video-preview:-1"},"canonical":"https:\/\/franciscanos.org.br\/noticias\/deixar-se-guiar-num-caminho-aberto-as-surpresas-do-senhor.html","og_locale":"pt_BR","og_type":"article","og_title":"Deixar-se guiar num caminho aberto \u00e0s surpresas do Senhor - Not\u00edcias - Franciscanos","og_description":"Missa em Santa Marta","og_url":"https:\/\/franciscanos.org.br\/noticias\/deixar-se-guiar-num-caminho-aberto-as-surpresas-do-senhor.html","og_site_name":"Not\u00edcias - Franciscanos","article_published_time":"2017-06-26T11:24:57+00:00","article_modified_time":"2020-06-08T22:06:18+00:00","og_image":[{"width":273,"height":181,"url":"https:\/\/franciscanos.org.br\/noticias\/wp-content\/uploads\/2017\/06\/marta_260617.jpg","type":"image\/jpeg"}],"author":"admin","twitter_card":"summary_large_image","twitter_misc":{"Escrito por":"admin","Est. tempo de leitura":"3 minutos"},"schema":{"@context":"https:\/\/schema.org","@graph":[{"@type":"WebSite","@id":"https:\/\/franciscanos.org.br\/noticias\/#website","url":"https:\/\/franciscanos.org.br\/noticias\/","name":"Not\u00edcias - Franciscanos","description":"Prov\u00edncia Franciscana da Imaculada Concei\u00e7\u00e3o do Brasil - Ordem dos Frades Menores - OFM","potentialAction":[{"@type":"SearchAction","target":{"@type":"EntryPoint","urlTemplate":"https:\/\/franciscanos.org.br\/noticias\/?s={search_term_string}"},"query-input":"required name=search_term_string"}],"inLanguage":"pt-BR"},{"@type":"ImageObject","inLanguage":"pt-BR","@id":"https:\/\/franciscanos.org.br\/noticias\/deixar-se-guiar-num-caminho-aberto-as-surpresas-do-senhor.html#primaryimage","url":"https:\/\/franciscanos.org.br\/noticias\/wp-content\/uploads\/2017\/06\/marta_260617.jpg","contentUrl":"https:\/\/franciscanos.org.br\/noticias\/wp-content\/uploads\/2017\/06\/marta_260617.jpg","width":273,"height":181},{"@type":"WebPage","@id":"https:\/\/franciscanos.org.br\/noticias\/deixar-se-guiar-num-caminho-aberto-as-surpresas-do-senhor.html#webpage","url":"https:\/\/franciscanos.org.br\/noticias\/deixar-se-guiar-num-caminho-aberto-as-surpresas-do-senhor.html","name":"Deixar-se guiar num caminho aberto \u00e0s surpresas do Senhor - Not\u00edcias - Franciscanos","isPartOf":{"@id":"https:\/\/franciscanos.org.br\/noticias\/#website"},"primaryImageOfPage":{"@id":"https:\/\/franciscanos.org.br\/noticias\/deixar-se-guiar-num-caminho-aberto-as-surpresas-do-senhor.html#primaryimage"},"datePublished":"2017-06-26T11:24:57+00:00","dateModified":"2020-06-08T22:06:18+00:00","author":{"@id":"https:\/\/franciscanos.org.br\/noticias\/#\/schema\/person\/b38fbf43118f02820bd932f2e4b14ad3"},"breadcrumb":{"@id":"https:\/\/franciscanos.org.br\/noticias\/deixar-se-guiar-num-caminho-aberto-as-surpresas-do-senhor.html#breadcrumb"},"inLanguage":"pt-BR","potentialAction":[{"@type":"ReadAction","target":["https:\/\/franciscanos.org.br\/noticias\/deixar-se-guiar-num-caminho-aberto-as-surpresas-do-senhor.html"]}]},{"@type":"BreadcrumbList","@id":"https:\/\/franciscanos.org.br\/noticias\/deixar-se-guiar-num-caminho-aberto-as-surpresas-do-senhor.html#breadcrumb","itemListElement":[{"@type":"ListItem","position":1,"name":"Home","item":"https:\/\/franciscanos.org.br\/noticias"},{"@type":"ListItem","position":2,"name":"Deixar-se guiar num caminho aberto \u00e0s surpresas do Senhor"}]},{"@type":"Person","@id":"https:\/\/franciscanos.org.br\/noticias\/#\/schema\/person\/b38fbf43118f02820bd932f2e4b14ad3","name":"admin","image":{"@type":"ImageObject","inLanguage":"pt-BR","@id":"https:\/\/franciscanos.org.br\/noticias\/#\/schema\/person\/image\/","url":"https:\/\/secure.gravatar.com\/avatar\/e8495742d34d0ba6448ea1c628263b3e?s=96&d=mm&r=g","contentUrl":"https:\/\/secure.gravatar.com\/avatar\/e8495742d34d0ba6448ea1c628263b3e?s=96&d=mm&r=g","caption":"admin"},"url":"https:\/\/franciscanos.org.br\/noticias\/author\/admin"}]}},"_links":{"self":[{"href":"https:\/\/franciscanos.org.br\/noticias\/wp-json\/wp\/v2\/posts\/136815"}],"collection":[{"href":"https:\/\/franciscanos.org.br\/noticias\/wp-json\/wp\/v2\/posts"}],"about":[{"href":"https:\/\/franciscanos.org.br\/noticias\/wp-json\/wp\/v2\/types\/post"}],"author":[{"embeddable":true,"href":"https:\/\/franciscanos.org.br\/noticias\/wp-json\/wp\/v2\/users\/1"}],"replies":[{"embeddable":true,"href":"https:\/\/franciscanos.org.br\/noticias\/wp-json\/wp\/v2\/comments?post=136815"}],"version-history":[{"count":1,"href":"https:\/\/franciscanos.org.br\/noticias\/wp-json\/wp\/v2\/posts\/136815\/revisions"}],"predecessor-version":[{"id":225306,"href":"https:\/\/franciscanos.org.br\/noticias\/wp-json\/wp\/v2\/posts\/136815\/revisions\/225306"}],"wp:featuredmedia":[{"embeddable":true,"href":"https:\/\/franciscanos.org.br\/noticias\/wp-json\/wp\/v2\/media\/200696"}],"wp:attachment":[{"href":"https:\/\/franciscanos.org.br\/noticias\/wp-json\/wp\/v2\/media?parent=136815"}],"wp:term":[{"taxonomy":"category","embeddable":true,"href":"https:\/\/franciscanos.org.br\/noticias\/wp-json\/wp\/v2\/categories?post=136815"},{"taxonomy":"post_tag","embeddable":true,"href":"https:\/\/franciscanos.org.br\/noticias\/wp-json\/wp\/v2\/tags?post=136815"}],"curies":[{"name":"wp","href":"https:\/\/api.w.org\/{rel}","templated":true}]}}