{"id":136784,"date":"2017-06-26T08:05:41","date_gmt":"2017-06-26T11:05:41","guid":{"rendered":"http:\/\/franciscanos.org.br\/?p=136784"},"modified":"2021-07-05T19:56:16","modified_gmt":"2021-07-05T22:56:16","slug":"missao-do-franciscano-e-sair-do-comodismo","status":"publish","type":"post","link":"https:\/\/franciscanos.org.br\/noticias\/missao-do-franciscano-e-sair-do-comodismo.html","title":{"rendered":"&#8220;Miss\u00e3o do Franciscano \u00e9 sair do comodismo&#8221;"},"content":{"rendered":"<p><img loading=\"lazy\" src=\"http:\/\/franciscanos.org.br\/wp-content\/uploads\/2017\/06\/sav_260617_1.jpg\" alt=\"sav_260617_1\" width=\"830\" height=\"465\" \/><\/p>\n<p><strong>Guaratinguet\u00e1 (SP)<\/strong> &#8211; Dezoito jovens deixaram o Postulantado Frei Galv\u00e3o, em Guaratinguet\u00e1, com uma provoca\u00e7\u00e3o feita pelos\u00a0coordenadores Servi\u00e7o de Anima\u00e7\u00e3o Vocacional (SAV) da Prov\u00edncia da Imaculada, Freis Diego Melo e Gabriel Dellandrea, que conclu\u00edram, neste final de semana, os tr\u00eas encontros vocacionais nos Regionais da Prov\u00edncia: a miss\u00e3o do Franciscano \u00e9 sair do comodismo, levantar-se da cadeira para dar o lugar a quem precisa e se colocar no servi\u00e7o do lava-p\u00e9s. \u00a0Nesses tr\u00eas encontros, \u00a049 vocacionados puderam conhecer um pouco mais o carisma franciscano para \u00a0discernir melhor sobre sua voca\u00e7\u00e3o.<\/p>\n<p>De 23 a 25\/6, foi a vez dos jovens dos estados de S\u00e3o Paulo e Rio de Janeiro se encontrarem na terra de Frei Galv\u00e3o, sendo que os dois primeiros encontros foram no Semin\u00e1rio de Ituporanga (SC) e Fraternidade do Sagrado, em Petr\u00f3polis (RJ).<\/p>\n<p><img loading=\"lazy\" class=\"alignleft size-full wp-image-136806\" src=\"http:\/\/franciscanos.org.br\/wp-content\/uploads\/2017\/06\/sav_260617_3.jpg\" alt=\"sav_260617_3\" width=\"350\" height=\"263\" \/>Este encontro se iniciou na sexta-feira, quando os jovens vocacionados foram acolhidos pela Fraternidade do Semin\u00e1rio Frei Galv\u00e3o e por Freis Diego e Frei Gabriel. Durante o s\u00e1bado, al\u00e9m dos momentos de partilha, forma\u00e7\u00e3o, reflex\u00e3o e ora\u00e7\u00e3o, os jovens tamb\u00e9m tiveram a possibilidade de conhecer concretamente como se d\u00e1 a viv\u00eancia franciscana, atrav\u00e9s da visita da Casa Sol Nascente, um servi\u00e7o de acolhida de portadores de HIV das Irm\u00e3s Franciscanas de Siessen. Outro momento forte foi o encontro com as irm\u00e3s Clarissas, do Mosteiro Mayer Christi, quando os jovens puderam conhecer um pouco mais do aspecto contemplativo de nosso carisma. Retornando ao Postulantado, os vocacionados conviveram intensamente com a Fraternidade local e os postulantes, participando dos momentos de ora\u00e7\u00e3o, missas, devo\u00e7\u00e3o mariana, refei\u00e7\u00f5es e conv\u00edvio fraterno.<\/p>\n<p>Na Missa de domingo, celebrada com a comunidade local, Frei Diego Melo, presidente da celebra\u00e7\u00e3o, destacou que a liturgia apresentava Jesus nos encorajando a aprofundar a nossa exist\u00eancia, prometendo a seguran\u00e7a que s\u00f3 a sua presen\u00e7a nos d\u00e1. \u201cTer f\u00e9 n\u00e3o \u00e9 sin\u00f4nimo de uma vida sem dificuldades ou um ref\u00fagio para aqueles que n\u00e3o tem coragem de enfrentar as vicissitudes da vida. Ter f\u00e9 \u00e9 assumir o seu compromisso com a Miss\u00e3o \u00e9 lev\u00e1-lo at\u00e9 as suas \u00faltimas consequ\u00eancias, indo contra a corrente da l\u00f3gica atual.<\/p>\n<p>Ao final da celebra\u00e7\u00e3o, Frei Gabriel Dellandrea colocou uma cadeira \u00e0 frente do altar e disse que a miss\u00e3o do Franciscano \u00e9 sair do seu comodismo, levantar da cadeira e dar lugar a quem mais precisa, fazendo-as sentar para lavar os seus p\u00e9s. \u201cO Franciscano precisa lavar os p\u00e9s, na forma de ouvir a hist\u00f3ria de pessoas enfermas e exclu\u00eddas, assim como os vocacionados puderam fazer ontem no Centro de Recupera\u00e7\u00e3o Sol Nascente. Indo ao encontro do outro, eles puderam sair de si, cantaram, se alegraram e partilharam a sua vida com as pessoas\u201d, concluiu Frei Gabriel.<\/p>\n<p>Para o jovem vocacionado Gustavo Toratti, de S\u00e3o Jos\u00e9 do Rio Preto, foi muito bom conhecer a realidade, porque p\u00f4de ver um pouco melhor como \u00e9 a vida franciscana. &#8220;Foi \u00f3timo sentir como a fraternidade \u00e9 importante na vida das pessoas e como faz falta onde n\u00e3o existe\u201d.<\/p>\n<p>O encontro foi finalizado durante a refei\u00e7\u00e3o do almo\u00e7o, onde todos rezaram pela alma de Frei Jos\u00e9 Zanchet que falecera de manh\u00e3. Frei Walter Hugo de Almeida, inspirado pelo encontro Vocacional, recitou tr\u00eas de seus poemas e brindou a nossa refei\u00e7\u00e3o com suas belas palavras. Confira abaixo um dos poemas:<\/p>\n<h3><img loading=\"lazy\" class=\"alignright wp-image-136787\" src=\"http:\/\/franciscanos.org.br\/wp-content\/uploads\/2017\/06\/sav_260617_2.jpg\" alt=\"sav_260617_2\" width=\"282\" height=\"371\" \/>SEDUZISTE-ME, SENHOR<br \/>\nFrei Walter Hugo de Almeida<\/h3>\n<p>Feriste-me, Senhor, com teu perd\u00e3o,<br \/>\nE me inundei de b\u00ean\u00e7\u00e3os pela estrada\u2026<br \/>\nTrago em mim acordes de uma can\u00e7\u00e3o,<br \/>\nA anunciar teu Reino na jornada.<\/p>\n<p>Agora, Senhor, que me seduziste,<br \/>\nN\u00e3o posso mais fugir do teu amor<br \/>\nA vida para mim agora existe<br \/>\nSomente ao rumo alegre \u2013 Teu louvor.<\/p>\n<p>O teu chamado virou a minha hist\u00f3ria,<br \/>\nDe um horizonte triste para a gl\u00f3ria,<br \/>\nE me jogou na busca da alegria!\u2026<\/p>\n<p>Por isso, canto agora assim feliz<br \/>\nComo cantava Francisco de Assis,<br \/>\nQuem me inspirou seguir-te nesta vida.<\/p>\n<p><strong>Franklin Matheus e Marcelo Tadeu, postulantes.<\/strong><\/p>\n\n","protected":false},"excerpt":{"rendered":"<p>SAV<\/p>\n","protected":false},"author":1,"featured_media":200694,"comment_status":"open","ping_status":"open","sticky":false,"template":"","format":"standard","meta":[],"categories":[1],"tags":[552],"acf":[],"yoast_head":"<!-- This site is optimized with the Yoast SEO plugin v19.2 - https:\/\/yoast.com\/wordpress\/plugins\/seo\/ -->\n<title>&quot;Miss\u00e3o do Franciscano \u00e9 sair do comodismo&quot; - Not\u00edcias - Franciscanos<\/title>\n<meta name=\"robots\" content=\"index, follow, max-snippet:-1, max-image-preview:large, max-video-preview:-1\" \/>\n<link rel=\"canonical\" href=\"https:\/\/franciscanos.org.br\/noticias\/missao-do-franciscano-e-sair-do-comodismo.html\" \/>\n<meta property=\"og:locale\" content=\"pt_BR\" \/>\n<meta property=\"og:type\" content=\"article\" \/>\n<meta property=\"og:title\" content=\"&quot;Miss\u00e3o do Franciscano \u00e9 sair do comodismo&quot; - Not\u00edcias - Franciscanos\" \/>\n<meta property=\"og:description\" content=\"SAV\" \/>\n<meta property=\"og:url\" content=\"https:\/\/franciscanos.org.br\/noticias\/missao-do-franciscano-e-sair-do-comodismo.html\" \/>\n<meta property=\"og:site_name\" content=\"Not\u00edcias - Franciscanos\" \/>\n<meta property=\"article:published_time\" content=\"2017-06-26T11:05:41+00:00\" \/>\n<meta property=\"article:modified_time\" content=\"2021-07-05T22:56:16+00:00\" \/>\n<meta property=\"og:image\" content=\"https:\/\/franciscanos.org.br\/noticias\/wp-content\/uploads\/2017\/06\/sav_260617_3.jpg\" \/>\n\t<meta property=\"og:image:width\" content=\"273\" \/>\n\t<meta property=\"og:image:height\" content=\"182\" \/>\n\t<meta property=\"og:image:type\" content=\"image\/jpeg\" \/>\n<meta name=\"author\" content=\"admin\" \/>\n<meta name=\"twitter:card\" content=\"summary_large_image\" \/>\n<meta name=\"twitter:label1\" content=\"Escrito por\" \/>\n\t<meta name=\"twitter:data1\" content=\"admin\" \/>\n\t<meta name=\"twitter:label2\" content=\"Est. tempo de leitura\" \/>\n\t<meta name=\"twitter:data2\" content=\"4 minutos\" \/>\n<script type=\"application\/ld+json\" class=\"yoast-schema-graph\">{\"@context\":\"https:\/\/schema.org\",\"@graph\":[{\"@type\":\"WebSite\",\"@id\":\"https:\/\/franciscanos.org.br\/noticias\/#website\",\"url\":\"https:\/\/franciscanos.org.br\/noticias\/\",\"name\":\"Not\u00edcias - Franciscanos\",\"description\":\"Prov\u00edncia Franciscana da Imaculada Concei\u00e7\u00e3o do Brasil - Ordem dos Frades Menores - OFM\",\"potentialAction\":[{\"@type\":\"SearchAction\",\"target\":{\"@type\":\"EntryPoint\",\"urlTemplate\":\"https:\/\/franciscanos.org.br\/noticias\/?s={search_term_string}\"},\"query-input\":\"required name=search_term_string\"}],\"inLanguage\":\"pt-BR\"},{\"@type\":\"ImageObject\",\"inLanguage\":\"pt-BR\",\"@id\":\"https:\/\/franciscanos.org.br\/noticias\/missao-do-franciscano-e-sair-do-comodismo.html#primaryimage\",\"url\":\"https:\/\/franciscanos.org.br\/noticias\/wp-content\/uploads\/2017\/06\/sav_260617_3.jpg\",\"contentUrl\":\"https:\/\/franciscanos.org.br\/noticias\/wp-content\/uploads\/2017\/06\/sav_260617_3.jpg\",\"width\":273,\"height\":182},{\"@type\":\"WebPage\",\"@id\":\"https:\/\/franciscanos.org.br\/noticias\/missao-do-franciscano-e-sair-do-comodismo.html#webpage\",\"url\":\"https:\/\/franciscanos.org.br\/noticias\/missao-do-franciscano-e-sair-do-comodismo.html\",\"name\":\"\\\"Miss\u00e3o do Franciscano \u00e9 sair do comodismo\\\" - Not\u00edcias - Franciscanos\",\"isPartOf\":{\"@id\":\"https:\/\/franciscanos.org.br\/noticias\/#website\"},\"primaryImageOfPage\":{\"@id\":\"https:\/\/franciscanos.org.br\/noticias\/missao-do-franciscano-e-sair-do-comodismo.html#primaryimage\"},\"datePublished\":\"2017-06-26T11:05:41+00:00\",\"dateModified\":\"2021-07-05T22:56:16+00:00\",\"author\":{\"@id\":\"https:\/\/franciscanos.org.br\/noticias\/#\/schema\/person\/b38fbf43118f02820bd932f2e4b14ad3\"},\"breadcrumb\":{\"@id\":\"https:\/\/franciscanos.org.br\/noticias\/missao-do-franciscano-e-sair-do-comodismo.html#breadcrumb\"},\"inLanguage\":\"pt-BR\",\"potentialAction\":[{\"@type\":\"ReadAction\",\"target\":[\"https:\/\/franciscanos.org.br\/noticias\/missao-do-franciscano-e-sair-do-comodismo.html\"]}]},{\"@type\":\"BreadcrumbList\",\"@id\":\"https:\/\/franciscanos.org.br\/noticias\/missao-do-franciscano-e-sair-do-comodismo.html#breadcrumb\",\"itemListElement\":[{\"@type\":\"ListItem\",\"position\":1,\"name\":\"Home\",\"item\":\"https:\/\/franciscanos.org.br\/noticias\"},{\"@type\":\"ListItem\",\"position\":2,\"name\":\"&#8220;Miss\u00e3o do Franciscano \u00e9 sair do comodismo&#8221;\"}]},{\"@type\":\"Person\",\"@id\":\"https:\/\/franciscanos.org.br\/noticias\/#\/schema\/person\/b38fbf43118f02820bd932f2e4b14ad3\",\"name\":\"admin\",\"image\":{\"@type\":\"ImageObject\",\"inLanguage\":\"pt-BR\",\"@id\":\"https:\/\/franciscanos.org.br\/noticias\/#\/schema\/person\/image\/\",\"url\":\"https:\/\/secure.gravatar.com\/avatar\/e8495742d34d0ba6448ea1c628263b3e?s=96&d=mm&r=g\",\"contentUrl\":\"https:\/\/secure.gravatar.com\/avatar\/e8495742d34d0ba6448ea1c628263b3e?s=96&d=mm&r=g\",\"caption\":\"admin\"},\"url\":\"https:\/\/franciscanos.org.br\/noticias\/author\/admin\"}]}<\/script>\n<!-- \/ Yoast SEO plugin. -->","yoast_head_json":{"title":"\"Miss\u00e3o do Franciscano \u00e9 sair do comodismo\" - Not\u00edcias - Franciscanos","robots":{"index":"index","follow":"follow","max-snippet":"max-snippet:-1","max-image-preview":"max-image-preview:large","max-video-preview":"max-video-preview:-1"},"canonical":"https:\/\/franciscanos.org.br\/noticias\/missao-do-franciscano-e-sair-do-comodismo.html","og_locale":"pt_BR","og_type":"article","og_title":"\"Miss\u00e3o do Franciscano \u00e9 sair do comodismo\" - Not\u00edcias - Franciscanos","og_description":"SAV","og_url":"https:\/\/franciscanos.org.br\/noticias\/missao-do-franciscano-e-sair-do-comodismo.html","og_site_name":"Not\u00edcias - Franciscanos","article_published_time":"2017-06-26T11:05:41+00:00","article_modified_time":"2021-07-05T22:56:16+00:00","og_image":[{"width":273,"height":182,"url":"https:\/\/franciscanos.org.br\/noticias\/wp-content\/uploads\/2017\/06\/sav_260617_3.jpg","type":"image\/jpeg"}],"author":"admin","twitter_card":"summary_large_image","twitter_misc":{"Escrito por":"admin","Est. tempo de leitura":"4 minutos"},"schema":{"@context":"https:\/\/schema.org","@graph":[{"@type":"WebSite","@id":"https:\/\/franciscanos.org.br\/noticias\/#website","url":"https:\/\/franciscanos.org.br\/noticias\/","name":"Not\u00edcias - Franciscanos","description":"Prov\u00edncia Franciscana da Imaculada Concei\u00e7\u00e3o do Brasil - Ordem dos Frades Menores - OFM","potentialAction":[{"@type":"SearchAction","target":{"@type":"EntryPoint","urlTemplate":"https:\/\/franciscanos.org.br\/noticias\/?s={search_term_string}"},"query-input":"required name=search_term_string"}],"inLanguage":"pt-BR"},{"@type":"ImageObject","inLanguage":"pt-BR","@id":"https:\/\/franciscanos.org.br\/noticias\/missao-do-franciscano-e-sair-do-comodismo.html#primaryimage","url":"https:\/\/franciscanos.org.br\/noticias\/wp-content\/uploads\/2017\/06\/sav_260617_3.jpg","contentUrl":"https:\/\/franciscanos.org.br\/noticias\/wp-content\/uploads\/2017\/06\/sav_260617_3.jpg","width":273,"height":182},{"@type":"WebPage","@id":"https:\/\/franciscanos.org.br\/noticias\/missao-do-franciscano-e-sair-do-comodismo.html#webpage","url":"https:\/\/franciscanos.org.br\/noticias\/missao-do-franciscano-e-sair-do-comodismo.html","name":"\"Miss\u00e3o do Franciscano \u00e9 sair do comodismo\" - Not\u00edcias - Franciscanos","isPartOf":{"@id":"https:\/\/franciscanos.org.br\/noticias\/#website"},"primaryImageOfPage":{"@id":"https:\/\/franciscanos.org.br\/noticias\/missao-do-franciscano-e-sair-do-comodismo.html#primaryimage"},"datePublished":"2017-06-26T11:05:41+00:00","dateModified":"2021-07-05T22:56:16+00:00","author":{"@id":"https:\/\/franciscanos.org.br\/noticias\/#\/schema\/person\/b38fbf43118f02820bd932f2e4b14ad3"},"breadcrumb":{"@id":"https:\/\/franciscanos.org.br\/noticias\/missao-do-franciscano-e-sair-do-comodismo.html#breadcrumb"},"inLanguage":"pt-BR","potentialAction":[{"@type":"ReadAction","target":["https:\/\/franciscanos.org.br\/noticias\/missao-do-franciscano-e-sair-do-comodismo.html"]}]},{"@type":"BreadcrumbList","@id":"https:\/\/franciscanos.org.br\/noticias\/missao-do-franciscano-e-sair-do-comodismo.html#breadcrumb","itemListElement":[{"@type":"ListItem","position":1,"name":"Home","item":"https:\/\/franciscanos.org.br\/noticias"},{"@type":"ListItem","position":2,"name":"&#8220;Miss\u00e3o do Franciscano \u00e9 sair do comodismo&#8221;"}]},{"@type":"Person","@id":"https:\/\/franciscanos.org.br\/noticias\/#\/schema\/person\/b38fbf43118f02820bd932f2e4b14ad3","name":"admin","image":{"@type":"ImageObject","inLanguage":"pt-BR","@id":"https:\/\/franciscanos.org.br\/noticias\/#\/schema\/person\/image\/","url":"https:\/\/secure.gravatar.com\/avatar\/e8495742d34d0ba6448ea1c628263b3e?s=96&d=mm&r=g","contentUrl":"https:\/\/secure.gravatar.com\/avatar\/e8495742d34d0ba6448ea1c628263b3e?s=96&d=mm&r=g","caption":"admin"},"url":"https:\/\/franciscanos.org.br\/noticias\/author\/admin"}]}},"_links":{"self":[{"href":"https:\/\/franciscanos.org.br\/noticias\/wp-json\/wp\/v2\/posts\/136784"}],"collection":[{"href":"https:\/\/franciscanos.org.br\/noticias\/wp-json\/wp\/v2\/posts"}],"about":[{"href":"https:\/\/franciscanos.org.br\/noticias\/wp-json\/wp\/v2\/types\/post"}],"author":[{"embeddable":true,"href":"https:\/\/franciscanos.org.br\/noticias\/wp-json\/wp\/v2\/users\/1"}],"replies":[{"embeddable":true,"href":"https:\/\/franciscanos.org.br\/noticias\/wp-json\/wp\/v2\/comments?post=136784"}],"version-history":[{"count":1,"href":"https:\/\/franciscanos.org.br\/noticias\/wp-json\/wp\/v2\/posts\/136784\/revisions"}],"predecessor-version":[{"id":232869,"href":"https:\/\/franciscanos.org.br\/noticias\/wp-json\/wp\/v2\/posts\/136784\/revisions\/232869"}],"wp:featuredmedia":[{"embeddable":true,"href":"https:\/\/franciscanos.org.br\/noticias\/wp-json\/wp\/v2\/media\/200694"}],"wp:attachment":[{"href":"https:\/\/franciscanos.org.br\/noticias\/wp-json\/wp\/v2\/media?parent=136784"}],"wp:term":[{"taxonomy":"category","embeddable":true,"href":"https:\/\/franciscanos.org.br\/noticias\/wp-json\/wp\/v2\/categories?post=136784"},{"taxonomy":"post_tag","embeddable":true,"href":"https:\/\/franciscanos.org.br\/noticias\/wp-json\/wp\/v2\/tags?post=136784"}],"curies":[{"name":"wp","href":"https:\/\/api.w.org\/{rel}","templated":true}]}}