{"id":136774,"date":"2017-06-25T10:07:03","date_gmt":"2017-06-25T13:07:03","guid":{"rendered":"http:\/\/franciscanos.org.br\/?p=136774"},"modified":"2019-02-27T11:11:15","modified_gmt":"2019-02-27T14:11:15","slug":"falece-o-missionario-frei-jose-zanchet","status":"publish","type":"post","link":"https:\/\/franciscanos.org.br\/noticias\/falece-o-missionario-frei-jose-zanchet.html","title":{"rendered":"Falece o mission\u00e1rio Frei Jos\u00e9 Zanchet em S\u00e3o Paulo"},"content":{"rendered":"<p><img loading=\"lazy\" src=\"http:\/\/franciscanos.org.br\/wp-content\/uploads\/2017\/06\/jose_zanchet_250617.jpg\" alt=\"jose_zanchet_250617\" width=\"820\" height=\"353\" \/><\/p>\n<p>Nosso confrade Frei Jos\u00e9 Zanchet faleceu na manh\u00e3 de hoje (25\/06), no Convento S\u00e3o Francisco, em S\u00e3o Paulo, \u00e0s 7h55, enquanto tomava banho, ajudado pelo enfermeiro Jo\u00e3o.<\/p>\n<p>Ele vinha se tratando de um c\u00e2ncer no c\u00e9rebro desde setembro de 2015. Sempre disposto e bem humorado, Frei Jos\u00e9, embora em tratamento, ajudava muito no atendimento do Convento, sobretudo nas confiss\u00f5es. H\u00e1 poucos dias, tinha terminado 10 sess\u00f5es de radioterapia.<\/p>\n<p>Frei Jos\u00e9 ser\u00e1 velado no Convento S\u00e3o Francisco, onde amanh\u00e3, \u00e0s 9h00, ser\u00e1 celebrada a Missa de Ex\u00e9quias. Em seguida, seu corpo ser\u00e1 sepultado no mausol\u00e9u dos frades no Cemit\u00e9rio do Sant\u00edssimo Sacramento.<\/p>\n<table border=\"1\" width=\"400\" cellspacing=\"3\" cellpadding=\"3\" align=\"right\">\n<tbody>\n<tr>\n<td bgcolor=\"#F2EFFB\">\n<h3><strong>Dados pessoais, forma\u00e7\u00e3o e atividades<\/strong><\/h3>\n<p>&#8211; <strong>Nascimento:<\/strong> 27.10.1935 (81 anos de idade) .<br \/>\n&#8211; Natural de Tr\u00eas Arroios, RS.<br \/>\n&#8211; <strong>Vesti\u00e7\u00e3o:<\/strong> 21.12.1955 &#8211; Rodeio<br \/>\n&#8211;<strong> Primeira Profiss\u00e3o:<\/strong> 22.12.1956 (60 anos de Vida Franciscana)<br \/>\n&#8211; <strong>Profiss\u00e3o Solene:<\/strong> 22.12.1959<br \/>\n&#8211; <strong>Ordena\u00e7\u00e3o Presbiteral:<\/strong> 15.12.1961 (55 anos de Sacerd\u00f3cio)<br \/>\n&#8211; <strong>1957 \u2013 1958<\/strong> \u2013 Curitiba \u2013 estudos de Filosofia;<br \/>\n&#8211;<strong> 1959 \u2013 1962<\/strong> \u2013 Petr\u00f3polis \u2013 estudos de Teologia;<br \/>\n<strong>&#8211; 1963<\/strong> \u2013 Rio de Janeiro \u2013 curso de Pastoral;<br \/>\n&#8211; 06.12.1963 \u2013 Rio de Janeiro \u2013 Nossa Senhora da Paz \u2013 procurador vocacional<br \/>\n&#8211;<strong> 10.05.1967<\/strong> \u2013 Chile \/ Carahue \u2013 mission\u00e1rio<br \/>\n&#8211; <strong>14.03.1970<\/strong> \u2013 S\u00e3o Louren\u00e7o<br \/>\n&#8211; <strong>11.02.1972<\/strong> \u2013 Chile \/ Carahue \u2013 mission\u00e1rio, vig\u00e1rio paroquial<br \/>\n&#8211; <strong>03.03.1975<\/strong> \u2013 S\u00e3o Paulo \u2013 Vila Clementino \u2013 vig\u00e1rio paroquial<br \/>\n&#8211; <strong>26.12.1975<\/strong> \u2013 Chile \/ Carahue \u2013 vig\u00e1rio paroquial<br \/>\n&#8211; <strong>04.12.1979<\/strong> \u2013 Luzerna \u2013 vig\u00e1rio paroquial em Joa\u00e7aba<br \/>\n&#8211; <strong>12.12.1981<\/strong> \u2013 Chopinzinho \u2013 vig\u00e1rio paroquial em Mangueirinha<br \/>\n&#8211; <strong>25.11.1983<\/strong> \u2013 Rio Brilhante, MS \u2013 vig\u00e1rio paroquial<br \/>\n&#8211; <strong>21.01.1986<\/strong> \u2013 Dourados, MS \u2013 vig\u00e1rio da casa e vig\u00e1rio paroquial<br \/>\n&#8211; <strong>24.09.1990<\/strong> \u2013 Angola \u2013 mission\u00e1rio<br \/>\n&#8211; <strong>05.12.1995<\/strong> \u2013 vig\u00e1rio paroquial e vig\u00e1rio da casa<br \/>\n&#8211; <strong>29.11.1997<\/strong> \u2013 Barra, BA \u2013 a servi\u00e7o da Diocese, em Ipupiara, BA<br \/>\n&#8211; <strong>10.11.1999<\/strong> \u2013 Ituporanga &#8211; vig\u00e1rio paroquial<br \/>\n&#8211; <strong>16.05.2001<\/strong> \u2013 Chopinzinho &#8211; vig\u00e1rio paroquial<br \/>\n&#8211; <strong>07.11.2003<\/strong> \u2013 Balne\u00e1rio Cambori\u00fa \u2013 vig\u00e1rio da casa e vig\u00e1rio paroquial<br \/>\n&#8211; <strong>20.12.2006<\/strong> \u2013 Bauru \u2013 vig\u00e1rio paroquial<br \/>\n&#8211; <strong>19.12.2007<\/strong> \u2013 Blumenau \u2013 vig\u00e1rio paroquial<br \/>\n&#8211; <strong>29.01.2009<\/strong> \u2013 Duque de Caxias \u2013 Imbari\u00ea \u2013 vig\u00e1rio paroquial<br \/>\n&#8211; <strong>17.12.2009 \u2013<\/strong> Chopinzinho \u2013 vig\u00e1rio paroquial<br \/>\n&#8211; <strong>12.12.2012<\/strong> \u2013 Curitibanos \u2013 vig\u00e1rio paroquial<br \/>\n&#8211; <strong>12.12.2013<\/strong> \u2013 Viana \u2013 Angola \u2013 vig\u00e1rio paroquial<br \/>\n&#8211; <strong>set\/2015<\/strong> \u2013 S\u00e3o Paulo \u2013 S\u00e3o Francisco \u2013 tratamento de sa\u00fade<\/td>\n<\/tr>\n<\/tbody>\n<\/table>\n<h3>Frei Jos\u00e9, o mission\u00e1rio franciscano<\/h3>\n<p>Aos 81 anos (nascimento em 27 de outubro de 1935), Frei Jos\u00e9 Zanchet \u00e9 a hist\u00f3ria viva da Miss\u00e3o Franciscana em Angola. Componente do primeiro grupo enviado pela Prov\u00edncia da Imaculada ao pa\u00eds africano, viveu em Malange e Kibala, em sua primeira passagem pela miss\u00e3o, que durou cinco anos (entre 1990 e 1995) e depois, em sua segunda experi\u00eancia na miss\u00e3o (desde dezembro de 2013 at\u00e9 2015), quando foi transferido da Fraternidade S\u00e3o Francisco Solano, de Curitibanos, SC.<\/p>\n<p>Com quase 60 anos de vida religiosa, Frei Jos\u00e9 tem como marcas a disposi\u00e7\u00e3o mission\u00e1ria (esteve no Chile, no Sert\u00e3o da Bahia, no Mato Grosso e em Angola) e aptid\u00e3o para atividades pr\u00e1ticas, ligadas \u00e0 eletricidade, pequenos reparos, etc.).<\/p>\n<p>Ga\u00facho de Tr\u00eas Arroios, RS, animou-se em partir para terras angolanas depois que participou de um encontro realizado para os interessados em conhecer um pouco mais da proposta de presen\u00e7a da Prov\u00edncia em Angola, realizado entre 22 e 24 de junho de 1990, no Convento S\u00e3o Francisco, em S\u00e3o Paulo. Na \u00e9poca Frei Jos\u00e9 trabalhava em uma par\u00f3quia de Dourados, MS, e relata que a partir daquele encontro em S\u00e3o Paulo se sentiu chamado a seguir para a \u00c1frica: \u201cEu cheguei na Par\u00f3quia em Dourados e logo me sentei para escrever uma carta ao Provincialado, dizendo que estava pronto para partir. Uns quinze dias depois, Frei Est\u00eav\u00e3o Ottenbreit (Ministro Provincial da \u00e9poca) me telefonou perguntando se eu estava disposto mesmo, e eu respondei: \u2018Claro, mande-me\u2019\u201d, conta Frei Jos\u00e9, mostrando que desde o in\u00edcio estava inteiramente \u00e0 disposi\u00e7\u00e3o para integrar este projeto mission\u00e1rio.<\/p>\n<p>Diante da resposta positiva de Frei Jos\u00e9, foram realizados os encaminhamentos necess\u00e1rios. A celebra\u00e7\u00e3o de envio ocorreu no dia 16 de setembro de 1990, no Semin\u00e1rio Santo Ant\u00f4nio, em Agudos, e o embarque dos mission\u00e1rios, entre eles Frei Jos\u00e9, foi no dia 24 de setembro do mesmo ano, sendo que no dia seguinte j\u00e1 estavam em Luanda e, depois, Malange, lugar onde ficariam instalados.<\/p>\n<p>Angola estava em guerra civil e Frei Jos\u00e9 conta que as dificuldades deste conflito j\u00e1 puderam ser sentidas na chegada. \u201cQuando desembarcamos em Malange, a primeira coisa que vimos do avi\u00e3o foram sete ou oito soldados com as metralhadoras apontadas. Descemos e tivemos que fazer novamente todos os pap\u00e9is \u2013 mesmo j\u00e1 tendo passado por todos os tr\u00e2mites em Luanda \u2013 como se estiv\u00e9ssemos chegando a um pa\u00eds estrangeiro. Como n\u00e3o havia nenhuma mesa para nos apoiarmos, pedi ao Frei Pl\u00ednio Gande, outro mission\u00e1rio do primeiro grupo, para me \u2018emprestar\u2019 as costas e, assim, preenchemos os pap\u00e9is um nas costas do outro\u201d, recorda.<\/p>\n<p>Por conta das dificuldades de comunica\u00e7\u00e3o, a comunidade da Miss\u00e3o em Malange tamb\u00e9m n\u00e3o tinha informa\u00e7\u00f5es precisas sobre a hora de chegada dos mission\u00e1rios, mas mesmo assim dentro das possibilidades, fomos muito bem recebidos.\u201d<\/p>\n<p>\u201cA recep\u00e7\u00e3o foi muito carinhosa. Mais ou menos uma hora e meia de cantos e homenagens, at\u00e9 que seguimos para casa, j\u00e1 pelas 16h do dia 25 de setembro, para almo\u00e7ar e descansar um pouco da viagem.<\/p>\n<p>O primeiro trabalho dos frades em Malange foi a visita \u00e0s comunidades da miss\u00e3o, que eram cerca de 135, muitas delas de acesso muito dif\u00edcil. Frei Jos\u00e9 Zanchet destaca e menciona a import\u00e2ncia da figura dos catequistas para a sobreviv\u00eancia em Angola. De acordo com o frade, nas aldeias, que recebiam a visita espor\u00e1dica de mission\u00e1rios, eram estes homens que mantinham acesa entre o povo a chama da f\u00e9. Os catequistas organizavam os trabalhos pastorais e tamb\u00e9m conduziam as celebra\u00e7\u00f5es de domingo. Com frequ\u00eancia se entusiasmavam e as celebra\u00e7\u00f5es ficavam longas, fato do qual Frei Jos\u00e9 se recorda com certo humor.<\/p>\n<p>Frei Jos\u00e9 e os outros dois mission\u00e1rios permaneceram em Malange at\u00e9 o fim de agosto de 1992, quando foram transferidos para a cidade de Kibala, na Prov\u00edncia do Kwanza Sul, a convite do ent\u00e3o bispo da Diocese de Sumbe, Dom Zacarias. Eles ocuparam as instala\u00e7\u00f5es dos Padres Espiritanos, que haviam deixado a \u00e1rea por conta da guerra.<\/p>\n<p>O in\u00edcio da Miss\u00e3o em Kibala foi no dia 31 de agosto de 1992. Os trabalhos principais eram a assist\u00eancia \u00e0s Irm\u00e3s Clarissas, que na \u00e9poca moravam naquela cidade, e o acompanhamento das aldeias. As dificuldades eram muitas, principalmente por conta da guerra. Num momento de grande tens\u00e3o, Frei Jos\u00e9 relata que os frades chegaram a ver a morte de perto: \u201cO mais triste foi quando invadiram nossa casa e nos levaram presos para o Centro de Kibala. Praticamente \u00edamos ser fuzilados. Entraram em nossa casa, perguntaram quem eu era e logo me deram um bofet\u00e3o no rosto que quebrou meus \u00f3culos. Fui me defender com o cotovelo e levei outro tapa\u201d, conta Frei Jos\u00e9, segundo o qual, naquele dia, os frades s\u00f3 n\u00e3o foram mortos porque um dos chefes da Unita os reconheceu.<\/p>\n<p>Esta ofensiva contra os frades ocorreu por dois motivos: o primeiro porque naquela ocasi\u00e3o Kibala estava sob o dom\u00ednio da Unita e alguns helic\u00f3pteros do governo pousaram no terreno da miss\u00e3o, o que levou os dominadores da cidade a imaginarem que os frades estivessem dando apoio \u00e0s tropas rivais. E a outra motiva\u00e7\u00e3o foi o fato de os frades abrigarem alguns meninos e jovens, pois, a partir dos 11 anos, eles eram pegos \u00e0 for\u00e7a para trabalhar pelos combatentes.<\/p>\n<p>Conseguir comida tamb\u00e9m era uma verdadeira aventura. O pouco que obt\u00ednhamos de alimentos era atrav\u00e9s de Frei Pl\u00ednio Gande da Silva que, a partir da troca de pe\u00e7as de roupa, cartelas de rem\u00e9dio ou outros artigos que levava at\u00e9 a pra\u00e7a (esp\u00e9cie de mercado informal a c\u00e9u aberto), conseguia algo para se comer.<\/p>\n<p>Outra grande dificuldade era para se comunicar. Os frades em Kibala ficaram mais de um ano sem nenhuma comunica\u00e7\u00e3o com os demais confrades. A \u00fanica maneira que tinham para se informar era um pequeno radinho improvisado que funcionava movido a energia gerada por uma roda de bicicleta. \u201cN\u00f3s improvisamos um gerador com uma bicicleta que colocamos de cabe\u00e7a para baixo. Enchemos o pneu com peda\u00e7os de pano velho e ali gir\u00e1vamos para ter energia para o radinho e assim consegu\u00edamos ficar minimamente informados.<\/p>\n<p>Frei Jos\u00e9 retornou de Kibala para o Brasil em 1995. Em 1998, depois de Frei Valdir Nunes Ribeiro sofrer um atentado, os frades se retiraram de l\u00e1, retornando \u00e0quela localidade em 2008, bem depois do fim da guerra. Perguntado sobre o que o levou a querer retornar \u00e0 miss\u00e3o \u00e0s v\u00e9speras de completar 80 anos, Frei Jos\u00e9 apontou dois motivos: o carinho que ele adquiriu pela miss\u00e3o na primeira vez em que l\u00e1 esteve e tamb\u00e9m a curiosidade sobre como estaria o pa\u00eds depois do fim da guerra. Frei Jos\u00e9 dizia que se sentia feliz nesta nova etapa na miss\u00e3o, mas retornou devido ao c\u00e2ncer diagnosticado na cabe\u00e7a, que o levou a uma cirurgia delicada.<\/p>\n<h3>DEPOIMENTO DE FREI GABRIEL DELLANDREA<\/h3>\n<p>Diz o fil\u00f3sofo Michel de Montaigne: \u201cSe fosse um escritor, anotaria as mortes que mais me impressionaram e as comentaria, pois quem ensinasse os homens a morrer os ensinaria a viver\u201d (Ensaio n\u00famero XX). E eu percebo que esta ideia \u00e9 um tanto ousada e verdadeira, quando a realidade da morte se apresenta para n\u00f3s muito pr\u00f3xima, pela passagem de pessoas que amamos. Por isso, quero prestar minha homenagem ao confrade que hoje faleceu, colocando um pouquinho de como foi a minha conviv\u00eancia com ele. Creio que a vida dele me ensina a morrer, pois seu exemplo ensina a viver.<\/p>\n<p>Existem pessoas que n\u00e3o precisam de muito tempo para conquistar o nosso cora\u00e7\u00e3o. Um olhar, uma palavra, um gesto e a gente percebe que daquele ser humano emana algo de grandioso e maravilhoso. Um conv\u00edvio pequeno com Frei Jos\u00e9 Zanchet, mesmo entre as atividades e os trabalhos com a juventude me faziam experimentar o que \u00e9 ser jovem, mesmo com os cabelos brancos. Eu encontrava a juventude nas nossas fraternidades e par\u00f3quias, e em casa encontrava um jovem com \u201csetenta e tantos anos\u201d. Um homem teimoso pelo seu desejo de servir. Um homem enfraquecido pela doen\u00e7a mas forte no testemunho de vida franciscana.<\/p>\n<p>Mesmo muito debilitado, insistia em trabalhar, confessar, acolher. As pernas para o alto no confession\u00e1rio n\u00e3o eram um grande problema para ele. Um pedido de desculpas por estar assim por causa da doen\u00e7a e continuava a sua miss\u00e3o. Uma troca de olhares ali, um sorriso aqui. \u00c0s vezes eu puxava aquele canto \u201cJos\u00e9 feliz esposo&#8230;\u201d para provocar o seu nome e ele continuava com voz imponente e forte, n\u00e3o se importando com as minhas bobagens. Eu pensava nos lugares que aquela voz ecoou no an\u00fancio do evangelho e da vida franciscana nas suas intensas atividades como mission\u00e1rio. Eu sou o mais novo na fraternidade do Largo S\u00e3o Francisco, mas ele, sem d\u00favida, era um banho de juventude em mim.<\/p>\n<p>O calor de sua simpatia, simplicidade e teimosia em servir me queima para ser frade menor. Frei Jos\u00e9, com sua vida e com seu testemunho, e hoje, com sua passagem, est\u00e1 me ensinando mais uma vez a viver. N\u00e3o foi preciso muito tempo de conviv\u00eancia para eu me encantar por esse cara. Mas tenho certeza que seu bom exemplo ser\u00e1 um brilho em toda a minha vida. A sua caminhada franciscana comigo nesse tempinho desde o come\u00e7o do ano, por si s\u00f3, foi uma excelente anima\u00e7\u00e3o vocacional. O testemunho de vida de uns, somado com a certeza da morte, faz outros viverem mais intensamente! Que Deus conforte os familiares dele e a nossa fraternidade.<\/p>\n<p><strong>R.I.P.<\/strong><\/p>\n","protected":false},"excerpt":{"rendered":"<p>Falecimento<\/p>\n","protected":false},"author":1,"featured_media":200692,"comment_status":"open","ping_status":"open","sticky":false,"template":"","format":"standard","meta":[],"categories":[1],"tags":[1160,1139],"acf":[],"yoast_head":"<!-- This site is optimized with the Yoast SEO plugin v19.2 - https:\/\/yoast.com\/wordpress\/plugins\/seo\/ -->\n<title>Falece o mission\u00e1rio Frei Jos\u00e9 Zanchet em S\u00e3o Paulo - Not\u00edcias - Franciscanos<\/title>\n<meta name=\"robots\" content=\"index, follow, max-snippet:-1, max-image-preview:large, max-video-preview:-1\" \/>\n<link rel=\"canonical\" href=\"https:\/\/franciscanos.org.br\/noticias\/falece-o-missionario-frei-jose-zanchet.html\" \/>\n<meta property=\"og:locale\" content=\"pt_BR\" \/>\n<meta property=\"og:type\" content=\"article\" \/>\n<meta property=\"og:title\" content=\"Falece o mission\u00e1rio Frei Jos\u00e9 Zanchet em S\u00e3o Paulo - Not\u00edcias - Franciscanos\" \/>\n<meta property=\"og:description\" content=\"Falecimento\" \/>\n<meta property=\"og:url\" content=\"https:\/\/franciscanos.org.br\/noticias\/falece-o-missionario-frei-jose-zanchet.html\" \/>\n<meta property=\"og:site_name\" content=\"Not\u00edcias - Franciscanos\" \/>\n<meta property=\"article:published_time\" content=\"2017-06-25T13:07:03+00:00\" \/>\n<meta property=\"article:modified_time\" content=\"2019-02-27T14:11:15+00:00\" \/>\n<meta property=\"og:image\" content=\"https:\/\/franciscanos.org.br\/noticias\/wp-content\/uploads\/2017\/06\/jose_zanchet_250617.jpg\" \/>\n\t<meta property=\"og:image:width\" content=\"273\" \/>\n\t<meta property=\"og:image:height\" content=\"181\" \/>\n\t<meta property=\"og:image:type\" content=\"image\/jpeg\" \/>\n<meta name=\"author\" content=\"admin\" \/>\n<meta name=\"twitter:card\" content=\"summary_large_image\" \/>\n<meta name=\"twitter:label1\" content=\"Escrito por\" \/>\n\t<meta name=\"twitter:data1\" content=\"admin\" \/>\n\t<meta name=\"twitter:label2\" content=\"Est. tempo de leitura\" \/>\n\t<meta name=\"twitter:data2\" content=\"10 minutos\" \/>\n<script type=\"application\/ld+json\" class=\"yoast-schema-graph\">{\"@context\":\"https:\/\/schema.org\",\"@graph\":[{\"@type\":\"WebSite\",\"@id\":\"https:\/\/franciscanos.org.br\/noticias\/#website\",\"url\":\"https:\/\/franciscanos.org.br\/noticias\/\",\"name\":\"Not\u00edcias - Franciscanos\",\"description\":\"Prov\u00edncia Franciscana da Imaculada Concei\u00e7\u00e3o do Brasil - Ordem dos Frades Menores - OFM\",\"potentialAction\":[{\"@type\":\"SearchAction\",\"target\":{\"@type\":\"EntryPoint\",\"urlTemplate\":\"https:\/\/franciscanos.org.br\/noticias\/?s={search_term_string}\"},\"query-input\":\"required name=search_term_string\"}],\"inLanguage\":\"pt-BR\"},{\"@type\":\"ImageObject\",\"inLanguage\":\"pt-BR\",\"@id\":\"https:\/\/franciscanos.org.br\/noticias\/falece-o-missionario-frei-jose-zanchet.html#primaryimage\",\"url\":\"https:\/\/franciscanos.org.br\/noticias\/wp-content\/uploads\/2017\/06\/jose_zanchet_250617.jpg\",\"contentUrl\":\"https:\/\/franciscanos.org.br\/noticias\/wp-content\/uploads\/2017\/06\/jose_zanchet_250617.jpg\",\"width\":273,\"height\":181},{\"@type\":\"WebPage\",\"@id\":\"https:\/\/franciscanos.org.br\/noticias\/falece-o-missionario-frei-jose-zanchet.html#webpage\",\"url\":\"https:\/\/franciscanos.org.br\/noticias\/falece-o-missionario-frei-jose-zanchet.html\",\"name\":\"Falece o mission\u00e1rio Frei Jos\u00e9 Zanchet em S\u00e3o Paulo - Not\u00edcias - Franciscanos\",\"isPartOf\":{\"@id\":\"https:\/\/franciscanos.org.br\/noticias\/#website\"},\"primaryImageOfPage\":{\"@id\":\"https:\/\/franciscanos.org.br\/noticias\/falece-o-missionario-frei-jose-zanchet.html#primaryimage\"},\"datePublished\":\"2017-06-25T13:07:03+00:00\",\"dateModified\":\"2019-02-27T14:11:15+00:00\",\"author\":{\"@id\":\"https:\/\/franciscanos.org.br\/noticias\/#\/schema\/person\/b38fbf43118f02820bd932f2e4b14ad3\"},\"breadcrumb\":{\"@id\":\"https:\/\/franciscanos.org.br\/noticias\/falece-o-missionario-frei-jose-zanchet.html#breadcrumb\"},\"inLanguage\":\"pt-BR\",\"potentialAction\":[{\"@type\":\"ReadAction\",\"target\":[\"https:\/\/franciscanos.org.br\/noticias\/falece-o-missionario-frei-jose-zanchet.html\"]}]},{\"@type\":\"BreadcrumbList\",\"@id\":\"https:\/\/franciscanos.org.br\/noticias\/falece-o-missionario-frei-jose-zanchet.html#breadcrumb\",\"itemListElement\":[{\"@type\":\"ListItem\",\"position\":1,\"name\":\"Home\",\"item\":\"https:\/\/franciscanos.org.br\/noticias\"},{\"@type\":\"ListItem\",\"position\":2,\"name\":\"Falece o mission\u00e1rio Frei Jos\u00e9 Zanchet em S\u00e3o Paulo\"}]},{\"@type\":\"Person\",\"@id\":\"https:\/\/franciscanos.org.br\/noticias\/#\/schema\/person\/b38fbf43118f02820bd932f2e4b14ad3\",\"name\":\"admin\",\"image\":{\"@type\":\"ImageObject\",\"inLanguage\":\"pt-BR\",\"@id\":\"https:\/\/franciscanos.org.br\/noticias\/#\/schema\/person\/image\/\",\"url\":\"https:\/\/secure.gravatar.com\/avatar\/e8495742d34d0ba6448ea1c628263b3e?s=96&d=mm&r=g\",\"contentUrl\":\"https:\/\/secure.gravatar.com\/avatar\/e8495742d34d0ba6448ea1c628263b3e?s=96&d=mm&r=g\",\"caption\":\"admin\"},\"url\":\"https:\/\/franciscanos.org.br\/noticias\/author\/admin\"}]}<\/script>\n<!-- \/ Yoast SEO plugin. -->","yoast_head_json":{"title":"Falece o mission\u00e1rio Frei Jos\u00e9 Zanchet em S\u00e3o Paulo - Not\u00edcias - Franciscanos","robots":{"index":"index","follow":"follow","max-snippet":"max-snippet:-1","max-image-preview":"max-image-preview:large","max-video-preview":"max-video-preview:-1"},"canonical":"https:\/\/franciscanos.org.br\/noticias\/falece-o-missionario-frei-jose-zanchet.html","og_locale":"pt_BR","og_type":"article","og_title":"Falece o mission\u00e1rio Frei Jos\u00e9 Zanchet em S\u00e3o Paulo - Not\u00edcias - Franciscanos","og_description":"Falecimento","og_url":"https:\/\/franciscanos.org.br\/noticias\/falece-o-missionario-frei-jose-zanchet.html","og_site_name":"Not\u00edcias - Franciscanos","article_published_time":"2017-06-25T13:07:03+00:00","article_modified_time":"2019-02-27T14:11:15+00:00","og_image":[{"width":273,"height":181,"url":"https:\/\/franciscanos.org.br\/noticias\/wp-content\/uploads\/2017\/06\/jose_zanchet_250617.jpg","type":"image\/jpeg"}],"author":"admin","twitter_card":"summary_large_image","twitter_misc":{"Escrito por":"admin","Est. tempo de leitura":"10 minutos"},"schema":{"@context":"https:\/\/schema.org","@graph":[{"@type":"WebSite","@id":"https:\/\/franciscanos.org.br\/noticias\/#website","url":"https:\/\/franciscanos.org.br\/noticias\/","name":"Not\u00edcias - Franciscanos","description":"Prov\u00edncia Franciscana da Imaculada Concei\u00e7\u00e3o do Brasil - Ordem dos Frades Menores - OFM","potentialAction":[{"@type":"SearchAction","target":{"@type":"EntryPoint","urlTemplate":"https:\/\/franciscanos.org.br\/noticias\/?s={search_term_string}"},"query-input":"required name=search_term_string"}],"inLanguage":"pt-BR"},{"@type":"ImageObject","inLanguage":"pt-BR","@id":"https:\/\/franciscanos.org.br\/noticias\/falece-o-missionario-frei-jose-zanchet.html#primaryimage","url":"https:\/\/franciscanos.org.br\/noticias\/wp-content\/uploads\/2017\/06\/jose_zanchet_250617.jpg","contentUrl":"https:\/\/franciscanos.org.br\/noticias\/wp-content\/uploads\/2017\/06\/jose_zanchet_250617.jpg","width":273,"height":181},{"@type":"WebPage","@id":"https:\/\/franciscanos.org.br\/noticias\/falece-o-missionario-frei-jose-zanchet.html#webpage","url":"https:\/\/franciscanos.org.br\/noticias\/falece-o-missionario-frei-jose-zanchet.html","name":"Falece o mission\u00e1rio Frei Jos\u00e9 Zanchet em S\u00e3o Paulo - Not\u00edcias - Franciscanos","isPartOf":{"@id":"https:\/\/franciscanos.org.br\/noticias\/#website"},"primaryImageOfPage":{"@id":"https:\/\/franciscanos.org.br\/noticias\/falece-o-missionario-frei-jose-zanchet.html#primaryimage"},"datePublished":"2017-06-25T13:07:03+00:00","dateModified":"2019-02-27T14:11:15+00:00","author":{"@id":"https:\/\/franciscanos.org.br\/noticias\/#\/schema\/person\/b38fbf43118f02820bd932f2e4b14ad3"},"breadcrumb":{"@id":"https:\/\/franciscanos.org.br\/noticias\/falece-o-missionario-frei-jose-zanchet.html#breadcrumb"},"inLanguage":"pt-BR","potentialAction":[{"@type":"ReadAction","target":["https:\/\/franciscanos.org.br\/noticias\/falece-o-missionario-frei-jose-zanchet.html"]}]},{"@type":"BreadcrumbList","@id":"https:\/\/franciscanos.org.br\/noticias\/falece-o-missionario-frei-jose-zanchet.html#breadcrumb","itemListElement":[{"@type":"ListItem","position":1,"name":"Home","item":"https:\/\/franciscanos.org.br\/noticias"},{"@type":"ListItem","position":2,"name":"Falece o mission\u00e1rio Frei Jos\u00e9 Zanchet em S\u00e3o Paulo"}]},{"@type":"Person","@id":"https:\/\/franciscanos.org.br\/noticias\/#\/schema\/person\/b38fbf43118f02820bd932f2e4b14ad3","name":"admin","image":{"@type":"ImageObject","inLanguage":"pt-BR","@id":"https:\/\/franciscanos.org.br\/noticias\/#\/schema\/person\/image\/","url":"https:\/\/secure.gravatar.com\/avatar\/e8495742d34d0ba6448ea1c628263b3e?s=96&d=mm&r=g","contentUrl":"https:\/\/secure.gravatar.com\/avatar\/e8495742d34d0ba6448ea1c628263b3e?s=96&d=mm&r=g","caption":"admin"},"url":"https:\/\/franciscanos.org.br\/noticias\/author\/admin"}]}},"_links":{"self":[{"href":"https:\/\/franciscanos.org.br\/noticias\/wp-json\/wp\/v2\/posts\/136774"}],"collection":[{"href":"https:\/\/franciscanos.org.br\/noticias\/wp-json\/wp\/v2\/posts"}],"about":[{"href":"https:\/\/franciscanos.org.br\/noticias\/wp-json\/wp\/v2\/types\/post"}],"author":[{"embeddable":true,"href":"https:\/\/franciscanos.org.br\/noticias\/wp-json\/wp\/v2\/users\/1"}],"replies":[{"embeddable":true,"href":"https:\/\/franciscanos.org.br\/noticias\/wp-json\/wp\/v2\/comments?post=136774"}],"version-history":[{"count":0,"href":"https:\/\/franciscanos.org.br\/noticias\/wp-json\/wp\/v2\/posts\/136774\/revisions"}],"wp:featuredmedia":[{"embeddable":true,"href":"https:\/\/franciscanos.org.br\/noticias\/wp-json\/wp\/v2\/media\/200692"}],"wp:attachment":[{"href":"https:\/\/franciscanos.org.br\/noticias\/wp-json\/wp\/v2\/media?parent=136774"}],"wp:term":[{"taxonomy":"category","embeddable":true,"href":"https:\/\/franciscanos.org.br\/noticias\/wp-json\/wp\/v2\/categories?post=136774"},{"taxonomy":"post_tag","embeddable":true,"href":"https:\/\/franciscanos.org.br\/noticias\/wp-json\/wp\/v2\/tags?post=136774"}],"curies":[{"name":"wp","href":"https:\/\/api.w.org\/{rel}","templated":true}]}}