{"id":136690,"date":"2017-06-23T09:47:00","date_gmt":"2017-06-23T12:47:00","guid":{"rendered":"http:\/\/franciscanos.org.br\/?p=136690"},"modified":"2020-06-08T19:07:29","modified_gmt":"2020-06-08T22:07:29","slug":"o-senhor-se-apaixonou-pela-nossa-pequenez","status":"publish","type":"post","link":"https:\/\/franciscanos.org.br\/noticias\/o-senhor-se-apaixonou-pela-nossa-pequenez.html","title":{"rendered":"O Senhor se apaixonou pela nossa pequenez"},"content":{"rendered":"<p><img loading=\"lazy\" src=\"http:\/\/franciscanos.org.br\/wp-content\/uploads\/2017\/06\/marta_230617.jpg\" alt=\"marta_230617\" width=\"820\" height=\"431\" \/><\/p>\n<p><strong>Cidade do Vaticano<\/strong> &#8211; Para ouvir a voz do Senhor, \u00e9 preciso se fazer pequeno. Foi o que o Papa Francisco recordou na homilia da Missa da manh\u00e3 na Casa Santa Marta, celebrando o Sagrado Cora\u00e7\u00e3o de Jesus.<\/p>\n<p>O Senhor nos escolheu, ele se \u201cmisturou conosco no caminho da vida\u201d e nos deu \u201cSeu Filho, e a vida de Seu Filho, por amor nosso\u201d. Referindo-se a primeira leitura de hoje tirado do Deuteron\u00f4mio, onde Mois\u00e9s diz que Deus nos escolheu para sermos seu povo entre todos os povos da terra, Francisco explica como se louva a Deus porque \u201cno cora\u00e7\u00e3o de Jesus d\u00e1-nos a gra\u00e7a de celebrar com alegria os grandes mist\u00e9rios da nossa salva\u00e7\u00e3o, de Seu amor por n\u00f3s\u201d, celebrando, isto \u00e9 \u201ca nossa f\u00e9\u201d.<\/p>\n<p>Em particular, o Papa se det\u00e9m sobre duas palavras contidas no texto: escolher e pequenez. Em rela\u00e7\u00e3o \u00e0 primeira, disse ele, n\u00e3o fomos n\u00f3s a \u201cescolh\u00ea-Lo\u201d, mas \u00e9 Deus que se fez \u201cnosso prisioneiro\u201d: \u201cEle se prendeu \u00e0 nossa vida, n\u00e3o pode se distanciar\u201d. Jogou forte! Ele permanece fiel nessa atitude. Fomos escolhidos por amor e esta \u00e9 a nossa identidade. &#8216;Eu escolhi esta religi\u00e3o, eu escolhi &#8230;&#8217; N\u00e3o, voc\u00ea n\u00e3o escolheu. \u00c9 Ele que escolheu voc\u00ea, chamou voc\u00ea e se prendeu. E esta \u00e9 a nossa f\u00e9. Se n\u00e3o acreditamos nisso, n\u00e3o entendemos a mensagem de Cristo, n\u00e3o entendemos o Evangelho\u201d.<\/p>\n<p>Para a segunda palavra, pequenez, recorda como Mois\u00e9s especifique que o Senhor escolheu o povo de Israel, porque \u00e9 \u201co menor de todos os povos\u201d: \u201cEle se apaixonou pela nossa pequenez e por isso ele nos escolheu. E ele escolhe os pequenos: n\u00e3o os grandes, os pequenos. E Ele se revela aos pequenos: \u2018Escondestes essas coisas aos grandes e poderosos e as revelastes aos pequeninos!\u2019 Ele se revela aos pequenos: se voc\u00ea quer entender algo do mist\u00e9rio de Jesus, abaixe-se: fa\u00e7a-se pequeno. Reconhe\u00e7a que voc\u00ea n\u00e3o \u00e9 nada. E n\u00e3o s\u00f3 escolhe e se revela aos pequenos, mas chama os pequenos: &#8216;Vinde a mim, todos v\u00f3s que estais cansados e sobrecarregados: Eu vos aliviarei&#8217;. V\u00f3s que sois os mais pequenos &#8211; pelos sofrimentos, cansa\u00e7o &#8230; Ele escolhe os pequenos, se revela aos pequenos e chama os pequenos. Mas os grande Ele n\u00e3o os chama? O Seu cora\u00e7\u00e3o est\u00e1 aberto, mas a voz os grande n\u00e3o conseguem ouvi-la porque eles est\u00e3o cheios de si mesmos. Para ouvir a voz de Deus, \u00e9 preciso se fazer pequeno\u201d.<\/p>\n<p>Assim, ent\u00e3o, se chega ao mist\u00e9rio do cora\u00e7\u00e3o de Cristo, que n\u00e3o \u00e9 &#8211; como &#8220;algu\u00e9m diz&#8221;, recorda Francisco- uma &#8220;imagem pequena&#8221; para os devotos: o cora\u00e7\u00e3o traspassado de Cristo \u00e9 \u201co cora\u00e7\u00e3o da revela\u00e7\u00e3o, o cora\u00e7\u00e3o da nossa f\u00e9, porque ele se fez pequeno, ele escolheu este caminho\u201d. O de humilhar-se e aniquilar-se &#8220;at\u00e9 a morte&#8221; na cruz: \u00e9 &#8211; disse o Papa \u2013 \u201cuma escolha para a pequenez, para que a gl\u00f3ria de Deus possa se manifestar\u201d. Do corpo de Cristo traspassado pela lan\u00e7a do soldado &#8220;saiu sangue e \u00e1gua&#8221;, recorda Francisco, e &#8220;este \u00e9 o mist\u00e9rio de Cristo&#8221;, na celebra\u00e7\u00e3o de hoje, de um &#8220;cora\u00e7\u00e3o que ama, que escolhe, que \u00e9 fiel&#8221; e &#8220;se une a n\u00f3s, se revela aos pequenos, chama os pequenos, e se faz pequeno\u201d: \u201cCremos em Deus, sim; sim, tamb\u00e9m em Jesus, sim &#8230; &#8216;Jesus \u00e9 Deus?&#8217; &#8211; &#8216;Sim&#8217;. Mas o mist\u00e9rio \u00e9 este. Esta \u00e9 a manifesta\u00e7\u00e3o, esta \u00e9 a gl\u00f3ria de Deus. Fidelidade ao escolher, no prender-se e pequenez tamb\u00e9m por si mesmo: tornar-se pequeno, aniquilar-se. O problema da f\u00e9 \u00e9 o n\u00facleo da nossa vida: podemos ser muito, muito virtuosos, mas sem ou pouca f\u00e9; devemos come\u00e7ar a partir daqui, a partir do mist\u00e9rio de Jesus Cristo que nos salvou com a sua fidelidade\u201d.<\/p>\n<p>A ora\u00e7\u00e3o final \u00e9 para que o Senhor nos conceda a gra\u00e7a de celebrar no cora\u00e7\u00e3o de Jesus Cristo, \u201cos grandes gestos, as grandes obras de salva\u00e7\u00e3o, as grandes obras de reden\u00e7\u00e3o\u201d.<\/p>\n<hr \/>\n<p><em>Fonte: R\u00e1dio Vaticano<\/em><\/p>\n","protected":false},"excerpt":{"rendered":"<p>Missa em Santa Marta<\/p>\n","protected":false},"author":1,"featured_media":200678,"comment_status":"open","ping_status":"open","sticky":false,"template":"","format":"standard","meta":[],"categories":[1428],"tags":[1586],"acf":[],"yoast_head":"<!-- This site is optimized with the Yoast SEO plugin v19.2 - https:\/\/yoast.com\/wordpress\/plugins\/seo\/ -->\n<title>O Senhor se apaixonou pela nossa pequenez - Not\u00edcias - Franciscanos<\/title>\n<meta name=\"robots\" content=\"index, follow, max-snippet:-1, max-image-preview:large, max-video-preview:-1\" \/>\n<link rel=\"canonical\" href=\"https:\/\/franciscanos.org.br\/noticias\/o-senhor-se-apaixonou-pela-nossa-pequenez.html\" \/>\n<meta property=\"og:locale\" content=\"pt_BR\" \/>\n<meta property=\"og:type\" content=\"article\" \/>\n<meta property=\"og:title\" content=\"O Senhor se apaixonou pela nossa pequenez - Not\u00edcias - Franciscanos\" \/>\n<meta property=\"og:description\" content=\"Missa em Santa Marta\" \/>\n<meta property=\"og:url\" content=\"https:\/\/franciscanos.org.br\/noticias\/o-senhor-se-apaixonou-pela-nossa-pequenez.html\" \/>\n<meta property=\"og:site_name\" content=\"Not\u00edcias - Franciscanos\" \/>\n<meta property=\"article:published_time\" content=\"2017-06-23T12:47:00+00:00\" \/>\n<meta property=\"article:modified_time\" content=\"2020-06-08T22:07:29+00:00\" \/>\n<meta property=\"og:image\" content=\"https:\/\/franciscanos.org.br\/noticias\/wp-content\/uploads\/2017\/06\/marta_230617.jpg\" \/>\n\t<meta property=\"og:image:width\" content=\"273\" \/>\n\t<meta property=\"og:image:height\" content=\"181\" \/>\n\t<meta property=\"og:image:type\" content=\"image\/jpeg\" \/>\n<meta name=\"author\" content=\"admin\" \/>\n<meta name=\"twitter:card\" content=\"summary_large_image\" \/>\n<meta name=\"twitter:label1\" content=\"Escrito por\" \/>\n\t<meta name=\"twitter:data1\" content=\"admin\" \/>\n\t<meta name=\"twitter:label2\" content=\"Est. tempo de leitura\" \/>\n\t<meta name=\"twitter:data2\" content=\"3 minutos\" \/>\n<script type=\"application\/ld+json\" class=\"yoast-schema-graph\">{\"@context\":\"https:\/\/schema.org\",\"@graph\":[{\"@type\":\"WebSite\",\"@id\":\"https:\/\/franciscanos.org.br\/noticias\/#website\",\"url\":\"https:\/\/franciscanos.org.br\/noticias\/\",\"name\":\"Not\u00edcias - Franciscanos\",\"description\":\"Prov\u00edncia Franciscana da Imaculada Concei\u00e7\u00e3o do Brasil - Ordem dos Frades Menores - OFM\",\"potentialAction\":[{\"@type\":\"SearchAction\",\"target\":{\"@type\":\"EntryPoint\",\"urlTemplate\":\"https:\/\/franciscanos.org.br\/noticias\/?s={search_term_string}\"},\"query-input\":\"required name=search_term_string\"}],\"inLanguage\":\"pt-BR\"},{\"@type\":\"ImageObject\",\"inLanguage\":\"pt-BR\",\"@id\":\"https:\/\/franciscanos.org.br\/noticias\/o-senhor-se-apaixonou-pela-nossa-pequenez.html#primaryimage\",\"url\":\"https:\/\/franciscanos.org.br\/noticias\/wp-content\/uploads\/2017\/06\/marta_230617.jpg\",\"contentUrl\":\"https:\/\/franciscanos.org.br\/noticias\/wp-content\/uploads\/2017\/06\/marta_230617.jpg\",\"width\":273,\"height\":181},{\"@type\":\"WebPage\",\"@id\":\"https:\/\/franciscanos.org.br\/noticias\/o-senhor-se-apaixonou-pela-nossa-pequenez.html#webpage\",\"url\":\"https:\/\/franciscanos.org.br\/noticias\/o-senhor-se-apaixonou-pela-nossa-pequenez.html\",\"name\":\"O Senhor se apaixonou pela nossa pequenez - Not\u00edcias - Franciscanos\",\"isPartOf\":{\"@id\":\"https:\/\/franciscanos.org.br\/noticias\/#website\"},\"primaryImageOfPage\":{\"@id\":\"https:\/\/franciscanos.org.br\/noticias\/o-senhor-se-apaixonou-pela-nossa-pequenez.html#primaryimage\"},\"datePublished\":\"2017-06-23T12:47:00+00:00\",\"dateModified\":\"2020-06-08T22:07:29+00:00\",\"author\":{\"@id\":\"https:\/\/franciscanos.org.br\/noticias\/#\/schema\/person\/b38fbf43118f02820bd932f2e4b14ad3\"},\"breadcrumb\":{\"@id\":\"https:\/\/franciscanos.org.br\/noticias\/o-senhor-se-apaixonou-pela-nossa-pequenez.html#breadcrumb\"},\"inLanguage\":\"pt-BR\",\"potentialAction\":[{\"@type\":\"ReadAction\",\"target\":[\"https:\/\/franciscanos.org.br\/noticias\/o-senhor-se-apaixonou-pela-nossa-pequenez.html\"]}]},{\"@type\":\"BreadcrumbList\",\"@id\":\"https:\/\/franciscanos.org.br\/noticias\/o-senhor-se-apaixonou-pela-nossa-pequenez.html#breadcrumb\",\"itemListElement\":[{\"@type\":\"ListItem\",\"position\":1,\"name\":\"Home\",\"item\":\"https:\/\/franciscanos.org.br\/noticias\"},{\"@type\":\"ListItem\",\"position\":2,\"name\":\"O Senhor se apaixonou pela nossa pequenez\"}]},{\"@type\":\"Person\",\"@id\":\"https:\/\/franciscanos.org.br\/noticias\/#\/schema\/person\/b38fbf43118f02820bd932f2e4b14ad3\",\"name\":\"admin\",\"image\":{\"@type\":\"ImageObject\",\"inLanguage\":\"pt-BR\",\"@id\":\"https:\/\/franciscanos.org.br\/noticias\/#\/schema\/person\/image\/\",\"url\":\"https:\/\/secure.gravatar.com\/avatar\/e8495742d34d0ba6448ea1c628263b3e?s=96&d=mm&r=g\",\"contentUrl\":\"https:\/\/secure.gravatar.com\/avatar\/e8495742d34d0ba6448ea1c628263b3e?s=96&d=mm&r=g\",\"caption\":\"admin\"},\"url\":\"https:\/\/franciscanos.org.br\/noticias\/author\/admin\"}]}<\/script>\n<!-- \/ Yoast SEO plugin. -->","yoast_head_json":{"title":"O Senhor se apaixonou pela nossa pequenez - Not\u00edcias - Franciscanos","robots":{"index":"index","follow":"follow","max-snippet":"max-snippet:-1","max-image-preview":"max-image-preview:large","max-video-preview":"max-video-preview:-1"},"canonical":"https:\/\/franciscanos.org.br\/noticias\/o-senhor-se-apaixonou-pela-nossa-pequenez.html","og_locale":"pt_BR","og_type":"article","og_title":"O Senhor se apaixonou pela nossa pequenez - Not\u00edcias - Franciscanos","og_description":"Missa em Santa Marta","og_url":"https:\/\/franciscanos.org.br\/noticias\/o-senhor-se-apaixonou-pela-nossa-pequenez.html","og_site_name":"Not\u00edcias - Franciscanos","article_published_time":"2017-06-23T12:47:00+00:00","article_modified_time":"2020-06-08T22:07:29+00:00","og_image":[{"width":273,"height":181,"url":"https:\/\/franciscanos.org.br\/noticias\/wp-content\/uploads\/2017\/06\/marta_230617.jpg","type":"image\/jpeg"}],"author":"admin","twitter_card":"summary_large_image","twitter_misc":{"Escrito por":"admin","Est. tempo de leitura":"3 minutos"},"schema":{"@context":"https:\/\/schema.org","@graph":[{"@type":"WebSite","@id":"https:\/\/franciscanos.org.br\/noticias\/#website","url":"https:\/\/franciscanos.org.br\/noticias\/","name":"Not\u00edcias - Franciscanos","description":"Prov\u00edncia Franciscana da Imaculada Concei\u00e7\u00e3o do Brasil - Ordem dos Frades Menores - OFM","potentialAction":[{"@type":"SearchAction","target":{"@type":"EntryPoint","urlTemplate":"https:\/\/franciscanos.org.br\/noticias\/?s={search_term_string}"},"query-input":"required name=search_term_string"}],"inLanguage":"pt-BR"},{"@type":"ImageObject","inLanguage":"pt-BR","@id":"https:\/\/franciscanos.org.br\/noticias\/o-senhor-se-apaixonou-pela-nossa-pequenez.html#primaryimage","url":"https:\/\/franciscanos.org.br\/noticias\/wp-content\/uploads\/2017\/06\/marta_230617.jpg","contentUrl":"https:\/\/franciscanos.org.br\/noticias\/wp-content\/uploads\/2017\/06\/marta_230617.jpg","width":273,"height":181},{"@type":"WebPage","@id":"https:\/\/franciscanos.org.br\/noticias\/o-senhor-se-apaixonou-pela-nossa-pequenez.html#webpage","url":"https:\/\/franciscanos.org.br\/noticias\/o-senhor-se-apaixonou-pela-nossa-pequenez.html","name":"O Senhor se apaixonou pela nossa pequenez - Not\u00edcias - Franciscanos","isPartOf":{"@id":"https:\/\/franciscanos.org.br\/noticias\/#website"},"primaryImageOfPage":{"@id":"https:\/\/franciscanos.org.br\/noticias\/o-senhor-se-apaixonou-pela-nossa-pequenez.html#primaryimage"},"datePublished":"2017-06-23T12:47:00+00:00","dateModified":"2020-06-08T22:07:29+00:00","author":{"@id":"https:\/\/franciscanos.org.br\/noticias\/#\/schema\/person\/b38fbf43118f02820bd932f2e4b14ad3"},"breadcrumb":{"@id":"https:\/\/franciscanos.org.br\/noticias\/o-senhor-se-apaixonou-pela-nossa-pequenez.html#breadcrumb"},"inLanguage":"pt-BR","potentialAction":[{"@type":"ReadAction","target":["https:\/\/franciscanos.org.br\/noticias\/o-senhor-se-apaixonou-pela-nossa-pequenez.html"]}]},{"@type":"BreadcrumbList","@id":"https:\/\/franciscanos.org.br\/noticias\/o-senhor-se-apaixonou-pela-nossa-pequenez.html#breadcrumb","itemListElement":[{"@type":"ListItem","position":1,"name":"Home","item":"https:\/\/franciscanos.org.br\/noticias"},{"@type":"ListItem","position":2,"name":"O Senhor se apaixonou pela nossa pequenez"}]},{"@type":"Person","@id":"https:\/\/franciscanos.org.br\/noticias\/#\/schema\/person\/b38fbf43118f02820bd932f2e4b14ad3","name":"admin","image":{"@type":"ImageObject","inLanguage":"pt-BR","@id":"https:\/\/franciscanos.org.br\/noticias\/#\/schema\/person\/image\/","url":"https:\/\/secure.gravatar.com\/avatar\/e8495742d34d0ba6448ea1c628263b3e?s=96&d=mm&r=g","contentUrl":"https:\/\/secure.gravatar.com\/avatar\/e8495742d34d0ba6448ea1c628263b3e?s=96&d=mm&r=g","caption":"admin"},"url":"https:\/\/franciscanos.org.br\/noticias\/author\/admin"}]}},"_links":{"self":[{"href":"https:\/\/franciscanos.org.br\/noticias\/wp-json\/wp\/v2\/posts\/136690"}],"collection":[{"href":"https:\/\/franciscanos.org.br\/noticias\/wp-json\/wp\/v2\/posts"}],"about":[{"href":"https:\/\/franciscanos.org.br\/noticias\/wp-json\/wp\/v2\/types\/post"}],"author":[{"embeddable":true,"href":"https:\/\/franciscanos.org.br\/noticias\/wp-json\/wp\/v2\/users\/1"}],"replies":[{"embeddable":true,"href":"https:\/\/franciscanos.org.br\/noticias\/wp-json\/wp\/v2\/comments?post=136690"}],"version-history":[{"count":1,"href":"https:\/\/franciscanos.org.br\/noticias\/wp-json\/wp\/v2\/posts\/136690\/revisions"}],"predecessor-version":[{"id":225308,"href":"https:\/\/franciscanos.org.br\/noticias\/wp-json\/wp\/v2\/posts\/136690\/revisions\/225308"}],"wp:featuredmedia":[{"embeddable":true,"href":"https:\/\/franciscanos.org.br\/noticias\/wp-json\/wp\/v2\/media\/200678"}],"wp:attachment":[{"href":"https:\/\/franciscanos.org.br\/noticias\/wp-json\/wp\/v2\/media?parent=136690"}],"wp:term":[{"taxonomy":"category","embeddable":true,"href":"https:\/\/franciscanos.org.br\/noticias\/wp-json\/wp\/v2\/categories?post=136690"},{"taxonomy":"post_tag","embeddable":true,"href":"https:\/\/franciscanos.org.br\/noticias\/wp-json\/wp\/v2\/tags?post=136690"}],"curies":[{"name":"wp","href":"https:\/\/api.w.org\/{rel}","templated":true}]}}