{"id":136556,"date":"2017-06-20T10:52:01","date_gmt":"2017-06-20T13:52:01","guid":{"rendered":"http:\/\/franciscanos.org.br\/?p=136556"},"modified":"2020-06-08T19:11:28","modified_gmt":"2020-06-08T22:11:28","slug":"paroquia-lar-que-nao-conhece-ausencias-diz-papa","status":"publish","type":"post","link":"https:\/\/franciscanos.org.br\/noticias\/paroquia-lar-que-nao-conhece-ausencias-diz-papa.html","title":{"rendered":"Par\u00f3quia: lar que n\u00e3o conhece aus\u00eancias, diz Papa"},"content":{"rendered":"<p><img loading=\"lazy\" src=\"http:\/\/franciscanos.org.br\/wp-content\/uploads\/2017\/06\/visita_200617G.jpg\" alt=\"visita_200617G\" width=\"830\" height=\"400\" \/><br \/>\n<strong>Bozzolo<\/strong> &#8211; O Papa Francisco visitou na manh\u00e3 desta ter\u00e7a-feira (20), \u00a0duas localidades italianas, centro e norte do pa\u00eds, Bozzolo e Barbiana. O Santo Padre chegou de helic\u00f3ptero a Bozzolo por volta das 9h15, onde foi acolhido pelo bispo de Cremona, Dom Ant\u00f4nio Napolioni, pelo prefeito da cidade e por muitos fi\u00e9is. Em seguida, na Par\u00f3quia de S\u00e3o Pedro, Francisco se deteve em ora\u00e7\u00e3o diante do t\u00famulo de Padre Primo Mazzolari, e na sequ\u00eancia fez um discurso aos fi\u00e9is. Depois se transferiu para Barbiana, onde chegou \u00e0s 11h15 da manh\u00e3 (hora local). Ali foi acolhido pelo Cardeal Giuseppe Betori, Arcebispo de Floren\u00e7a e pelo prefeito da cidade. Francisco visitou o t\u00famulo de Padre Lorenzo Milani e depois diante da igreja da cidade fez um discurso aos fi\u00e9is. O Papa retornou ao Vaticano \u00e0s 12h30.<\/p>\n<p><strong>\u00c0s vezes inc\u00f4modo<\/strong><br \/>\nNo seu primeiro discurso em Bozzolo o Santo Padre destacou que ele foi a Bozzolo e depois Barbiana como peregrino nas pegadas de dois p\u00e1rocos que deixaram um rastro de luz, \u00e0s vezes \u201cinc\u00f4modo\u201d, no seu servi\u00e7o ao Senhor e ao povo de Deus. Eu disse muitas vezes \u2013 iniciou Francisco &#8211; que os p\u00e1rocos s\u00e3o a for\u00e7a da Igreja na It\u00e1lia. Quando s\u00e3o as faces de um clero n\u00e3o-clerical, eles d\u00e3o vida a um verdadeiro \u201cmagist\u00e9rio dos p\u00e1rocos\u201d, que faz muito bem a todos. Padre Primo Mazzolari foi chamado de \u201co p\u00e1roco da It\u00e1lia\u201d; e S\u00e3o Jo\u00e3o XXIII saudou-o como \u201ca trombeta do Esp\u00edrito Santo, na Baixa padana\u201d.<\/p>\n<p><strong>O rio, a casa, a plan\u00edcie<\/strong><br \/>\nDepois de descrever a personalidade de Padre Primo e a sua forma\u00e7\u00e3o derivada da rica tradi\u00e7\u00e3o da \u201cterra padana\u201d o Papa meditou sobre a atualidade da sua mensagem tendo como pano de fundo tr\u00eas cen\u00e1rios: o rio, a casa, a plan\u00edcie. O rio \u00e9 uma espl\u00eandida imagem, que pertence \u00e0 minha experi\u00eancia, e tamb\u00e9m a de voc\u00eas, disse o Papa. Padre Primo desenvolveu o seu minist\u00e9rio ao longo dos rios, s\u00edmbolos da primazia e do poder da gra\u00e7a de Deus que escorre incessantemente para o mundo. A sua palavra, pregada ou escrita, buscava clareza de pensamento e for\u00e7a persuasiva na fonte da Palavra do Deus vivo, no Evangelho meditado e rezado, encontrado no Crucificado e nos homens, celebrado em gestos sacramentais n\u00e3o reduzidos a mero ritual.<\/p>\n<p>Padre Mazzolari, p\u00e1roco em Cicognara e Cocoon, n\u00e3o se protegeu do rio da vida, do sofrimento de seu povo, que o plasmou como pastor sincero e exigente, antes de tudo consigo mesmo.<br \/>\nAo longo do rio aprendia a receber todos os dias o dom da verdade e do amor, para ser seu portador forte e generoso.<\/p>\n<p><strong>Fam\u00edlia de fam\u00edlias<\/strong><br \/>\nJ\u00e1 a casa, (a grande casa) na \u00e9poca de Padre Primo, era uma \u201cfam\u00edlia de fam\u00edlias\u201d, que viviam juntas nestes f\u00e9rteis campos, tamb\u00e9m sofrendo mis\u00e9rias e injusti\u00e7as, \u00e0 espera de uma mudan\u00e7a, que depois resultou no \u00eaxodo para as cidades. A casa nos d\u00e1 a ideia de Igreja que guiava Padre Mazzolari. Tamb\u00e9m ele pensava em uma Igreja em sa\u00edda, quando meditava para os sacerdotes com estas palavras: \u201cPara caminhar \u00e9 preciso sair de casa e da Igreja, se o povo de Deus n\u00e3o vem mais a n\u00f3s; e ocupar-se e preocupar-se tamb\u00e9m de suas necessidades que, apesar de n\u00e3o serem espirituais, s\u00e3o necessidades humanas\u201d.<\/p>\n<p>O crist\u00e3o se distanciou do homem, e o nosso discurso n\u00e3o pode ser compreendido se antes n\u00e3o o introduzimos por este caminho, que parece ser o mais distante mas \u00e9 o mais seguro. [&#8230;] para fazer muito, \u00e9 preciso amar muito\u201d. A par\u00f3quia \u00e9 o lugar onde cada homem sente ser esperado, um \u201clar que n\u00e3o conhece aus\u00eancias\u201d.<\/p>\n<p>Padre Mazzolari foi um p\u00e1roco convicto de que \u201cos destinos do mundo se amadurecem nas periferias\u201d, e ele fez de sua pr\u00f3pria humanidade um instrumento da miseric\u00f3rdia de Deus, \u00e0 maneira do pai da par\u00e1bola evang\u00e9lica.<\/p>\n<p><strong>P\u00e1roco dos distantes<\/strong><br \/>\nEle foi justamente definido \u201co p\u00e1roco dos distantes\u201d, &#8211; disse ainda Francisco &#8211; porque ele sempre os amou e os procurou. Ele n\u00e3o se preocupou em definir um m\u00e9todo de apostolado v\u00e1lido para todos e para sempre, mas de propor o discernimento como maneira de interpretar alma de cada homem. Este olhar misericordioso e evang\u00e9lico sobre a humanidade levou-o tamb\u00e9m a dar valor \u00e0 necess\u00e1ria gradualidade: o sacerdote n\u00e3o \u00e9 algu\u00e9m que exige a perfei\u00e7\u00e3o, mas que ajuda a todos a darem o melhor.<\/p>\n<p>O terceiro cen\u00e1rio \u00e9 o da grande plan\u00edcie. Quem \u2013 disse o Papa -, acolheu o \u201cDiscurso da Montanha\u201d n\u00e3o tem medo de avan\u00e7ar, como um andarilho e testemunha, na plan\u00edcie que se abre, sem limites tranquilizadores. Jesus prepara seus disc\u00edpulos para isso, levando-os atrav\u00e9s da multid\u00e3o, entre os pobres, revelando que o pico \u00e9 alcan\u00e7ado na plan\u00edcie, onde se encarna a miseric\u00f3rdia de Deus. \u00c0 caridade pastoral de Padre Primo se abriram muitos horizontes, nas situa\u00e7\u00f5es complexas que enfrentou: as guerras, os totalitarismos, os confrontos fratricidas, a fadiga da democracia em gesta\u00e7\u00e3o, a mis\u00e9ria de seu povo.<\/p>\n<p>Encorajo todos voc\u00eas, irm\u00e3os sacerdotes, &#8211; disse Francisco &#8211; a ouvirem o mundo, aqueles que vivem e trabalham nele, para responder a todas as quest\u00f5es de sentido e de esperan\u00e7a, sem medo de cruzar desertos e \u00e1reas de sombra. Assim, podemos tornar-se Igreja pobre para e com os pobres, a Igreja de Jesus.<\/p>\n<p>Francisco concluiu com um pedido: \u201cque o Senhor, que sempre suscitou na Santa M\u00e3e Igreja pastores e profetas segundo o seu cora\u00e7\u00e3o, ajude-nos, hoje, a n\u00e3o ignor\u00e1-los novamente. Porque eles viram longe, e segui-los nos teria poupado sofrimentos e humilha\u00e7\u00f5es.<\/p>\n<hr \/>\n<p><em>Fonte: R\u00e1dio Vaticano &#8211; http:\/\/w2.vatican.va\/content\/francesco\/pt\/events\/event.dir.html\/content\/vaticanevents\/pt\/2017\/6\/20\/pellegrinaggiobozzolo-donprimomazzolari.html<\/em><\/p>\n","protected":false},"excerpt":{"rendered":"<p>Viagem apost\u00f3lica<\/p>\n","protected":false},"author":1,"featured_media":0,"comment_status":"open","ping_status":"open","sticky":false,"template":"","format":"standard","meta":[],"categories":[1428],"tags":[55,1140],"acf":[],"yoast_head":"<!-- This site is optimized with the Yoast SEO plugin v19.2 - https:\/\/yoast.com\/wordpress\/plugins\/seo\/ -->\n<title>Par\u00f3quia: lar que n\u00e3o conhece aus\u00eancias, diz Papa - Not\u00edcias - Franciscanos<\/title>\n<meta name=\"robots\" content=\"index, follow, max-snippet:-1, max-image-preview:large, max-video-preview:-1\" \/>\n<link rel=\"canonical\" href=\"https:\/\/franciscanos.org.br\/noticias\/paroquia-lar-que-nao-conhece-ausencias-diz-papa.html\" \/>\n<meta property=\"og:locale\" content=\"pt_BR\" \/>\n<meta property=\"og:type\" content=\"article\" \/>\n<meta property=\"og:title\" content=\"Par\u00f3quia: lar que n\u00e3o conhece aus\u00eancias, diz Papa - Not\u00edcias - Franciscanos\" \/>\n<meta property=\"og:description\" content=\"Viagem apost\u00f3lica\" \/>\n<meta property=\"og:url\" content=\"https:\/\/franciscanos.org.br\/noticias\/paroquia-lar-que-nao-conhece-ausencias-diz-papa.html\" \/>\n<meta property=\"og:site_name\" content=\"Not\u00edcias - Franciscanos\" \/>\n<meta property=\"article:published_time\" content=\"2017-06-20T13:52:01+00:00\" \/>\n<meta property=\"article:modified_time\" content=\"2020-06-08T22:11:28+00:00\" \/>\n<meta property=\"og:image\" content=\"http:\/\/franciscanos.org.br\/wp-content\/uploads\/2017\/06\/visita_200617G.jpg\" \/>\n<meta name=\"author\" content=\"admin\" \/>\n<meta name=\"twitter:card\" content=\"summary_large_image\" \/>\n<meta name=\"twitter:label1\" content=\"Escrito por\" \/>\n\t<meta name=\"twitter:data1\" content=\"admin\" \/>\n\t<meta name=\"twitter:label2\" content=\"Est. tempo de leitura\" \/>\n\t<meta name=\"twitter:data2\" content=\"5 minutos\" \/>\n<script type=\"application\/ld+json\" class=\"yoast-schema-graph\">{\"@context\":\"https:\/\/schema.org\",\"@graph\":[{\"@type\":\"WebSite\",\"@id\":\"https:\/\/franciscanos.org.br\/noticias\/#website\",\"url\":\"https:\/\/franciscanos.org.br\/noticias\/\",\"name\":\"Not\u00edcias - Franciscanos\",\"description\":\"Prov\u00edncia Franciscana da Imaculada Concei\u00e7\u00e3o do Brasil - Ordem dos Frades Menores - OFM\",\"potentialAction\":[{\"@type\":\"SearchAction\",\"target\":{\"@type\":\"EntryPoint\",\"urlTemplate\":\"https:\/\/franciscanos.org.br\/noticias\/?s={search_term_string}\"},\"query-input\":\"required name=search_term_string\"}],\"inLanguage\":\"pt-BR\"},{\"@type\":\"ImageObject\",\"inLanguage\":\"pt-BR\",\"@id\":\"https:\/\/franciscanos.org.br\/noticias\/paroquia-lar-que-nao-conhece-ausencias-diz-papa.html#primaryimage\",\"url\":\"http:\/\/franciscanos.org.br\/wp-content\/uploads\/2017\/06\/visita_200617G.jpg\",\"contentUrl\":\"http:\/\/franciscanos.org.br\/wp-content\/uploads\/2017\/06\/visita_200617G.jpg\"},{\"@type\":\"WebPage\",\"@id\":\"https:\/\/franciscanos.org.br\/noticias\/paroquia-lar-que-nao-conhece-ausencias-diz-papa.html#webpage\",\"url\":\"https:\/\/franciscanos.org.br\/noticias\/paroquia-lar-que-nao-conhece-ausencias-diz-papa.html\",\"name\":\"Par\u00f3quia: lar que n\u00e3o conhece aus\u00eancias, diz Papa - Not\u00edcias - Franciscanos\",\"isPartOf\":{\"@id\":\"https:\/\/franciscanos.org.br\/noticias\/#website\"},\"primaryImageOfPage\":{\"@id\":\"https:\/\/franciscanos.org.br\/noticias\/paroquia-lar-que-nao-conhece-ausencias-diz-papa.html#primaryimage\"},\"datePublished\":\"2017-06-20T13:52:01+00:00\",\"dateModified\":\"2020-06-08T22:11:28+00:00\",\"author\":{\"@id\":\"https:\/\/franciscanos.org.br\/noticias\/#\/schema\/person\/b38fbf43118f02820bd932f2e4b14ad3\"},\"breadcrumb\":{\"@id\":\"https:\/\/franciscanos.org.br\/noticias\/paroquia-lar-que-nao-conhece-ausencias-diz-papa.html#breadcrumb\"},\"inLanguage\":\"pt-BR\",\"potentialAction\":[{\"@type\":\"ReadAction\",\"target\":[\"https:\/\/franciscanos.org.br\/noticias\/paroquia-lar-que-nao-conhece-ausencias-diz-papa.html\"]}]},{\"@type\":\"BreadcrumbList\",\"@id\":\"https:\/\/franciscanos.org.br\/noticias\/paroquia-lar-que-nao-conhece-ausencias-diz-papa.html#breadcrumb\",\"itemListElement\":[{\"@type\":\"ListItem\",\"position\":1,\"name\":\"Home\",\"item\":\"https:\/\/franciscanos.org.br\/noticias\"},{\"@type\":\"ListItem\",\"position\":2,\"name\":\"Par\u00f3quia: lar que n\u00e3o conhece aus\u00eancias, diz Papa\"}]},{\"@type\":\"Person\",\"@id\":\"https:\/\/franciscanos.org.br\/noticias\/#\/schema\/person\/b38fbf43118f02820bd932f2e4b14ad3\",\"name\":\"admin\",\"image\":{\"@type\":\"ImageObject\",\"inLanguage\":\"pt-BR\",\"@id\":\"https:\/\/franciscanos.org.br\/noticias\/#\/schema\/person\/image\/\",\"url\":\"https:\/\/secure.gravatar.com\/avatar\/e8495742d34d0ba6448ea1c628263b3e?s=96&d=mm&r=g\",\"contentUrl\":\"https:\/\/secure.gravatar.com\/avatar\/e8495742d34d0ba6448ea1c628263b3e?s=96&d=mm&r=g\",\"caption\":\"admin\"},\"url\":\"https:\/\/franciscanos.org.br\/noticias\/author\/admin\"}]}<\/script>\n<!-- \/ Yoast SEO plugin. -->","yoast_head_json":{"title":"Par\u00f3quia: lar que n\u00e3o conhece aus\u00eancias, diz Papa - Not\u00edcias - Franciscanos","robots":{"index":"index","follow":"follow","max-snippet":"max-snippet:-1","max-image-preview":"max-image-preview:large","max-video-preview":"max-video-preview:-1"},"canonical":"https:\/\/franciscanos.org.br\/noticias\/paroquia-lar-que-nao-conhece-ausencias-diz-papa.html","og_locale":"pt_BR","og_type":"article","og_title":"Par\u00f3quia: lar que n\u00e3o conhece aus\u00eancias, diz Papa - Not\u00edcias - Franciscanos","og_description":"Viagem apost\u00f3lica","og_url":"https:\/\/franciscanos.org.br\/noticias\/paroquia-lar-que-nao-conhece-ausencias-diz-papa.html","og_site_name":"Not\u00edcias - Franciscanos","article_published_time":"2017-06-20T13:52:01+00:00","article_modified_time":"2020-06-08T22:11:28+00:00","og_image":[{"url":"http:\/\/franciscanos.org.br\/wp-content\/uploads\/2017\/06\/visita_200617G.jpg"}],"author":"admin","twitter_card":"summary_large_image","twitter_misc":{"Escrito por":"admin","Est. tempo de leitura":"5 minutos"},"schema":{"@context":"https:\/\/schema.org","@graph":[{"@type":"WebSite","@id":"https:\/\/franciscanos.org.br\/noticias\/#website","url":"https:\/\/franciscanos.org.br\/noticias\/","name":"Not\u00edcias - Franciscanos","description":"Prov\u00edncia Franciscana da Imaculada Concei\u00e7\u00e3o do Brasil - Ordem dos Frades Menores - OFM","potentialAction":[{"@type":"SearchAction","target":{"@type":"EntryPoint","urlTemplate":"https:\/\/franciscanos.org.br\/noticias\/?s={search_term_string}"},"query-input":"required name=search_term_string"}],"inLanguage":"pt-BR"},{"@type":"ImageObject","inLanguage":"pt-BR","@id":"https:\/\/franciscanos.org.br\/noticias\/paroquia-lar-que-nao-conhece-ausencias-diz-papa.html#primaryimage","url":"http:\/\/franciscanos.org.br\/wp-content\/uploads\/2017\/06\/visita_200617G.jpg","contentUrl":"http:\/\/franciscanos.org.br\/wp-content\/uploads\/2017\/06\/visita_200617G.jpg"},{"@type":"WebPage","@id":"https:\/\/franciscanos.org.br\/noticias\/paroquia-lar-que-nao-conhece-ausencias-diz-papa.html#webpage","url":"https:\/\/franciscanos.org.br\/noticias\/paroquia-lar-que-nao-conhece-ausencias-diz-papa.html","name":"Par\u00f3quia: lar que n\u00e3o conhece aus\u00eancias, diz Papa - Not\u00edcias - Franciscanos","isPartOf":{"@id":"https:\/\/franciscanos.org.br\/noticias\/#website"},"primaryImageOfPage":{"@id":"https:\/\/franciscanos.org.br\/noticias\/paroquia-lar-que-nao-conhece-ausencias-diz-papa.html#primaryimage"},"datePublished":"2017-06-20T13:52:01+00:00","dateModified":"2020-06-08T22:11:28+00:00","author":{"@id":"https:\/\/franciscanos.org.br\/noticias\/#\/schema\/person\/b38fbf43118f02820bd932f2e4b14ad3"},"breadcrumb":{"@id":"https:\/\/franciscanos.org.br\/noticias\/paroquia-lar-que-nao-conhece-ausencias-diz-papa.html#breadcrumb"},"inLanguage":"pt-BR","potentialAction":[{"@type":"ReadAction","target":["https:\/\/franciscanos.org.br\/noticias\/paroquia-lar-que-nao-conhece-ausencias-diz-papa.html"]}]},{"@type":"BreadcrumbList","@id":"https:\/\/franciscanos.org.br\/noticias\/paroquia-lar-que-nao-conhece-ausencias-diz-papa.html#breadcrumb","itemListElement":[{"@type":"ListItem","position":1,"name":"Home","item":"https:\/\/franciscanos.org.br\/noticias"},{"@type":"ListItem","position":2,"name":"Par\u00f3quia: lar que n\u00e3o conhece aus\u00eancias, diz Papa"}]},{"@type":"Person","@id":"https:\/\/franciscanos.org.br\/noticias\/#\/schema\/person\/b38fbf43118f02820bd932f2e4b14ad3","name":"admin","image":{"@type":"ImageObject","inLanguage":"pt-BR","@id":"https:\/\/franciscanos.org.br\/noticias\/#\/schema\/person\/image\/","url":"https:\/\/secure.gravatar.com\/avatar\/e8495742d34d0ba6448ea1c628263b3e?s=96&d=mm&r=g","contentUrl":"https:\/\/secure.gravatar.com\/avatar\/e8495742d34d0ba6448ea1c628263b3e?s=96&d=mm&r=g","caption":"admin"},"url":"https:\/\/franciscanos.org.br\/noticias\/author\/admin"}]}},"_links":{"self":[{"href":"https:\/\/franciscanos.org.br\/noticias\/wp-json\/wp\/v2\/posts\/136556"}],"collection":[{"href":"https:\/\/franciscanos.org.br\/noticias\/wp-json\/wp\/v2\/posts"}],"about":[{"href":"https:\/\/franciscanos.org.br\/noticias\/wp-json\/wp\/v2\/types\/post"}],"author":[{"embeddable":true,"href":"https:\/\/franciscanos.org.br\/noticias\/wp-json\/wp\/v2\/users\/1"}],"replies":[{"embeddable":true,"href":"https:\/\/franciscanos.org.br\/noticias\/wp-json\/wp\/v2\/comments?post=136556"}],"version-history":[{"count":2,"href":"https:\/\/franciscanos.org.br\/noticias\/wp-json\/wp\/v2\/posts\/136556\/revisions"}],"predecessor-version":[{"id":225312,"href":"https:\/\/franciscanos.org.br\/noticias\/wp-json\/wp\/v2\/posts\/136556\/revisions\/225312"}],"wp:attachment":[{"href":"https:\/\/franciscanos.org.br\/noticias\/wp-json\/wp\/v2\/media?parent=136556"}],"wp:term":[{"taxonomy":"category","embeddable":true,"href":"https:\/\/franciscanos.org.br\/noticias\/wp-json\/wp\/v2\/categories?post=136556"},{"taxonomy":"post_tag","embeddable":true,"href":"https:\/\/franciscanos.org.br\/noticias\/wp-json\/wp\/v2\/tags?post=136556"}],"curies":[{"name":"wp","href":"https:\/\/api.w.org\/{rel}","templated":true}]}}