{"id":136528,"date":"2017-06-20T07:35:32","date_gmt":"2017-06-20T10:35:32","guid":{"rendered":"http:\/\/franciscanos.org.br\/?p=136528"},"modified":"2019-02-27T10:02:41","modified_gmt":"2019-02-27T13:02:41","slug":"adolescencia-nao-e-uma-patologia-que-precisamos-combater","status":"publish","type":"post","link":"https:\/\/franciscanos.org.br\/noticias\/adolescencia-nao-e-uma-patologia-que-precisamos-combater.html","title":{"rendered":"&#8220;Adolesc\u00eancia n\u00e3o \u00e9 patologia. \u00c9 tempo de transformar sonhos em projetos&#8221;, diz o Papa"},"content":{"rendered":"<p><img loading=\"lazy\" src=\"http:\/\/franciscanos.org.br\/wp-content\/uploads\/2017\/06\/papa_200617_4.jpg\" alt=\"papa_200617_4\" width=\"820\" height=\"370\" \/><\/p>\n<p><strong>Cidade do Vaticano<\/strong> &#8211; \u201cUma cultura sem ra\u00edzes, uma fam\u00edlia sem ra\u00edzes \u00e9 uma fam\u00edlia sem hist\u00f3ria, sem mem\u00f3ria\u201d. Foi o que disse o Papa na abertura do Congresso Diocesano de Roma, na Bas\u00edlica de S\u00e3o Jo\u00e3o de Latr\u00e3o, na noite desta segunda-feira (19\/06). Francisco tamb\u00e9m convidou a estar ao lado dos adolescentes, recordando que esta fase da vida \u00e9 \u2018dif\u00edcil\u2019, mas n\u00e3o \u00e9 uma \u2018patologia&#8217;.<\/p>\n<p>O Congresso diocesano deste ano tem como tema \u201cAcompanhar os pais na educa\u00e7\u00e3o dos filhos adolescentes\u201d. Dirigindo-se \u00e0s fam\u00edlias, o Papa disse: \u201cVoc\u00eas vivem as tens\u00f5es desta grande cidade: o trabalho, a dist\u00e2ncias, o tempo reduzido, o dinheiro que nunca \u00e9 suficiente. Por isso, para simplificar, rezem em dialeto, pensando nas suas fam\u00edlias e em como formar seus filhos no \u00e2mbito desta realidade\u201d.<\/p>\n<p>\u201cMuitas vezes \u2013 disse o Papa \u2013 oferecemos a nossos filhos uma forma\u00e7\u00e3o excessiva em campos que consideramos importantes para seu futuro e pretendemos que eles deem o m\u00e1ximo. Mas n\u00e3o damos tanta import\u00e2ncia ao fato que devem conhecer sua terra, suas ra\u00edzes\u201d.<\/p>\n<p><img loading=\"lazy\" src=\"http:\/\/franciscanos.org.br\/wp-content\/uploads\/2017\/06\/papa_200617.jpg\" alt=\"papa_200617\" width=\"830\" height=\"448\" \/><\/p>\n<p>Tempo precioso<\/p>\n<p>Para o Papa, a adolesc\u00eancia \u201c\u00e9 um tempo precioso na vida dos filhos; um tempo dif\u00edcil, de mudan\u00e7as e instabilidade&#8230; uma fase que traz riscos e d\u00favidas, mas crescimento para eles e para toda a fam\u00edlia\u201d.<\/p>\n<p>Francisco disse tamb\u00e9m que lhe preocupa a tend\u00eancia atual dos pais de \u2018medicar\u2019 precocemente os jovens. \u201cParece que tudo se resolve medicando ou controlando tudo com o slogan \u2018desfrutar o tempo ao m\u00e1ximo\u2019 e assim, a agenda dos jovens fica pior do que a de um executivo\u201d. Portanto, \u201ca adolesc\u00eancia n\u00e3o \u00e9 uma patologia que precisamos combater; faz parte do crescimento natural\u201d.<\/p>\n<p>\u201cEles querem se sentir \u2013 logicamente \u2013 protagonistas\u201d, \u201cprocuram muitas vezes sentir aquela \u2018vertigem\u2019 que os fa\u00e7a sentir vivos\u201d. \u201cAssim, temos que encoraj\u00e1-los a transformar seus sonhos em projetos! Proponhamos grandes objetivos e ajudemo-los a realiz\u00e1-los!\u201d.<\/p>\n<p><img loading=\"lazy\" src=\"http:\/\/franciscanos.org.br\/wp-content\/uploads\/2017\/06\/papa_200617_2.jpg\" alt=\"papa_200617_2\" width=\"820\" height=\"379\" \/><\/p>\n<p>\u201cHoje h\u00e1 uma esp\u00e9cie de competi\u00e7\u00e3o entre pais e filhos: o paradigma e modelo de sucesso \u00e9 \u2018a eterna juventude\u2019. Ao que parece, crescer e envelhecer \u00e9 \u2018um mal\u2019, \u00e9 sin\u00f4nimo de frustra\u00e7\u00e3o e de uma vida acabada. Tudo deve ser mascarado e dissimulado\u201d. \u201cComo \u00e9 triste que as pessoas fa\u00e7am \u2018lifting\u2019 no cora\u00e7\u00e3o! \u00c9 doloroso que se queira cancelar as rugas dos encontros, das alegrias e tristezas!\u201d.<\/p>\n<p>Perigo \u00e9 o consumismo<br \/>\n\u201cEducar \u00e0 austeridade \u00e9 uma riqueza incompar\u00e1vel. Desperta a criatividade, gera possibilidades e especialmente, abre ao trabalho em grupo, \u00e0 solidariedade; abre aos outros\u201d.<\/p>\n<p>Enfim, o Papa agradeceu o Cardeal Agostino Vallini, que deixa seu cargo de Vig\u00e1rio-geral de Roma a Dom Angelo De Donatis. \u201cNestes anos \u2013 disse Francisco \u2013 o Card. Vallini me manteve com os p\u00e9s no ch\u00e3o\u201d.<\/p>\n<p><img loading=\"lazy\" src=\"http:\/\/franciscanos.org.br\/wp-content\/uploads\/2017\/06\/papa_200617_3.jpg\" alt=\"papa_200617_3\" width=\"820\" height=\"407\" \/><\/p>\n<p><strong>REFUGIADOS<\/strong><\/p>\n<p>Na Bas\u00edlica de S\u00e3o Jo\u00e3o de Latr\u00e3o, onde esteve para abertura do Congresso Eclesial da Diocese de Roma, o Papa Francisco se reuniu segunda-feira (19\/06) com um grupo de 121 refugiados h\u00f3spedes de 38 par\u00f3quias romanas.<br \/>\nParticiparam do encontro o Cardeal Agostino Vallini, Vig\u00e1rio-geral de Roma, e o diretor da Caritas diocesana, Mons. Enrico Feroci.<\/p>\n<p>Francisco elogiou este trabalho de fraternidade, que vai al\u00e9m das religi\u00f5es: \u201cObrigado a quem os acolheu e a voc\u00eas, que aceitaram ser acolhidos\u201d, disse ao grupo, destacando o \u2018belo exemplo\u2019 dado por estas comunidades paroquiais, que aderiram ao seu chamado no Angelus de 6 de setembro de 2015.<\/p>\n<p>Naquela ocasi\u00e3o, o Papa exortou as par\u00f3quias e institutos religiosos do mundo a acolher fam\u00edlias de refugiados de guerras e viol\u00eancias. A partir deste apelo, a Caritas de Roma promoveu dois projetos de acolhimento extensivo: \u201cEra estrangeiro e voc\u00eas me hospedaram\u201d e \u201cPr\u00f3-teto: refugiado em minha casa\u201d, que criam oportunidades de hospitalidade de requerentes de asilo e refugiados em par\u00f3quias, institutos religiosos e fam\u00edlias romanas.<\/p>\n<p>No encontro, Francisco recordou as pessoas que fogem da viol\u00eancia e das persegui\u00e7\u00f5es e deixou votos de que estas hist\u00f3rias de dor e esperan\u00e7a se transformem em oportunidades de encontro fraterno e verdadeiro conhecimento rec\u00edproco.<br \/>\nO Papa ainda recebeu um cartaz das m\u00e3os de cinco crian\u00e7as, em que constavam agradecimentos em diversos idiomas. \u201cObrigado Papa Francisco por abrir o seu cora\u00e7\u00e3o e as portas da Igreja\u201d, dizia uma das mensagens.<\/p>\n","protected":false},"excerpt":{"rendered":"<p>Vaticano<\/p>\n","protected":false},"author":1,"featured_media":200647,"comment_status":"open","ping_status":"open","sticky":false,"template":"","format":"standard","meta":[],"categories":[1],"tags":[1381],"acf":[],"yoast_head":"<!-- This site is optimized with the Yoast SEO plugin v19.2 - https:\/\/yoast.com\/wordpress\/plugins\/seo\/ -->\n<title>&quot;Adolesc\u00eancia n\u00e3o \u00e9 patologia. \u00c9 tempo de transformar sonhos em projetos&quot;, diz o Papa - Not\u00edcias - Franciscanos<\/title>\n<meta name=\"robots\" content=\"index, follow, max-snippet:-1, max-image-preview:large, max-video-preview:-1\" \/>\n<link rel=\"canonical\" href=\"https:\/\/franciscanos.org.br\/noticias\/adolescencia-nao-e-uma-patologia-que-precisamos-combater.html\" \/>\n<meta property=\"og:locale\" content=\"pt_BR\" \/>\n<meta property=\"og:type\" content=\"article\" \/>\n<meta property=\"og:title\" content=\"&quot;Adolesc\u00eancia n\u00e3o \u00e9 patologia. \u00c9 tempo de transformar sonhos em projetos&quot;, diz o Papa - Not\u00edcias - Franciscanos\" \/>\n<meta property=\"og:description\" content=\"Vaticano\" \/>\n<meta property=\"og:url\" content=\"https:\/\/franciscanos.org.br\/noticias\/adolescencia-nao-e-uma-patologia-que-precisamos-combater.html\" \/>\n<meta property=\"og:site_name\" content=\"Not\u00edcias - Franciscanos\" \/>\n<meta property=\"article:published_time\" content=\"2017-06-20T10:35:32+00:00\" \/>\n<meta property=\"article:modified_time\" content=\"2019-02-27T13:02:41+00:00\" \/>\n<meta property=\"og:image\" content=\"https:\/\/franciscanos.org.br\/noticias\/wp-content\/uploads\/2017\/06\/papa_200617.jpg\" \/>\n\t<meta property=\"og:image:width\" content=\"273\" \/>\n\t<meta property=\"og:image:height\" content=\"181\" \/>\n\t<meta property=\"og:image:type\" content=\"image\/jpeg\" \/>\n<meta name=\"author\" content=\"admin\" \/>\n<meta name=\"twitter:card\" content=\"summary_large_image\" \/>\n<meta name=\"twitter:label1\" content=\"Escrito por\" \/>\n\t<meta name=\"twitter:data1\" content=\"admin\" \/>\n\t<meta name=\"twitter:label2\" content=\"Est. tempo de leitura\" \/>\n\t<meta name=\"twitter:data2\" content=\"4 minutos\" \/>\n<script type=\"application\/ld+json\" class=\"yoast-schema-graph\">{\"@context\":\"https:\/\/schema.org\",\"@graph\":[{\"@type\":\"WebSite\",\"@id\":\"https:\/\/franciscanos.org.br\/noticias\/#website\",\"url\":\"https:\/\/franciscanos.org.br\/noticias\/\",\"name\":\"Not\u00edcias - Franciscanos\",\"description\":\"Prov\u00edncia Franciscana da Imaculada Concei\u00e7\u00e3o do Brasil - Ordem dos Frades Menores - OFM\",\"potentialAction\":[{\"@type\":\"SearchAction\",\"target\":{\"@type\":\"EntryPoint\",\"urlTemplate\":\"https:\/\/franciscanos.org.br\/noticias\/?s={search_term_string}\"},\"query-input\":\"required name=search_term_string\"}],\"inLanguage\":\"pt-BR\"},{\"@type\":\"ImageObject\",\"inLanguage\":\"pt-BR\",\"@id\":\"https:\/\/franciscanos.org.br\/noticias\/adolescencia-nao-e-uma-patologia-que-precisamos-combater.html#primaryimage\",\"url\":\"https:\/\/franciscanos.org.br\/noticias\/wp-content\/uploads\/2017\/06\/papa_200617.jpg\",\"contentUrl\":\"https:\/\/franciscanos.org.br\/noticias\/wp-content\/uploads\/2017\/06\/papa_200617.jpg\",\"width\":273,\"height\":181},{\"@type\":\"WebPage\",\"@id\":\"https:\/\/franciscanos.org.br\/noticias\/adolescencia-nao-e-uma-patologia-que-precisamos-combater.html#webpage\",\"url\":\"https:\/\/franciscanos.org.br\/noticias\/adolescencia-nao-e-uma-patologia-que-precisamos-combater.html\",\"name\":\"\\\"Adolesc\u00eancia n\u00e3o \u00e9 patologia. \u00c9 tempo de transformar sonhos em projetos\\\", diz o Papa - Not\u00edcias - Franciscanos\",\"isPartOf\":{\"@id\":\"https:\/\/franciscanos.org.br\/noticias\/#website\"},\"primaryImageOfPage\":{\"@id\":\"https:\/\/franciscanos.org.br\/noticias\/adolescencia-nao-e-uma-patologia-que-precisamos-combater.html#primaryimage\"},\"datePublished\":\"2017-06-20T10:35:32+00:00\",\"dateModified\":\"2019-02-27T13:02:41+00:00\",\"author\":{\"@id\":\"https:\/\/franciscanos.org.br\/noticias\/#\/schema\/person\/b38fbf43118f02820bd932f2e4b14ad3\"},\"breadcrumb\":{\"@id\":\"https:\/\/franciscanos.org.br\/noticias\/adolescencia-nao-e-uma-patologia-que-precisamos-combater.html#breadcrumb\"},\"inLanguage\":\"pt-BR\",\"potentialAction\":[{\"@type\":\"ReadAction\",\"target\":[\"https:\/\/franciscanos.org.br\/noticias\/adolescencia-nao-e-uma-patologia-que-precisamos-combater.html\"]}]},{\"@type\":\"BreadcrumbList\",\"@id\":\"https:\/\/franciscanos.org.br\/noticias\/adolescencia-nao-e-uma-patologia-que-precisamos-combater.html#breadcrumb\",\"itemListElement\":[{\"@type\":\"ListItem\",\"position\":1,\"name\":\"Home\",\"item\":\"https:\/\/franciscanos.org.br\/noticias\"},{\"@type\":\"ListItem\",\"position\":2,\"name\":\"&#8220;Adolesc\u00eancia n\u00e3o \u00e9 patologia. \u00c9 tempo de transformar sonhos em projetos&#8221;, diz o Papa\"}]},{\"@type\":\"Person\",\"@id\":\"https:\/\/franciscanos.org.br\/noticias\/#\/schema\/person\/b38fbf43118f02820bd932f2e4b14ad3\",\"name\":\"admin\",\"image\":{\"@type\":\"ImageObject\",\"inLanguage\":\"pt-BR\",\"@id\":\"https:\/\/franciscanos.org.br\/noticias\/#\/schema\/person\/image\/\",\"url\":\"https:\/\/secure.gravatar.com\/avatar\/e8495742d34d0ba6448ea1c628263b3e?s=96&d=mm&r=g\",\"contentUrl\":\"https:\/\/secure.gravatar.com\/avatar\/e8495742d34d0ba6448ea1c628263b3e?s=96&d=mm&r=g\",\"caption\":\"admin\"},\"url\":\"https:\/\/franciscanos.org.br\/noticias\/author\/admin\"}]}<\/script>\n<!-- \/ Yoast SEO plugin. -->","yoast_head_json":{"title":"\"Adolesc\u00eancia n\u00e3o \u00e9 patologia. \u00c9 tempo de transformar sonhos em projetos\", diz o Papa - Not\u00edcias - Franciscanos","robots":{"index":"index","follow":"follow","max-snippet":"max-snippet:-1","max-image-preview":"max-image-preview:large","max-video-preview":"max-video-preview:-1"},"canonical":"https:\/\/franciscanos.org.br\/noticias\/adolescencia-nao-e-uma-patologia-que-precisamos-combater.html","og_locale":"pt_BR","og_type":"article","og_title":"\"Adolesc\u00eancia n\u00e3o \u00e9 patologia. \u00c9 tempo de transformar sonhos em projetos\", diz o Papa - Not\u00edcias - Franciscanos","og_description":"Vaticano","og_url":"https:\/\/franciscanos.org.br\/noticias\/adolescencia-nao-e-uma-patologia-que-precisamos-combater.html","og_site_name":"Not\u00edcias - Franciscanos","article_published_time":"2017-06-20T10:35:32+00:00","article_modified_time":"2019-02-27T13:02:41+00:00","og_image":[{"width":273,"height":181,"url":"https:\/\/franciscanos.org.br\/noticias\/wp-content\/uploads\/2017\/06\/papa_200617.jpg","type":"image\/jpeg"}],"author":"admin","twitter_card":"summary_large_image","twitter_misc":{"Escrito por":"admin","Est. tempo de leitura":"4 minutos"},"schema":{"@context":"https:\/\/schema.org","@graph":[{"@type":"WebSite","@id":"https:\/\/franciscanos.org.br\/noticias\/#website","url":"https:\/\/franciscanos.org.br\/noticias\/","name":"Not\u00edcias - Franciscanos","description":"Prov\u00edncia Franciscana da Imaculada Concei\u00e7\u00e3o do Brasil - Ordem dos Frades Menores - OFM","potentialAction":[{"@type":"SearchAction","target":{"@type":"EntryPoint","urlTemplate":"https:\/\/franciscanos.org.br\/noticias\/?s={search_term_string}"},"query-input":"required name=search_term_string"}],"inLanguage":"pt-BR"},{"@type":"ImageObject","inLanguage":"pt-BR","@id":"https:\/\/franciscanos.org.br\/noticias\/adolescencia-nao-e-uma-patologia-que-precisamos-combater.html#primaryimage","url":"https:\/\/franciscanos.org.br\/noticias\/wp-content\/uploads\/2017\/06\/papa_200617.jpg","contentUrl":"https:\/\/franciscanos.org.br\/noticias\/wp-content\/uploads\/2017\/06\/papa_200617.jpg","width":273,"height":181},{"@type":"WebPage","@id":"https:\/\/franciscanos.org.br\/noticias\/adolescencia-nao-e-uma-patologia-que-precisamos-combater.html#webpage","url":"https:\/\/franciscanos.org.br\/noticias\/adolescencia-nao-e-uma-patologia-que-precisamos-combater.html","name":"\"Adolesc\u00eancia n\u00e3o \u00e9 patologia. \u00c9 tempo de transformar sonhos em projetos\", diz o Papa - Not\u00edcias - Franciscanos","isPartOf":{"@id":"https:\/\/franciscanos.org.br\/noticias\/#website"},"primaryImageOfPage":{"@id":"https:\/\/franciscanos.org.br\/noticias\/adolescencia-nao-e-uma-patologia-que-precisamos-combater.html#primaryimage"},"datePublished":"2017-06-20T10:35:32+00:00","dateModified":"2019-02-27T13:02:41+00:00","author":{"@id":"https:\/\/franciscanos.org.br\/noticias\/#\/schema\/person\/b38fbf43118f02820bd932f2e4b14ad3"},"breadcrumb":{"@id":"https:\/\/franciscanos.org.br\/noticias\/adolescencia-nao-e-uma-patologia-que-precisamos-combater.html#breadcrumb"},"inLanguage":"pt-BR","potentialAction":[{"@type":"ReadAction","target":["https:\/\/franciscanos.org.br\/noticias\/adolescencia-nao-e-uma-patologia-que-precisamos-combater.html"]}]},{"@type":"BreadcrumbList","@id":"https:\/\/franciscanos.org.br\/noticias\/adolescencia-nao-e-uma-patologia-que-precisamos-combater.html#breadcrumb","itemListElement":[{"@type":"ListItem","position":1,"name":"Home","item":"https:\/\/franciscanos.org.br\/noticias"},{"@type":"ListItem","position":2,"name":"&#8220;Adolesc\u00eancia n\u00e3o \u00e9 patologia. \u00c9 tempo de transformar sonhos em projetos&#8221;, diz o Papa"}]},{"@type":"Person","@id":"https:\/\/franciscanos.org.br\/noticias\/#\/schema\/person\/b38fbf43118f02820bd932f2e4b14ad3","name":"admin","image":{"@type":"ImageObject","inLanguage":"pt-BR","@id":"https:\/\/franciscanos.org.br\/noticias\/#\/schema\/person\/image\/","url":"https:\/\/secure.gravatar.com\/avatar\/e8495742d34d0ba6448ea1c628263b3e?s=96&d=mm&r=g","contentUrl":"https:\/\/secure.gravatar.com\/avatar\/e8495742d34d0ba6448ea1c628263b3e?s=96&d=mm&r=g","caption":"admin"},"url":"https:\/\/franciscanos.org.br\/noticias\/author\/admin"}]}},"_links":{"self":[{"href":"https:\/\/franciscanos.org.br\/noticias\/wp-json\/wp\/v2\/posts\/136528"}],"collection":[{"href":"https:\/\/franciscanos.org.br\/noticias\/wp-json\/wp\/v2\/posts"}],"about":[{"href":"https:\/\/franciscanos.org.br\/noticias\/wp-json\/wp\/v2\/types\/post"}],"author":[{"embeddable":true,"href":"https:\/\/franciscanos.org.br\/noticias\/wp-json\/wp\/v2\/users\/1"}],"replies":[{"embeddable":true,"href":"https:\/\/franciscanos.org.br\/noticias\/wp-json\/wp\/v2\/comments?post=136528"}],"version-history":[{"count":0,"href":"https:\/\/franciscanos.org.br\/noticias\/wp-json\/wp\/v2\/posts\/136528\/revisions"}],"wp:featuredmedia":[{"embeddable":true,"href":"https:\/\/franciscanos.org.br\/noticias\/wp-json\/wp\/v2\/media\/200647"}],"wp:attachment":[{"href":"https:\/\/franciscanos.org.br\/noticias\/wp-json\/wp\/v2\/media?parent=136528"}],"wp:term":[{"taxonomy":"category","embeddable":true,"href":"https:\/\/franciscanos.org.br\/noticias\/wp-json\/wp\/v2\/categories?post=136528"},{"taxonomy":"post_tag","embeddable":true,"href":"https:\/\/franciscanos.org.br\/noticias\/wp-json\/wp\/v2\/tags?post=136528"}],"curies":[{"name":"wp","href":"https:\/\/api.w.org\/{rel}","templated":true}]}}