{"id":13652,"date":"2012-03-25T07:41:06","date_gmt":"2012-03-25T10:41:06","guid":{"rendered":"http:\/\/new.franciscanos.org.br\/?p=13652"},"modified":"2021-07-05T19:50:25","modified_gmt":"2021-07-05T22:50:25","slug":"frei-vanderley-e-ordenado-presbitero-por-d-decio","status":"publish","type":"post","link":"https:\/\/franciscanos.org.br\/noticias\/frei-vanderley-e-ordenado-presbitero-por-d-decio.html","title":{"rendered":"Frei Vanderley \u00e9 ordenado presb\u00edtero por D. D\u00e9cio"},"content":{"rendered":"<p><img loading=\"lazy\" class=\"alignnone wp-image-198968 size-full\" src=\"https:\/\/franciscanos.org.br\/noticias\/wp-content\/uploads\/2012\/03\/1805_270312.jpg\" alt=\"\" width=\"830\" height=\"353\" srcset=\"https:\/\/franciscanos.org.br\/noticias\/wp-content\/uploads\/2012\/03\/1805_270312.jpg 830w, https:\/\/franciscanos.org.br\/noticias\/wp-content\/uploads\/2012\/03\/1805_270312-450x191.jpg 450w, https:\/\/franciscanos.org.br\/noticias\/wp-content\/uploads\/2012\/03\/1805_270312-768x327.jpg 768w, https:\/\/franciscanos.org.br\/noticias\/wp-content\/uploads\/2012\/03\/1805_270312-150x64.jpg 150w\" sizes=\"(max-width: 830px) 100vw, 830px\" \/><\/p>\n<p>&nbsp;<\/p>\n<p>\u201cN\u00e3o sei o que motivou Frei Vanderley em seu bom cora\u00e7\u00e3o para me entregar a presid\u00eancia deste momento \u00fanico de sua vida: a ordena\u00e7\u00e3o presbiteral. Tantos santos e s\u00e1bios bispos e arcebispos da fam\u00edlia franciscana poderiam ter sido escolhidos e, no entanto, foi bater \u00e0 porta deste fr\u00e1gil e pecador bispo de Colatina. N\u00e3o lhe escondo que fiquei muito feliz. Sou-lhe grato. Amo Francisco e Clara. Amo de paix\u00e3o. Como no c\u00e9u n\u00e3o existem ci\u00fames, \u00e9 bem certo que Dom Bosco aplaude e me acompanha.\u201d<\/p>\n<p>E foi neste clima fraterno, de devo\u00e7\u00e3o e amor a Francisco de Assis que se desenrolou a Ordena\u00e7\u00e3o Presbiteral de Frei Vanderley Grassi (24\/3). O belo Santu\u00e1rio de Vila Velha, lotado de fi\u00e9is e amigos, ficou ainda mais belo. Mais belo pelo exemplo de Frei Vanderley, por sua op\u00e7\u00e3o de vida, por sua simplicidade e fraternidade. Mais belo pela presen\u00e7a de sua fam\u00edlia, seus pais, Seu Jovino e Dona Mariazinha, seus irm\u00e3os, sobrinhos, tios e primos. O Santu\u00e1rio ficou ainda mais belo pela presen\u00e7a marcante das comunidades que fazem parte da par\u00f3quia Nossa Senhora do Ros\u00e1rio. Mais bonito ainda pela presen\u00e7a dos frades que vieram de longe para participar deste momento \u00fanico na vida de nosso confrade. Mais bonito ainda pela presen\u00e7a dos amigos de Petr\u00f3polis, de Nil\u00f3polis, de Florian\u00f3polis que enfrentaram horas e horas de estrada para estarem juntos ao amigo e irm\u00e3o Frei Vanderley. Enfim, o Santu\u00e1rio estava mais lindo do que nunca pelo calor da f\u00e9, da amizade e da certeza de que ali estava mais um homem de Deus, mais um Francisco de Assis que, como nas palavras de Dom D\u00e9cio tem o desafio constante de:<\/p>\n<p align=\"center\"><em>Olhar e escutar o Senhor Jesus e se conformar \u00e0 sua Vida e \u00e0 sua Palavra;<br \/>\n<\/em><em>Viver o amor e a miseric\u00f3rdia;<br \/>\n<\/em><em>Aproximar-se dos pobres e sofridos e neles encontrar a do\u00e7ura para a alma e para o corpo;<br \/>\n<\/em><em>Meditar constantemente sobre a grandiosidade do dom sacerdotal.<\/em><\/p>\n<p>Foi uma celebra\u00e7\u00e3o simples, bem ao modo franciscano. Mas uma celebra\u00e7\u00e3o com uma liturgia bem preparada e muito participada pela assembleia dos fi\u00e9is, todos cantamos muito e louvamos a Deus pelo dom da voca\u00e7\u00e3o de Frei Vanderley.<\/p>\n<p>Um momento marcante e emocionante foi quando Frei Valdecir Schwambach, guardi\u00e3o do Convento da Penha, anunciou a entroniza\u00e7\u00e3o da imagem peregrina de Nossa Senhora da Penha, t\u00e3o especial a n\u00f3s, capixabas, e que que, sem d\u00favida, alimentou a voca\u00e7\u00e3o de Frei Vanderley. Todos de p\u00e9, com emo\u00e7\u00e3o e devo\u00e7\u00e3o recebemos Nossa Senhora da Penha cantando o hino \u201cVirgem da Penha\u201d.<\/p>\n<p>Muitos frades vieram de longe participar desta Ordena\u00e7\u00e3o, de Petr\u00f3polis, Nil\u00f3polis, capuchinhos que tamb\u00e9m acompanharam a voca\u00e7\u00e3o de Frei Vanderley. Nosso Regional do Esp\u00edrito Santo tamb\u00e9m se fez representar pelas 3 fraternidades, do Convento da Penha, do Santu\u00e1rio do Divino Esp\u00edrito Santo e de Santo Ant\u00f4nio de Santana Galv\u00e3o de Colatina. Frei Sandro Roberto da Costa representou o Ministro Provincial. Tamb\u00e9m presente Frei M\u00e1rio Tagliari, definidor do Regional de Frei Vanderley. Momento forte de fraternidade.<\/p>\n<p>A Celebra\u00e7\u00e3o seguiu seu ritmo normal e sereno. Momentos fortes como a ladainha de todos os santos, a un\u00e7\u00e3o das m\u00e3os, a primeira b\u00ean\u00e7\u00e3o aos pais, a ora\u00e7\u00e3o e o cumprimento de todos os confrades ao neo sacerdote, sem d\u00favida emocionaram a todos, principalmente \u00e0queles que participaram de uma Ordena\u00e7\u00e3o pela primeira vez. Outros momentos tamb\u00e9m foram fortes, como a homenagem de nossa Par\u00f3quia feita pela Sr\u00aa Zilma Rita Souza, seguida pela entrega de muitas, muitas rosas ao Frei Vanderley que foram depois distribu\u00eddas ao povo simbolizando os dons que o sacerdote recebe e partilha com o povo de Deus. Frei Vanderley juntamente com seus pais tamb\u00e9m ofereceu rosas \u00e0 Nossa Senhora da Penha.<\/p>\n<p><img loading=\"lazy\" class=\"alignnone size-full wp-image-198970\" src=\"https:\/\/franciscanos.org.br\/noticias\/wp-content\/uploads\/2012\/03\/1806_270312.jpg\" alt=\"\" width=\"830\" height=\"419\" srcset=\"https:\/\/franciscanos.org.br\/noticias\/wp-content\/uploads\/2012\/03\/1806_270312.jpg 830w, https:\/\/franciscanos.org.br\/noticias\/wp-content\/uploads\/2012\/03\/1806_270312-450x227.jpg 450w, https:\/\/franciscanos.org.br\/noticias\/wp-content\/uploads\/2012\/03\/1806_270312-768x388.jpg 768w, https:\/\/franciscanos.org.br\/noticias\/wp-content\/uploads\/2012\/03\/1806_270312-150x76.jpg 150w\" sizes=\"(max-width: 830px) 100vw, 830px\" \/><\/p>\n<p>Muito j\u00e1 se agradeceu nestes dias, agradecimento \u00e0 Comunidade Paroquial por seu empenho e disponibilidade, \u00e0s equipes de acolhida, suporte e cozinha, \u00e0s equipes de liturgia e canto e a cada um que nas suas possibilidades contribuiu para que este evento profundamente religioso se realizasse da forma como se realizou. Obrigado de cora\u00e7\u00e3o a todos os confrades que participaram da Semana Mission\u00e1ria e que partilharam de nosso conv\u00edvio fraterno nestes dias.<\/p>\n<p>Mas al\u00e9m dos parab\u00e9ns e minhas promessas de ora\u00e7\u00e3o por Frei Vanderley, gostaria de, de um forma muito pessoalmente, agradecer a ele. Agradecer pelo seu jeito simples, fraterno e amigo, pela conviv\u00eancia di\u00e1ria na prepara\u00e7\u00e3o deste grande dia. Agradecer principalmente pela oportunidade que nos deu a n\u00f3s aqui de Vila Velha de participarmos e compartilharmos de sua alegria e emo\u00e7\u00f5es, pela chance da Semana Mission\u00e1ria em que nos aproximamos mais de nosso povo, seja ele rico, pobre, idoso ou jovem. Agradecer por ter nos dado a possibilidade de, nesses dias, sermos tocados pelo grande amor de Deus em nossos cora\u00e7\u00f5es, por sentirmos a a\u00e7\u00e3o do Esp\u00edrito Santo agindo em nosso dia a dia, em nossa vida. Agrade\u00e7er por, talvez mesmo sem saber, fazer um bem t\u00e3o grande a cada um de n\u00f3s, um bem em nossa vida como homens, como religiosos, como franciscanos. Frei Clar\u00eancio me dizia ontem que estes dias de miss\u00e3o, esta ordena\u00e7\u00e3o far\u00e3o um bem enorme \u00e0 nossa par\u00f3quia e eu completo que isso se dar\u00e1 porque fizeram um bem muito maior em n\u00f3s, frades.<\/p>\n<p>Obrigado irm\u00e3o! Voc\u00ea sim foi muito mais que um irm\u00e3o nestes dias. Usando das palavras de Dom D\u00e9cio, desejo que voc\u00ea \u201c<em>se torne um oper\u00e1rio madrugador na constru\u00e7\u00e3o de comunidades eclesiais e n\u00e3o simples edif\u00edcios, que Francisco e Clara guiem seus passos. Que nossa Senhora dos Anjos, nossa Senhora da Penha o proteja hoje e sempre.\u201d<\/em><\/p>\n<p><strong>Frei James F. Gomes Neto<\/strong><\/p>\n<p>&nbsp;<\/p>\n<p>&nbsp;<\/p>\n<p>&nbsp;<\/p>\n","protected":false},"excerpt":{"rendered":"<p>Ordena\u00e7\u00e3o presbiteral de Frei Vanderley<\/p>\n","protected":false},"author":1,"featured_media":199950,"comment_status":"closed","ping_status":"closed","sticky":false,"template":"","format":"standard","meta":[],"categories":[1],"tags":[157],"acf":[],"yoast_head":"<!-- This site is optimized with the Yoast SEO plugin v19.2 - https:\/\/yoast.com\/wordpress\/plugins\/seo\/ -->\n<title>Frei Vanderley \u00e9 ordenado presb\u00edtero por D. D\u00e9cio - Not\u00edcias - Franciscanos<\/title>\n<meta name=\"robots\" content=\"index, follow, max-snippet:-1, max-image-preview:large, max-video-preview:-1\" \/>\n<link rel=\"canonical\" href=\"https:\/\/franciscanos.org.br\/noticias\/frei-vanderley-e-ordenado-presbitero-por-d-decio.html\" \/>\n<meta property=\"og:locale\" content=\"pt_BR\" \/>\n<meta property=\"og:type\" content=\"article\" \/>\n<meta property=\"og:title\" content=\"Frei Vanderley \u00e9 ordenado presb\u00edtero por D. D\u00e9cio - Not\u00edcias - Franciscanos\" \/>\n<meta property=\"og:description\" content=\"Ordena\u00e7\u00e3o presbiteral de Frei Vanderley\" \/>\n<meta property=\"og:url\" content=\"https:\/\/franciscanos.org.br\/noticias\/frei-vanderley-e-ordenado-presbitero-por-d-decio.html\" \/>\n<meta property=\"og:site_name\" content=\"Not\u00edcias - Franciscanos\" \/>\n<meta property=\"article:published_time\" content=\"2012-03-25T10:41:06+00:00\" \/>\n<meta property=\"article:modified_time\" content=\"2021-07-05T22:50:25+00:00\" \/>\n<meta property=\"og:image\" content=\"https:\/\/franciscanos.org.br\/noticias\/wp-content\/uploads\/2012\/03\/1806_270312-1.jpg\" \/>\n\t<meta property=\"og:image:width\" content=\"273\" \/>\n\t<meta property=\"og:image:height\" content=\"181\" \/>\n\t<meta property=\"og:image:type\" content=\"image\/jpeg\" \/>\n<meta name=\"author\" content=\"admin\" \/>\n<meta name=\"twitter:card\" content=\"summary_large_image\" \/>\n<meta name=\"twitter:label1\" content=\"Escrito por\" \/>\n\t<meta name=\"twitter:data1\" content=\"admin\" \/>\n\t<meta name=\"twitter:label2\" content=\"Est. tempo de leitura\" \/>\n\t<meta name=\"twitter:data2\" content=\"5 minutos\" \/>\n<script type=\"application\/ld+json\" class=\"yoast-schema-graph\">{\"@context\":\"https:\/\/schema.org\",\"@graph\":[{\"@type\":\"WebSite\",\"@id\":\"https:\/\/franciscanos.org.br\/noticias\/#website\",\"url\":\"https:\/\/franciscanos.org.br\/noticias\/\",\"name\":\"Not\u00edcias - Franciscanos\",\"description\":\"Prov\u00edncia Franciscana da Imaculada Concei\u00e7\u00e3o do Brasil - Ordem dos Frades Menores - OFM\",\"potentialAction\":[{\"@type\":\"SearchAction\",\"target\":{\"@type\":\"EntryPoint\",\"urlTemplate\":\"https:\/\/franciscanos.org.br\/noticias\/?s={search_term_string}\"},\"query-input\":\"required name=search_term_string\"}],\"inLanguage\":\"pt-BR\"},{\"@type\":\"ImageObject\",\"inLanguage\":\"pt-BR\",\"@id\":\"https:\/\/franciscanos.org.br\/noticias\/frei-vanderley-e-ordenado-presbitero-por-d-decio.html#primaryimage\",\"url\":\"https:\/\/franciscanos.org.br\/noticias\/wp-content\/uploads\/2012\/03\/1806_270312-1.jpg\",\"contentUrl\":\"https:\/\/franciscanos.org.br\/noticias\/wp-content\/uploads\/2012\/03\/1806_270312-1.jpg\",\"width\":273,\"height\":181},{\"@type\":\"WebPage\",\"@id\":\"https:\/\/franciscanos.org.br\/noticias\/frei-vanderley-e-ordenado-presbitero-por-d-decio.html#webpage\",\"url\":\"https:\/\/franciscanos.org.br\/noticias\/frei-vanderley-e-ordenado-presbitero-por-d-decio.html\",\"name\":\"Frei Vanderley \u00e9 ordenado presb\u00edtero por D. D\u00e9cio - Not\u00edcias - Franciscanos\",\"isPartOf\":{\"@id\":\"https:\/\/franciscanos.org.br\/noticias\/#website\"},\"primaryImageOfPage\":{\"@id\":\"https:\/\/franciscanos.org.br\/noticias\/frei-vanderley-e-ordenado-presbitero-por-d-decio.html#primaryimage\"},\"datePublished\":\"2012-03-25T10:41:06+00:00\",\"dateModified\":\"2021-07-05T22:50:25+00:00\",\"author\":{\"@id\":\"https:\/\/franciscanos.org.br\/noticias\/#\/schema\/person\/b38fbf43118f02820bd932f2e4b14ad3\"},\"breadcrumb\":{\"@id\":\"https:\/\/franciscanos.org.br\/noticias\/frei-vanderley-e-ordenado-presbitero-por-d-decio.html#breadcrumb\"},\"inLanguage\":\"pt-BR\",\"potentialAction\":[{\"@type\":\"ReadAction\",\"target\":[\"https:\/\/franciscanos.org.br\/noticias\/frei-vanderley-e-ordenado-presbitero-por-d-decio.html\"]}]},{\"@type\":\"BreadcrumbList\",\"@id\":\"https:\/\/franciscanos.org.br\/noticias\/frei-vanderley-e-ordenado-presbitero-por-d-decio.html#breadcrumb\",\"itemListElement\":[{\"@type\":\"ListItem\",\"position\":1,\"name\":\"Home\",\"item\":\"https:\/\/franciscanos.org.br\/noticias\"},{\"@type\":\"ListItem\",\"position\":2,\"name\":\"Frei Vanderley \u00e9 ordenado presb\u00edtero por D. D\u00e9cio\"}]},{\"@type\":\"Person\",\"@id\":\"https:\/\/franciscanos.org.br\/noticias\/#\/schema\/person\/b38fbf43118f02820bd932f2e4b14ad3\",\"name\":\"admin\",\"image\":{\"@type\":\"ImageObject\",\"inLanguage\":\"pt-BR\",\"@id\":\"https:\/\/franciscanos.org.br\/noticias\/#\/schema\/person\/image\/\",\"url\":\"https:\/\/secure.gravatar.com\/avatar\/e8495742d34d0ba6448ea1c628263b3e?s=96&d=mm&r=g\",\"contentUrl\":\"https:\/\/secure.gravatar.com\/avatar\/e8495742d34d0ba6448ea1c628263b3e?s=96&d=mm&r=g\",\"caption\":\"admin\"},\"url\":\"https:\/\/franciscanos.org.br\/noticias\/author\/admin\"}]}<\/script>\n<!-- \/ Yoast SEO plugin. -->","yoast_head_json":{"title":"Frei Vanderley \u00e9 ordenado presb\u00edtero por D. D\u00e9cio - Not\u00edcias - Franciscanos","robots":{"index":"index","follow":"follow","max-snippet":"max-snippet:-1","max-image-preview":"max-image-preview:large","max-video-preview":"max-video-preview:-1"},"canonical":"https:\/\/franciscanos.org.br\/noticias\/frei-vanderley-e-ordenado-presbitero-por-d-decio.html","og_locale":"pt_BR","og_type":"article","og_title":"Frei Vanderley \u00e9 ordenado presb\u00edtero por D. D\u00e9cio - Not\u00edcias - Franciscanos","og_description":"Ordena\u00e7\u00e3o presbiteral de Frei Vanderley","og_url":"https:\/\/franciscanos.org.br\/noticias\/frei-vanderley-e-ordenado-presbitero-por-d-decio.html","og_site_name":"Not\u00edcias - Franciscanos","article_published_time":"2012-03-25T10:41:06+00:00","article_modified_time":"2021-07-05T22:50:25+00:00","og_image":[{"width":273,"height":181,"url":"https:\/\/franciscanos.org.br\/noticias\/wp-content\/uploads\/2012\/03\/1806_270312-1.jpg","type":"image\/jpeg"}],"author":"admin","twitter_card":"summary_large_image","twitter_misc":{"Escrito por":"admin","Est. tempo de leitura":"5 minutos"},"schema":{"@context":"https:\/\/schema.org","@graph":[{"@type":"WebSite","@id":"https:\/\/franciscanos.org.br\/noticias\/#website","url":"https:\/\/franciscanos.org.br\/noticias\/","name":"Not\u00edcias - Franciscanos","description":"Prov\u00edncia Franciscana da Imaculada Concei\u00e7\u00e3o do Brasil - Ordem dos Frades Menores - OFM","potentialAction":[{"@type":"SearchAction","target":{"@type":"EntryPoint","urlTemplate":"https:\/\/franciscanos.org.br\/noticias\/?s={search_term_string}"},"query-input":"required name=search_term_string"}],"inLanguage":"pt-BR"},{"@type":"ImageObject","inLanguage":"pt-BR","@id":"https:\/\/franciscanos.org.br\/noticias\/frei-vanderley-e-ordenado-presbitero-por-d-decio.html#primaryimage","url":"https:\/\/franciscanos.org.br\/noticias\/wp-content\/uploads\/2012\/03\/1806_270312-1.jpg","contentUrl":"https:\/\/franciscanos.org.br\/noticias\/wp-content\/uploads\/2012\/03\/1806_270312-1.jpg","width":273,"height":181},{"@type":"WebPage","@id":"https:\/\/franciscanos.org.br\/noticias\/frei-vanderley-e-ordenado-presbitero-por-d-decio.html#webpage","url":"https:\/\/franciscanos.org.br\/noticias\/frei-vanderley-e-ordenado-presbitero-por-d-decio.html","name":"Frei Vanderley \u00e9 ordenado presb\u00edtero por D. D\u00e9cio - Not\u00edcias - Franciscanos","isPartOf":{"@id":"https:\/\/franciscanos.org.br\/noticias\/#website"},"primaryImageOfPage":{"@id":"https:\/\/franciscanos.org.br\/noticias\/frei-vanderley-e-ordenado-presbitero-por-d-decio.html#primaryimage"},"datePublished":"2012-03-25T10:41:06+00:00","dateModified":"2021-07-05T22:50:25+00:00","author":{"@id":"https:\/\/franciscanos.org.br\/noticias\/#\/schema\/person\/b38fbf43118f02820bd932f2e4b14ad3"},"breadcrumb":{"@id":"https:\/\/franciscanos.org.br\/noticias\/frei-vanderley-e-ordenado-presbitero-por-d-decio.html#breadcrumb"},"inLanguage":"pt-BR","potentialAction":[{"@type":"ReadAction","target":["https:\/\/franciscanos.org.br\/noticias\/frei-vanderley-e-ordenado-presbitero-por-d-decio.html"]}]},{"@type":"BreadcrumbList","@id":"https:\/\/franciscanos.org.br\/noticias\/frei-vanderley-e-ordenado-presbitero-por-d-decio.html#breadcrumb","itemListElement":[{"@type":"ListItem","position":1,"name":"Home","item":"https:\/\/franciscanos.org.br\/noticias"},{"@type":"ListItem","position":2,"name":"Frei Vanderley \u00e9 ordenado presb\u00edtero por D. D\u00e9cio"}]},{"@type":"Person","@id":"https:\/\/franciscanos.org.br\/noticias\/#\/schema\/person\/b38fbf43118f02820bd932f2e4b14ad3","name":"admin","image":{"@type":"ImageObject","inLanguage":"pt-BR","@id":"https:\/\/franciscanos.org.br\/noticias\/#\/schema\/person\/image\/","url":"https:\/\/secure.gravatar.com\/avatar\/e8495742d34d0ba6448ea1c628263b3e?s=96&d=mm&r=g","contentUrl":"https:\/\/secure.gravatar.com\/avatar\/e8495742d34d0ba6448ea1c628263b3e?s=96&d=mm&r=g","caption":"admin"},"url":"https:\/\/franciscanos.org.br\/noticias\/author\/admin"}]}},"_links":{"self":[{"href":"https:\/\/franciscanos.org.br\/noticias\/wp-json\/wp\/v2\/posts\/13652"}],"collection":[{"href":"https:\/\/franciscanos.org.br\/noticias\/wp-json\/wp\/v2\/posts"}],"about":[{"href":"https:\/\/franciscanos.org.br\/noticias\/wp-json\/wp\/v2\/types\/post"}],"author":[{"embeddable":true,"href":"https:\/\/franciscanos.org.br\/noticias\/wp-json\/wp\/v2\/users\/1"}],"replies":[{"embeddable":true,"href":"https:\/\/franciscanos.org.br\/noticias\/wp-json\/wp\/v2\/comments?post=13652"}],"version-history":[{"count":1,"href":"https:\/\/franciscanos.org.br\/noticias\/wp-json\/wp\/v2\/posts\/13652\/revisions"}],"predecessor-version":[{"id":232858,"href":"https:\/\/franciscanos.org.br\/noticias\/wp-json\/wp\/v2\/posts\/13652\/revisions\/232858"}],"wp:featuredmedia":[{"embeddable":true,"href":"https:\/\/franciscanos.org.br\/noticias\/wp-json\/wp\/v2\/media\/199950"}],"wp:attachment":[{"href":"https:\/\/franciscanos.org.br\/noticias\/wp-json\/wp\/v2\/media?parent=13652"}],"wp:term":[{"taxonomy":"category","embeddable":true,"href":"https:\/\/franciscanos.org.br\/noticias\/wp-json\/wp\/v2\/categories?post=13652"},{"taxonomy":"post_tag","embeddable":true,"href":"https:\/\/franciscanos.org.br\/noticias\/wp-json\/wp\/v2\/tags?post=13652"}],"curies":[{"name":"wp","href":"https:\/\/api.w.org\/{rel}","templated":true}]}}