{"id":136508,"date":"2017-06-19T16:12:58","date_gmt":"2017-06-19T19:12:58","guid":{"rendered":"http:\/\/franciscanos.org.br\/?p=136508"},"modified":"2021-07-05T19:56:21","modified_gmt":"2021-07-05T22:56:21","slug":"jovens-do-rio-de-janeiro-e-espirito-santo-fazem-encontro-vocacional","status":"publish","type":"post","link":"https:\/\/franciscanos.org.br\/noticias\/jovens-do-rio-de-janeiro-e-espirito-santo-fazem-encontro-vocacional.html","title":{"rendered":"Encontro Vocacional re\u00fane dez jovens em Petr\u00f3polis"},"content":{"rendered":"<p><img loading=\"lazy\" src=\"http:\/\/franciscanos.org.br\/wp-content\/uploads\/2017\/06\/sav_190617_G.jpg\" alt=\"sav_190617_G\" width=\"830\" height=\"280\" \/><\/p>\n<p><strong>Frei Gabriel Dellandrea<\/strong><\/p>\n<p><strong>Petr\u00f3polis (RJ) &#8211;<\/strong> Entre os dias 16 e 18 de junho, dez jovens dos estados do Rio de Janeiro e Esp\u00edrito Santo participaram do Encontro Vocacional Regional na Fraternidade Franciscana do Sagrado Cora\u00e7\u00e3o de Jesus em Petr\u00f3polis (RJ). Nesta ocasi\u00e3o, os jovens vivenciaram um pouco do dia a dia da casa de forma\u00e7\u00e3o do tempo da Teologia. Al\u00e9m disso, aprofundaram temas para bem viver o per\u00edodo de discernimento sobre a vida franciscana.<\/p>\n<p>Um momento forte deste final de semana foi ora\u00e7\u00e3o da noite na sexta-feira, onde foi preparada uma decora\u00e7\u00e3o do ambiente com a colabora\u00e7\u00e3o de todos. Nessa din\u00e2mica, numa apresenta\u00e7\u00e3o muito simples e sincera, cada jovem p\u00f4de partilhar de sua vida e se deixar conhecer pelos demais. Nesta primeira ora\u00e7\u00e3o j\u00e1 se desenhou uma caracter\u00edstica que foi muito bem vivida por este grupo: a fraternidade.<\/p>\n<p>Na parte da manh\u00e3 do s\u00e1bado (17), os jovens foram inseridos mais diretamente na discuss\u00e3o sobre a tem\u00e1tica vocacional na B\u00edblia. No per\u00edodo da tarde, acompanhados pelos frades, puderam conhecer e se envolver com os sorrisos e a espontaneidade das crian\u00e7as atendidas pelo projeto Sefras Crian\u00e7a na Associa\u00e7\u00e3o de Moradores da Vila S\u00e3o Jos\u00e9, \u00e1rea da periferia da cidade imperial. A caminhada pelas redondezas das comunidades pr\u00f3ximas ao Convento do Sagrado continuou at\u00e9 o Trono de F\u00e1tima, local de devo\u00e7\u00e3o mariana, onde a tarde foi finalizada com a ora\u00e7\u00e3o do ter\u00e7o vocacional. As atividades do dia foram encerradas com um filme e uma ora\u00e7\u00e3o.<\/p>\n<p>No domingo (18), os vocacionados participaram e se apresentaram na missa das 10h com a participa\u00e7\u00e3o do Coral das Meninas Cantoras de Petr\u00f3polis. Al\u00e9m disso, a manh\u00e3 tamb\u00e9m foi intensa de reflex\u00f5es e perguntas sobre a quest\u00e3o vocacional. O encontro teve seu t\u00e9rmino com o almo\u00e7o. O Servi\u00e7o de Anima\u00e7\u00e3o Vocacional agradece aos confrades do regional pelo acompanhamento dos jovens e tamb\u00e9m \u00e0 Fraternidade do Sagrado pela acolhida e intensa participa\u00e7\u00e3o e intera\u00e7\u00e3o com os vocacionados.<br \/>\nSe voc\u00ea deseja conhecer mais o processo de discernimento vocacional, entre em contato pelo e-mail <a href=\"mailto:sav@franciscanos.org.br\" target=\"_blank\" rel=\"noopener noreferrer\">sav@franciscanos.org.br<\/a><\/p>\n\n","protected":false},"excerpt":{"rendered":"<p>SAV<\/p>\n","protected":false},"author":1,"featured_media":200298,"comment_status":"open","ping_status":"open","sticky":false,"template":"","format":"standard","meta":[],"categories":[1],"tags":[1370,190,552],"acf":[],"yoast_head":"<!-- This site is optimized with the Yoast SEO plugin v19.2 - https:\/\/yoast.com\/wordpress\/plugins\/seo\/ -->\n<title>Encontro Vocacional re\u00fane dez jovens em Petr\u00f3polis - Not\u00edcias - Franciscanos<\/title>\n<meta name=\"robots\" content=\"index, follow, max-snippet:-1, max-image-preview:large, max-video-preview:-1\" \/>\n<link rel=\"canonical\" href=\"https:\/\/franciscanos.org.br\/noticias\/jovens-do-rio-de-janeiro-e-espirito-santo-fazem-encontro-vocacional.html\" \/>\n<meta property=\"og:locale\" content=\"pt_BR\" \/>\n<meta property=\"og:type\" content=\"article\" \/>\n<meta property=\"og:title\" content=\"Encontro Vocacional re\u00fane dez jovens em Petr\u00f3polis - Not\u00edcias - Franciscanos\" \/>\n<meta property=\"og:description\" content=\"SAV\" \/>\n<meta property=\"og:url\" content=\"https:\/\/franciscanos.org.br\/noticias\/jovens-do-rio-de-janeiro-e-espirito-santo-fazem-encontro-vocacional.html\" \/>\n<meta property=\"og:site_name\" content=\"Not\u00edcias - Franciscanos\" \/>\n<meta property=\"article:published_time\" content=\"2017-06-19T19:12:58+00:00\" \/>\n<meta property=\"article:modified_time\" content=\"2021-07-05T22:56:21+00:00\" \/>\n<meta property=\"og:image\" content=\"https:\/\/franciscanos.org.br\/noticias\/wp-content\/uploads\/2017\/06\/sav_190617_G.jpg\" \/>\n\t<meta property=\"og:image:width\" content=\"273\" \/>\n\t<meta property=\"og:image:height\" content=\"181\" \/>\n\t<meta property=\"og:image:type\" content=\"image\/jpeg\" \/>\n<meta name=\"author\" content=\"admin\" \/>\n<meta name=\"twitter:card\" content=\"summary_large_image\" \/>\n<meta name=\"twitter:label1\" content=\"Escrito por\" \/>\n\t<meta name=\"twitter:data1\" content=\"admin\" \/>\n\t<meta name=\"twitter:label2\" content=\"Est. tempo de leitura\" \/>\n\t<meta name=\"twitter:data2\" content=\"2 minutos\" \/>\n<script type=\"application\/ld+json\" class=\"yoast-schema-graph\">{\"@context\":\"https:\/\/schema.org\",\"@graph\":[{\"@type\":\"WebSite\",\"@id\":\"https:\/\/franciscanos.org.br\/noticias\/#website\",\"url\":\"https:\/\/franciscanos.org.br\/noticias\/\",\"name\":\"Not\u00edcias - Franciscanos\",\"description\":\"Prov\u00edncia Franciscana da Imaculada Concei\u00e7\u00e3o do Brasil - Ordem dos Frades Menores - OFM\",\"potentialAction\":[{\"@type\":\"SearchAction\",\"target\":{\"@type\":\"EntryPoint\",\"urlTemplate\":\"https:\/\/franciscanos.org.br\/noticias\/?s={search_term_string}\"},\"query-input\":\"required name=search_term_string\"}],\"inLanguage\":\"pt-BR\"},{\"@type\":\"ImageObject\",\"inLanguage\":\"pt-BR\",\"@id\":\"https:\/\/franciscanos.org.br\/noticias\/jovens-do-rio-de-janeiro-e-espirito-santo-fazem-encontro-vocacional.html#primaryimage\",\"url\":\"https:\/\/franciscanos.org.br\/noticias\/wp-content\/uploads\/2017\/06\/sav_190617_G.jpg\",\"contentUrl\":\"https:\/\/franciscanos.org.br\/noticias\/wp-content\/uploads\/2017\/06\/sav_190617_G.jpg\",\"width\":273,\"height\":181},{\"@type\":\"WebPage\",\"@id\":\"https:\/\/franciscanos.org.br\/noticias\/jovens-do-rio-de-janeiro-e-espirito-santo-fazem-encontro-vocacional.html#webpage\",\"url\":\"https:\/\/franciscanos.org.br\/noticias\/jovens-do-rio-de-janeiro-e-espirito-santo-fazem-encontro-vocacional.html\",\"name\":\"Encontro Vocacional re\u00fane dez jovens em Petr\u00f3polis - Not\u00edcias - Franciscanos\",\"isPartOf\":{\"@id\":\"https:\/\/franciscanos.org.br\/noticias\/#website\"},\"primaryImageOfPage\":{\"@id\":\"https:\/\/franciscanos.org.br\/noticias\/jovens-do-rio-de-janeiro-e-espirito-santo-fazem-encontro-vocacional.html#primaryimage\"},\"datePublished\":\"2017-06-19T19:12:58+00:00\",\"dateModified\":\"2021-07-05T22:56:21+00:00\",\"author\":{\"@id\":\"https:\/\/franciscanos.org.br\/noticias\/#\/schema\/person\/b38fbf43118f02820bd932f2e4b14ad3\"},\"breadcrumb\":{\"@id\":\"https:\/\/franciscanos.org.br\/noticias\/jovens-do-rio-de-janeiro-e-espirito-santo-fazem-encontro-vocacional.html#breadcrumb\"},\"inLanguage\":\"pt-BR\",\"potentialAction\":[{\"@type\":\"ReadAction\",\"target\":[\"https:\/\/franciscanos.org.br\/noticias\/jovens-do-rio-de-janeiro-e-espirito-santo-fazem-encontro-vocacional.html\"]}]},{\"@type\":\"BreadcrumbList\",\"@id\":\"https:\/\/franciscanos.org.br\/noticias\/jovens-do-rio-de-janeiro-e-espirito-santo-fazem-encontro-vocacional.html#breadcrumb\",\"itemListElement\":[{\"@type\":\"ListItem\",\"position\":1,\"name\":\"Home\",\"item\":\"https:\/\/franciscanos.org.br\/noticias\"},{\"@type\":\"ListItem\",\"position\":2,\"name\":\"Encontro Vocacional re\u00fane dez jovens em Petr\u00f3polis\"}]},{\"@type\":\"Person\",\"@id\":\"https:\/\/franciscanos.org.br\/noticias\/#\/schema\/person\/b38fbf43118f02820bd932f2e4b14ad3\",\"name\":\"admin\",\"image\":{\"@type\":\"ImageObject\",\"inLanguage\":\"pt-BR\",\"@id\":\"https:\/\/franciscanos.org.br\/noticias\/#\/schema\/person\/image\/\",\"url\":\"https:\/\/secure.gravatar.com\/avatar\/e8495742d34d0ba6448ea1c628263b3e?s=96&d=mm&r=g\",\"contentUrl\":\"https:\/\/secure.gravatar.com\/avatar\/e8495742d34d0ba6448ea1c628263b3e?s=96&d=mm&r=g\",\"caption\":\"admin\"},\"url\":\"https:\/\/franciscanos.org.br\/noticias\/author\/admin\"}]}<\/script>\n<!-- \/ Yoast SEO plugin. -->","yoast_head_json":{"title":"Encontro Vocacional re\u00fane dez jovens em Petr\u00f3polis - Not\u00edcias - Franciscanos","robots":{"index":"index","follow":"follow","max-snippet":"max-snippet:-1","max-image-preview":"max-image-preview:large","max-video-preview":"max-video-preview:-1"},"canonical":"https:\/\/franciscanos.org.br\/noticias\/jovens-do-rio-de-janeiro-e-espirito-santo-fazem-encontro-vocacional.html","og_locale":"pt_BR","og_type":"article","og_title":"Encontro Vocacional re\u00fane dez jovens em Petr\u00f3polis - Not\u00edcias - Franciscanos","og_description":"SAV","og_url":"https:\/\/franciscanos.org.br\/noticias\/jovens-do-rio-de-janeiro-e-espirito-santo-fazem-encontro-vocacional.html","og_site_name":"Not\u00edcias - Franciscanos","article_published_time":"2017-06-19T19:12:58+00:00","article_modified_time":"2021-07-05T22:56:21+00:00","og_image":[{"width":273,"height":181,"url":"https:\/\/franciscanos.org.br\/noticias\/wp-content\/uploads\/2017\/06\/sav_190617_G.jpg","type":"image\/jpeg"}],"author":"admin","twitter_card":"summary_large_image","twitter_misc":{"Escrito por":"admin","Est. tempo de leitura":"2 minutos"},"schema":{"@context":"https:\/\/schema.org","@graph":[{"@type":"WebSite","@id":"https:\/\/franciscanos.org.br\/noticias\/#website","url":"https:\/\/franciscanos.org.br\/noticias\/","name":"Not\u00edcias - Franciscanos","description":"Prov\u00edncia Franciscana da Imaculada Concei\u00e7\u00e3o do Brasil - Ordem dos Frades Menores - OFM","potentialAction":[{"@type":"SearchAction","target":{"@type":"EntryPoint","urlTemplate":"https:\/\/franciscanos.org.br\/noticias\/?s={search_term_string}"},"query-input":"required name=search_term_string"}],"inLanguage":"pt-BR"},{"@type":"ImageObject","inLanguage":"pt-BR","@id":"https:\/\/franciscanos.org.br\/noticias\/jovens-do-rio-de-janeiro-e-espirito-santo-fazem-encontro-vocacional.html#primaryimage","url":"https:\/\/franciscanos.org.br\/noticias\/wp-content\/uploads\/2017\/06\/sav_190617_G.jpg","contentUrl":"https:\/\/franciscanos.org.br\/noticias\/wp-content\/uploads\/2017\/06\/sav_190617_G.jpg","width":273,"height":181},{"@type":"WebPage","@id":"https:\/\/franciscanos.org.br\/noticias\/jovens-do-rio-de-janeiro-e-espirito-santo-fazem-encontro-vocacional.html#webpage","url":"https:\/\/franciscanos.org.br\/noticias\/jovens-do-rio-de-janeiro-e-espirito-santo-fazem-encontro-vocacional.html","name":"Encontro Vocacional re\u00fane dez jovens em Petr\u00f3polis - Not\u00edcias - Franciscanos","isPartOf":{"@id":"https:\/\/franciscanos.org.br\/noticias\/#website"},"primaryImageOfPage":{"@id":"https:\/\/franciscanos.org.br\/noticias\/jovens-do-rio-de-janeiro-e-espirito-santo-fazem-encontro-vocacional.html#primaryimage"},"datePublished":"2017-06-19T19:12:58+00:00","dateModified":"2021-07-05T22:56:21+00:00","author":{"@id":"https:\/\/franciscanos.org.br\/noticias\/#\/schema\/person\/b38fbf43118f02820bd932f2e4b14ad3"},"breadcrumb":{"@id":"https:\/\/franciscanos.org.br\/noticias\/jovens-do-rio-de-janeiro-e-espirito-santo-fazem-encontro-vocacional.html#breadcrumb"},"inLanguage":"pt-BR","potentialAction":[{"@type":"ReadAction","target":["https:\/\/franciscanos.org.br\/noticias\/jovens-do-rio-de-janeiro-e-espirito-santo-fazem-encontro-vocacional.html"]}]},{"@type":"BreadcrumbList","@id":"https:\/\/franciscanos.org.br\/noticias\/jovens-do-rio-de-janeiro-e-espirito-santo-fazem-encontro-vocacional.html#breadcrumb","itemListElement":[{"@type":"ListItem","position":1,"name":"Home","item":"https:\/\/franciscanos.org.br\/noticias"},{"@type":"ListItem","position":2,"name":"Encontro Vocacional re\u00fane dez jovens em Petr\u00f3polis"}]},{"@type":"Person","@id":"https:\/\/franciscanos.org.br\/noticias\/#\/schema\/person\/b38fbf43118f02820bd932f2e4b14ad3","name":"admin","image":{"@type":"ImageObject","inLanguage":"pt-BR","@id":"https:\/\/franciscanos.org.br\/noticias\/#\/schema\/person\/image\/","url":"https:\/\/secure.gravatar.com\/avatar\/e8495742d34d0ba6448ea1c628263b3e?s=96&d=mm&r=g","contentUrl":"https:\/\/secure.gravatar.com\/avatar\/e8495742d34d0ba6448ea1c628263b3e?s=96&d=mm&r=g","caption":"admin"},"url":"https:\/\/franciscanos.org.br\/noticias\/author\/admin"}]}},"_links":{"self":[{"href":"https:\/\/franciscanos.org.br\/noticias\/wp-json\/wp\/v2\/posts\/136508"}],"collection":[{"href":"https:\/\/franciscanos.org.br\/noticias\/wp-json\/wp\/v2\/posts"}],"about":[{"href":"https:\/\/franciscanos.org.br\/noticias\/wp-json\/wp\/v2\/types\/post"}],"author":[{"embeddable":true,"href":"https:\/\/franciscanos.org.br\/noticias\/wp-json\/wp\/v2\/users\/1"}],"replies":[{"embeddable":true,"href":"https:\/\/franciscanos.org.br\/noticias\/wp-json\/wp\/v2\/comments?post=136508"}],"version-history":[{"count":1,"href":"https:\/\/franciscanos.org.br\/noticias\/wp-json\/wp\/v2\/posts\/136508\/revisions"}],"predecessor-version":[{"id":231733,"href":"https:\/\/franciscanos.org.br\/noticias\/wp-json\/wp\/v2\/posts\/136508\/revisions\/231733"}],"wp:featuredmedia":[{"embeddable":true,"href":"https:\/\/franciscanos.org.br\/noticias\/wp-json\/wp\/v2\/media\/200298"}],"wp:attachment":[{"href":"https:\/\/franciscanos.org.br\/noticias\/wp-json\/wp\/v2\/media?parent=136508"}],"wp:term":[{"taxonomy":"category","embeddable":true,"href":"https:\/\/franciscanos.org.br\/noticias\/wp-json\/wp\/v2\/categories?post=136508"},{"taxonomy":"post_tag","embeddable":true,"href":"https:\/\/franciscanos.org.br\/noticias\/wp-json\/wp\/v2\/tags?post=136508"}],"curies":[{"name":"wp","href":"https:\/\/api.w.org\/{rel}","templated":true}]}}