{"id":136501,"date":"2017-06-19T13:00:00","date_gmt":"2017-06-19T16:00:00","guid":{"rendered":"http:\/\/franciscanos.org.br\/?p=136501"},"modified":"2020-03-05T11:02:04","modified_gmt":"2020-03-05T14:02:04","slug":"santuario-sao-francisco-recebe-apresentacao-de-musica-erudita","status":"publish","type":"post","link":"https:\/\/franciscanos.org.br\/noticias\/santuario-sao-francisco-recebe-apresentacao-de-musica-erudita.html","title":{"rendered":"Santu\u00e1rio S\u00e3o Francisco recebe apresenta\u00e7\u00e3o de m\u00fasica erudita"},"content":{"rendered":"<p><img loading=\"lazy\" src=\"http:\/\/franciscanos.org.br\/wp-content\/uploads\/2017\/06\/santuario_190617g.jpg\" alt=\"santuario_190617g\" width=\"830\" height=\"400\" \/><br \/>\n<strong>S\u00e3o Paulo (SP)<\/strong> &#8211;\u00a0Nesta ter\u00e7a-feira, 20 de junho, a partir das 13 horas, o Santu\u00e1rio S\u00e3o Francisco recebe mais uma apresenta\u00e7\u00e3o do projeto \u201cSons das Igrejas do Centro\u201d, promovido pelo Sesc Carmo com objetivo de democratizar o acesso \u00e0 m\u00fasica erudita e evidenciar o patrim\u00f4nio hist\u00f3rico de S\u00e3o Paulo.<\/p>\n<p>A apresenta\u00e7\u00e3o \u00e9 gratuita, sem necessidade de retirada pr\u00e9via de ingresso, e com dura\u00e7\u00e3o aproximada de uma hora. Desta vez, se apresenta a Capela Ultramarina, com um repert\u00f3rio lusitano dos s\u00e9culos XVI e XVII , com acr\u00e9scimos de Mira Nero, Marin\u00edculas e Venid a Sospirar, como exemplos da m\u00fasica executada no Brasil no mesmo per\u00edodo.<\/p>\n<p>A Capela Ultramarina surgiu em 2000, por ocasi\u00e3o das comemora\u00e7\u00f5es dos 500 anos de descobrimento do Brasil, com o objetivo de ir de encontro \u00e0 m\u00fasica feita em Portugal no per\u00edodo da expans\u00e3o mar\u00edtima. Na abordagem desse repert\u00f3rio o grupo privilegia as pe\u00e7as escritas sobre textos em l\u00edngua portuguesa, propondo uma reflex\u00e3o sobre a forma\u00e7\u00e3o da identidade cultural brasileira a partir de um de seus tra\u00e7os mais marcantes: o idioma.<\/p>\n<p>Para recriar este repert\u00f3rio, os integrantes do grupo \u2013 todos m\u00fasicos com experi\u00eancia no que se costuma chamar de interpreta\u00e7\u00e3o historicamente informada \u2013 se servem de r\u00e9plicas de instrumentos utilizados no per\u00edodo, como as guitarras de cinco ordens, a viola da gamba e v\u00e1rios tipos de flautas doces. A maior parte das composi\u00e7\u00f5es \u00e9 proveniente de alguns dos cancioneiros musicais de origem portuguesa localizados at\u00e9 o momento.<\/p>\n<p>Estes cancioneiros \u2013 pequenos cadernos manuscritos de autoria an\u00f4nima, contendo m\u00fasica escrita geralmente a tr\u00eas vozes \u2013 s\u00e3o nomeados a partir do local onde foram encontrados: Cancioneiro de Elvas (CME) e Cancioneiro de Paris (CMBP).<\/p>\n<p><b>Ficha T\u00e9cnica:<\/b><br \/>\nRegiane Martinez: soprano<br \/>\nPatr\u00edcia Nacle: contralto<br \/>\nF\u00e1bio Vianna Peres: tenor e guitarra barroca<br \/>\nMar\u00edlia Macedo: flautas doces<br \/>\nGuilherme de Camargo: guitarra renascentista<\/p>\n<p><b>Programa:<\/b><br \/>\nPerdi a esperan\u00e7a (CME n\u00ba 8 &#8211; fls 46v-47 \/ CMBP n\u00ba 10 &#8211; fls.9v-10)<br \/>\nPorque me n\u00e3o v\u00eas Joana (CME, n\u00ba 20 &#8211; fls.58v-59)<br \/>\nBem sei que minha tristura (CMBP, n\u00ba 104, fls.103v-104)<br \/>\nDo vosso bem querer (CMBP n\u00ba 116, fls.115v-116)<br \/>\nL\u00e1grimas de saudade (CMBP n\u00ba 24 &#8211; fls.23v-24)<br \/>\nQuem quiser comprar huma vida (CMBP, n\u00ba 107, fls.106v-107)<br \/>\nTarambote para as duas charamelinhas (Mosteiro de Sta. Cruz de Coimbra)<br \/>\nJ\u00e1 n\u00e3o posso ser contente (CMBP n\u00ba 105, fls.104v-105)<br \/>\nNa fonte esta Lianor (CMBP, n\u00ba 120, fls.119v-120)<br \/>\nMinina dos olhos verdes (CMBP, n\u00ba 96, fls.95v-96)<br \/>\nQue he o que vejo (CME, n\u00ba 32 &#8211; fls.70v-71)<br \/>\nVenid a sospirar (CME, com poema de Jos\u00e9 de Anchieta)<br \/>\nMira Nero (Mateo Flecha, com poema de Jos\u00e9 de Anchieta)<br \/>\nMari\u00e7apalos \/ Marin\u00edcolas (an\u00f4nimo ib\u00e9rico com poema de Greg\u00f3rio de Matos)<br \/>\nN\u00e3o tragais borzeguis pretos (CMBP, n\u00ba 130, fls.129v-130)<\/p>\n<p><b>Servi\u00e7o:<\/b><br \/>\nConcerto com Capela Ultramarina<br \/>\nSantu\u00e1rio S\u00e3o Francisco<br \/>\nLargo S\u00e3o Francisco, 133 &#8211; S\u00e9<br \/>\nTer\u00e7a, 20 de junho \u2013 13 horas<br \/>\nEntrada franca<br \/>\nCom informa\u00e7\u00f5es da Pastoral da Comunica\u00e7\u00e3o.<\/p>\n","protected":false},"excerpt":{"rendered":"<p>Programa\u00e7\u00e3o<\/p>\n","protected":false},"author":1,"featured_media":200289,"comment_status":"open","ping_status":"open","sticky":false,"template":"","format":"standard","meta":[],"categories":[1],"tags":[1369],"acf":[],"yoast_head":"<!-- This site is optimized with the Yoast SEO plugin v19.2 - https:\/\/yoast.com\/wordpress\/plugins\/seo\/ -->\n<title>Santu\u00e1rio S\u00e3o Francisco recebe apresenta\u00e7\u00e3o de m\u00fasica erudita - Not\u00edcias - Franciscanos<\/title>\n<meta name=\"robots\" content=\"index, follow, max-snippet:-1, max-image-preview:large, max-video-preview:-1\" \/>\n<link rel=\"canonical\" href=\"https:\/\/franciscanos.org.br\/noticias\/santuario-sao-francisco-recebe-apresentacao-de-musica-erudita.html\" \/>\n<meta property=\"og:locale\" content=\"pt_BR\" \/>\n<meta property=\"og:type\" content=\"article\" \/>\n<meta property=\"og:title\" content=\"Santu\u00e1rio S\u00e3o Francisco recebe apresenta\u00e7\u00e3o de m\u00fasica erudita - Not\u00edcias - Franciscanos\" \/>\n<meta property=\"og:description\" content=\"Programa\u00e7\u00e3o\" \/>\n<meta property=\"og:url\" content=\"https:\/\/franciscanos.org.br\/noticias\/santuario-sao-francisco-recebe-apresentacao-de-musica-erudita.html\" \/>\n<meta property=\"og:site_name\" content=\"Not\u00edcias - Franciscanos\" \/>\n<meta property=\"article:published_time\" content=\"2017-06-19T16:00:00+00:00\" \/>\n<meta property=\"article:modified_time\" content=\"2020-03-05T14:02:04+00:00\" \/>\n<meta property=\"og:image\" content=\"https:\/\/franciscanos.org.br\/noticias\/wp-content\/uploads\/2017\/06\/santuario_190617g.jpg\" \/>\n\t<meta property=\"og:image:width\" content=\"273\" \/>\n\t<meta property=\"og:image:height\" content=\"181\" \/>\n\t<meta property=\"og:image:type\" content=\"image\/jpeg\" \/>\n<meta name=\"author\" content=\"admin\" \/>\n<meta name=\"twitter:card\" content=\"summary_large_image\" \/>\n<meta name=\"twitter:label1\" content=\"Escrito por\" \/>\n\t<meta name=\"twitter:data1\" content=\"admin\" \/>\n\t<meta name=\"twitter:label2\" content=\"Est. tempo de leitura\" \/>\n\t<meta name=\"twitter:data2\" content=\"3 minutos\" \/>\n<script type=\"application\/ld+json\" class=\"yoast-schema-graph\">{\"@context\":\"https:\/\/schema.org\",\"@graph\":[{\"@type\":\"WebSite\",\"@id\":\"https:\/\/franciscanos.org.br\/noticias\/#website\",\"url\":\"https:\/\/franciscanos.org.br\/noticias\/\",\"name\":\"Not\u00edcias - Franciscanos\",\"description\":\"Prov\u00edncia Franciscana da Imaculada Concei\u00e7\u00e3o do Brasil - Ordem dos Frades Menores - OFM\",\"potentialAction\":[{\"@type\":\"SearchAction\",\"target\":{\"@type\":\"EntryPoint\",\"urlTemplate\":\"https:\/\/franciscanos.org.br\/noticias\/?s={search_term_string}\"},\"query-input\":\"required name=search_term_string\"}],\"inLanguage\":\"pt-BR\"},{\"@type\":\"ImageObject\",\"inLanguage\":\"pt-BR\",\"@id\":\"https:\/\/franciscanos.org.br\/noticias\/santuario-sao-francisco-recebe-apresentacao-de-musica-erudita.html#primaryimage\",\"url\":\"https:\/\/franciscanos.org.br\/noticias\/wp-content\/uploads\/2017\/06\/santuario_190617g.jpg\",\"contentUrl\":\"https:\/\/franciscanos.org.br\/noticias\/wp-content\/uploads\/2017\/06\/santuario_190617g.jpg\",\"width\":273,\"height\":181},{\"@type\":\"WebPage\",\"@id\":\"https:\/\/franciscanos.org.br\/noticias\/santuario-sao-francisco-recebe-apresentacao-de-musica-erudita.html#webpage\",\"url\":\"https:\/\/franciscanos.org.br\/noticias\/santuario-sao-francisco-recebe-apresentacao-de-musica-erudita.html\",\"name\":\"Santu\u00e1rio S\u00e3o Francisco recebe apresenta\u00e7\u00e3o de m\u00fasica erudita - Not\u00edcias - Franciscanos\",\"isPartOf\":{\"@id\":\"https:\/\/franciscanos.org.br\/noticias\/#website\"},\"primaryImageOfPage\":{\"@id\":\"https:\/\/franciscanos.org.br\/noticias\/santuario-sao-francisco-recebe-apresentacao-de-musica-erudita.html#primaryimage\"},\"datePublished\":\"2017-06-19T16:00:00+00:00\",\"dateModified\":\"2020-03-05T14:02:04+00:00\",\"author\":{\"@id\":\"https:\/\/franciscanos.org.br\/noticias\/#\/schema\/person\/b38fbf43118f02820bd932f2e4b14ad3\"},\"breadcrumb\":{\"@id\":\"https:\/\/franciscanos.org.br\/noticias\/santuario-sao-francisco-recebe-apresentacao-de-musica-erudita.html#breadcrumb\"},\"inLanguage\":\"pt-BR\",\"potentialAction\":[{\"@type\":\"ReadAction\",\"target\":[\"https:\/\/franciscanos.org.br\/noticias\/santuario-sao-francisco-recebe-apresentacao-de-musica-erudita.html\"]}]},{\"@type\":\"BreadcrumbList\",\"@id\":\"https:\/\/franciscanos.org.br\/noticias\/santuario-sao-francisco-recebe-apresentacao-de-musica-erudita.html#breadcrumb\",\"itemListElement\":[{\"@type\":\"ListItem\",\"position\":1,\"name\":\"Home\",\"item\":\"https:\/\/franciscanos.org.br\/noticias\"},{\"@type\":\"ListItem\",\"position\":2,\"name\":\"Santu\u00e1rio S\u00e3o Francisco recebe apresenta\u00e7\u00e3o de m\u00fasica erudita\"}]},{\"@type\":\"Person\",\"@id\":\"https:\/\/franciscanos.org.br\/noticias\/#\/schema\/person\/b38fbf43118f02820bd932f2e4b14ad3\",\"name\":\"admin\",\"image\":{\"@type\":\"ImageObject\",\"inLanguage\":\"pt-BR\",\"@id\":\"https:\/\/franciscanos.org.br\/noticias\/#\/schema\/person\/image\/\",\"url\":\"https:\/\/secure.gravatar.com\/avatar\/e8495742d34d0ba6448ea1c628263b3e?s=96&d=mm&r=g\",\"contentUrl\":\"https:\/\/secure.gravatar.com\/avatar\/e8495742d34d0ba6448ea1c628263b3e?s=96&d=mm&r=g\",\"caption\":\"admin\"},\"url\":\"https:\/\/franciscanos.org.br\/noticias\/author\/admin\"}]}<\/script>\n<!-- \/ Yoast SEO plugin. -->","yoast_head_json":{"title":"Santu\u00e1rio S\u00e3o Francisco recebe apresenta\u00e7\u00e3o de m\u00fasica erudita - Not\u00edcias - Franciscanos","robots":{"index":"index","follow":"follow","max-snippet":"max-snippet:-1","max-image-preview":"max-image-preview:large","max-video-preview":"max-video-preview:-1"},"canonical":"https:\/\/franciscanos.org.br\/noticias\/santuario-sao-francisco-recebe-apresentacao-de-musica-erudita.html","og_locale":"pt_BR","og_type":"article","og_title":"Santu\u00e1rio S\u00e3o Francisco recebe apresenta\u00e7\u00e3o de m\u00fasica erudita - Not\u00edcias - Franciscanos","og_description":"Programa\u00e7\u00e3o","og_url":"https:\/\/franciscanos.org.br\/noticias\/santuario-sao-francisco-recebe-apresentacao-de-musica-erudita.html","og_site_name":"Not\u00edcias - Franciscanos","article_published_time":"2017-06-19T16:00:00+00:00","article_modified_time":"2020-03-05T14:02:04+00:00","og_image":[{"width":273,"height":181,"url":"https:\/\/franciscanos.org.br\/noticias\/wp-content\/uploads\/2017\/06\/santuario_190617g.jpg","type":"image\/jpeg"}],"author":"admin","twitter_card":"summary_large_image","twitter_misc":{"Escrito por":"admin","Est. tempo de leitura":"3 minutos"},"schema":{"@context":"https:\/\/schema.org","@graph":[{"@type":"WebSite","@id":"https:\/\/franciscanos.org.br\/noticias\/#website","url":"https:\/\/franciscanos.org.br\/noticias\/","name":"Not\u00edcias - Franciscanos","description":"Prov\u00edncia Franciscana da Imaculada Concei\u00e7\u00e3o do Brasil - Ordem dos Frades Menores - OFM","potentialAction":[{"@type":"SearchAction","target":{"@type":"EntryPoint","urlTemplate":"https:\/\/franciscanos.org.br\/noticias\/?s={search_term_string}"},"query-input":"required name=search_term_string"}],"inLanguage":"pt-BR"},{"@type":"ImageObject","inLanguage":"pt-BR","@id":"https:\/\/franciscanos.org.br\/noticias\/santuario-sao-francisco-recebe-apresentacao-de-musica-erudita.html#primaryimage","url":"https:\/\/franciscanos.org.br\/noticias\/wp-content\/uploads\/2017\/06\/santuario_190617g.jpg","contentUrl":"https:\/\/franciscanos.org.br\/noticias\/wp-content\/uploads\/2017\/06\/santuario_190617g.jpg","width":273,"height":181},{"@type":"WebPage","@id":"https:\/\/franciscanos.org.br\/noticias\/santuario-sao-francisco-recebe-apresentacao-de-musica-erudita.html#webpage","url":"https:\/\/franciscanos.org.br\/noticias\/santuario-sao-francisco-recebe-apresentacao-de-musica-erudita.html","name":"Santu\u00e1rio S\u00e3o Francisco recebe apresenta\u00e7\u00e3o de m\u00fasica erudita - Not\u00edcias - Franciscanos","isPartOf":{"@id":"https:\/\/franciscanos.org.br\/noticias\/#website"},"primaryImageOfPage":{"@id":"https:\/\/franciscanos.org.br\/noticias\/santuario-sao-francisco-recebe-apresentacao-de-musica-erudita.html#primaryimage"},"datePublished":"2017-06-19T16:00:00+00:00","dateModified":"2020-03-05T14:02:04+00:00","author":{"@id":"https:\/\/franciscanos.org.br\/noticias\/#\/schema\/person\/b38fbf43118f02820bd932f2e4b14ad3"},"breadcrumb":{"@id":"https:\/\/franciscanos.org.br\/noticias\/santuario-sao-francisco-recebe-apresentacao-de-musica-erudita.html#breadcrumb"},"inLanguage":"pt-BR","potentialAction":[{"@type":"ReadAction","target":["https:\/\/franciscanos.org.br\/noticias\/santuario-sao-francisco-recebe-apresentacao-de-musica-erudita.html"]}]},{"@type":"BreadcrumbList","@id":"https:\/\/franciscanos.org.br\/noticias\/santuario-sao-francisco-recebe-apresentacao-de-musica-erudita.html#breadcrumb","itemListElement":[{"@type":"ListItem","position":1,"name":"Home","item":"https:\/\/franciscanos.org.br\/noticias"},{"@type":"ListItem","position":2,"name":"Santu\u00e1rio S\u00e3o Francisco recebe apresenta\u00e7\u00e3o de m\u00fasica erudita"}]},{"@type":"Person","@id":"https:\/\/franciscanos.org.br\/noticias\/#\/schema\/person\/b38fbf43118f02820bd932f2e4b14ad3","name":"admin","image":{"@type":"ImageObject","inLanguage":"pt-BR","@id":"https:\/\/franciscanos.org.br\/noticias\/#\/schema\/person\/image\/","url":"https:\/\/secure.gravatar.com\/avatar\/e8495742d34d0ba6448ea1c628263b3e?s=96&d=mm&r=g","contentUrl":"https:\/\/secure.gravatar.com\/avatar\/e8495742d34d0ba6448ea1c628263b3e?s=96&d=mm&r=g","caption":"admin"},"url":"https:\/\/franciscanos.org.br\/noticias\/author\/admin"}]}},"_links":{"self":[{"href":"https:\/\/franciscanos.org.br\/noticias\/wp-json\/wp\/v2\/posts\/136501"}],"collection":[{"href":"https:\/\/franciscanos.org.br\/noticias\/wp-json\/wp\/v2\/posts"}],"about":[{"href":"https:\/\/franciscanos.org.br\/noticias\/wp-json\/wp\/v2\/types\/post"}],"author":[{"embeddable":true,"href":"https:\/\/franciscanos.org.br\/noticias\/wp-json\/wp\/v2\/users\/1"}],"replies":[{"embeddable":true,"href":"https:\/\/franciscanos.org.br\/noticias\/wp-json\/wp\/v2\/comments?post=136501"}],"version-history":[{"count":0,"href":"https:\/\/franciscanos.org.br\/noticias\/wp-json\/wp\/v2\/posts\/136501\/revisions"}],"wp:featuredmedia":[{"embeddable":true,"href":"https:\/\/franciscanos.org.br\/noticias\/wp-json\/wp\/v2\/media\/200289"}],"wp:attachment":[{"href":"https:\/\/franciscanos.org.br\/noticias\/wp-json\/wp\/v2\/media?parent=136501"}],"wp:term":[{"taxonomy":"category","embeddable":true,"href":"https:\/\/franciscanos.org.br\/noticias\/wp-json\/wp\/v2\/categories?post=136501"},{"taxonomy":"post_tag","embeddable":true,"href":"https:\/\/franciscanos.org.br\/noticias\/wp-json\/wp\/v2\/tags?post=136501"}],"curies":[{"name":"wp","href":"https:\/\/api.w.org\/{rel}","templated":true}]}}