{"id":136485,"date":"2017-06-18T21:06:41","date_gmt":"2017-06-19T00:06:41","guid":{"rendered":"http:\/\/franciscanos.org.br\/?p=136485"},"modified":"2020-06-08T19:12:40","modified_gmt":"2020-06-08T22:12:40","slug":"papa-a-eucaristia-e-sacramento-da-carne-de-cristo","status":"publish","type":"post","link":"https:\/\/franciscanos.org.br\/noticias\/papa-a-eucaristia-e-sacramento-da-carne-de-cristo.html","title":{"rendered":"Papa: A Eucaristia \u00e9 sacramento da carne de Cristo"},"content":{"rendered":"<p><img loading=\"lazy\" src=\"http:\/\/franciscanos.org.br\/wp-content\/uploads\/2017\/06\/eucaristia_180617.jpg\" alt=\"eucaristia_180617\" width=\"830\" height=\"423\" \/><\/p>\n<p><strong>Cidade do Vaticano<\/strong> &#8211; Na Eucaristia, Jesus, como fez com os disc\u00edpulos de Ema\u00fas, se junta a n\u00f3s, peregrinos na hist\u00f3ria, para alimentar em n\u00f3s a f\u00e9, a esperan\u00e7a e a caridade; para nos confortar nas provas; para nos apoiar em nosso compromisso pela justi\u00e7a e a paz. O Papa Francisco explicou com essas palavras, antes de rezar a ora\u00e7\u00e3o do <em>Angelus<\/em> na Pra\u00e7a S\u00e3o Pedro, a Festa do &#8220;Corpus Domini&#8221; (<em>Corpus Christi<\/em>), que \u201cna It\u00e1lia e em muitos outros pa\u00edses se celebra neste domingo\u201d. \u00c0s 19h, hora local, o Papa celebrou a Missa no adro da Bas\u00edlica de S\u00e3o Jo\u00e3o de Latr\u00e3o. Em seguida houve a Prociss\u00e3o Eucar\u00edstica que, percorrendo a Via Merulana, chegou \u00e0 Bas\u00edlica de Santa Maria Maior. A transfer\u00eancia para o domingo do feriado de quinta-feira, 15 de junho, \u00e9 para favorecer a participa\u00e7\u00e3o das pessoas e n\u00e3o criar mais problemas para cidade em um dia normal de trabalho.<\/p>\n<p>\u201cEsta presen\u00e7a solid\u00e1ria do Filho de Deus \u2013 disse o Papa \u2013 est\u00e1 em todos os lugares: nas cidades, no campo, no Norte e no Sul do mundo, nos pa\u00edses de tradi\u00e7\u00e3o crist\u00e3 e naqueles de primeira evangeliza\u00e7\u00e3o: \u201cE na Eucaristia Ele oferece si mesmo como for\u00e7a espiritual para nos ajudar a colocar em pr\u00e1tica o seu mandamento &#8211; amar uns aos outros como Ele nos amou &#8211; construindo comunidades acolhedoras e abertas \u00e0s necessidades de todos, especialmente das pessoas mais vulner\u00e1veis, pobres e necessitadas\u201d.<\/p>\n<p>E recordando que o trecho evang\u00e9lico de hoje, tirado de S\u00e3o Jo\u00e3o, \u00e9 uma parte do discurso sobre o \u201cp\u00e3o da vida\u201d no qual Jesus afirma que ele \u00e9 \u201co p\u00e3o vivo que desceu do c\u00e9u\u201d, Francisco acrescenta: \u201cEle quer dizer que o Pai o enviou ao mundo como o alimento de vida eterna, e por isso Ele vai sacrificar a si mesmo, a sua carne. Na verdade, Jesus, na cruz, deu o seu corpo e derramou o seu sangue. O Filho do homem crucificado \u00e9 o verdadeiro Cordeiro pascal, que nos faz sair da escravid\u00e3o do pecado e nos apoia no caminho para a terra prometida.<\/p>\n<p><img loading=\"lazy\" src=\"http:\/\/franciscanos.org.br\/wp-content\/uploads\/2017\/06\/eucaristia_180617_3.jpg\" alt=\"eucaristia_180617_3\" width=\"820\" height=\"469\" \/><\/p>\n<p>A Eucaristia \u2013 sublinhou o Papa &#8211; \u00e9 sacramento da sua carne, dada para fazer viver o mundo; quem se nutre deste alimento permanece em Jesus e vive por Ele. Assimilar Jesus significa ser n&#8217;Ele, tornar-se filhos no Filho.<\/p>\n<p>&#8220;Nutrir-se de Jesus Eucaristia &#8211; continuou Francisco &#8211; tamb\u00e9m significa abandonar-nos com confian\u00e7a a Ele e deixar-nos guiar por Ele. Trata-se de acolher Jesus no lugar do pr\u00f3prio \u201ceu\u201d. Desta forma, o amor gratuito recebido de Cristo na Comunh\u00e3o eucar\u00edstica alimenta o nosso amor por Deus e pelos nossos irm\u00e3os e irm\u00e3s que encontramos no caminho de cada dia&#8221;.<\/p>\n<p>Enfim o Papa pediu \u00e0 Virgem Maria, que est\u00e1 sempre unida a Jesus P\u00e3o da Vida, que \u201cnos ajude a redescobrir a beleza da Eucaristia, nos nutrir com f\u00e9, para viver em comunh\u00e3o com Deus e com os irm\u00e3os\u201d.<\/p>\n<p><img loading=\"lazy\" src=\"http:\/\/franciscanos.org.br\/wp-content\/uploads\/2017\/06\/eucaristia_180617_4.jpg\" alt=\"eucaristia_180617_4\" width=\"830\" height=\"430\" \/><\/p>\n<p><strong>SOLIDARIEDADE<\/strong><\/p>\n<p>O Papa Francisco exprimiu a sua proximidade ao povo portugu\u00eas por causa de um devastador inc\u00eandio, pedindo um momento de ora\u00e7\u00e3o. \u201cExprimo a minha proximidade ao querido povo portugu\u00eas pelo inc\u00eandio devastador que est\u00e1 atingindo os bosques ao redor de Pedr\u00f3g\u00e3o Grande, causando numerosas v\u00edtimas e feridos. Rezemos em sil\u00eancio\u201d.<br \/>\nSegundo as ag\u00eancias locais o n\u00famero de mortos no inc\u00eandio que teve in\u00edcio neste s\u00e1bado em Pedr\u00f3g\u00e3o Grande, no distrito de Leiria, \u00e9 de 62. O balan\u00e7o \u00e9 ainda provis\u00f3rio.<\/p>\n<p>Citado pela ag\u00eancia Ecclesia o padre Carlos Cabecinhas, Reitor do Santu\u00e1rio de F\u00e1tima afirmou que \u201cao drama j\u00e1 habitual dos inc\u00eandios junta-se agora a trag\u00e9dia da perda de vidas humanas e de perdas t\u00e3o elevadas\u201d. Padre Cabecinhas pediu que ningu\u00e9m \u201cfique indiferente\u201d diante destes acontecimentos.<br \/>\nO reitor informa que em todas as celebra\u00e7\u00f5es oficiais do Santu\u00e1rio se vai rezar \u201cpelas v\u00edtimas mortais e seus familiares, bem como pelos feridos\u201d. Al\u00e9m de elevados danos materiais, h\u00e1 ainda o registro de 59 feridos, v\u00e1rios dos quais em estado grave.<\/p>\n<p><img loading=\"lazy\" src=\"http:\/\/franciscanos.org.br\/wp-content\/uploads\/2017\/06\/eucaristia_180617_5.jpg\" alt=\"eucaristia_180617_5\" width=\"830\" height=\"454\" \/><\/p>\n<p><strong>DIA MUNDIAL DOS REFUGIADOS<\/strong><\/p>\n<p>O Papa Francisco, afirmou neste domingo, que conhecer pessoalmente os refugiados \u201cdissipa medos e ideologias distorcidas\u201d. Falando ap\u00f3s o Angelus na Pra\u00e7a S\u00e3o Pedro recordou a celebra\u00e7\u00e3o do Dia Mundial dos Refugiados na pr\u00f3xima ter\u00e7a-feira, que tem como tema este ano \u201cCom os refugiados. Hoje mais do que nunca, devemos estar do lado dos refugiados\u201d.<\/p>\n<p>&#8220;A aten\u00e7\u00e3o concreta vai para mulheres, homens, crian\u00e7as que fogem de conflitos, viol\u00eancias e persegui\u00e7\u00f5es. Vamos recordar tamb\u00e9m na ora\u00e7\u00e3o todos aqueles que perderam suas vidas no mar ou em viagens cansativas por terra&#8221;.<\/p>\n<p>Segundo o Papa suas hist\u00f3rias de dor e esperan\u00e7a podem se tornar oportunidades de encontro fraterno e de verdadeiro conhecimento rec\u00edproco.<br \/>\n&#8220;De fato, o encontro pessoal com os refugiados dissipa medos e ideologias distorcidas e se torna fator de crescimento na humanidade, capaz de criar espa\u00e7o para sentimentos de abertura e de constru\u00e7\u00e3o de pontes&#8221;.<\/p>\n<p>Os imigrantes e refugiados s\u00e3o um tema essencial no minist\u00e9rio de Francisco, que em muitas ocasi\u00f5es chamou a aten\u00e7\u00e3o para a acolhida desses irm\u00e3os.<\/p>\n<p>Sua primeira viagem dentro das fronteiras italianas foi \u00e0 Ilha de Lampedusa, s\u00edmbolo do fluxo migrat\u00f3rio no Mar Mediterr\u00e2neo central e cen\u00e1rio de muitos naufr\u00e1gios nos \u00faltimos anos.<\/p>\n<p>Em abril de 2016 visitou os campos de refugiados da ilha grega de Lesbos, onde disse que viu situa\u00e7\u00f5es de \u201cfazer chorar\u201d e retornou ao Vaticano com 12 s\u00edrios e de cuja integra\u00e7\u00e3o se ocupa a Comunidade romana de Santo Eg\u00eddio.<\/p>\n<hr \/>\n<p><em>Fonte: R\u00e1dio Vaticano<\/em><\/p>\n","protected":false},"excerpt":{"rendered":"<p>Corpus Christi <\/p>\n","protected":false},"author":1,"featured_media":200287,"comment_status":"open","ping_status":"open","sticky":false,"template":"","format":"standard","meta":[],"categories":[1428],"tags":[388],"acf":[],"yoast_head":"<!-- This site is optimized with the Yoast SEO plugin v19.2 - https:\/\/yoast.com\/wordpress\/plugins\/seo\/ -->\n<title>Papa: A Eucaristia \u00e9 sacramento da carne de Cristo - Not\u00edcias - Franciscanos<\/title>\n<meta name=\"robots\" content=\"index, follow, max-snippet:-1, max-image-preview:large, max-video-preview:-1\" \/>\n<link rel=\"canonical\" href=\"https:\/\/franciscanos.org.br\/noticias\/papa-a-eucaristia-e-sacramento-da-carne-de-cristo.html\" \/>\n<meta property=\"og:locale\" content=\"pt_BR\" \/>\n<meta property=\"og:type\" content=\"article\" \/>\n<meta property=\"og:title\" content=\"Papa: A Eucaristia \u00e9 sacramento da carne de Cristo - Not\u00edcias - Franciscanos\" \/>\n<meta property=\"og:description\" content=\"Corpus Christi\" \/>\n<meta property=\"og:url\" content=\"https:\/\/franciscanos.org.br\/noticias\/papa-a-eucaristia-e-sacramento-da-carne-de-cristo.html\" \/>\n<meta property=\"og:site_name\" content=\"Not\u00edcias - Franciscanos\" \/>\n<meta property=\"article:published_time\" content=\"2017-06-19T00:06:41+00:00\" \/>\n<meta property=\"article:modified_time\" content=\"2020-06-08T22:12:40+00:00\" \/>\n<meta property=\"og:image\" content=\"https:\/\/franciscanos.org.br\/noticias\/wp-content\/uploads\/2017\/06\/eucaristia_180617.jpg\" \/>\n\t<meta property=\"og:image:width\" content=\"273\" \/>\n\t<meta property=\"og:image:height\" content=\"181\" \/>\n\t<meta property=\"og:image:type\" content=\"image\/jpeg\" \/>\n<meta name=\"author\" content=\"admin\" \/>\n<meta name=\"twitter:card\" content=\"summary_large_image\" \/>\n<meta name=\"twitter:label1\" content=\"Escrito por\" \/>\n\t<meta name=\"twitter:data1\" content=\"admin\" \/>\n\t<meta name=\"twitter:label2\" content=\"Est. tempo de leitura\" \/>\n\t<meta name=\"twitter:data2\" content=\"5 minutos\" \/>\n<script type=\"application\/ld+json\" class=\"yoast-schema-graph\">{\"@context\":\"https:\/\/schema.org\",\"@graph\":[{\"@type\":\"WebSite\",\"@id\":\"https:\/\/franciscanos.org.br\/noticias\/#website\",\"url\":\"https:\/\/franciscanos.org.br\/noticias\/\",\"name\":\"Not\u00edcias - Franciscanos\",\"description\":\"Prov\u00edncia Franciscana da Imaculada Concei\u00e7\u00e3o do Brasil - Ordem dos Frades Menores - OFM\",\"potentialAction\":[{\"@type\":\"SearchAction\",\"target\":{\"@type\":\"EntryPoint\",\"urlTemplate\":\"https:\/\/franciscanos.org.br\/noticias\/?s={search_term_string}\"},\"query-input\":\"required name=search_term_string\"}],\"inLanguage\":\"pt-BR\"},{\"@type\":\"ImageObject\",\"inLanguage\":\"pt-BR\",\"@id\":\"https:\/\/franciscanos.org.br\/noticias\/papa-a-eucaristia-e-sacramento-da-carne-de-cristo.html#primaryimage\",\"url\":\"https:\/\/franciscanos.org.br\/noticias\/wp-content\/uploads\/2017\/06\/eucaristia_180617.jpg\",\"contentUrl\":\"https:\/\/franciscanos.org.br\/noticias\/wp-content\/uploads\/2017\/06\/eucaristia_180617.jpg\",\"width\":273,\"height\":181},{\"@type\":\"WebPage\",\"@id\":\"https:\/\/franciscanos.org.br\/noticias\/papa-a-eucaristia-e-sacramento-da-carne-de-cristo.html#webpage\",\"url\":\"https:\/\/franciscanos.org.br\/noticias\/papa-a-eucaristia-e-sacramento-da-carne-de-cristo.html\",\"name\":\"Papa: A Eucaristia \u00e9 sacramento da carne de Cristo - Not\u00edcias - Franciscanos\",\"isPartOf\":{\"@id\":\"https:\/\/franciscanos.org.br\/noticias\/#website\"},\"primaryImageOfPage\":{\"@id\":\"https:\/\/franciscanos.org.br\/noticias\/papa-a-eucaristia-e-sacramento-da-carne-de-cristo.html#primaryimage\"},\"datePublished\":\"2017-06-19T00:06:41+00:00\",\"dateModified\":\"2020-06-08T22:12:40+00:00\",\"author\":{\"@id\":\"https:\/\/franciscanos.org.br\/noticias\/#\/schema\/person\/b38fbf43118f02820bd932f2e4b14ad3\"},\"breadcrumb\":{\"@id\":\"https:\/\/franciscanos.org.br\/noticias\/papa-a-eucaristia-e-sacramento-da-carne-de-cristo.html#breadcrumb\"},\"inLanguage\":\"pt-BR\",\"potentialAction\":[{\"@type\":\"ReadAction\",\"target\":[\"https:\/\/franciscanos.org.br\/noticias\/papa-a-eucaristia-e-sacramento-da-carne-de-cristo.html\"]}]},{\"@type\":\"BreadcrumbList\",\"@id\":\"https:\/\/franciscanos.org.br\/noticias\/papa-a-eucaristia-e-sacramento-da-carne-de-cristo.html#breadcrumb\",\"itemListElement\":[{\"@type\":\"ListItem\",\"position\":1,\"name\":\"Home\",\"item\":\"https:\/\/franciscanos.org.br\/noticias\"},{\"@type\":\"ListItem\",\"position\":2,\"name\":\"Papa: A Eucaristia \u00e9 sacramento da carne de Cristo\"}]},{\"@type\":\"Person\",\"@id\":\"https:\/\/franciscanos.org.br\/noticias\/#\/schema\/person\/b38fbf43118f02820bd932f2e4b14ad3\",\"name\":\"admin\",\"image\":{\"@type\":\"ImageObject\",\"inLanguage\":\"pt-BR\",\"@id\":\"https:\/\/franciscanos.org.br\/noticias\/#\/schema\/person\/image\/\",\"url\":\"https:\/\/secure.gravatar.com\/avatar\/e8495742d34d0ba6448ea1c628263b3e?s=96&d=mm&r=g\",\"contentUrl\":\"https:\/\/secure.gravatar.com\/avatar\/e8495742d34d0ba6448ea1c628263b3e?s=96&d=mm&r=g\",\"caption\":\"admin\"},\"url\":\"https:\/\/franciscanos.org.br\/noticias\/author\/admin\"}]}<\/script>\n<!-- \/ Yoast SEO plugin. -->","yoast_head_json":{"title":"Papa: A Eucaristia \u00e9 sacramento da carne de Cristo - Not\u00edcias - Franciscanos","robots":{"index":"index","follow":"follow","max-snippet":"max-snippet:-1","max-image-preview":"max-image-preview:large","max-video-preview":"max-video-preview:-1"},"canonical":"https:\/\/franciscanos.org.br\/noticias\/papa-a-eucaristia-e-sacramento-da-carne-de-cristo.html","og_locale":"pt_BR","og_type":"article","og_title":"Papa: A Eucaristia \u00e9 sacramento da carne de Cristo - Not\u00edcias - Franciscanos","og_description":"Corpus Christi","og_url":"https:\/\/franciscanos.org.br\/noticias\/papa-a-eucaristia-e-sacramento-da-carne-de-cristo.html","og_site_name":"Not\u00edcias - Franciscanos","article_published_time":"2017-06-19T00:06:41+00:00","article_modified_time":"2020-06-08T22:12:40+00:00","og_image":[{"width":273,"height":181,"url":"https:\/\/franciscanos.org.br\/noticias\/wp-content\/uploads\/2017\/06\/eucaristia_180617.jpg","type":"image\/jpeg"}],"author":"admin","twitter_card":"summary_large_image","twitter_misc":{"Escrito por":"admin","Est. tempo de leitura":"5 minutos"},"schema":{"@context":"https:\/\/schema.org","@graph":[{"@type":"WebSite","@id":"https:\/\/franciscanos.org.br\/noticias\/#website","url":"https:\/\/franciscanos.org.br\/noticias\/","name":"Not\u00edcias - Franciscanos","description":"Prov\u00edncia Franciscana da Imaculada Concei\u00e7\u00e3o do Brasil - Ordem dos Frades Menores - OFM","potentialAction":[{"@type":"SearchAction","target":{"@type":"EntryPoint","urlTemplate":"https:\/\/franciscanos.org.br\/noticias\/?s={search_term_string}"},"query-input":"required name=search_term_string"}],"inLanguage":"pt-BR"},{"@type":"ImageObject","inLanguage":"pt-BR","@id":"https:\/\/franciscanos.org.br\/noticias\/papa-a-eucaristia-e-sacramento-da-carne-de-cristo.html#primaryimage","url":"https:\/\/franciscanos.org.br\/noticias\/wp-content\/uploads\/2017\/06\/eucaristia_180617.jpg","contentUrl":"https:\/\/franciscanos.org.br\/noticias\/wp-content\/uploads\/2017\/06\/eucaristia_180617.jpg","width":273,"height":181},{"@type":"WebPage","@id":"https:\/\/franciscanos.org.br\/noticias\/papa-a-eucaristia-e-sacramento-da-carne-de-cristo.html#webpage","url":"https:\/\/franciscanos.org.br\/noticias\/papa-a-eucaristia-e-sacramento-da-carne-de-cristo.html","name":"Papa: A Eucaristia \u00e9 sacramento da carne de Cristo - Not\u00edcias - Franciscanos","isPartOf":{"@id":"https:\/\/franciscanos.org.br\/noticias\/#website"},"primaryImageOfPage":{"@id":"https:\/\/franciscanos.org.br\/noticias\/papa-a-eucaristia-e-sacramento-da-carne-de-cristo.html#primaryimage"},"datePublished":"2017-06-19T00:06:41+00:00","dateModified":"2020-06-08T22:12:40+00:00","author":{"@id":"https:\/\/franciscanos.org.br\/noticias\/#\/schema\/person\/b38fbf43118f02820bd932f2e4b14ad3"},"breadcrumb":{"@id":"https:\/\/franciscanos.org.br\/noticias\/papa-a-eucaristia-e-sacramento-da-carne-de-cristo.html#breadcrumb"},"inLanguage":"pt-BR","potentialAction":[{"@type":"ReadAction","target":["https:\/\/franciscanos.org.br\/noticias\/papa-a-eucaristia-e-sacramento-da-carne-de-cristo.html"]}]},{"@type":"BreadcrumbList","@id":"https:\/\/franciscanos.org.br\/noticias\/papa-a-eucaristia-e-sacramento-da-carne-de-cristo.html#breadcrumb","itemListElement":[{"@type":"ListItem","position":1,"name":"Home","item":"https:\/\/franciscanos.org.br\/noticias"},{"@type":"ListItem","position":2,"name":"Papa: A Eucaristia \u00e9 sacramento da carne de Cristo"}]},{"@type":"Person","@id":"https:\/\/franciscanos.org.br\/noticias\/#\/schema\/person\/b38fbf43118f02820bd932f2e4b14ad3","name":"admin","image":{"@type":"ImageObject","inLanguage":"pt-BR","@id":"https:\/\/franciscanos.org.br\/noticias\/#\/schema\/person\/image\/","url":"https:\/\/secure.gravatar.com\/avatar\/e8495742d34d0ba6448ea1c628263b3e?s=96&d=mm&r=g","contentUrl":"https:\/\/secure.gravatar.com\/avatar\/e8495742d34d0ba6448ea1c628263b3e?s=96&d=mm&r=g","caption":"admin"},"url":"https:\/\/franciscanos.org.br\/noticias\/author\/admin"}]}},"_links":{"self":[{"href":"https:\/\/franciscanos.org.br\/noticias\/wp-json\/wp\/v2\/posts\/136485"}],"collection":[{"href":"https:\/\/franciscanos.org.br\/noticias\/wp-json\/wp\/v2\/posts"}],"about":[{"href":"https:\/\/franciscanos.org.br\/noticias\/wp-json\/wp\/v2\/types\/post"}],"author":[{"embeddable":true,"href":"https:\/\/franciscanos.org.br\/noticias\/wp-json\/wp\/v2\/users\/1"}],"replies":[{"embeddable":true,"href":"https:\/\/franciscanos.org.br\/noticias\/wp-json\/wp\/v2\/comments?post=136485"}],"version-history":[{"count":1,"href":"https:\/\/franciscanos.org.br\/noticias\/wp-json\/wp\/v2\/posts\/136485\/revisions"}],"predecessor-version":[{"id":225313,"href":"https:\/\/franciscanos.org.br\/noticias\/wp-json\/wp\/v2\/posts\/136485\/revisions\/225313"}],"wp:featuredmedia":[{"embeddable":true,"href":"https:\/\/franciscanos.org.br\/noticias\/wp-json\/wp\/v2\/media\/200287"}],"wp:attachment":[{"href":"https:\/\/franciscanos.org.br\/noticias\/wp-json\/wp\/v2\/media?parent=136485"}],"wp:term":[{"taxonomy":"category","embeddable":true,"href":"https:\/\/franciscanos.org.br\/noticias\/wp-json\/wp\/v2\/categories?post=136485"},{"taxonomy":"post_tag","embeddable":true,"href":"https:\/\/franciscanos.org.br\/noticias\/wp-json\/wp\/v2\/tags?post=136485"}],"curies":[{"name":"wp","href":"https:\/\/api.w.org\/{rel}","templated":true}]}}