{"id":136481,"date":"2017-06-16T08:28:34","date_gmt":"2017-06-16T11:28:34","guid":{"rendered":"http:\/\/franciscanos.org.br\/?p=136481"},"modified":"2019-02-12T09:40:30","modified_gmt":"2019-02-12T11:40:30","slug":"agudos-tem-corpus-christi-participativo","status":"publish","type":"post","link":"https:\/\/franciscanos.org.br\/noticias\/agudos-tem-corpus-christi-participativo.html","title":{"rendered":"Agudos tem Corpus Christi participativo"},"content":{"rendered":"<p><img loading=\"lazy\" src=\"http:\/\/franciscanos.org.br\/wp-content\/uploads\/2017\/06\/agudos_160617_1.jpg\" alt=\"agudos_160617_1\" width=\"830\" height=\"539\" \/><\/p>\n<p>As Par\u00f3quias S\u00e3o Paulo Ap\u00f3stolo e Santo Ant\u00f4nio, de Agudos, celebraram na tarde desta quinta-feira (15) a solenidade de Corpus Christi. A Missa foi presidida pelo p\u00e1roco Frei Silvio Trindade Werlingue, da S\u00e3o Paulo Ap\u00f3stolo, e concelebrada por Frei Carlos Pierezan, Vig\u00e1rio, e Frei Jos\u00e9 Martins Coelho, p\u00e1roco da Santo Ant\u00f4nio. Tamb\u00e9m com a presen\u00e7a do Di\u00e1cono Marcos Alberto Arantes.<\/p>\n<p>A celebra\u00e7\u00e3o come\u00e7ou em frente \u00e0 Par\u00f3quia S\u00e3o Paulo Ap\u00f3stolo, reunindo milhares de fi\u00e9is, que puderam caminhar junto a Jesus Eucar\u00edstico pelas ruas de Agudos.<\/p>\n<p>Durante a sua homilia, Frei Carlos comentou sobre a Eucaristia como alimento para a f\u00e9. \u201cN\u00f3s temos duas mesas: uma \u00e9 a do p\u00e3o que compramos na padaria e serve para o nosso sustento. A outra \u00e9 Jesus, o p\u00e3o que mata a fome de vida, de amor e solidariedade\u201d, disse.<\/p>\n<p>Pierezan continuou dizendo que \u00e9 preciso que a Eucaristia esteja presente em todos os lugares, por meio das atitudes humanas no cotidiano, ou seja, pelo exemplo de vida que cada um pode passar ao pr\u00f3ximo. \u201cJesus precisa sair do sacr\u00e1rio e ir at\u00e9 o povo. N\u00f3s precisamos levar Jesus, pois Ele \u00e9 o nosso maior tesouro. Ele quer ver as fam\u00edlias, que estar em pra\u00e7a p\u00fablica\u201d.<\/p>\n<p>Na Missa, durante o ofert\u00f3rio, foram levados at\u00e9 o altar, como gesto simb\u00f3lico, as fraldas geri\u00e1tricas e os litros de leite arrecadados para pessoas que passam por necessidades.<\/p>\n<p>Ao final da celebra\u00e7\u00e3o e antes de sair em prociss\u00e3o, Frei Silvio motivou os presentes para fazer uma ora\u00e7\u00e3o pela paz no Brasil e no mundo. O pedido foi para que todos sejam misericordiosos com o momento dif\u00edcil pelo qual o pa\u00eds est\u00e1 passando.<\/p>\n<p><strong>De pai para filho<\/strong><\/p>\n<p><img loading=\"lazy\" class=\"alignleft size-full wp-image-136483\" src=\"http:\/\/franciscanos.org.br\/wp-content\/uploads\/2017\/06\/agudos_160617_2.jpg\" alt=\"agudos_160617_2\" width=\"400\" height=\"267\" \/>Com temas sobre a Campanha da Fraternidade 2017, 300 anos da apari\u00e7\u00e3o de Nossa Senhora Aparecida, desenhos de Jesus Cristo e a Eucaristia sendo contemplada em todos os momentos, membros de pastorais e das comunidades das duas par\u00f3quias acordaram cedo para montar os tapetes da passagem de Jesus. O momento foi muito participativo, inclusive pelas crian\u00e7as da catequese que, junto com os pais, estavam em peso para ajudar no que fosse preciso.<\/p>\n<p>Ana Clara Silva tem oito anos e faz catequese na Par\u00f3quia Santo Ant\u00f4nio. \u00c9 o primeiro ano que ela veio ajudar, com certeza de que a experi\u00eancia valer\u00e1 a pena. \u201c\u00c9 uma coisa muito boa estar aqui, pois ajudar faz bem\u201d, comenta.<\/p>\n<p>Maira Cristina Rondina Couto \u00e9 m\u00e3e de Ot\u00e1vio e Heitor, que estavam ansiosos para a montagem dos tapetes. \u201cEstou aqui relembrando quando eu ajudava e acho muito interessante que as crian\u00e7as venham ajudar para ver como \u00e9 esta integra\u00e7\u00e3o\u201d, diz.<\/p>\n<p>A participa\u00e7\u00e3o de pais e filhos surpreendeu at\u00e9 as catequistas. \u201cFizemos uma atividade pr\u00e9via com as crian\u00e7as explicando o sentido de Corpus Christi. Ap\u00f3s, convidamos os que gostariam de participar como volunt\u00e1rios e os pais pediram para estar junto e ajudar, relembrando o tempo que eles enfeitavam as ruas. O resultado foi surpreendente e eles compareceram em massa\u201d, comentou Denise Bello, catequista da Par\u00f3quia S\u00e3o Paulo Ap\u00f3stolo.<\/p>\n<p><strong>Pastoral da Comunica\u00e7\u00e3o (PasCom)<\/strong><br \/>\n<strong>Par\u00f3quia S\u00e3o Paulo Ap\u00f3stolo de Agudos<\/strong><\/p>\n","protected":false},"excerpt":{"rendered":"<p>Corpus Christi<\/p>\n","protected":false},"author":1,"featured_media":200237,"comment_status":"open","ping_status":"open","sticky":false,"template":"","format":"standard","meta":[],"categories":[1],"tags":[388],"acf":[],"yoast_head":"<!-- This site is optimized with the Yoast SEO plugin v19.2 - https:\/\/yoast.com\/wordpress\/plugins\/seo\/ -->\n<title>Agudos tem Corpus Christi participativo - Not\u00edcias - Franciscanos<\/title>\n<meta name=\"robots\" content=\"index, follow, max-snippet:-1, max-image-preview:large, max-video-preview:-1\" \/>\n<link rel=\"canonical\" href=\"https:\/\/franciscanos.org.br\/noticias\/agudos-tem-corpus-christi-participativo.html\" \/>\n<meta property=\"og:locale\" content=\"pt_BR\" \/>\n<meta property=\"og:type\" content=\"article\" \/>\n<meta property=\"og:title\" content=\"Agudos tem Corpus Christi participativo - Not\u00edcias - Franciscanos\" \/>\n<meta property=\"og:description\" content=\"Corpus Christi\" \/>\n<meta property=\"og:url\" content=\"https:\/\/franciscanos.org.br\/noticias\/agudos-tem-corpus-christi-participativo.html\" \/>\n<meta property=\"og:site_name\" content=\"Not\u00edcias - Franciscanos\" \/>\n<meta property=\"article:published_time\" content=\"2017-06-16T11:28:34+00:00\" \/>\n<meta property=\"article:modified_time\" content=\"2019-02-12T11:40:30+00:00\" \/>\n<meta property=\"og:image\" content=\"https:\/\/franciscanos.org.br\/noticias\/wp-content\/uploads\/2017\/06\/agudos_160617_1.jpg\" \/>\n\t<meta property=\"og:image:width\" content=\"273\" \/>\n\t<meta property=\"og:image:height\" content=\"181\" \/>\n\t<meta property=\"og:image:type\" content=\"image\/jpeg\" \/>\n<meta name=\"author\" content=\"admin\" \/>\n<meta name=\"twitter:card\" content=\"summary_large_image\" \/>\n<meta name=\"twitter:label1\" content=\"Escrito por\" \/>\n\t<meta name=\"twitter:data1\" content=\"admin\" \/>\n\t<meta name=\"twitter:label2\" content=\"Est. tempo de leitura\" \/>\n\t<meta name=\"twitter:data2\" content=\"3 minutos\" \/>\n<script type=\"application\/ld+json\" class=\"yoast-schema-graph\">{\"@context\":\"https:\/\/schema.org\",\"@graph\":[{\"@type\":\"WebSite\",\"@id\":\"https:\/\/franciscanos.org.br\/noticias\/#website\",\"url\":\"https:\/\/franciscanos.org.br\/noticias\/\",\"name\":\"Not\u00edcias - Franciscanos\",\"description\":\"Prov\u00edncia Franciscana da Imaculada Concei\u00e7\u00e3o do Brasil - Ordem dos Frades Menores - OFM\",\"potentialAction\":[{\"@type\":\"SearchAction\",\"target\":{\"@type\":\"EntryPoint\",\"urlTemplate\":\"https:\/\/franciscanos.org.br\/noticias\/?s={search_term_string}\"},\"query-input\":\"required name=search_term_string\"}],\"inLanguage\":\"pt-BR\"},{\"@type\":\"ImageObject\",\"inLanguage\":\"pt-BR\",\"@id\":\"https:\/\/franciscanos.org.br\/noticias\/agudos-tem-corpus-christi-participativo.html#primaryimage\",\"url\":\"https:\/\/franciscanos.org.br\/noticias\/wp-content\/uploads\/2017\/06\/agudos_160617_1.jpg\",\"contentUrl\":\"https:\/\/franciscanos.org.br\/noticias\/wp-content\/uploads\/2017\/06\/agudos_160617_1.jpg\",\"width\":273,\"height\":181},{\"@type\":\"WebPage\",\"@id\":\"https:\/\/franciscanos.org.br\/noticias\/agudos-tem-corpus-christi-participativo.html#webpage\",\"url\":\"https:\/\/franciscanos.org.br\/noticias\/agudos-tem-corpus-christi-participativo.html\",\"name\":\"Agudos tem Corpus Christi participativo - Not\u00edcias - Franciscanos\",\"isPartOf\":{\"@id\":\"https:\/\/franciscanos.org.br\/noticias\/#website\"},\"primaryImageOfPage\":{\"@id\":\"https:\/\/franciscanos.org.br\/noticias\/agudos-tem-corpus-christi-participativo.html#primaryimage\"},\"datePublished\":\"2017-06-16T11:28:34+00:00\",\"dateModified\":\"2019-02-12T11:40:30+00:00\",\"author\":{\"@id\":\"https:\/\/franciscanos.org.br\/noticias\/#\/schema\/person\/b38fbf43118f02820bd932f2e4b14ad3\"},\"breadcrumb\":{\"@id\":\"https:\/\/franciscanos.org.br\/noticias\/agudos-tem-corpus-christi-participativo.html#breadcrumb\"},\"inLanguage\":\"pt-BR\",\"potentialAction\":[{\"@type\":\"ReadAction\",\"target\":[\"https:\/\/franciscanos.org.br\/noticias\/agudos-tem-corpus-christi-participativo.html\"]}]},{\"@type\":\"BreadcrumbList\",\"@id\":\"https:\/\/franciscanos.org.br\/noticias\/agudos-tem-corpus-christi-participativo.html#breadcrumb\",\"itemListElement\":[{\"@type\":\"ListItem\",\"position\":1,\"name\":\"Home\",\"item\":\"https:\/\/franciscanos.org.br\/noticias\"},{\"@type\":\"ListItem\",\"position\":2,\"name\":\"Agudos tem Corpus Christi participativo\"}]},{\"@type\":\"Person\",\"@id\":\"https:\/\/franciscanos.org.br\/noticias\/#\/schema\/person\/b38fbf43118f02820bd932f2e4b14ad3\",\"name\":\"admin\",\"image\":{\"@type\":\"ImageObject\",\"inLanguage\":\"pt-BR\",\"@id\":\"https:\/\/franciscanos.org.br\/noticias\/#\/schema\/person\/image\/\",\"url\":\"https:\/\/secure.gravatar.com\/avatar\/e8495742d34d0ba6448ea1c628263b3e?s=96&d=mm&r=g\",\"contentUrl\":\"https:\/\/secure.gravatar.com\/avatar\/e8495742d34d0ba6448ea1c628263b3e?s=96&d=mm&r=g\",\"caption\":\"admin\"},\"url\":\"https:\/\/franciscanos.org.br\/noticias\/author\/admin\"}]}<\/script>\n<!-- \/ Yoast SEO plugin. -->","yoast_head_json":{"title":"Agudos tem Corpus Christi participativo - Not\u00edcias - Franciscanos","robots":{"index":"index","follow":"follow","max-snippet":"max-snippet:-1","max-image-preview":"max-image-preview:large","max-video-preview":"max-video-preview:-1"},"canonical":"https:\/\/franciscanos.org.br\/noticias\/agudos-tem-corpus-christi-participativo.html","og_locale":"pt_BR","og_type":"article","og_title":"Agudos tem Corpus Christi participativo - Not\u00edcias - Franciscanos","og_description":"Corpus Christi","og_url":"https:\/\/franciscanos.org.br\/noticias\/agudos-tem-corpus-christi-participativo.html","og_site_name":"Not\u00edcias - Franciscanos","article_published_time":"2017-06-16T11:28:34+00:00","article_modified_time":"2019-02-12T11:40:30+00:00","og_image":[{"width":273,"height":181,"url":"https:\/\/franciscanos.org.br\/noticias\/wp-content\/uploads\/2017\/06\/agudos_160617_1.jpg","type":"image\/jpeg"}],"author":"admin","twitter_card":"summary_large_image","twitter_misc":{"Escrito por":"admin","Est. tempo de leitura":"3 minutos"},"schema":{"@context":"https:\/\/schema.org","@graph":[{"@type":"WebSite","@id":"https:\/\/franciscanos.org.br\/noticias\/#website","url":"https:\/\/franciscanos.org.br\/noticias\/","name":"Not\u00edcias - Franciscanos","description":"Prov\u00edncia Franciscana da Imaculada Concei\u00e7\u00e3o do Brasil - Ordem dos Frades Menores - OFM","potentialAction":[{"@type":"SearchAction","target":{"@type":"EntryPoint","urlTemplate":"https:\/\/franciscanos.org.br\/noticias\/?s={search_term_string}"},"query-input":"required name=search_term_string"}],"inLanguage":"pt-BR"},{"@type":"ImageObject","inLanguage":"pt-BR","@id":"https:\/\/franciscanos.org.br\/noticias\/agudos-tem-corpus-christi-participativo.html#primaryimage","url":"https:\/\/franciscanos.org.br\/noticias\/wp-content\/uploads\/2017\/06\/agudos_160617_1.jpg","contentUrl":"https:\/\/franciscanos.org.br\/noticias\/wp-content\/uploads\/2017\/06\/agudos_160617_1.jpg","width":273,"height":181},{"@type":"WebPage","@id":"https:\/\/franciscanos.org.br\/noticias\/agudos-tem-corpus-christi-participativo.html#webpage","url":"https:\/\/franciscanos.org.br\/noticias\/agudos-tem-corpus-christi-participativo.html","name":"Agudos tem Corpus Christi participativo - Not\u00edcias - Franciscanos","isPartOf":{"@id":"https:\/\/franciscanos.org.br\/noticias\/#website"},"primaryImageOfPage":{"@id":"https:\/\/franciscanos.org.br\/noticias\/agudos-tem-corpus-christi-participativo.html#primaryimage"},"datePublished":"2017-06-16T11:28:34+00:00","dateModified":"2019-02-12T11:40:30+00:00","author":{"@id":"https:\/\/franciscanos.org.br\/noticias\/#\/schema\/person\/b38fbf43118f02820bd932f2e4b14ad3"},"breadcrumb":{"@id":"https:\/\/franciscanos.org.br\/noticias\/agudos-tem-corpus-christi-participativo.html#breadcrumb"},"inLanguage":"pt-BR","potentialAction":[{"@type":"ReadAction","target":["https:\/\/franciscanos.org.br\/noticias\/agudos-tem-corpus-christi-participativo.html"]}]},{"@type":"BreadcrumbList","@id":"https:\/\/franciscanos.org.br\/noticias\/agudos-tem-corpus-christi-participativo.html#breadcrumb","itemListElement":[{"@type":"ListItem","position":1,"name":"Home","item":"https:\/\/franciscanos.org.br\/noticias"},{"@type":"ListItem","position":2,"name":"Agudos tem Corpus Christi participativo"}]},{"@type":"Person","@id":"https:\/\/franciscanos.org.br\/noticias\/#\/schema\/person\/b38fbf43118f02820bd932f2e4b14ad3","name":"admin","image":{"@type":"ImageObject","inLanguage":"pt-BR","@id":"https:\/\/franciscanos.org.br\/noticias\/#\/schema\/person\/image\/","url":"https:\/\/secure.gravatar.com\/avatar\/e8495742d34d0ba6448ea1c628263b3e?s=96&d=mm&r=g","contentUrl":"https:\/\/secure.gravatar.com\/avatar\/e8495742d34d0ba6448ea1c628263b3e?s=96&d=mm&r=g","caption":"admin"},"url":"https:\/\/franciscanos.org.br\/noticias\/author\/admin"}]}},"_links":{"self":[{"href":"https:\/\/franciscanos.org.br\/noticias\/wp-json\/wp\/v2\/posts\/136481"}],"collection":[{"href":"https:\/\/franciscanos.org.br\/noticias\/wp-json\/wp\/v2\/posts"}],"about":[{"href":"https:\/\/franciscanos.org.br\/noticias\/wp-json\/wp\/v2\/types\/post"}],"author":[{"embeddable":true,"href":"https:\/\/franciscanos.org.br\/noticias\/wp-json\/wp\/v2\/users\/1"}],"replies":[{"embeddable":true,"href":"https:\/\/franciscanos.org.br\/noticias\/wp-json\/wp\/v2\/comments?post=136481"}],"version-history":[{"count":0,"href":"https:\/\/franciscanos.org.br\/noticias\/wp-json\/wp\/v2\/posts\/136481\/revisions"}],"wp:featuredmedia":[{"embeddable":true,"href":"https:\/\/franciscanos.org.br\/noticias\/wp-json\/wp\/v2\/media\/200237"}],"wp:attachment":[{"href":"https:\/\/franciscanos.org.br\/noticias\/wp-json\/wp\/v2\/media?parent=136481"}],"wp:term":[{"taxonomy":"category","embeddable":true,"href":"https:\/\/franciscanos.org.br\/noticias\/wp-json\/wp\/v2\/categories?post=136481"},{"taxonomy":"post_tag","embeddable":true,"href":"https:\/\/franciscanos.org.br\/noticias\/wp-json\/wp\/v2\/tags?post=136481"}],"curies":[{"name":"wp","href":"https:\/\/api.w.org\/{rel}","templated":true}]}}