{"id":136227,"date":"2017-06-14T00:15:52","date_gmt":"2017-06-14T03:15:52","guid":{"rendered":"http:\/\/franciscanos.org.br\/?p=136227"},"modified":"2020-03-05T11:07:04","modified_gmt":"2020-03-05T14:07:04","slug":"paroquias-em-sao-paulo-celebram-santo-antonio","status":"publish","type":"post","link":"https:\/\/franciscanos.org.br\/noticias\/paroquias-em-sao-paulo-celebram-santo-antonio.html","title":{"rendered":"Par\u00f3quias em S\u00e3o Paulo celebram Santo Ant\u00f4nio"},"content":{"rendered":"<p><strong><img loading=\"lazy\" src=\"http:\/\/franciscanos.org.br\/wp-content\/uploads\/2017\/06\/santoantonio_130617_vila.jpg\" alt=\"santoantonio_130617_vila\" width=\"830\" height=\"400\" \/><\/strong><br \/>\n<strong>Moacir Beggo e \u00c9rika Augusto<\/strong><\/p>\n<p><strong>S\u00e3o Paulo (SP) &#8211;<\/strong> O dia de Santo Ant\u00f4nio no Brasil \u00e9 sempre um dia de muitas comemora\u00e7\u00f5es. Nas\u00a0cidades onde o santo \u00e9 patrono \u00e9 feriado. Nas par\u00f3quias dedicadas a ele, o movimento \u00e9 intenso. H\u00e1 distribui\u00e7\u00e3o do p\u00e3o, do bolo, do l\u00edrio, muitas celebra\u00e7\u00f5es, b\u00ean\u00e7\u00e3os e gestos de devo\u00e7\u00e3o.<\/p>\n<p>Nas 3 par\u00f3quias da Prov\u00edncia Franciscana da Imaculada Concei\u00e7\u00e3o em S\u00e3o Paulo n\u00e3o foi diferente. Na Par\u00f3quia Santo Ant\u00f4nio do Pari, na regi\u00e3o central, acontece a maior comemora\u00e7\u00e3o dedicada ao santo na capital paulista. A festa, que est\u00e1 em sua 103\u00aa edi\u00e7\u00e3o, contou com grande presen\u00e7a de p\u00fablico, apesar da chuva que insistiu em cair durante toda a ter\u00e7a-feira.<\/p>\n<p>Na Par\u00f3quia S\u00e3o Francisco de Assis, na Vila Clementino, o movimento foi intenso desde o fim de semana, quando come\u00e7ou a ser vendido o bolo. A missa de conclus\u00e3o deste dia aconteceu \u00e0s 19h e foi presidida pelo Ministro Provincial, Frei Fid\u00eancio Vanboemmel e concelebrada pelo p\u00e1roco, Frei Valdecir Schwambach.<\/p>\n<p>Em sua homilia, Frei Fid\u00eancio fez um breve hist\u00f3rico da vida de Santo Ant\u00f4nio, como o encontro do ent\u00e3o agostiniano com os frades mission\u00e1rios, que foram martirizados no Marrocos, fato que fez com que o santo se juntasse aos seguidores de Francisco de Assis e o Cap\u00edtulo das Esteiras, onde Francisco de Assis e Ant\u00f4nio de P\u00e1dua se encontraram.<\/p>\n<p>\u201cA cada um de n\u00f3s \u00e9 dada a gra\u00e7a. A Ant\u00f4nio foi dada a gra\u00e7a de Deus. E ele, de sua forma, correspondeu a essa gra\u00e7a divina\u201d, afirmou. Frei Fid\u00eancio destacou o embate do santo contra as heresias e corrup\u00e7\u00f5es em seu tempo e sua op\u00e7\u00e3o por aqueles que mais necessitavam.<\/p>\n<p>Ao final da missa, na b\u00ean\u00e7\u00e3o dos p\u00e3es e do l\u00edrio, o frade comentou a mensagem do Papa Francisco divulgada no dia de hoje, onde ele instituiu o Dia Mundial dos Pobres, a ser celebrado no dia 19 de novembro. Para Frei Fid\u00eancio, a divulga\u00e7\u00e3o da mensagem no dia de Santo Ant\u00f4nio \u00e9 uma bonita lembran\u00e7a, do santo que esteve e continua ao lado dos mais necessitados.<\/p>\n<hr \/>\n<p><strong>COM UM APELO\u00a0DE ESPERAN\u00c7A, FREI GUSTAVO MEDELLA ENCERRA A FESTA DO PARI\u00a0<\/strong><\/p>\n<p>A missa solene na Par\u00f3quia Santo Ant\u00f4nio do Pari aconteceu \u00e0s 19h30, e foi presidida por Frei Gustavo Medella, Definidor e coordenador da Frente da Comunica\u00e7\u00e3o da Prov\u00edncia da Imaculada Concei\u00e7\u00e3o, e concelebrada pelo Vig\u00e1rio Provincial, Frei C\u00e9sar K\u00fclkamp, pelo p\u00e1roco Frei Germano Guesser, pelo Definidor\u00a0 e coordenador da Frente de Solidariedade, Frei Jos\u00e9 Francisco dos Santos, e Frei Je\u00e2 Andrade, mestre no Postulantado de Guaratinguet\u00e1, que chegou com um grupo de postulantes no \u00faltimo domingo para ajudar na festa.<\/p>\n<p><img loading=\"lazy\" src=\"http:\/\/franciscanos.org.br\/wp-content\/uploads\/2017\/06\/santoantonio_130617_PARI.jpg\" alt=\"santoantonio_130617_PARI\" width=\"830\" height=\"400\" \/><br \/>\nFrei Gustavo partiu do Serm\u00e3o aos Peixes, feito por Santo Ant\u00f4nio na cidade de R\u00edmini, em 1223, para fazer a sua reflex\u00e3o. \u201cMeus irm\u00e3os e minhas irm\u00e3s, eu conto esta hist\u00f3ria neste dia de Santo Ant\u00f4nio para dizer que estes peixes podemos ser todos n\u00f3s. Quando no vaiv\u00e9m da vida, das dores, das lutas, compromissos, as contas que chegam para pagar, nos desafios, de repente n\u00f3s deixamos de contemplar o horizonte da esperan\u00e7a e nos tornamos pessoas tristes, cheias de queixas, amarguradas, desiludidas, e a\u00ed precisamos de algu\u00e9m como Santo Ant\u00f4nio para, mais uma vez, vir em nosso encontro e dizer: \u2018Deus \u00e9 bom, a vida vale a pena, ainda h\u00e1 esperan\u00e7a, Deus est\u00e1 contigo\u2019. E hoje, neste 13 de junho, n\u00f3s todos aqui viemos para ouvir de Santo Ant\u00f4nio aquilo que sabemos que \u00e9 verdade, mas no decorrer da vida nos faz esquecer, que Deus nos ama, que quer nos ver unidos, que o mundo est\u00e1 a\u00ed para ser transformado pela for\u00e7a do Evangelho\u201d, animou o frade.<\/p>\n<p><img loading=\"lazy\" class=\"alignleft wp-image-136251\" src=\"http:\/\/franciscanos.org.br\/wp-content\/uploads\/2017\/06\/encerramento-182.jpg\" alt=\"encerramento-18\" width=\"400\" height=\"266\" \/>\u201cDiante dessa lama de corrup\u00e7\u00e3o que parece quase nos afogar, diante da qual parece que n\u00e3o vemos sa\u00edda, diante de tanta desonestidade, o Evangelho nos apenas convoca, a\u00ed sim, a ser honestos at\u00e9 o \u00faltimo centavo, a trabalharmos com toda a corre\u00e7\u00e3o. Quando n\u00f3s vemos esse surto de ego\u00edsmo, cada um querendo s\u00f3 para si, a\u00ed sim, devemos partilhar, colocar o que temos \u00e0 disposi\u00e7\u00e3o. Tudo isso Santo Ant\u00f4nio nos anima\u201d, ensinou.<\/p>\n<p>Temos Ant\u00f4nio, temos Maria, temos uns aos outros, e por isso n\u00e3o devemos ficar tristes ou abatidos, mas com a esperan\u00e7a renovada de que vale a pena seguir Jesus Cristo e de que vale a pena seguir em frente!\u201d, finalizou, pedindo um forte \u201cViva Santo Ant\u00f4nio!\u201d. E Frei Medella foi aplaudido longamente!<\/p>\n<p>Ao final da missa, os frades seguiram com a imagem de Santo Ant\u00f4nio pelas ruas do bairro, acompanhados de um grande n\u00famero de fi\u00e9is. Neste ano, por causa da chuva, n\u00e3o aconteceu a tradicional queima de fogos na chegada da imagem.<\/p>\n<p>Veja a cobertura completa da Festa do Pari em:<strong>\u00a0<a href=\"http:\/\/santoantoniodopari.com.br\/\" target=\"_blank\" rel=\"noopener noreferrer\">http:\/\/santoantoniodopari.com.br\/<\/a><\/strong><\/p>\n<hr \/>\n<p><strong>NO LARGO, DOM EDUARDO PEDE QUE POSTURA COERENTE DOS CRIST\u00c3OS NA SOCIEDADE<\/strong><\/p>\n<p>A festa no Convento e Santu\u00e1rio S\u00e3o Francisco, no centro de S\u00e3o Paulo, come\u00e7ou bem cedo. \u00c0s 7h j\u00e1 havia missa, b\u00ean\u00e7\u00e3o, distribui\u00e7\u00e3o do p\u00e3o, venda do bolo e do l\u00edrio, al\u00e9m de barracas com comidas t\u00edpicas e itens religiosos. A Ordem Franciscana Secular tamb\u00e9m fez sua comemora\u00e7\u00e3o, com diversos itens na parte externa da Igreja das Chagas. As duas barracas mais procuradas, do p\u00e3o e do bolo, tinham filas enormes.<\/p>\n<p>No lado de dentro da igreja, as missas tiveram grande participa\u00e7\u00e3o. A celebra\u00e7\u00e3o das 15h contou com a presen\u00e7a de Dom Eduardo Vieira dos Santos, bispo auxiliar da Arquidiocese de S\u00e3o Paulo. Frei M\u00e1rio Tagliari, Guardi\u00e3o da Fraternidade e Frei Alvaci Mendes da Luz, Reitor e P\u00e1roco do Santu\u00e1rio, concelebraram. Sorridente, como de costume, Dom Eduardo exaltou as caracter\u00edsticas de Santo Ant\u00f4nio e seu testemunho. Em sua homilia, ele recordou o salmo responsorial, que pede \u201cconfie em Deus e pratique o bem\u201d. \u201cEste \u00e9 o desafio de cada dia e da vida toda\u201d, afirmou, pedindo insist\u00eancia ao realizar as boas obras, n\u00e3o desistindo diante da falta de resultado aparente.<\/p>\n<p>\u201cO mundo est\u00e1 cheio de crist\u00e3os cat\u00f3licos que n\u00e3o d\u00e3o bom testemunho da sua f\u00e9\u201d, acrescentou Dom Eduardo, dizendo que muitas vezes estas pessoas servem como refer\u00eancia para outras pessoas, que acabam se afastando da Igreja ao ver os maus exemplos.<\/p>\n<p><strong><img loading=\"lazy\" src=\"http:\/\/franciscanos.org.br\/wp-content\/uploads\/2017\/06\/santoantonio_130617_largo.jpg\" alt=\"santoantonio_130617_largo\" width=\"830\" height=\"400\" \/><\/strong><br \/>\n<strong>A identidade do crist\u00e3o \u00e9 ser luz<\/strong><\/p>\n<p>Dom Eduardo falou sobre o evangelho do dia, extra\u00eddo de Mt 5, 13-20. Ele afirmou que a luz dos crist\u00e3os pode ser apagada diante das dificuldades e prova\u00e7\u00f5es, mas \u00e9 fortalecida atrav\u00e9s do seguimento a Jesus Cristo. \u201cSe o crist\u00e3o n\u00e3o segue Jesus Cristo, se n\u00e3o caminha na luz de Jesus Cristo, n\u00e3o tem como iluminar. N\u00f3s somos reflexo dele, \u00e9 Cristo que nos ilumina, como iluminou Santo Ant\u00f4nio, S\u00e3o Francisco, tantos homens e mulheres no mundo e continuam a nos iluminar. Santo Ant\u00f4nio continua a iluminar a nossa vida, os nossos pensamentos, escolhas, op\u00e7\u00f5es. N\u00f3s, como filhos de Deus, somos livres para escolher. E Deus respeita as nossas escolhas, mas n\u00e3o deixa de nos iluminar. A vida do crist\u00e3o n\u00e3o pode ficar sem identidade, e a identidade do crist\u00e3o \u00e9 fazer o bem\u201d, acrescentou.<\/p>\n<p>O bispo auxiliar da Regi\u00e3o S\u00e9 falou tamb\u00e9m sobre a paz e sobre a postura dos crist\u00e3os diante do pr\u00f3ximo. \u201cN\u00f3s somos promotores da paz, e a promo\u00e7\u00e3o da paz se d\u00e1 de muitas maneiras. Uma delas \u00e9 n\u00e3o falar mal. Trabalhar pela paz \u00e9 trabalhar pelo di\u00e1logo, uni\u00e3o, encontro e bem estar das pessoas\u201d, afirmou, criticando a fofoca dentro da Igreja, a divis\u00e3o e a acep\u00e7\u00e3o de pessoas. \u201cN\u00f3s somos sinal de vida ou sinal de morte? Somos luz que ilumina ou somos treva? Somos sal que d\u00e1 sabor ou somos ins\u00edpidos, tanto faz como tanto fez?\u201d, questionou.<\/p>\n<p><img loading=\"lazy\" class=\"alignright wp-image-136348\" src=\"http:\/\/franciscanos.org.br\/wp-content\/uploads\/2017\/06\/DSC_8328.jpg\" alt=\"DSC_8328\" width=\"400\" height=\"266\" \/>No momento de a\u00e7\u00e3o de gra\u00e7as, Frei Mario Tagliari, Guardi\u00e3o da Fraternidade, recordou o bilhete onde S\u00e3o Francisco chama Santo Ant\u00f4nio de meu bispo e brincou, chamando Dom Eduardo de meu bispo. Ele agradeceu pela presen\u00e7a e pediu: \u201cQue Deus te d\u00ea sempre a for\u00e7a e o esp\u00edrito da santa ora\u00e7\u00e3o e da santa devo\u00e7\u00e3o e que te conceda sa\u00fade e paz\u201d. Dom Eduardo foi presenteado com uma bonita imagem de Santo Ant\u00f4nio. Ele disse que ainda n\u00e3o tinha nenhuma imagem em sua casa e agradeceu pelo presente.<\/p>\n<p>Ao final da celebra\u00e7\u00e3o, Dom Eduardo concedeu a b\u00ean\u00e7\u00e3o com a rel\u00edquia de Santo Ant\u00f4nio e aspergiu o povo com \u00e1gua benta.<br \/>\n\u00c0s 16h30, Frei Mario Tagliari presidiu a pen\u00faltima missa do dia no Santu\u00e1rio S\u00e3o Francisco. Em sua homilia, o guardi\u00e3o fez um breve hist\u00f3rico da vida de Santo Ant\u00f4nio, apresentando os fatos mais importantes do santo.<\/p>\n<p>Sobre o evangelho do dia, o frade afirmou que ser sal da terra e luz do mundo se d\u00e1 na vida concreta, sobretudo no relacionamento com as pessoas. \u201cJesus me convida a dar sabor, sentido \u00e0 nossa vida e \u00e0 vida dos que convivem conosco. E muitas vezes somos pimenta ardida demais para os outros, n\u00e3o \u00e9 verdade?\u201d, questionou.<\/p>\n<p>\u201cConcretamente precisamos nos perguntar, damos sabor mesmo? Vivo com alegria ou vivo reclamando dos outros, xingando? Santo Ant\u00f4nio nos convida nesta tarde a ouvirmos este evangelho. A gente n\u00e3o acende uma l\u00e2mpada, uma vela, pra colocar debaixo da cama, mas sim no alto, para que ela dissipe as trevas. Trevas do erro, do ego\u00edsmo, da maldade, da maledic\u00eancia, da prepot\u00eancia, tudo aquilo que nos deixa na penumbra\u201d, concluiu.<\/p>\n","protected":false},"excerpt":{"rendered":"<p>Dia de Santo Ant\u00f4nio<\/p>\n","protected":false},"author":1,"featured_media":199615,"comment_status":"open","ping_status":"open","sticky":false,"template":"","format":"standard","meta":[],"categories":[1],"tags":[585],"acf":[],"yoast_head":"<!-- This site is optimized with the Yoast SEO plugin v19.2 - https:\/\/yoast.com\/wordpress\/plugins\/seo\/ -->\n<title>Par\u00f3quias em S\u00e3o Paulo celebram Santo Ant\u00f4nio - Not\u00edcias - Franciscanos<\/title>\n<meta name=\"robots\" content=\"index, follow, max-snippet:-1, max-image-preview:large, max-video-preview:-1\" \/>\n<link rel=\"canonical\" href=\"https:\/\/franciscanos.org.br\/noticias\/paroquias-em-sao-paulo-celebram-santo-antonio.html\" \/>\n<meta property=\"og:locale\" content=\"pt_BR\" \/>\n<meta property=\"og:type\" content=\"article\" \/>\n<meta property=\"og:title\" content=\"Par\u00f3quias em S\u00e3o Paulo celebram Santo Ant\u00f4nio - Not\u00edcias - Franciscanos\" \/>\n<meta property=\"og:description\" content=\"Dia de Santo Ant\u00f4nio\" \/>\n<meta property=\"og:url\" content=\"https:\/\/franciscanos.org.br\/noticias\/paroquias-em-sao-paulo-celebram-santo-antonio.html\" \/>\n<meta property=\"og:site_name\" content=\"Not\u00edcias - Franciscanos\" \/>\n<meta property=\"article:published_time\" content=\"2017-06-14T03:15:52+00:00\" \/>\n<meta property=\"article:modified_time\" content=\"2020-03-05T14:07:04+00:00\" \/>\n<meta property=\"og:image\" content=\"https:\/\/franciscanos.org.br\/noticias\/wp-content\/uploads\/2017\/06\/santoantonio_130617_vila.jpg\" \/>\n\t<meta property=\"og:image:width\" content=\"273\" \/>\n\t<meta property=\"og:image:height\" content=\"181\" \/>\n\t<meta property=\"og:image:type\" content=\"image\/jpeg\" \/>\n<meta name=\"author\" content=\"admin\" \/>\n<meta name=\"twitter:card\" content=\"summary_large_image\" \/>\n<meta name=\"twitter:label1\" content=\"Escrito por\" \/>\n\t<meta name=\"twitter:data1\" content=\"admin\" \/>\n\t<meta name=\"twitter:label2\" content=\"Est. tempo de leitura\" \/>\n\t<meta name=\"twitter:data2\" content=\"8 minutos\" \/>\n<script type=\"application\/ld+json\" class=\"yoast-schema-graph\">{\"@context\":\"https:\/\/schema.org\",\"@graph\":[{\"@type\":\"WebSite\",\"@id\":\"https:\/\/franciscanos.org.br\/noticias\/#website\",\"url\":\"https:\/\/franciscanos.org.br\/noticias\/\",\"name\":\"Not\u00edcias - Franciscanos\",\"description\":\"Prov\u00edncia Franciscana da Imaculada Concei\u00e7\u00e3o do Brasil - Ordem dos Frades Menores - OFM\",\"potentialAction\":[{\"@type\":\"SearchAction\",\"target\":{\"@type\":\"EntryPoint\",\"urlTemplate\":\"https:\/\/franciscanos.org.br\/noticias\/?s={search_term_string}\"},\"query-input\":\"required name=search_term_string\"}],\"inLanguage\":\"pt-BR\"},{\"@type\":\"ImageObject\",\"inLanguage\":\"pt-BR\",\"@id\":\"https:\/\/franciscanos.org.br\/noticias\/paroquias-em-sao-paulo-celebram-santo-antonio.html#primaryimage\",\"url\":\"https:\/\/franciscanos.org.br\/noticias\/wp-content\/uploads\/2017\/06\/santoantonio_130617_vila.jpg\",\"contentUrl\":\"https:\/\/franciscanos.org.br\/noticias\/wp-content\/uploads\/2017\/06\/santoantonio_130617_vila.jpg\",\"width\":273,\"height\":181},{\"@type\":\"WebPage\",\"@id\":\"https:\/\/franciscanos.org.br\/noticias\/paroquias-em-sao-paulo-celebram-santo-antonio.html#webpage\",\"url\":\"https:\/\/franciscanos.org.br\/noticias\/paroquias-em-sao-paulo-celebram-santo-antonio.html\",\"name\":\"Par\u00f3quias em S\u00e3o Paulo celebram Santo Ant\u00f4nio - Not\u00edcias - Franciscanos\",\"isPartOf\":{\"@id\":\"https:\/\/franciscanos.org.br\/noticias\/#website\"},\"primaryImageOfPage\":{\"@id\":\"https:\/\/franciscanos.org.br\/noticias\/paroquias-em-sao-paulo-celebram-santo-antonio.html#primaryimage\"},\"datePublished\":\"2017-06-14T03:15:52+00:00\",\"dateModified\":\"2020-03-05T14:07:04+00:00\",\"author\":{\"@id\":\"https:\/\/franciscanos.org.br\/noticias\/#\/schema\/person\/b38fbf43118f02820bd932f2e4b14ad3\"},\"breadcrumb\":{\"@id\":\"https:\/\/franciscanos.org.br\/noticias\/paroquias-em-sao-paulo-celebram-santo-antonio.html#breadcrumb\"},\"inLanguage\":\"pt-BR\",\"potentialAction\":[{\"@type\":\"ReadAction\",\"target\":[\"https:\/\/franciscanos.org.br\/noticias\/paroquias-em-sao-paulo-celebram-santo-antonio.html\"]}]},{\"@type\":\"BreadcrumbList\",\"@id\":\"https:\/\/franciscanos.org.br\/noticias\/paroquias-em-sao-paulo-celebram-santo-antonio.html#breadcrumb\",\"itemListElement\":[{\"@type\":\"ListItem\",\"position\":1,\"name\":\"Home\",\"item\":\"https:\/\/franciscanos.org.br\/noticias\"},{\"@type\":\"ListItem\",\"position\":2,\"name\":\"Par\u00f3quias em S\u00e3o Paulo celebram Santo Ant\u00f4nio\"}]},{\"@type\":\"Person\",\"@id\":\"https:\/\/franciscanos.org.br\/noticias\/#\/schema\/person\/b38fbf43118f02820bd932f2e4b14ad3\",\"name\":\"admin\",\"image\":{\"@type\":\"ImageObject\",\"inLanguage\":\"pt-BR\",\"@id\":\"https:\/\/franciscanos.org.br\/noticias\/#\/schema\/person\/image\/\",\"url\":\"https:\/\/secure.gravatar.com\/avatar\/e8495742d34d0ba6448ea1c628263b3e?s=96&d=mm&r=g\",\"contentUrl\":\"https:\/\/secure.gravatar.com\/avatar\/e8495742d34d0ba6448ea1c628263b3e?s=96&d=mm&r=g\",\"caption\":\"admin\"},\"url\":\"https:\/\/franciscanos.org.br\/noticias\/author\/admin\"}]}<\/script>\n<!-- \/ Yoast SEO plugin. -->","yoast_head_json":{"title":"Par\u00f3quias em S\u00e3o Paulo celebram Santo Ant\u00f4nio - Not\u00edcias - Franciscanos","robots":{"index":"index","follow":"follow","max-snippet":"max-snippet:-1","max-image-preview":"max-image-preview:large","max-video-preview":"max-video-preview:-1"},"canonical":"https:\/\/franciscanos.org.br\/noticias\/paroquias-em-sao-paulo-celebram-santo-antonio.html","og_locale":"pt_BR","og_type":"article","og_title":"Par\u00f3quias em S\u00e3o Paulo celebram Santo Ant\u00f4nio - Not\u00edcias - Franciscanos","og_description":"Dia de Santo Ant\u00f4nio","og_url":"https:\/\/franciscanos.org.br\/noticias\/paroquias-em-sao-paulo-celebram-santo-antonio.html","og_site_name":"Not\u00edcias - Franciscanos","article_published_time":"2017-06-14T03:15:52+00:00","article_modified_time":"2020-03-05T14:07:04+00:00","og_image":[{"width":273,"height":181,"url":"https:\/\/franciscanos.org.br\/noticias\/wp-content\/uploads\/2017\/06\/santoantonio_130617_vila.jpg","type":"image\/jpeg"}],"author":"admin","twitter_card":"summary_large_image","twitter_misc":{"Escrito por":"admin","Est. tempo de leitura":"8 minutos"},"schema":{"@context":"https:\/\/schema.org","@graph":[{"@type":"WebSite","@id":"https:\/\/franciscanos.org.br\/noticias\/#website","url":"https:\/\/franciscanos.org.br\/noticias\/","name":"Not\u00edcias - Franciscanos","description":"Prov\u00edncia Franciscana da Imaculada Concei\u00e7\u00e3o do Brasil - Ordem dos Frades Menores - OFM","potentialAction":[{"@type":"SearchAction","target":{"@type":"EntryPoint","urlTemplate":"https:\/\/franciscanos.org.br\/noticias\/?s={search_term_string}"},"query-input":"required name=search_term_string"}],"inLanguage":"pt-BR"},{"@type":"ImageObject","inLanguage":"pt-BR","@id":"https:\/\/franciscanos.org.br\/noticias\/paroquias-em-sao-paulo-celebram-santo-antonio.html#primaryimage","url":"https:\/\/franciscanos.org.br\/noticias\/wp-content\/uploads\/2017\/06\/santoantonio_130617_vila.jpg","contentUrl":"https:\/\/franciscanos.org.br\/noticias\/wp-content\/uploads\/2017\/06\/santoantonio_130617_vila.jpg","width":273,"height":181},{"@type":"WebPage","@id":"https:\/\/franciscanos.org.br\/noticias\/paroquias-em-sao-paulo-celebram-santo-antonio.html#webpage","url":"https:\/\/franciscanos.org.br\/noticias\/paroquias-em-sao-paulo-celebram-santo-antonio.html","name":"Par\u00f3quias em S\u00e3o Paulo celebram Santo Ant\u00f4nio - Not\u00edcias - Franciscanos","isPartOf":{"@id":"https:\/\/franciscanos.org.br\/noticias\/#website"},"primaryImageOfPage":{"@id":"https:\/\/franciscanos.org.br\/noticias\/paroquias-em-sao-paulo-celebram-santo-antonio.html#primaryimage"},"datePublished":"2017-06-14T03:15:52+00:00","dateModified":"2020-03-05T14:07:04+00:00","author":{"@id":"https:\/\/franciscanos.org.br\/noticias\/#\/schema\/person\/b38fbf43118f02820bd932f2e4b14ad3"},"breadcrumb":{"@id":"https:\/\/franciscanos.org.br\/noticias\/paroquias-em-sao-paulo-celebram-santo-antonio.html#breadcrumb"},"inLanguage":"pt-BR","potentialAction":[{"@type":"ReadAction","target":["https:\/\/franciscanos.org.br\/noticias\/paroquias-em-sao-paulo-celebram-santo-antonio.html"]}]},{"@type":"BreadcrumbList","@id":"https:\/\/franciscanos.org.br\/noticias\/paroquias-em-sao-paulo-celebram-santo-antonio.html#breadcrumb","itemListElement":[{"@type":"ListItem","position":1,"name":"Home","item":"https:\/\/franciscanos.org.br\/noticias"},{"@type":"ListItem","position":2,"name":"Par\u00f3quias em S\u00e3o Paulo celebram Santo Ant\u00f4nio"}]},{"@type":"Person","@id":"https:\/\/franciscanos.org.br\/noticias\/#\/schema\/person\/b38fbf43118f02820bd932f2e4b14ad3","name":"admin","image":{"@type":"ImageObject","inLanguage":"pt-BR","@id":"https:\/\/franciscanos.org.br\/noticias\/#\/schema\/person\/image\/","url":"https:\/\/secure.gravatar.com\/avatar\/e8495742d34d0ba6448ea1c628263b3e?s=96&d=mm&r=g","contentUrl":"https:\/\/secure.gravatar.com\/avatar\/e8495742d34d0ba6448ea1c628263b3e?s=96&d=mm&r=g","caption":"admin"},"url":"https:\/\/franciscanos.org.br\/noticias\/author\/admin"}]}},"_links":{"self":[{"href":"https:\/\/franciscanos.org.br\/noticias\/wp-json\/wp\/v2\/posts\/136227"}],"collection":[{"href":"https:\/\/franciscanos.org.br\/noticias\/wp-json\/wp\/v2\/posts"}],"about":[{"href":"https:\/\/franciscanos.org.br\/noticias\/wp-json\/wp\/v2\/types\/post"}],"author":[{"embeddable":true,"href":"https:\/\/franciscanos.org.br\/noticias\/wp-json\/wp\/v2\/users\/1"}],"replies":[{"embeddable":true,"href":"https:\/\/franciscanos.org.br\/noticias\/wp-json\/wp\/v2\/comments?post=136227"}],"version-history":[{"count":0,"href":"https:\/\/franciscanos.org.br\/noticias\/wp-json\/wp\/v2\/posts\/136227\/revisions"}],"wp:featuredmedia":[{"embeddable":true,"href":"https:\/\/franciscanos.org.br\/noticias\/wp-json\/wp\/v2\/media\/199615"}],"wp:attachment":[{"href":"https:\/\/franciscanos.org.br\/noticias\/wp-json\/wp\/v2\/media?parent=136227"}],"wp:term":[{"taxonomy":"category","embeddable":true,"href":"https:\/\/franciscanos.org.br\/noticias\/wp-json\/wp\/v2\/categories?post=136227"},{"taxonomy":"post_tag","embeddable":true,"href":"https:\/\/franciscanos.org.br\/noticias\/wp-json\/wp\/v2\/tags?post=136227"}],"curies":[{"name":"wp","href":"https:\/\/api.w.org\/{rel}","templated":true}]}}