{"id":136207,"date":"2017-06-13T10:27:36","date_gmt":"2017-06-13T13:27:36","guid":{"rendered":"http:\/\/franciscanos.org.br\/?p=136207"},"modified":"2020-06-08T19:15:09","modified_gmt":"2020-06-08T22:15:09","slug":"papa-ser-sal-e-luz-do-mundo-e-confiar-na-acao-do-espirito","status":"publish","type":"post","link":"https:\/\/franciscanos.org.br\/noticias\/papa-ser-sal-e-luz-do-mundo-e-confiar-na-acao-do-espirito.html","title":{"rendered":"Papa: &#8220;ser sal e luz do mundo&#8221; e confiar na a\u00e7\u00e3o do Esp\u00edrito"},"content":{"rendered":"<p><img loading=\"lazy\" src=\"http:\/\/franciscanos.org.br\/wp-content\/uploads\/2017\/06\/papa_130617.jpg\" alt=\"papa_130617\" width=\"820\" height=\"422\" \/><\/p>\n<p><strong>Cidade do Vaticano<\/strong> \u2013 O Santo Padre celebrou a Santa Missa, na manh\u00e3 desta ter\u00e7a-feira (13\/6), na Capela da Casa Santa Marta, onde reside, da qual participaram os membros do Conselho dos Cardeais \u201cC9\u201d. Na homilia que pronunciou, o Papa refletiu sobre a mensagem evang\u00e9lica \u201cser sal e luz\u201d do mundo, exortando os fi\u00e9is a n\u00e3o buscarem \u201cseguran\u00e7as artificiais, mas a confiar na a\u00e7\u00e3o do Esp\u00edrito Santo.<\/p>\n<p>Francisco se deteve, sobretudo, nestas palavras, que indicam a for\u00e7a do Evangelho, que levam \u00e0 glorifica\u00e7\u00e3o de Deus. Com efeito, em Jesus se cumpre tudo o que nos foi prometido: eis porque Ele \u00e9 a plenitude: \u201cEm Jesus n\u00e3o h\u00e1 um \u201cn\u00e3o, mas sempre \u201csim\u201d para a gl\u00f3ria do Pai. Mas, tamb\u00e9m n\u00f3s participamos deste \u201csim\u201d de Jesus, porque Ele nos conferiu a un\u00e7\u00e3o, nos imprimiu o sigilo, que nos foram antecipados pelo Esp\u00edrito. \u00c9 o Esp\u00edrito que nos levar\u00e1 ao \u201csim\u201d definitivo, at\u00e9 \u00e0 nossa plenitude. \u00c9 o Esp\u00edrito que nos ajuda a tornar-nos \u201csal e luz\u201d, ou seja, a sermos testemunhas crist\u00e3s\u201d.<\/p>\n<p>\u201cTudo \u00e9 positivo\u201d, retomou o Papa. \u201cE o testemunho crist\u00e3o\u201d \u00e9 \u201csal e luz\u201d. \u201cLuz &#8211; explicou &#8211; para iluminar e quem esconde a luz d\u00e1 um contratestemunho\u201d refugiando-se um pouco no \u201csim\u201d e um pouco no \u201cn\u00e3o\u201d. Estes, portanto \u201cpossuem a luz, mas n\u00e3o a doam, e n\u00e3o a faz ver e se n\u00e3o a faz ver n\u00e3o glorifica o Pai que est\u00e1 nos c\u00e9us\u201d. Ainda, advertiu, \u201ch\u00e1 o sal, mas o conserva para si mesmo e n\u00e3o o doa para que se evite a corrup\u00e7\u00e3o\u201d.<\/p>\n<p><strong>Os crist\u00e3os s\u00e3o chamados a ser sal e luz<\/strong><br \/>\n\u201cSim \u2013 sim\u201d, \u201cn\u00e3o \u2013 n\u00e3o\u201d: palavras decisivas, como o Senhor nos ensinou, pois, recordou Francisco, \u201co sup\u00e9rfluo prov\u00e9m do maligno\u201d. \u201c\u00c9 precisamente esta atitude de seguran\u00e7a e de testemunho &#8211; acrescentou &#8211; que o Senhor confiou \u00e0 Igreja e a todos n\u00f3s batizados\u201d: \u201cSeguran\u00e7a na plenitude das promessas em Cristo: em Cristo tudo se cumpriu. Testemunho aos outros; dom recebido de Deus em Cristo, que nos deu a un\u00e7\u00e3o do Esp\u00edrito para o testemunho. E isso \u00e9 ser crist\u00e3o: iluminar, ajudar para que a mensagem e as pessoas n\u00e3o se corrompam, como faz o sal; mas, se se esconde a luz o sal torna-se ins\u00edpido, sem for\u00e7a, enfraquece &#8211; o testemunho ser\u00e1 fraco. Mas isso ocorre quando eu n\u00e3o aceito a un\u00e7\u00e3o, n\u00e3o aceito o sigilo, n\u00e3o aceito a &#8216;antecipa\u00e7\u00e3o&#8217; do Esp\u00edrito que est\u00e1 em mim. E isso ocorre quando eu n\u00e3o aceito o &#8216;sim&#8217; em Jesus Cristo\u201d.<\/p>\n<p>A proposta crist\u00e3, disse Francisco, \u00e9 t\u00e3o simples, mas \u201ct\u00e3o decisiva e t\u00e3o bonita, e nos d\u00e1 tanta esperan\u00e7a\u201d. \u201cEu sou a luz &#8211; podemos nos perguntar &#8211; para os outros? Eu \u2013 disse ainda o Papa \u2013 sou sal para os outros? Que d\u00e1 sabor \u00e0 vida e a defende da corrup\u00e7\u00e3o? Estou agarrado em Jesus Cristo, que \u00e9 o &#8216;sim&#8217;? Sinto-me ungido, selado? Eu sei que eu tenho essa seguran\u00e7a que ser\u00e1 plena no c\u00e9u, mas pelo menos \u00e9 \u201cantecipa\u00e7\u00e3o\u201d, agora, o Esp\u00edrito?&#8221;.<\/p>\n<p><strong>O crist\u00e3o \u00e9 \u201csolar\u201d quando glorifica a Deus com a sua vida<\/strong><br \/>\nNa linguagem corrente, observou em seguida, \u201cquando uma pessoa est\u00e1 cheia de luz, dizemos \u2018esta \u00e9 uma pessoa solar\u2019\u201d: \u201cUsa-se dizer isso: \u2018\u00c9 uma pessoa solar\u2019. Isso pode nos ajudar a entender. Isso \u00e9 mais do que solar, ainda. Este \u00e9 reflexo do Pai em Jesus em quem as promessas se cumpriram. Este \u00e9 o reflexo da un\u00e7\u00e3o do Esp\u00edrito que todos n\u00f3s temos. E isso, por qu\u00ea? Por que recebemos isso? Dizem-nos ambas as leituras. Paulo diz: \u2018E por isso, atrav\u00e9s de Cristo, sobe a Deus o nosso&#8217; Am\u00e9m&#8217; para a sua gl\u00f3ria\u2019, para glorificar a Deus. E Jesus diz aos disc\u00edpulos: \u2018Assim resplande\u00e7a a vossa luz diante dos homens para que vejam as vossas boas obras e glorifiquem ao Pai\u2019. Tudo isso, para glorificar a Deus. A vida do crist\u00e3o \u00e9 assim\u201d.<\/p>\n<p>Pe\u00e7amos esta gra\u00e7a, concluiu o Papa, \u201cde sermos agarrados, enraizados na plenitude das promessas em Cristo Jesus que \u00e9 \u2018sim\u2019, totalmente \u2018sim\u2019, e levar essa plenitude com o sal e a luz do nosso testemunho aos outros para dar gl\u00f3ria ao Pai que est\u00e1 nos c\u00e9us\u201d.<\/p>\n<p><iframe loading=\"lazy\" title=\"Papa: ser sal e luz do mundo e confiar na a\u00e7\u00e3o do Esp\u00edrito\" width=\"500\" height=\"281\" src=\"https:\/\/www.youtube.com\/embed\/tUHuidHXtgc?feature=oembed\" frameborder=\"0\" allow=\"accelerometer; autoplay; encrypted-media; gyroscope; picture-in-picture\" allowfullscreen><\/iframe><\/p>\n<hr \/>\n<p><em>Fonte: R\u00e1dio Vaticano<\/em><\/p>\n","protected":false},"excerpt":{"rendered":"<p>Missa em Santa Marta<\/p>\n","protected":false},"author":1,"featured_media":199613,"comment_status":"open","ping_status":"open","sticky":false,"template":"","format":"standard","meta":[],"categories":[1428],"tags":[1586],"acf":[],"yoast_head":"<!-- This site is optimized with the Yoast SEO plugin v19.2 - https:\/\/yoast.com\/wordpress\/plugins\/seo\/ -->\n<title>Papa: &quot;ser sal e luz do mundo&quot; e confiar na a\u00e7\u00e3o do Esp\u00edrito - Not\u00edcias - Franciscanos<\/title>\n<meta name=\"robots\" content=\"index, follow, max-snippet:-1, max-image-preview:large, max-video-preview:-1\" \/>\n<link rel=\"canonical\" href=\"https:\/\/franciscanos.org.br\/noticias\/papa-ser-sal-e-luz-do-mundo-e-confiar-na-acao-do-espirito.html\" \/>\n<meta property=\"og:locale\" content=\"pt_BR\" \/>\n<meta property=\"og:type\" content=\"article\" \/>\n<meta property=\"og:title\" content=\"Papa: &quot;ser sal e luz do mundo&quot; e confiar na a\u00e7\u00e3o do Esp\u00edrito - Not\u00edcias - Franciscanos\" \/>\n<meta property=\"og:description\" content=\"Missa em Santa Marta\" \/>\n<meta property=\"og:url\" content=\"https:\/\/franciscanos.org.br\/noticias\/papa-ser-sal-e-luz-do-mundo-e-confiar-na-acao-do-espirito.html\" \/>\n<meta property=\"og:site_name\" content=\"Not\u00edcias - Franciscanos\" \/>\n<meta property=\"article:published_time\" content=\"2017-06-13T13:27:36+00:00\" \/>\n<meta property=\"article:modified_time\" content=\"2020-06-08T22:15:09+00:00\" \/>\n<meta property=\"og:image\" content=\"https:\/\/franciscanos.org.br\/noticias\/wp-content\/uploads\/2017\/06\/papa_130617.jpg\" \/>\n\t<meta property=\"og:image:width\" content=\"273\" \/>\n\t<meta property=\"og:image:height\" content=\"181\" \/>\n\t<meta property=\"og:image:type\" content=\"image\/jpeg\" \/>\n<meta name=\"author\" content=\"admin\" \/>\n<meta name=\"twitter:card\" content=\"summary_large_image\" \/>\n<meta name=\"twitter:label1\" content=\"Escrito por\" \/>\n\t<meta name=\"twitter:data1\" content=\"admin\" \/>\n\t<meta name=\"twitter:label2\" content=\"Est. tempo de leitura\" \/>\n\t<meta name=\"twitter:data2\" content=\"4 minutos\" \/>\n<script type=\"application\/ld+json\" class=\"yoast-schema-graph\">{\"@context\":\"https:\/\/schema.org\",\"@graph\":[{\"@type\":\"WebSite\",\"@id\":\"https:\/\/franciscanos.org.br\/noticias\/#website\",\"url\":\"https:\/\/franciscanos.org.br\/noticias\/\",\"name\":\"Not\u00edcias - Franciscanos\",\"description\":\"Prov\u00edncia Franciscana da Imaculada Concei\u00e7\u00e3o do Brasil - Ordem dos Frades Menores - OFM\",\"potentialAction\":[{\"@type\":\"SearchAction\",\"target\":{\"@type\":\"EntryPoint\",\"urlTemplate\":\"https:\/\/franciscanos.org.br\/noticias\/?s={search_term_string}\"},\"query-input\":\"required name=search_term_string\"}],\"inLanguage\":\"pt-BR\"},{\"@type\":\"ImageObject\",\"inLanguage\":\"pt-BR\",\"@id\":\"https:\/\/franciscanos.org.br\/noticias\/papa-ser-sal-e-luz-do-mundo-e-confiar-na-acao-do-espirito.html#primaryimage\",\"url\":\"https:\/\/franciscanos.org.br\/noticias\/wp-content\/uploads\/2017\/06\/papa_130617.jpg\",\"contentUrl\":\"https:\/\/franciscanos.org.br\/noticias\/wp-content\/uploads\/2017\/06\/papa_130617.jpg\",\"width\":273,\"height\":181},{\"@type\":\"WebPage\",\"@id\":\"https:\/\/franciscanos.org.br\/noticias\/papa-ser-sal-e-luz-do-mundo-e-confiar-na-acao-do-espirito.html#webpage\",\"url\":\"https:\/\/franciscanos.org.br\/noticias\/papa-ser-sal-e-luz-do-mundo-e-confiar-na-acao-do-espirito.html\",\"name\":\"Papa: \\\"ser sal e luz do mundo\\\" e confiar na a\u00e7\u00e3o do Esp\u00edrito - Not\u00edcias - Franciscanos\",\"isPartOf\":{\"@id\":\"https:\/\/franciscanos.org.br\/noticias\/#website\"},\"primaryImageOfPage\":{\"@id\":\"https:\/\/franciscanos.org.br\/noticias\/papa-ser-sal-e-luz-do-mundo-e-confiar-na-acao-do-espirito.html#primaryimage\"},\"datePublished\":\"2017-06-13T13:27:36+00:00\",\"dateModified\":\"2020-06-08T22:15:09+00:00\",\"author\":{\"@id\":\"https:\/\/franciscanos.org.br\/noticias\/#\/schema\/person\/b38fbf43118f02820bd932f2e4b14ad3\"},\"breadcrumb\":{\"@id\":\"https:\/\/franciscanos.org.br\/noticias\/papa-ser-sal-e-luz-do-mundo-e-confiar-na-acao-do-espirito.html#breadcrumb\"},\"inLanguage\":\"pt-BR\",\"potentialAction\":[{\"@type\":\"ReadAction\",\"target\":[\"https:\/\/franciscanos.org.br\/noticias\/papa-ser-sal-e-luz-do-mundo-e-confiar-na-acao-do-espirito.html\"]}]},{\"@type\":\"BreadcrumbList\",\"@id\":\"https:\/\/franciscanos.org.br\/noticias\/papa-ser-sal-e-luz-do-mundo-e-confiar-na-acao-do-espirito.html#breadcrumb\",\"itemListElement\":[{\"@type\":\"ListItem\",\"position\":1,\"name\":\"Home\",\"item\":\"https:\/\/franciscanos.org.br\/noticias\"},{\"@type\":\"ListItem\",\"position\":2,\"name\":\"Papa: &#8220;ser sal e luz do mundo&#8221; e confiar na a\u00e7\u00e3o do Esp\u00edrito\"}]},{\"@type\":\"Person\",\"@id\":\"https:\/\/franciscanos.org.br\/noticias\/#\/schema\/person\/b38fbf43118f02820bd932f2e4b14ad3\",\"name\":\"admin\",\"image\":{\"@type\":\"ImageObject\",\"inLanguage\":\"pt-BR\",\"@id\":\"https:\/\/franciscanos.org.br\/noticias\/#\/schema\/person\/image\/\",\"url\":\"https:\/\/secure.gravatar.com\/avatar\/e8495742d34d0ba6448ea1c628263b3e?s=96&d=mm&r=g\",\"contentUrl\":\"https:\/\/secure.gravatar.com\/avatar\/e8495742d34d0ba6448ea1c628263b3e?s=96&d=mm&r=g\",\"caption\":\"admin\"},\"url\":\"https:\/\/franciscanos.org.br\/noticias\/author\/admin\"}]}<\/script>\n<!-- \/ Yoast SEO plugin. -->","yoast_head_json":{"title":"Papa: \"ser sal e luz do mundo\" e confiar na a\u00e7\u00e3o do Esp\u00edrito - Not\u00edcias - Franciscanos","robots":{"index":"index","follow":"follow","max-snippet":"max-snippet:-1","max-image-preview":"max-image-preview:large","max-video-preview":"max-video-preview:-1"},"canonical":"https:\/\/franciscanos.org.br\/noticias\/papa-ser-sal-e-luz-do-mundo-e-confiar-na-acao-do-espirito.html","og_locale":"pt_BR","og_type":"article","og_title":"Papa: \"ser sal e luz do mundo\" e confiar na a\u00e7\u00e3o do Esp\u00edrito - Not\u00edcias - Franciscanos","og_description":"Missa em Santa Marta","og_url":"https:\/\/franciscanos.org.br\/noticias\/papa-ser-sal-e-luz-do-mundo-e-confiar-na-acao-do-espirito.html","og_site_name":"Not\u00edcias - Franciscanos","article_published_time":"2017-06-13T13:27:36+00:00","article_modified_time":"2020-06-08T22:15:09+00:00","og_image":[{"width":273,"height":181,"url":"https:\/\/franciscanos.org.br\/noticias\/wp-content\/uploads\/2017\/06\/papa_130617.jpg","type":"image\/jpeg"}],"author":"admin","twitter_card":"summary_large_image","twitter_misc":{"Escrito por":"admin","Est. tempo de leitura":"4 minutos"},"schema":{"@context":"https:\/\/schema.org","@graph":[{"@type":"WebSite","@id":"https:\/\/franciscanos.org.br\/noticias\/#website","url":"https:\/\/franciscanos.org.br\/noticias\/","name":"Not\u00edcias - Franciscanos","description":"Prov\u00edncia Franciscana da Imaculada Concei\u00e7\u00e3o do Brasil - Ordem dos Frades Menores - OFM","potentialAction":[{"@type":"SearchAction","target":{"@type":"EntryPoint","urlTemplate":"https:\/\/franciscanos.org.br\/noticias\/?s={search_term_string}"},"query-input":"required name=search_term_string"}],"inLanguage":"pt-BR"},{"@type":"ImageObject","inLanguage":"pt-BR","@id":"https:\/\/franciscanos.org.br\/noticias\/papa-ser-sal-e-luz-do-mundo-e-confiar-na-acao-do-espirito.html#primaryimage","url":"https:\/\/franciscanos.org.br\/noticias\/wp-content\/uploads\/2017\/06\/papa_130617.jpg","contentUrl":"https:\/\/franciscanos.org.br\/noticias\/wp-content\/uploads\/2017\/06\/papa_130617.jpg","width":273,"height":181},{"@type":"WebPage","@id":"https:\/\/franciscanos.org.br\/noticias\/papa-ser-sal-e-luz-do-mundo-e-confiar-na-acao-do-espirito.html#webpage","url":"https:\/\/franciscanos.org.br\/noticias\/papa-ser-sal-e-luz-do-mundo-e-confiar-na-acao-do-espirito.html","name":"Papa: \"ser sal e luz do mundo\" e confiar na a\u00e7\u00e3o do Esp\u00edrito - Not\u00edcias - Franciscanos","isPartOf":{"@id":"https:\/\/franciscanos.org.br\/noticias\/#website"},"primaryImageOfPage":{"@id":"https:\/\/franciscanos.org.br\/noticias\/papa-ser-sal-e-luz-do-mundo-e-confiar-na-acao-do-espirito.html#primaryimage"},"datePublished":"2017-06-13T13:27:36+00:00","dateModified":"2020-06-08T22:15:09+00:00","author":{"@id":"https:\/\/franciscanos.org.br\/noticias\/#\/schema\/person\/b38fbf43118f02820bd932f2e4b14ad3"},"breadcrumb":{"@id":"https:\/\/franciscanos.org.br\/noticias\/papa-ser-sal-e-luz-do-mundo-e-confiar-na-acao-do-espirito.html#breadcrumb"},"inLanguage":"pt-BR","potentialAction":[{"@type":"ReadAction","target":["https:\/\/franciscanos.org.br\/noticias\/papa-ser-sal-e-luz-do-mundo-e-confiar-na-acao-do-espirito.html"]}]},{"@type":"BreadcrumbList","@id":"https:\/\/franciscanos.org.br\/noticias\/papa-ser-sal-e-luz-do-mundo-e-confiar-na-acao-do-espirito.html#breadcrumb","itemListElement":[{"@type":"ListItem","position":1,"name":"Home","item":"https:\/\/franciscanos.org.br\/noticias"},{"@type":"ListItem","position":2,"name":"Papa: &#8220;ser sal e luz do mundo&#8221; e confiar na a\u00e7\u00e3o do Esp\u00edrito"}]},{"@type":"Person","@id":"https:\/\/franciscanos.org.br\/noticias\/#\/schema\/person\/b38fbf43118f02820bd932f2e4b14ad3","name":"admin","image":{"@type":"ImageObject","inLanguage":"pt-BR","@id":"https:\/\/franciscanos.org.br\/noticias\/#\/schema\/person\/image\/","url":"https:\/\/secure.gravatar.com\/avatar\/e8495742d34d0ba6448ea1c628263b3e?s=96&d=mm&r=g","contentUrl":"https:\/\/secure.gravatar.com\/avatar\/e8495742d34d0ba6448ea1c628263b3e?s=96&d=mm&r=g","caption":"admin"},"url":"https:\/\/franciscanos.org.br\/noticias\/author\/admin"}]}},"_links":{"self":[{"href":"https:\/\/franciscanos.org.br\/noticias\/wp-json\/wp\/v2\/posts\/136207"}],"collection":[{"href":"https:\/\/franciscanos.org.br\/noticias\/wp-json\/wp\/v2\/posts"}],"about":[{"href":"https:\/\/franciscanos.org.br\/noticias\/wp-json\/wp\/v2\/types\/post"}],"author":[{"embeddable":true,"href":"https:\/\/franciscanos.org.br\/noticias\/wp-json\/wp\/v2\/users\/1"}],"replies":[{"embeddable":true,"href":"https:\/\/franciscanos.org.br\/noticias\/wp-json\/wp\/v2\/comments?post=136207"}],"version-history":[{"count":1,"href":"https:\/\/franciscanos.org.br\/noticias\/wp-json\/wp\/v2\/posts\/136207\/revisions"}],"predecessor-version":[{"id":225316,"href":"https:\/\/franciscanos.org.br\/noticias\/wp-json\/wp\/v2\/posts\/136207\/revisions\/225316"}],"wp:featuredmedia":[{"embeddable":true,"href":"https:\/\/franciscanos.org.br\/noticias\/wp-json\/wp\/v2\/media\/199613"}],"wp:attachment":[{"href":"https:\/\/franciscanos.org.br\/noticias\/wp-json\/wp\/v2\/media?parent=136207"}],"wp:term":[{"taxonomy":"category","embeddable":true,"href":"https:\/\/franciscanos.org.br\/noticias\/wp-json\/wp\/v2\/categories?post=136207"},{"taxonomy":"post_tag","embeddable":true,"href":"https:\/\/franciscanos.org.br\/noticias\/wp-json\/wp\/v2\/tags?post=136207"}],"curies":[{"name":"wp","href":"https:\/\/api.w.org\/{rel}","templated":true}]}}